{"id":2992,"date":"2015-04-15T13:06:53","date_gmt":"2015-04-15T11:06:53","guid":{"rendered":"http:\/\/eikonos.com\/blog\/4-elementos-extra-de-escenografia-para-eventos-audiovisuales-2\/"},"modified":"2015-04-15T13:06:53","modified_gmt":"2015-04-15T11:06:53","slug":"4-elements-extra-descenografia-per-esdeveniments-audiovisuals","status":"publish","type":"post","link":"https:\/\/eikonos.com\/ca\/blog\/4-elements-extra-descenografia-per-esdeveniments-audiovisuals\/","title":{"rendered":"4 elements extra d\u2019escenografia per esdeveniments audiovisuals"},"content":{"rendered":"<p style=\"text-align: justify;\">Durant l\u2019organitzaci\u00f3 d\u2019un esdeveniment, l\u2019aspecte i disseny de l\u2019espai pot tenir un fort impacte en l\u2019experi\u00e8ncia dels assistents. L&#8217;<a title=\"Escenograf\u00eda\" href=\"https:\/\/eikonos.com\/ca\/portfolio_page\/escenografia\/\">escenografia per esdeveniments audiovisuals<\/a>\u00a0pot animar als assistents a participar, a prestar una major atenci\u00f3 durant un llarg discurs o incl\u00fas transportar-los a un altre temps i lloc. Existeixen moltes formes de transformar un espai i sovint oblidar-nos els mitjans audiovisuals com una m\u00e9s que a m\u00e9s resulta molt efectiva.<\/p>\n<p style=\"text-align: justify;\">Quan pensem audiovisual, a molta gent li ve a la ment els micr\u00f2fons inal\u00e0mbrics i presentacions de PowerPoint, per\u00f2 un equip t\u00e8cnic audiovisual tamb\u00e9 poden crear elements esc\u00e8nics m\u00e9s atractius i impressionants en la transformaci\u00f3 d\u2019un espai per la celebraci\u00f3 d\u2019un esdeveniment audiovisual. En aquest article us deixem 4 elements que podeu tenir en compte en l\u2019escenografia d\u2019esdeveniments audiovisuals.<\/p>\n<h2 style=\"text-align: justify;\"><span style=\"color: #ff0000;\">La il\u00b7luminaci\u00f3 en l&#8217;escenografia per esdeveniments<\/span><\/h2>\n<p style=\"text-align: justify;\">Alguns dels canvis m\u00e9s impactants en un espai \u00e9s fer refer\u00e8ncia\u00a0 a una nova il\u00b7luminaci\u00f3 \u201cpersonalitzada\u201d i dissenyada exclusivament per aquest esdeveniment. Amb la<a title=\"Equipos fundamentales para tus eventos (II): equipos de iluminaci\u00f3n\" href=\"https:\/\/eikonos.com\/ca\/blog\/equips-fonalmentals-pels-teus-edeveniments-equips-dilluminacio\/\">\u00a0il\u00b7luminaci\u00f3 per esdeveniments<\/a>\u00a0es pot canviar els colors, per\u00f2 tamb\u00e9 aconseguir alguns efectes impressionants.<\/p>\n<p style=\"text-align: justify;\"><span style=\"color: #ff0000;\">Gobos personalitzats<\/span><\/p>\n<p style=\"text-align: justify;\">Amb els gobos podem il\u00b7luminar qualsevol superf\u00edcie i donar-li un aspecte \u00fanica amb textures i formes. Els gobos s\u00f3n <em>\u201cun mirall de borosilicat o una placa met\u00e0l\u00b7lica circular, la qual porta un dibuix gravat o perforat, d\u2019aquesta manera al passar la llum a trav\u00e9s del gobo, permet crear patrons de llum\u201d.<\/em><\/p>\n<p style=\"text-align: justify;\">En molts esdeveniments audiovisuals s\u2019utilitzen els gobos per destacar el logotip de l\u2019empresa, per\u00f2 tamb\u00e9 es poden crear per modificar espais i efectes.<\/p>\n<p style=\"text-align: justify;\"><span style=\"color: #ff0000;\">Fons blanc i il\u00b7luminaci\u00f3 en color<\/span><\/p>\n<p style=\"text-align: justify;\">En moltes ocasions, nom\u00e9s cal modificar els colors per crear un esdeveniment \u00fanic. Per aconseguir-ho lo \u00fanic que necessitem \u00e9s projectar els colors sobre un fons uniforme. A m\u00e9s a m\u00e9s, per donar un major efecte es poden utilitzar cortines blanques, que donen m\u00e9s textura i formes que una paret llista i plana.<\/p>\n<p style=\"text-align: justify;\">Per altra banda, \u00e9s una bona forma de dotar d\u2019un major corporativisme a l\u2019esdeveniment. Les opcions s\u00f3n il\u00b7limitades.<\/p>\n<h2 style=\"text-align: justify;\"><span style=\"color: #ff0000;\">Els sistemes de projecci\u00f3 i panles personalitzats<\/span><\/h2>\n<p style=\"text-align: justify;\">Una altra forma molt efectiva d\u2019impressionar als assistents amb escenografia per esdeveniments audiovisuals \u00e9s mitjan\u00e7ant sistemes de projecci\u00f3 i panels personalitzats. Potser poden ser opcions m\u00e9s costoses, per\u00f2 tamb\u00e9 m\u00e9s efectives, quedant-se gravades en les ments dels assistents.<\/p>\n<p style=\"text-align: justify;\"><span style=\"color: #ff0000;\">Projeccions<\/span><\/p>\n<p style=\"text-align: justify;\">En molts esdeveniments s\u2019utilitzen per diferenciar els espais. Per exemple, amb projeccions en el sostre d\u2019una zona de bar per crear noves sensacions en els assistents. A m\u00e9s s\u00f3n particularment efectius en grans celebracions a l\u2019aire lliure, ja que no perden intensitat i poden interactuar amb la resta de la decoraci\u00f3.<\/p>\n<p style=\"text-align: justify;\"><span style=\"color: #ff0000;\">Panels personalitzats<\/span><\/p>\n<p style=\"text-align: justify;\">Alguns dissenys incre\u00efbles es poden aconseguir amb la construcci\u00f3 de panels personalitzats. S\u00f3n una excel\u00b7lent forma de mostrar els logotips de patrocinadors i aconseguir una millor finan\u00e7ament, per\u00f2 tamb\u00e9 permeten crear escenaris i espais completament \u00fanics.<\/p>\n<p style=\"text-align: justify;\">Les opcions en l\u2019escenografia per esdeveniments audiovisuals s\u00f3n quasi il\u00b7limitades i \u00fatils per aconseguir un esdeveniment m\u00e9s espectacular i efectiu.<\/p>\n<p>&nbsp;<\/p>\n","protected":false},"excerpt":{"rendered":"<p>Durant l\u2019organitzaci\u00f3 d\u2019un esdeveniment, l\u2019aspecte i disseny de l\u2019espai pot tenir un fort impacte en&#8230;<\/p>\n","protected":false},"author":6,"featured_media":2006,"comment_status":"open","ping_status":"open","sticky":false,"template":"","format":"standard","meta":{"_acf_changed":false,"footnotes":""},"categories":[257,260],"tags":[],"class_list":["post-2992","post","type-post","status-publish","format-standard","has-post-thumbnail","hentry","category-creacio-de-continguts","category-esdeveniments-audiovisuals"],"acf":[],"yoast_head":"<!-- This site is optimized with the Yoast SEO plugin v26.3 - https:\/\/yoast.com\/wordpress\/plugins\/seo\/ -->\n<title>4 elements extra d\u2019escenografia per esdeveniments audiovisuals | EIKONOS<\/title>\n<meta name=\"description\" content=\"L&#039;escenografia per esdeveniments audiovisuals pot animar als assistents a participar, a prestar una major atenci\u00f3 durant un llarg discurs o incl\u00fas transportar-los a un altre temps i llocs.\" \/>\n<meta name=\"robots\" content=\"index, follow, max-snippet:-1, max-image-preview:large, max-video-preview:-1\" \/>\n<link rel=\"canonical\" href=\"https:\/\/eikonos.com\/ca\/blog\/4-elements-extra-descenografia-per-esdeveniments-audiovisuals\/\" \/>\n<meta property=\"og:locale\" content=\"ca_ES\" \/>\n<meta property=\"og:type\" content=\"article\" \/>\n<meta property=\"og:title\" content=\"4 elements extra d\u2019escenografia per esdeveniments audiovisuals | EIKONOS\" \/>\n<meta property=\"og:description\" content=\"L&#039;escenografia per esdeveniments audiovisuals pot animar als assistents a participar, a prestar una major atenci\u00f3 durant un llarg discurs o incl\u00fas transportar-los a un altre temps i llocs.\" \/>\n<meta property=\"og:url\" content=\"https:\/\/eikonos.com\/ca\/blog\/4-elements-extra-descenografia-per-esdeveniments-audiovisuals\/\" \/>\n<meta property=\"og:site_name\" content=\"EIKONOS\" \/>\n<meta property=\"article:publisher\" content=\"http:\/\/www.facebook.com\/pages\/Eikonos\/176324785746790\" \/>\n<meta property=\"article:published_time\" content=\"2015-04-15T11:06:53+00:00\" \/>\n<meta property=\"og:image\" content=\"https:\/\/eikonos.com\/wp-content\/uploads\/2015\/04\/35438264_ml.jpg\" \/>\n\t<meta property=\"og:image:width\" content=\"1705\" \/>\n\t<meta property=\"og:image:height\" content=\"1101\" \/>\n\t<meta property=\"og:image:type\" content=\"image\/jpeg\" \/>\n<meta name=\"author\" content=\"Xavi Eikonos\" \/>\n<meta name=\"twitter:card\" content=\"summary_large_image\" \/>\n<meta name=\"twitter:creator\" content=\"@eikonos_sa\" \/>\n<meta name=\"twitter:site\" content=\"@eikonos_sa\" \/>\n<meta name=\"twitter:label1\" content=\"Escrit per\" \/>\n\t<meta name=\"twitter:data1\" content=\"Xavi Eikonos\" \/>\n\t<meta name=\"twitter:label2\" content=\"Temps estimat de lectura\" \/>\n\t<meta name=\"twitter:data2\" content=\"3 minuts\" \/>\n<script type=\"application\/ld+json\" class=\"yoast-schema-graph\">{\"@context\":\"https:\/\/schema.org\",\"@graph\":[{\"@type\":\"Article\",\"@id\":\"https:\/\/eikonos.com\/ca\/blog\/4-elements-extra-descenografia-per-esdeveniments-audiovisuals\/#article\",\"isPartOf\":{\"@id\":\"https:\/\/eikonos.com\/ca\/blog\/4-elements-extra-descenografia-per-esdeveniments-audiovisuals\/\"},\"author\":{\"name\":\"Xavi Eikonos\",\"@id\":\"https:\/\/eikonos.com\/ca\/#\/schema\/person\/82032860cc314d826959b90595a5280a\"},\"headline\":\"4 elements extra d\u2019escenografia per esdeveniments audiovisuals\",\"datePublished\":\"2015-04-15T11:06:53+00:00\",\"mainEntityOfPage\":{\"@id\":\"https:\/\/eikonos.com\/ca\/blog\/4-elements-extra-descenografia-per-esdeveniments-audiovisuals\/\"},\"wordCount\":546,\"commentCount\":0,\"publisher\":{\"@id\":\"https:\/\/eikonos.com\/ca\/#organization\"},\"image\":{\"@id\":\"https:\/\/eikonos.com\/ca\/blog\/4-elements-extra-descenografia-per-esdeveniments-audiovisuals\/#primaryimage\"},\"thumbnailUrl\":\"https:\/\/eikonos.com\/wp-content\/uploads\/2015\/04\/35438264_ml.jpg\",\"articleSection\":[\"Creaci\u00f3 de continguts\",\"Esdeveniments audiovisuals\"],\"inLanguage\":\"ca\",\"potentialAction\":[{\"@type\":\"CommentAction\",\"name\":\"Comment\",\"target\":[\"https:\/\/eikonos.com\/ca\/blog\/4-elements-extra-descenografia-per-esdeveniments-audiovisuals\/#respond\"]}]},{\"@type\":\"WebPage\",\"@id\":\"https:\/\/eikonos.com\/ca\/blog\/4-elements-extra-descenografia-per-esdeveniments-audiovisuals\/\",\"url\":\"https:\/\/eikonos.com\/ca\/blog\/4-elements-extra-descenografia-per-esdeveniments-audiovisuals\/\",\"name\":\"4 elements extra d\u2019escenografia per esdeveniments audiovisuals | EIKONOS\",\"isPartOf\":{\"@id\":\"https:\/\/eikonos.com\/ca\/#website\"},\"primaryImageOfPage\":{\"@id\":\"https:\/\/eikonos.com\/ca\/blog\/4-elements-extra-descenografia-per-esdeveniments-audiovisuals\/#primaryimage\"},\"image\":{\"@id\":\"https:\/\/eikonos.com\/ca\/blog\/4-elements-extra-descenografia-per-esdeveniments-audiovisuals\/#primaryimage\"},\"thumbnailUrl\":\"https:\/\/eikonos.com\/wp-content\/uploads\/2015\/04\/35438264_ml.jpg\",\"datePublished\":\"2015-04-15T11:06:53+00:00\",\"description\":\"L'escenografia per esdeveniments audiovisuals pot animar als assistents a participar, a prestar una major atenci\u00f3 durant un llarg discurs o incl\u00fas transportar-los a un altre temps i llocs.\",\"breadcrumb\":{\"@id\":\"https:\/\/eikonos.com\/ca\/blog\/4-elements-extra-descenografia-per-esdeveniments-audiovisuals\/#breadcrumb\"},\"inLanguage\":\"ca\",\"potentialAction\":[{\"@type\":\"ReadAction\",\"target\":[\"https:\/\/eikonos.com\/ca\/blog\/4-elements-extra-descenografia-per-esdeveniments-audiovisuals\/\"]}]},{\"@type\":\"ImageObject\",\"inLanguage\":\"ca\",\"@id\":\"https:\/\/eikonos.com\/ca\/blog\/4-elements-extra-descenografia-per-esdeveniments-audiovisuals\/#primaryimage\",\"url\":\"https:\/\/eikonos.com\/wp-content\/uploads\/2015\/04\/35438264_ml.jpg\",\"contentUrl\":\"https:\/\/eikonos.com\/wp-content\/uploads\/2015\/04\/35438264_ml.jpg\",\"width\":1705,\"height\":1101},{\"@type\":\"BreadcrumbList\",\"@id\":\"https:\/\/eikonos.com\/ca\/blog\/4-elements-extra-descenografia-per-esdeveniments-audiovisuals\/#breadcrumb\",\"itemListElement\":[{\"@type\":\"ListItem\",\"position\":1,\"name\":\"EIKONOS\",\"item\":\"https:\/\/eikonos.com\/ca\/inici\/\"},{\"@type\":\"ListItem\",\"position\":2,\"name\":\"4 elements extra d\u2019escenografia per esdeveniments audiovisuals\"}]},{\"@type\":\"WebSite\",\"@id\":\"https:\/\/eikonos.com\/ca\/#website\",\"url\":\"https:\/\/eikonos.com\/ca\/\",\"name\":\"EIKONOS\",\"description\":\"EXPERIENCIA AUDIOVISUAL\",\"publisher\":{\"@id\":\"https:\/\/eikonos.com\/ca\/#organization\"},\"potentialAction\":[{\"@type\":\"SearchAction\",\"target\":{\"@type\":\"EntryPoint\",\"urlTemplate\":\"https:\/\/eikonos.com\/ca\/?s={search_term_string}\"},\"query-input\":{\"@type\":\"PropertyValueSpecification\",\"valueRequired\":true,\"valueName\":\"search_term_string\"}}],\"inLanguage\":\"ca\"},{\"@type\":\"Organization\",\"@id\":\"https:\/\/eikonos.com\/ca\/#organization\",\"name\":\"EIKONOS | Servicios Audiovisuales, eventos y alquiler de equipos\",\"url\":\"https:\/\/eikonos.com\/ca\/\",\"logo\":{\"@type\":\"ImageObject\",\"inLanguage\":\"ca\",\"@id\":\"https:\/\/eikonos.com\/ca\/#\/schema\/logo\/image\/\",\"url\":\"https:\/\/eikonos.com\/wp-content\/uploads\/2020\/08\/logo-color.png\",\"contentUrl\":\"https:\/\/eikonos.com\/wp-content\/uploads\/2020\/08\/logo-color.png\",\"width\":376,\"height\":122,\"caption\":\"EIKONOS | Servicios Audiovisuales, eventos y alquiler de equipos\"},\"image\":{\"@id\":\"https:\/\/eikonos.com\/ca\/#\/schema\/logo\/image\/\"},\"sameAs\":[\"http:\/\/www.facebook.com\/pages\/Eikonos\/176324785746790\",\"https:\/\/x.com\/eikonos_sa\",\"http:\/\/www.linkedin.com\/company\/eikonos\",\"http:\/\/www.youtube.com\/channel\/UC8wcizWaAYbfsuqVf9wIT6w\"]},{\"@type\":\"Person\",\"@id\":\"https:\/\/eikonos.com\/ca\/#\/schema\/person\/82032860cc314d826959b90595a5280a\",\"name\":\"Xavi Eikonos\",\"image\":{\"@type\":\"ImageObject\",\"inLanguage\":\"ca\",\"@id\":\"https:\/\/eikonos.com\/ca\/#\/schema\/person\/image\/\",\"url\":\"https:\/\/secure.gravatar.com\/avatar\/a6c6b51dd0ac6902701aab24a914f6febe1518f94a5ae06db08b3d6107248dfd?s=96&d=mm&r=g\",\"contentUrl\":\"https:\/\/secure.gravatar.com\/avatar\/a6c6b51dd0ac6902701aab24a914f6febe1518f94a5ae06db08b3d6107248dfd?s=96&d=mm&r=g\",\"caption\":\"Xavi Eikonos\"}}]}<\/script>\n<!-- \/ Yoast SEO plugin. -->","yoast_head_json":{"title":"4 elements extra d\u2019escenografia per esdeveniments audiovisuals | EIKONOS","description":"L'escenografia per esdeveniments audiovisuals pot animar als assistents a participar, a prestar una major atenci\u00f3 durant un llarg discurs o incl\u00fas transportar-los a un altre temps i llocs.","robots":{"index":"index","follow":"follow","max-snippet":"max-snippet:-1","max-image-preview":"max-image-preview:large","max-video-preview":"max-video-preview:-1"},"canonical":"https:\/\/eikonos.com\/ca\/blog\/4-elements-extra-descenografia-per-esdeveniments-audiovisuals\/","og_locale":"ca_ES","og_type":"article","og_title":"4 elements extra d\u2019escenografia per esdeveniments audiovisuals | EIKONOS","og_description":"L'escenografia per esdeveniments audiovisuals pot animar als assistents a participar, a prestar una major atenci\u00f3 durant un llarg discurs o incl\u00fas transportar-los a un altre temps i llocs.","og_url":"https:\/\/eikonos.com\/ca\/blog\/4-elements-extra-descenografia-per-esdeveniments-audiovisuals\/","og_site_name":"EIKONOS","article_publisher":"http:\/\/www.facebook.com\/pages\/Eikonos\/176324785746790","article_published_time":"2015-04-15T11:06:53+00:00","og_image":[{"width":1705,"height":1101,"url":"https:\/\/eikonos.com\/wp-content\/uploads\/2015\/04\/35438264_ml.jpg","type":"image\/jpeg"}],"author":"Xavi Eikonos","twitter_card":"summary_large_image","twitter_creator":"@eikonos_sa","twitter_site":"@eikonos_sa","twitter_misc":{"Escrit per":"Xavi Eikonos","Temps estimat de lectura":"3 minuts"},"schema":{"@context":"https:\/\/schema.org","@graph":[{"@type":"Article","@id":"https:\/\/eikonos.com\/ca\/blog\/4-elements-extra-descenografia-per-esdeveniments-audiovisuals\/#article","isPartOf":{"@id":"https:\/\/eikonos.com\/ca\/blog\/4-elements-extra-descenografia-per-esdeveniments-audiovisuals\/"},"author":{"name":"Xavi Eikonos","@id":"https:\/\/eikonos.com\/ca\/#\/schema\/person\/82032860cc314d826959b90595a5280a"},"headline":"4 elements extra d\u2019escenografia per esdeveniments audiovisuals","datePublished":"2015-04-15T11:06:53+00:00","mainEntityOfPage":{"@id":"https:\/\/eikonos.com\/ca\/blog\/4-elements-extra-descenografia-per-esdeveniments-audiovisuals\/"},"wordCount":546,"commentCount":0,"publisher":{"@id":"https:\/\/eikonos.com\/ca\/#organization"},"image":{"@id":"https:\/\/eikonos.com\/ca\/blog\/4-elements-extra-descenografia-per-esdeveniments-audiovisuals\/#primaryimage"},"thumbnailUrl":"https:\/\/eikonos.com\/wp-content\/uploads\/2015\/04\/35438264_ml.jpg","articleSection":["Creaci\u00f3 de continguts","Esdeveniments audiovisuals"],"inLanguage":"ca","potentialAction":[{"@type":"CommentAction","name":"Comment","target":["https:\/\/eikonos.com\/ca\/blog\/4-elements-extra-descenografia-per-esdeveniments-audiovisuals\/#respond"]}]},{"@type":"WebPage","@id":"https:\/\/eikonos.com\/ca\/blog\/4-elements-extra-descenografia-per-esdeveniments-audiovisuals\/","url":"https:\/\/eikonos.com\/ca\/blog\/4-elements-extra-descenografia-per-esdeveniments-audiovisuals\/","name":"4 elements extra d\u2019escenografia per esdeveniments audiovisuals | EIKONOS","isPartOf":{"@id":"https:\/\/eikonos.com\/ca\/#website"},"primaryImageOfPage":{"@id":"https:\/\/eikonos.com\/ca\/blog\/4-elements-extra-descenografia-per-esdeveniments-audiovisuals\/#primaryimage"},"image":{"@id":"https:\/\/eikonos.com\/ca\/blog\/4-elements-extra-descenografia-per-esdeveniments-audiovisuals\/#primaryimage"},"thumbnailUrl":"https:\/\/eikonos.com\/wp-content\/uploads\/2015\/04\/35438264_ml.jpg","datePublished":"2015-04-15T11:06:53+00:00","description":"L'escenografia per esdeveniments audiovisuals pot animar als assistents a participar, a prestar una major atenci\u00f3 durant un llarg discurs o incl\u00fas transportar-los a un altre temps i llocs.","breadcrumb":{"@id":"https:\/\/eikonos.com\/ca\/blog\/4-elements-extra-descenografia-per-esdeveniments-audiovisuals\/#breadcrumb"},"inLanguage":"ca","potentialAction":[{"@type":"ReadAction","target":["https:\/\/eikonos.com\/ca\/blog\/4-elements-extra-descenografia-per-esdeveniments-audiovisuals\/"]}]},{"@type":"ImageObject","inLanguage":"ca","@id":"https:\/\/eikonos.com\/ca\/blog\/4-elements-extra-descenografia-per-esdeveniments-audiovisuals\/#primaryimage","url":"https:\/\/eikonos.com\/wp-content\/uploads\/2015\/04\/35438264_ml.jpg","contentUrl":"https:\/\/eikonos.com\/wp-content\/uploads\/2015\/04\/35438264_ml.jpg","width":1705,"height":1101},{"@type":"BreadcrumbList","@id":"https:\/\/eikonos.com\/ca\/blog\/4-elements-extra-descenografia-per-esdeveniments-audiovisuals\/#breadcrumb","itemListElement":[{"@type":"ListItem","position":1,"name":"EIKONOS","item":"https:\/\/eikonos.com\/ca\/inici\/"},{"@type":"ListItem","position":2,"name":"4 elements extra d\u2019escenografia per esdeveniments audiovisuals"}]},{"@type":"WebSite","@id":"https:\/\/eikonos.com\/ca\/#website","url":"https:\/\/eikonos.com\/ca\/","name":"EIKONOS","description":"EXPERIENCIA AUDIOVISUAL","publisher":{"@id":"https:\/\/eikonos.com\/ca\/#organization"},"potentialAction":[{"@type":"SearchAction","target":{"@type":"EntryPoint","urlTemplate":"https:\/\/eikonos.com\/ca\/?s={search_term_string}"},"query-input":{"@type":"PropertyValueSpecification","valueRequired":true,"valueName":"search_term_string"}}],"inLanguage":"ca"},{"@type":"Organization","@id":"https:\/\/eikonos.com\/ca\/#organization","name":"EIKONOS | Servicios Audiovisuales, eventos y alquiler de equipos","url":"https:\/\/eikonos.com\/ca\/","logo":{"@type":"ImageObject","inLanguage":"ca","@id":"https:\/\/eikonos.com\/ca\/#\/schema\/logo\/image\/","url":"https:\/\/eikonos.com\/wp-content\/uploads\/2020\/08\/logo-color.png","contentUrl":"https:\/\/eikonos.com\/wp-content\/uploads\/2020\/08\/logo-color.png","width":376,"height":122,"caption":"EIKONOS | Servicios Audiovisuales, eventos y alquiler de equipos"},"image":{"@id":"https:\/\/eikonos.com\/ca\/#\/schema\/logo\/image\/"},"sameAs":["http:\/\/www.facebook.com\/pages\/Eikonos\/176324785746790","https:\/\/x.com\/eikonos_sa","http:\/\/www.linkedin.com\/company\/eikonos","http:\/\/www.youtube.com\/channel\/UC8wcizWaAYbfsuqVf9wIT6w"]},{"@type":"Person","@id":"https:\/\/eikonos.com\/ca\/#\/schema\/person\/82032860cc314d826959b90595a5280a","name":"Xavi Eikonos","image":{"@type":"ImageObject","inLanguage":"ca","@id":"https:\/\/eikonos.com\/ca\/#\/schema\/person\/image\/","url":"https:\/\/secure.gravatar.com\/avatar\/a6c6b51dd0ac6902701aab24a914f6febe1518f94a5ae06db08b3d6107248dfd?s=96&d=mm&r=g","contentUrl":"https:\/\/secure.gravatar.com\/avatar\/a6c6b51dd0ac6902701aab24a914f6febe1518f94a5ae06db08b3d6107248dfd?s=96&d=mm&r=g","caption":"Xavi Eikonos"}}]}},"_links":{"self":[{"href":"https:\/\/eikonos.com\/ca\/wp-json\/wp\/v2\/posts\/2992","targetHints":{"allow":["GET"]}}],"collection":[{"href":"https:\/\/eikonos.com\/ca\/wp-json\/wp\/v2\/posts"}],"about":[{"href":"https:\/\/eikonos.com\/ca\/wp-json\/wp\/v2\/types\/post"}],"author":[{"embeddable":true,"href":"https:\/\/eikonos.com\/ca\/wp-json\/wp\/v2\/users\/6"}],"replies":[{"embeddable":true,"href":"https:\/\/eikonos.com\/ca\/wp-json\/wp\/v2\/comments?post=2992"}],"version-history":[{"count":0,"href":"https:\/\/eikonos.com\/ca\/wp-json\/wp\/v2\/posts\/2992\/revisions"}],"wp:featuredmedia":[{"embeddable":true,"href":"https:\/\/eikonos.com\/ca\/wp-json\/wp\/v2\/media\/2006"}],"wp:attachment":[{"href":"https:\/\/eikonos.com\/ca\/wp-json\/wp\/v2\/media?parent=2992"}],"wp:term":[{"taxonomy":"category","embeddable":true,"href":"https:\/\/eikonos.com\/ca\/wp-json\/wp\/v2\/categories?post=2992"},{"taxonomy":"post_tag","embeddable":true,"href":"https:\/\/eikonos.com\/ca\/wp-json\/wp\/v2\/tags?post=2992"}],"curies":[{"name":"wp","href":"https:\/\/api.w.org\/{rel}","templated":true}]}}