{"id":2989,"date":"2015-04-22T11:59:34","date_gmt":"2015-04-22T09:59:34","guid":{"rendered":"http:\/\/eikonos.com\/blog\/5-tips-para-organizar-un-festival-de-musica-de-exito-2\/"},"modified":"2015-04-22T11:59:34","modified_gmt":"2015-04-22T09:59:34","slug":"5-tips-per-organitzar-un-festival-de-musica-dexit","status":"publish","type":"post","link":"https:\/\/eikonos.com\/ca\/blog\/5-tips-per-organitzar-un-festival-de-musica-dexit\/","title":{"rendered":"5 tips per organitzar un festival de m\u00fasica d\u2019\u00e8xit"},"content":{"rendered":"<p style=\"text-align: justify;\">En Espa\u00f1a cada any es celebren multitud de festivals de m\u00fasica per tot tipus de p\u00fablics i de totes les envergadures. Els m\u00e9s coneguts s\u00f3n els que <strong>tenen una repercussi\u00f3 a nivell mundial <\/strong>com el Primavera Sound de Barcelona, el FIB de Benic\u00e0ssim o el Bilbao BBK Live. Per\u00f2 realment hi ha molts m\u00e9s que poden resultar menys coneguts, per\u00f2 igual d\u2019interessants.<\/p>\n<p style=\"text-align: justify;\">Per organitzar un festival de m\u00fasica s\u2019ha de posar en marxa <strong>un complex engranatge que funcioni de forma uniforme <\/strong>per assegurar-nos el millor resultat. Ja no nom\u00e9s en quan a contactar amb els diferents grups, si no tamb\u00e9 a aconseguir l\u2019espai m\u00e9s adequat a l\u2019aforament previst, els equips audiovisuals necessaris (il\u00b7luminaci\u00f3, so, projectors&#8230;).<\/p>\n<p style=\"text-align: justify;\">Des de EIKONOS us volem deixar alguns <strong>consells per organitzar un festival de m\u00fasica <\/strong>que es complementen amb el nostre article sobre\u00a0<a title=\"\u00bfQu\u00e9 necesito para organizar un festival de m\u00fasica?\" href=\"https:\/\/eikonos.com\/ca\/blog\/que-necessito-per-organitzar-un-festival-de-musica\/\">qu\u00e8 necessito per organitzar un festival de m\u00fasica.\u00a0<\/a><\/p>\n<p style=\"text-align: justify;\">Es tracta de consells que podem aplicar independentment del tipus de festival o el seu aforament, aix\u00ed que si en els teus plans est\u00e0 l\u2019organitzaci\u00f3 d\u2019un esdeveniment audiovisual d\u2019aquest tipus: pren nota!<\/p>\n<p style=\"text-align: justify;\"><span style=\"color: #ff0000;\"><strong>1.- Demana l\u2019ajuda que necessitis:<\/strong><\/span><\/p>\n<p style=\"text-align: justify;\">Davant un esdeveniment d\u2019aquesta envergadura, <strong>necessitar\u00e0s rodejar-te de professional amb experi\u00e8ncia <\/strong>que s\u00e0piguen el que fan. Contactar amb bons productors que assegurin l\u2019assist\u00e8ncia dels grups i de la programaci\u00f3 de l\u2019esdeveniment \u00e9s important\u00edssim, aix\u00ed com tamb\u00e9 comptar amb un prove\u00efdor de\u00a0<a title=\"Conciertos\" href=\"https:\/\/eikonos.com\/ca\/portfolio_page\/concerts\/\">serveis audiovisuals per concerts<\/a>\u00a0fiable i professional.<\/p>\n<p style=\"text-align: justify;\">\u00c9s important que no intentem fer-ho tot, ja que aix\u00f2 resultat del tot impossible per una sola persona o un grup sense els coneixements adequats. Rodejant-te dels millors professionals en cada \u00e0mbit organitzatiu podr\u00e0s descarregar tasques i aprofitar el temps per supervisar i comprovar que tot es va desenvolupant segons la planificaci\u00f3.<\/p>\n<p style=\"text-align: justify;\"><span style=\"color: #ff0000;\"><strong>2.- Aconsegueix la financiaci\u00f3 necess\u00e0ria:<\/strong><\/span><\/p>\n<p style=\"text-align: justify;\">A la teva cerca per trobar els professionals adequats haur\u00e0s de sumar la cerca de <strong>finances. <\/strong>La majoria de festivals s\u00f3n de pagament aix\u00ed que amb la venta d\u2019entrades, sempre i quan es compleixin les previsions d\u2019assist\u00e8ncia, podrem fer front als costos de l\u2019organitzaci\u00f3.<\/p>\n<p style=\"text-align: justify;\">Tot i aix\u00ed, si la teva intenci\u00f3 en organitzar un festival de m\u00fasica gratu\u00eft, necessitar\u00e0s buscar <strong>finan\u00e7ament a trav\u00e9s de sponsors, <\/strong>per exemple, als que els interessi estar presents en l\u2019esdeveniment. Per aconseguir-los necessitar\u00e0s saber vendre de la millor forma possible el teu projecte per a que s\u2019animin a participar.<\/p>\n<p style=\"text-align: justify;\"><strong><span style=\"color: #ff0000;\">3.- No tot \u00e9s la m\u00fasica:<\/span><\/strong><\/p>\n<p style=\"text-align: justify;\">En un festival d\u2019aquest tipus, sempre en relaci\u00f3 a la seva envergadura, haurem de tenir en compte altres aspectes que tamb\u00e9 influeixen en el resultat final. En aquest sentit, poden necessitar un <strong>servei de c\u00e0tering si \u00e9s un concert pels nostres treballadors, o incl\u00fas punts de venta de menjar si es tracta d\u2019un festival de gran format.<\/strong><\/p>\n<p style=\"text-align: justify;\">Una altra necessitat important pot ser el disposar dels <strong>serveis i banys <\/strong>que utilitzaran els assistents. Si parlem de festivals grans de repercussi\u00f3 mundial, com el Primavera Sound, aquest aspecte va molt m\u00e9s enll\u00e0 amb la instal\u00b7laci\u00f3 incl\u00fas d\u2019atraccions amb tota la gesti\u00f3 que aix\u00f2 comporta.<\/p>\n<p style=\"text-align: justify;\"><strong><span style=\"color: #ff0000;\">4.- Pensa en verd:<\/span><\/strong><\/p>\n<p style=\"text-align: justify;\">El medi ambient cada cop juga un paper m\u00e9s important en qualsevol tipus d\u2019esdeveniments, i en un festival de m\u00fasica tamb\u00e9. A part de minimitzar el impacte en l\u2019entorn, \u00e9s una potent forma d\u2019aconseguir l\u2019atenci\u00f3 dels assistents i generar una major atracci\u00f3 per la marca, l\u2019empresa o l\u2019esdeveniment en s\u00ed.<\/p>\n<p style=\"text-align: justify;\"><strong>\u00c9s un factor que avui en dia no es pot passar per alta <\/strong>ja que, en cas de no respectar l\u2019entorn en el que es desenvolupa el festival, les conseq\u00fc\u00e8ncies poden resultat realment negatives.<\/p>\n<p style=\"text-align: justify;\"><strong><span style=\"color: #ff0000;\">5.- Aprendre a delegar las tasques:<\/span><\/strong><\/p>\n<p style=\"text-align: justify;\">Com hem comentat al principi, organitzar un festival de m\u00fasica <strong>no \u00e9s alguna cosa que es pot fer en cinc minuts, <\/strong>ni tampoc \u00e9s equiparable a organitzar una boda: \u00e9s molt m\u00e9s gran.<\/p>\n<p style=\"text-align: justify;\">Una de les millors decisions que es poden prendre en aquest sentit \u00e9s escollir al personal que s\u2019encarregar\u00e0 de cada treball, m\u00e9s efectiu que intentar fer-ho tot un mateix, aconseguint resultats dolents i sense poder arribar a tot el que requereix l\u2019esdeveniment.<\/p>\n<p>&nbsp;<\/p>\n","protected":false},"excerpt":{"rendered":"<p>En Espa\u00f1a cada any es celebren multitud de festivals de m\u00fasica per tot tipus de&#8230;<\/p>\n","protected":false},"author":6,"featured_media":2018,"comment_status":"open","ping_status":"open","sticky":false,"template":"","format":"standard","meta":{"_acf_changed":false,"footnotes":""},"categories":[260,262],"tags":[],"class_list":["post-2989","post","type-post","status-publish","format-standard","has-post-thumbnail","hentry","category-esdeveniments-audiovisuals","category-lloguer-dequips"],"acf":[],"yoast_head":"<!-- This site is optimized with the Yoast SEO plugin v26.3 - https:\/\/yoast.com\/wordpress\/plugins\/seo\/ -->\n<title>5 tips per organitzar un festival de m\u00fasica d\u2019\u00e8xit | EIKONOS<\/title>\n<meta name=\"description\" content=\"Per organitzar un festival de m\u00fasica s&#039;ha de posar en marxa un complexe engranatge que funcioni de forma uniforme per assegurar-nos el millor resusltat.\" \/>\n<meta name=\"robots\" content=\"index, follow, max-snippet:-1, max-image-preview:large, max-video-preview:-1\" \/>\n<link rel=\"canonical\" href=\"https:\/\/eikonos.com\/ca\/blog\/5-tips-per-organitzar-un-festival-de-musica-dexit\/\" \/>\n<meta property=\"og:locale\" content=\"ca_ES\" \/>\n<meta property=\"og:type\" content=\"article\" \/>\n<meta property=\"og:title\" content=\"5 tips per organitzar un festival de m\u00fasica d\u2019\u00e8xit | EIKONOS\" \/>\n<meta property=\"og:description\" content=\"Per organitzar un festival de m\u00fasica s&#039;ha de posar en marxa un complexe engranatge que funcioni de forma uniforme per assegurar-nos el millor resusltat.\" \/>\n<meta property=\"og:url\" content=\"https:\/\/eikonos.com\/ca\/blog\/5-tips-per-organitzar-un-festival-de-musica-dexit\/\" \/>\n<meta property=\"og:site_name\" content=\"EIKONOS\" \/>\n<meta property=\"article:publisher\" content=\"http:\/\/www.facebook.com\/pages\/Eikonos\/176324785746790\" \/>\n<meta property=\"article:published_time\" content=\"2015-04-22T09:59:34+00:00\" \/>\n<meta property=\"og:image\" content=\"https:\/\/eikonos.com\/wp-content\/uploads\/2015\/04\/33508255_ml.jpg\" \/>\n\t<meta property=\"og:image:width\" content=\"1678\" \/>\n\t<meta property=\"og:image:height\" content=\"1119\" \/>\n\t<meta property=\"og:image:type\" content=\"image\/jpeg\" \/>\n<meta name=\"author\" content=\"Xavi Eikonos\" \/>\n<meta name=\"twitter:card\" content=\"summary_large_image\" \/>\n<meta name=\"twitter:creator\" content=\"@eikonos_sa\" \/>\n<meta name=\"twitter:site\" content=\"@eikonos_sa\" \/>\n<meta name=\"twitter:label1\" content=\"Escrit per\" \/>\n\t<meta name=\"twitter:data1\" content=\"Xavi Eikonos\" \/>\n\t<meta name=\"twitter:label2\" content=\"Temps estimat de lectura\" \/>\n\t<meta name=\"twitter:data2\" content=\"4 minuts\" \/>\n<script type=\"application\/ld+json\" class=\"yoast-schema-graph\">{\"@context\":\"https:\/\/schema.org\",\"@graph\":[{\"@type\":\"Article\",\"@id\":\"https:\/\/eikonos.com\/ca\/blog\/5-tips-per-organitzar-un-festival-de-musica-dexit\/#article\",\"isPartOf\":{\"@id\":\"https:\/\/eikonos.com\/ca\/blog\/5-tips-per-organitzar-un-festival-de-musica-dexit\/\"},\"author\":{\"name\":\"Xavi Eikonos\",\"@id\":\"https:\/\/eikonos.com\/ca\/#\/schema\/person\/82032860cc314d826959b90595a5280a\"},\"headline\":\"5 tips per organitzar un festival de m\u00fasica d\u2019\u00e8xit\",\"datePublished\":\"2015-04-22T09:59:34+00:00\",\"mainEntityOfPage\":{\"@id\":\"https:\/\/eikonos.com\/ca\/blog\/5-tips-per-organitzar-un-festival-de-musica-dexit\/\"},\"wordCount\":740,\"commentCount\":0,\"publisher\":{\"@id\":\"https:\/\/eikonos.com\/ca\/#organization\"},\"image\":{\"@id\":\"https:\/\/eikonos.com\/ca\/blog\/5-tips-per-organitzar-un-festival-de-musica-dexit\/#primaryimage\"},\"thumbnailUrl\":\"https:\/\/eikonos.com\/wp-content\/uploads\/2015\/04\/33508255_ml.jpg\",\"articleSection\":[\"Esdeveniments audiovisuals\",\"Lloguer d'equips\"],\"inLanguage\":\"ca\",\"potentialAction\":[{\"@type\":\"CommentAction\",\"name\":\"Comment\",\"target\":[\"https:\/\/eikonos.com\/ca\/blog\/5-tips-per-organitzar-un-festival-de-musica-dexit\/#respond\"]}]},{\"@type\":\"WebPage\",\"@id\":\"https:\/\/eikonos.com\/ca\/blog\/5-tips-per-organitzar-un-festival-de-musica-dexit\/\",\"url\":\"https:\/\/eikonos.com\/ca\/blog\/5-tips-per-organitzar-un-festival-de-musica-dexit\/\",\"name\":\"5 tips per organitzar un festival de m\u00fasica d\u2019\u00e8xit | EIKONOS\",\"isPartOf\":{\"@id\":\"https:\/\/eikonos.com\/ca\/#website\"},\"primaryImageOfPage\":{\"@id\":\"https:\/\/eikonos.com\/ca\/blog\/5-tips-per-organitzar-un-festival-de-musica-dexit\/#primaryimage\"},\"image\":{\"@id\":\"https:\/\/eikonos.com\/ca\/blog\/5-tips-per-organitzar-un-festival-de-musica-dexit\/#primaryimage\"},\"thumbnailUrl\":\"https:\/\/eikonos.com\/wp-content\/uploads\/2015\/04\/33508255_ml.jpg\",\"datePublished\":\"2015-04-22T09:59:34+00:00\",\"description\":\"Per organitzar un festival de m\u00fasica s'ha de posar en marxa un complexe engranatge que funcioni de forma uniforme per assegurar-nos el millor resusltat.\",\"breadcrumb\":{\"@id\":\"https:\/\/eikonos.com\/ca\/blog\/5-tips-per-organitzar-un-festival-de-musica-dexit\/#breadcrumb\"},\"inLanguage\":\"ca\",\"potentialAction\":[{\"@type\":\"ReadAction\",\"target\":[\"https:\/\/eikonos.com\/ca\/blog\/5-tips-per-organitzar-un-festival-de-musica-dexit\/\"]}]},{\"@type\":\"ImageObject\",\"inLanguage\":\"ca\",\"@id\":\"https:\/\/eikonos.com\/ca\/blog\/5-tips-per-organitzar-un-festival-de-musica-dexit\/#primaryimage\",\"url\":\"https:\/\/eikonos.com\/wp-content\/uploads\/2015\/04\/33508255_ml.jpg\",\"contentUrl\":\"https:\/\/eikonos.com\/wp-content\/uploads\/2015\/04\/33508255_ml.jpg\",\"width\":1678,\"height\":1119},{\"@type\":\"BreadcrumbList\",\"@id\":\"https:\/\/eikonos.com\/ca\/blog\/5-tips-per-organitzar-un-festival-de-musica-dexit\/#breadcrumb\",\"itemListElement\":[{\"@type\":\"ListItem\",\"position\":1,\"name\":\"EIKONOS\",\"item\":\"https:\/\/eikonos.com\/ca\/inici\/\"},{\"@type\":\"ListItem\",\"position\":2,\"name\":\"5 tips per organitzar un festival de m\u00fasica d\u2019\u00e8xit\"}]},{\"@type\":\"WebSite\",\"@id\":\"https:\/\/eikonos.com\/ca\/#website\",\"url\":\"https:\/\/eikonos.com\/ca\/\",\"name\":\"EIKONOS\",\"description\":\"EXPERIENCIA AUDIOVISUAL\",\"publisher\":{\"@id\":\"https:\/\/eikonos.com\/ca\/#organization\"},\"potentialAction\":[{\"@type\":\"SearchAction\",\"target\":{\"@type\":\"EntryPoint\",\"urlTemplate\":\"https:\/\/eikonos.com\/ca\/?s={search_term_string}\"},\"query-input\":{\"@type\":\"PropertyValueSpecification\",\"valueRequired\":true,\"valueName\":\"search_term_string\"}}],\"inLanguage\":\"ca\"},{\"@type\":\"Organization\",\"@id\":\"https:\/\/eikonos.com\/ca\/#organization\",\"name\":\"EIKONOS | Servicios Audiovisuales, eventos y alquiler de equipos\",\"url\":\"https:\/\/eikonos.com\/ca\/\",\"logo\":{\"@type\":\"ImageObject\",\"inLanguage\":\"ca\",\"@id\":\"https:\/\/eikonos.com\/ca\/#\/schema\/logo\/image\/\",\"url\":\"https:\/\/eikonos.com\/wp-content\/uploads\/2020\/08\/logo-color.png\",\"contentUrl\":\"https:\/\/eikonos.com\/wp-content\/uploads\/2020\/08\/logo-color.png\",\"width\":376,\"height\":122,\"caption\":\"EIKONOS | Servicios Audiovisuales, eventos y alquiler de equipos\"},\"image\":{\"@id\":\"https:\/\/eikonos.com\/ca\/#\/schema\/logo\/image\/\"},\"sameAs\":[\"http:\/\/www.facebook.com\/pages\/Eikonos\/176324785746790\",\"https:\/\/x.com\/eikonos_sa\",\"http:\/\/www.linkedin.com\/company\/eikonos\",\"http:\/\/www.youtube.com\/channel\/UC8wcizWaAYbfsuqVf9wIT6w\"]},{\"@type\":\"Person\",\"@id\":\"https:\/\/eikonos.com\/ca\/#\/schema\/person\/82032860cc314d826959b90595a5280a\",\"name\":\"Xavi Eikonos\",\"image\":{\"@type\":\"ImageObject\",\"inLanguage\":\"ca\",\"@id\":\"https:\/\/eikonos.com\/ca\/#\/schema\/person\/image\/\",\"url\":\"https:\/\/secure.gravatar.com\/avatar\/a6c6b51dd0ac6902701aab24a914f6febe1518f94a5ae06db08b3d6107248dfd?s=96&d=mm&r=g\",\"contentUrl\":\"https:\/\/secure.gravatar.com\/avatar\/a6c6b51dd0ac6902701aab24a914f6febe1518f94a5ae06db08b3d6107248dfd?s=96&d=mm&r=g\",\"caption\":\"Xavi Eikonos\"}}]}<\/script>\n<!-- \/ Yoast SEO plugin. -->","yoast_head_json":{"title":"5 tips per organitzar un festival de m\u00fasica d\u2019\u00e8xit | EIKONOS","description":"Per organitzar un festival de m\u00fasica s'ha de posar en marxa un complexe engranatge que funcioni de forma uniforme per assegurar-nos el millor resusltat.","robots":{"index":"index","follow":"follow","max-snippet":"max-snippet:-1","max-image-preview":"max-image-preview:large","max-video-preview":"max-video-preview:-1"},"canonical":"https:\/\/eikonos.com\/ca\/blog\/5-tips-per-organitzar-un-festival-de-musica-dexit\/","og_locale":"ca_ES","og_type":"article","og_title":"5 tips per organitzar un festival de m\u00fasica d\u2019\u00e8xit | EIKONOS","og_description":"Per organitzar un festival de m\u00fasica s'ha de posar en marxa un complexe engranatge que funcioni de forma uniforme per assegurar-nos el millor resusltat.","og_url":"https:\/\/eikonos.com\/ca\/blog\/5-tips-per-organitzar-un-festival-de-musica-dexit\/","og_site_name":"EIKONOS","article_publisher":"http:\/\/www.facebook.com\/pages\/Eikonos\/176324785746790","article_published_time":"2015-04-22T09:59:34+00:00","og_image":[{"width":1678,"height":1119,"url":"https:\/\/eikonos.com\/wp-content\/uploads\/2015\/04\/33508255_ml.jpg","type":"image\/jpeg"}],"author":"Xavi Eikonos","twitter_card":"summary_large_image","twitter_creator":"@eikonos_sa","twitter_site":"@eikonos_sa","twitter_misc":{"Escrit per":"Xavi Eikonos","Temps estimat de lectura":"4 minuts"},"schema":{"@context":"https:\/\/schema.org","@graph":[{"@type":"Article","@id":"https:\/\/eikonos.com\/ca\/blog\/5-tips-per-organitzar-un-festival-de-musica-dexit\/#article","isPartOf":{"@id":"https:\/\/eikonos.com\/ca\/blog\/5-tips-per-organitzar-un-festival-de-musica-dexit\/"},"author":{"name":"Xavi Eikonos","@id":"https:\/\/eikonos.com\/ca\/#\/schema\/person\/82032860cc314d826959b90595a5280a"},"headline":"5 tips per organitzar un festival de m\u00fasica d\u2019\u00e8xit","datePublished":"2015-04-22T09:59:34+00:00","mainEntityOfPage":{"@id":"https:\/\/eikonos.com\/ca\/blog\/5-tips-per-organitzar-un-festival-de-musica-dexit\/"},"wordCount":740,"commentCount":0,"publisher":{"@id":"https:\/\/eikonos.com\/ca\/#organization"},"image":{"@id":"https:\/\/eikonos.com\/ca\/blog\/5-tips-per-organitzar-un-festival-de-musica-dexit\/#primaryimage"},"thumbnailUrl":"https:\/\/eikonos.com\/wp-content\/uploads\/2015\/04\/33508255_ml.jpg","articleSection":["Esdeveniments audiovisuals","Lloguer d'equips"],"inLanguage":"ca","potentialAction":[{"@type":"CommentAction","name":"Comment","target":["https:\/\/eikonos.com\/ca\/blog\/5-tips-per-organitzar-un-festival-de-musica-dexit\/#respond"]}]},{"@type":"WebPage","@id":"https:\/\/eikonos.com\/ca\/blog\/5-tips-per-organitzar-un-festival-de-musica-dexit\/","url":"https:\/\/eikonos.com\/ca\/blog\/5-tips-per-organitzar-un-festival-de-musica-dexit\/","name":"5 tips per organitzar un festival de m\u00fasica d\u2019\u00e8xit | EIKONOS","isPartOf":{"@id":"https:\/\/eikonos.com\/ca\/#website"},"primaryImageOfPage":{"@id":"https:\/\/eikonos.com\/ca\/blog\/5-tips-per-organitzar-un-festival-de-musica-dexit\/#primaryimage"},"image":{"@id":"https:\/\/eikonos.com\/ca\/blog\/5-tips-per-organitzar-un-festival-de-musica-dexit\/#primaryimage"},"thumbnailUrl":"https:\/\/eikonos.com\/wp-content\/uploads\/2015\/04\/33508255_ml.jpg","datePublished":"2015-04-22T09:59:34+00:00","description":"Per organitzar un festival de m\u00fasica s'ha de posar en marxa un complexe engranatge que funcioni de forma uniforme per assegurar-nos el millor resusltat.","breadcrumb":{"@id":"https:\/\/eikonos.com\/ca\/blog\/5-tips-per-organitzar-un-festival-de-musica-dexit\/#breadcrumb"},"inLanguage":"ca","potentialAction":[{"@type":"ReadAction","target":["https:\/\/eikonos.com\/ca\/blog\/5-tips-per-organitzar-un-festival-de-musica-dexit\/"]}]},{"@type":"ImageObject","inLanguage":"ca","@id":"https:\/\/eikonos.com\/ca\/blog\/5-tips-per-organitzar-un-festival-de-musica-dexit\/#primaryimage","url":"https:\/\/eikonos.com\/wp-content\/uploads\/2015\/04\/33508255_ml.jpg","contentUrl":"https:\/\/eikonos.com\/wp-content\/uploads\/2015\/04\/33508255_ml.jpg","width":1678,"height":1119},{"@type":"BreadcrumbList","@id":"https:\/\/eikonos.com\/ca\/blog\/5-tips-per-organitzar-un-festival-de-musica-dexit\/#breadcrumb","itemListElement":[{"@type":"ListItem","position":1,"name":"EIKONOS","item":"https:\/\/eikonos.com\/ca\/inici\/"},{"@type":"ListItem","position":2,"name":"5 tips per organitzar un festival de m\u00fasica d\u2019\u00e8xit"}]},{"@type":"WebSite","@id":"https:\/\/eikonos.com\/ca\/#website","url":"https:\/\/eikonos.com\/ca\/","name":"EIKONOS","description":"EXPERIENCIA AUDIOVISUAL","publisher":{"@id":"https:\/\/eikonos.com\/ca\/#organization"},"potentialAction":[{"@type":"SearchAction","target":{"@type":"EntryPoint","urlTemplate":"https:\/\/eikonos.com\/ca\/?s={search_term_string}"},"query-input":{"@type":"PropertyValueSpecification","valueRequired":true,"valueName":"search_term_string"}}],"inLanguage":"ca"},{"@type":"Organization","@id":"https:\/\/eikonos.com\/ca\/#organization","name":"EIKONOS | Servicios Audiovisuales, eventos y alquiler de equipos","url":"https:\/\/eikonos.com\/ca\/","logo":{"@type":"ImageObject","inLanguage":"ca","@id":"https:\/\/eikonos.com\/ca\/#\/schema\/logo\/image\/","url":"https:\/\/eikonos.com\/wp-content\/uploads\/2020\/08\/logo-color.png","contentUrl":"https:\/\/eikonos.com\/wp-content\/uploads\/2020\/08\/logo-color.png","width":376,"height":122,"caption":"EIKONOS | Servicios Audiovisuales, eventos y alquiler de equipos"},"image":{"@id":"https:\/\/eikonos.com\/ca\/#\/schema\/logo\/image\/"},"sameAs":["http:\/\/www.facebook.com\/pages\/Eikonos\/176324785746790","https:\/\/x.com\/eikonos_sa","http:\/\/www.linkedin.com\/company\/eikonos","http:\/\/www.youtube.com\/channel\/UC8wcizWaAYbfsuqVf9wIT6w"]},{"@type":"Person","@id":"https:\/\/eikonos.com\/ca\/#\/schema\/person\/82032860cc314d826959b90595a5280a","name":"Xavi Eikonos","image":{"@type":"ImageObject","inLanguage":"ca","@id":"https:\/\/eikonos.com\/ca\/#\/schema\/person\/image\/","url":"https:\/\/secure.gravatar.com\/avatar\/a6c6b51dd0ac6902701aab24a914f6febe1518f94a5ae06db08b3d6107248dfd?s=96&d=mm&r=g","contentUrl":"https:\/\/secure.gravatar.com\/avatar\/a6c6b51dd0ac6902701aab24a914f6febe1518f94a5ae06db08b3d6107248dfd?s=96&d=mm&r=g","caption":"Xavi Eikonos"}}]}},"_links":{"self":[{"href":"https:\/\/eikonos.com\/ca\/wp-json\/wp\/v2\/posts\/2989","targetHints":{"allow":["GET"]}}],"collection":[{"href":"https:\/\/eikonos.com\/ca\/wp-json\/wp\/v2\/posts"}],"about":[{"href":"https:\/\/eikonos.com\/ca\/wp-json\/wp\/v2\/types\/post"}],"author":[{"embeddable":true,"href":"https:\/\/eikonos.com\/ca\/wp-json\/wp\/v2\/users\/6"}],"replies":[{"embeddable":true,"href":"https:\/\/eikonos.com\/ca\/wp-json\/wp\/v2\/comments?post=2989"}],"version-history":[{"count":0,"href":"https:\/\/eikonos.com\/ca\/wp-json\/wp\/v2\/posts\/2989\/revisions"}],"wp:featuredmedia":[{"embeddable":true,"href":"https:\/\/eikonos.com\/ca\/wp-json\/wp\/v2\/media\/2018"}],"wp:attachment":[{"href":"https:\/\/eikonos.com\/ca\/wp-json\/wp\/v2\/media?parent=2989"}],"wp:term":[{"taxonomy":"category","embeddable":true,"href":"https:\/\/eikonos.com\/ca\/wp-json\/wp\/v2\/categories?post=2989"},{"taxonomy":"post_tag","embeddable":true,"href":"https:\/\/eikonos.com\/ca\/wp-json\/wp\/v2\/tags?post=2989"}],"curies":[{"name":"wp","href":"https:\/\/api.w.org\/{rel}","templated":true}]}}