{"id":2983,"date":"2015-05-07T13:31:18","date_gmt":"2015-05-07T11:31:18","guid":{"rendered":"http:\/\/eikonos.com\/blog\/necesito-ayuda-para-organizar-un-evento-lo-que-necesitas-es-un-event-planner-2\/"},"modified":"2015-05-07T13:31:18","modified_gmt":"2015-05-07T11:31:18","slug":"necessito-ajuda-per-organitzar-un-esdeveniment-el-que-necessites-es-un-event-planner","status":"publish","type":"post","link":"https:\/\/eikonos.com\/ca\/blog\/necessito-ajuda-per-organitzar-un-esdeveniment-el-que-necessites-es-un-event-planner\/","title":{"rendered":"Necessito ajuda per organitzar un esdeveniment! El que necessites \u00e9s un event planner"},"content":{"rendered":"<p style=\"text-align: justify;\">En el nostre blog ja hem parlat v\u00e0ries vegades de la import\u00e0ncia que t\u00e9 rodejar-se dels millors professionals en l\u2019organitzaci\u00f3 d\u2019un esdeveniment corporatiu espectacular.<\/p>\n<p style=\"text-align: justify;\">Gr\u00e0cies a aix\u00f2, els resultats seran molt diferents als que es poden obtenir quan l\u2019esdeveniment l\u2019organitza un directiu molt professional en el seu camp per\u00f2 amb poca experi\u00e8ncia en l\u2019organitzaci\u00f3 d\u2019esdeveniments. En aquest sentit, la figura del <em>event planner <\/em>s\u2019han convertit en fonamental per\u00a0<a href=\"https:\/\/eikonos.com\/ca\/blog\/cinc-passos-per-organitzar-un-esdeveniment-audiovisual-a-barcelona\/\">aconseguir un esdeveniment exit\u00f3s.<\/a><\/p>\n<p style=\"text-align: justify;\">Com a promotor de l\u2019esdeveniment <strong>tindr\u00e0s molt a dir i moltes idees que aportar. <\/strong>En aquest sentit et deixem alguns consells per l\u2019organitzaci\u00f3 d\u2019esdeveniments i convencions corporatives. Tot i aix\u00ed, en quan a l\u2019apartat log\u00edstic i d\u2019organitzaci\u00f3 i planificaci\u00f3 pura i dura, necessitar\u00e0s ajuda per organitzar un esdeveniment, molta ajuda&#8230; Aqu\u00ed entra en joc el <em>event planner.\u00a0<\/em><\/p>\n<h2 style=\"text-align: justify;\"><span style=\"color: #ff0000;\">Quina \u00e9s la funci\u00f3 del <em>event planner<\/em>?<\/span><\/h2>\n<p style=\"text-align: justify;\">La figura del <em>event planner <\/em>\u00e9s molt necess\u00e0ria al llarg d\u2019aquest proc\u00e9s per\u00a0organitzar convencions i esdeveniments de comunicaci\u00f3 corporativa. Concretament, un bon <em>event planner <\/em>haur\u00e0 de complir dos objectius b\u00e0sics d\u2019ajuda per organitzar un esdeveniment:<\/p>\n<p style=\"text-align: justify;\"><span style=\"color: #ff0000;\">1.-\u00a0<\/span><strong><span style=\"color: #ff0000;\">Organitzar i planificar tot l\u2019esdeveniment,<\/span> <\/strong>a m\u00e9s de proveir tot el que pugui succeir, fallar o apar\u00e8ixer sense previ av\u00eds. El <em>event planner <\/em>s\u2019encarregar\u00e0 d\u2019estudiar la teva idea per el succ\u00e9s i a partir d\u2019aqu\u00ed trobar la millor ubicaci\u00f3 i instal\u00b7lacions, gestionar l\u2019av\u00eds o el convit als assistents, organitzar els espais, planificar les pon\u00e8ncies&#8230; A part, en aquest sentit e seu treball tamb\u00e9 consistir\u00e0 en contactar amb els diferents actors que poden intervenir en un esdeveniment com els\u00a0<a title=\"EIKONOS: experiencia audiovisual\" href=\"https:\/\/eikonos.com\/\">prove\u00efdors audiovisuals com EIKONOS<\/a>, empreses de c\u00e0tering pre a servir als assistents, un servei de neteja eficient&#8230;<\/p>\n<p style=\"text-align: justify;\">En quan a la previsi\u00f3, resulta un factor important i \u00e9s imprescindible tenir-ho en compte ja que qualsevol imprevist pot suposar un desastre pel nostre esdeveniment. Per exemple, <strong>qu\u00e8 passa si fallen les connexions wifi i els assistents no poden tenir acc\u00e9s a internet?, quines altres possibilitats tenen per connectar-se?<\/strong><\/p>\n<p style=\"text-align: justify;\">S\u00f3n factors importants que poden succeir (no tots, per\u00f2 alguns segurament passin, ja ho diu la\u00a0<a title=\"Ley de Murphy: &quot;Si algo puede salir mal, saldr\u00e1 mal&quot;\" href=\"http:\/\/es.wikipedia.org\/wiki\/Ley_de_Murphy\">Llei de Murphy<\/a>)\u00a0i que poden marcar la difer\u00e8ncia entre un bon esdeveniment i un esdeveniment espectacular.<\/p>\n<p style=\"text-align: justify;\"><span style=\"color: #ff0000;\">2.-\u00a0<\/span><strong><span style=\"color: #ff0000;\">Trobar la major rentabilitat possible<\/span> <\/strong>al succ\u00e9s. Aquest ser\u00e0 un altre dels objectius b\u00e0sics en l\u2019organitzaci\u00f3 de l\u2019esdeveniment. <strong>\u00c9s imprescindible que el <em>event planner <\/em>s\u2019adeq\u00fci perfectament al pressupost destinat a l\u2019esdeveniment, <\/strong>i que no el perdi de vista en cap moment. El pressupost \u00e9s el que \u00e9s, i per tant, tot ha d\u2019ajustar-se a aquest.<\/p>\n<p style=\"text-align: justify;\">\u00c9s m\u00e9s, en la mesura del possible, a m\u00e9s d\u2019ajustar-se al pressupost, <strong>ha de fer el que pugui per reduir la inversi\u00f3. <\/strong>Aquesta extra d\u2019efici\u00e8ncia pot ajudar-te a reduir les despeses de l\u2019esdeveniment i a millorar la rendibilitat del mateix. <strong>Aquest s\u00ed que suposaria un aut\u00e8ntic \u00e8xit en el treball d\u2019un bon <em>event planner!<\/em><\/strong><\/p>\n<p>&nbsp;<\/p>\n","protected":false},"excerpt":{"rendered":"<p>En el nostre blog ja hem parlat v\u00e0ries vegades de la import\u00e0ncia que t\u00e9 rodejar-se&#8230;<\/p>\n","protected":false},"author":6,"featured_media":2028,"comment_status":"open","ping_status":"open","sticky":false,"template":"","format":"standard","meta":{"_acf_changed":false,"footnotes":""},"categories":[260],"tags":[],"class_list":["post-2983","post","type-post","status-publish","format-standard","has-post-thumbnail","hentry","category-esdeveniments-audiovisuals"],"acf":[],"yoast_head":"<!-- This site is optimized with the Yoast SEO plugin v26.3 - https:\/\/yoast.com\/wordpress\/plugins\/seo\/ -->\n<title>Necessito ajuda per organitzar un esdeveniment! El que necessites \u00e9s un event planner | EIKONOS<\/title>\n<meta name=\"description\" content=\"La figura del event planner \u00e9s molt necess\u00e0ria al llarg d\u2019aquest proc\u00e9s per organitzar convencions i esdeveniments de comunicaci\u00f3 corporativa. Concretament, un bon event planner haur\u00e0 de complir dos objectius b\u00e0sics\" \/>\n<meta name=\"robots\" content=\"index, follow, max-snippet:-1, max-image-preview:large, max-video-preview:-1\" \/>\n<link rel=\"canonical\" href=\"https:\/\/eikonos.com\/ca\/blog\/necessito-ajuda-per-organitzar-un-esdeveniment-el-que-necessites-es-un-event-planner\/\" \/>\n<meta property=\"og:locale\" content=\"ca_ES\" \/>\n<meta property=\"og:type\" content=\"article\" \/>\n<meta property=\"og:title\" content=\"Necessito ajuda per organitzar un esdeveniment! El que necessites \u00e9s un event planner | EIKONOS\" \/>\n<meta property=\"og:description\" content=\"La figura del event planner \u00e9s molt necess\u00e0ria al llarg d\u2019aquest proc\u00e9s per organitzar convencions i esdeveniments de comunicaci\u00f3 corporativa. Concretament, un bon event planner haur\u00e0 de complir dos objectius b\u00e0sics\" \/>\n<meta property=\"og:url\" content=\"https:\/\/eikonos.com\/ca\/blog\/necessito-ajuda-per-organitzar-un-esdeveniment-el-que-necessites-es-un-event-planner\/\" \/>\n<meta property=\"og:site_name\" content=\"EIKONOS\" \/>\n<meta property=\"article:publisher\" content=\"http:\/\/www.facebook.com\/pages\/Eikonos\/176324785746790\" \/>\n<meta property=\"article:published_time\" content=\"2015-05-07T11:31:18+00:00\" \/>\n<meta property=\"og:image\" content=\"https:\/\/eikonos.com\/wp-content\/uploads\/2015\/05\/ayuda-para-organizar-un-evento.jpg\" \/>\n\t<meta property=\"og:image:width\" content=\"1231\" \/>\n\t<meta property=\"og:image:height\" content=\"821\" \/>\n\t<meta property=\"og:image:type\" content=\"image\/jpeg\" \/>\n<meta name=\"author\" content=\"Xavi Eikonos\" \/>\n<meta name=\"twitter:card\" content=\"summary_large_image\" \/>\n<meta name=\"twitter:creator\" content=\"@eikonos_sa\" \/>\n<meta name=\"twitter:site\" content=\"@eikonos_sa\" \/>\n<meta name=\"twitter:label1\" content=\"Escrit per\" \/>\n\t<meta name=\"twitter:data1\" content=\"Xavi Eikonos\" \/>\n\t<meta name=\"twitter:label2\" content=\"Temps estimat de lectura\" \/>\n\t<meta name=\"twitter:data2\" content=\"3 minuts\" \/>\n<script type=\"application\/ld+json\" class=\"yoast-schema-graph\">{\"@context\":\"https:\/\/schema.org\",\"@graph\":[{\"@type\":\"Article\",\"@id\":\"https:\/\/eikonos.com\/ca\/blog\/necessito-ajuda-per-organitzar-un-esdeveniment-el-que-necessites-es-un-event-planner\/#article\",\"isPartOf\":{\"@id\":\"https:\/\/eikonos.com\/ca\/blog\/necessito-ajuda-per-organitzar-un-esdeveniment-el-que-necessites-es-un-event-planner\/\"},\"author\":{\"name\":\"Xavi Eikonos\",\"@id\":\"https:\/\/eikonos.com\/ca\/#\/schema\/person\/82032860cc314d826959b90595a5280a\"},\"headline\":\"Necessito ajuda per organitzar un esdeveniment! El que necessites \u00e9s un event planner\",\"datePublished\":\"2015-05-07T11:31:18+00:00\",\"mainEntityOfPage\":{\"@id\":\"https:\/\/eikonos.com\/ca\/blog\/necessito-ajuda-per-organitzar-un-esdeveniment-el-que-necessites-es-un-event-planner\/\"},\"wordCount\":533,\"commentCount\":0,\"publisher\":{\"@id\":\"https:\/\/eikonos.com\/ca\/#organization\"},\"image\":{\"@id\":\"https:\/\/eikonos.com\/ca\/blog\/necessito-ajuda-per-organitzar-un-esdeveniment-el-que-necessites-es-un-event-planner\/#primaryimage\"},\"thumbnailUrl\":\"https:\/\/eikonos.com\/wp-content\/uploads\/2015\/05\/ayuda-para-organizar-un-evento.jpg\",\"articleSection\":[\"Esdeveniments audiovisuals\"],\"inLanguage\":\"ca\",\"potentialAction\":[{\"@type\":\"CommentAction\",\"name\":\"Comment\",\"target\":[\"https:\/\/eikonos.com\/ca\/blog\/necessito-ajuda-per-organitzar-un-esdeveniment-el-que-necessites-es-un-event-planner\/#respond\"]}]},{\"@type\":\"WebPage\",\"@id\":\"https:\/\/eikonos.com\/ca\/blog\/necessito-ajuda-per-organitzar-un-esdeveniment-el-que-necessites-es-un-event-planner\/\",\"url\":\"https:\/\/eikonos.com\/ca\/blog\/necessito-ajuda-per-organitzar-un-esdeveniment-el-que-necessites-es-un-event-planner\/\",\"name\":\"Necessito ajuda per organitzar un esdeveniment! El que necessites \u00e9s un event planner | EIKONOS\",\"isPartOf\":{\"@id\":\"https:\/\/eikonos.com\/ca\/#website\"},\"primaryImageOfPage\":{\"@id\":\"https:\/\/eikonos.com\/ca\/blog\/necessito-ajuda-per-organitzar-un-esdeveniment-el-que-necessites-es-un-event-planner\/#primaryimage\"},\"image\":{\"@id\":\"https:\/\/eikonos.com\/ca\/blog\/necessito-ajuda-per-organitzar-un-esdeveniment-el-que-necessites-es-un-event-planner\/#primaryimage\"},\"thumbnailUrl\":\"https:\/\/eikonos.com\/wp-content\/uploads\/2015\/05\/ayuda-para-organizar-un-evento.jpg\",\"datePublished\":\"2015-05-07T11:31:18+00:00\",\"description\":\"La figura del event planner \u00e9s molt necess\u00e0ria al llarg d\u2019aquest proc\u00e9s per organitzar convencions i esdeveniments de comunicaci\u00f3 corporativa. Concretament, un bon event planner haur\u00e0 de complir dos objectius b\u00e0sics\",\"breadcrumb\":{\"@id\":\"https:\/\/eikonos.com\/ca\/blog\/necessito-ajuda-per-organitzar-un-esdeveniment-el-que-necessites-es-un-event-planner\/#breadcrumb\"},\"inLanguage\":\"ca\",\"potentialAction\":[{\"@type\":\"ReadAction\",\"target\":[\"https:\/\/eikonos.com\/ca\/blog\/necessito-ajuda-per-organitzar-un-esdeveniment-el-que-necessites-es-un-event-planner\/\"]}]},{\"@type\":\"ImageObject\",\"inLanguage\":\"ca\",\"@id\":\"https:\/\/eikonos.com\/ca\/blog\/necessito-ajuda-per-organitzar-un-esdeveniment-el-que-necessites-es-un-event-planner\/#primaryimage\",\"url\":\"https:\/\/eikonos.com\/wp-content\/uploads\/2015\/05\/ayuda-para-organizar-un-evento.jpg\",\"contentUrl\":\"https:\/\/eikonos.com\/wp-content\/uploads\/2015\/05\/ayuda-para-organizar-un-evento.jpg\",\"width\":1231,\"height\":821},{\"@type\":\"BreadcrumbList\",\"@id\":\"https:\/\/eikonos.com\/ca\/blog\/necessito-ajuda-per-organitzar-un-esdeveniment-el-que-necessites-es-un-event-planner\/#breadcrumb\",\"itemListElement\":[{\"@type\":\"ListItem\",\"position\":1,\"name\":\"EIKONOS\",\"item\":\"https:\/\/eikonos.com\/ca\/inici\/\"},{\"@type\":\"ListItem\",\"position\":2,\"name\":\"Necessito ajuda per organitzar un esdeveniment! El que necessites \u00e9s un event planner\"}]},{\"@type\":\"WebSite\",\"@id\":\"https:\/\/eikonos.com\/ca\/#website\",\"url\":\"https:\/\/eikonos.com\/ca\/\",\"name\":\"EIKONOS\",\"description\":\"EXPERIENCIA AUDIOVISUAL\",\"publisher\":{\"@id\":\"https:\/\/eikonos.com\/ca\/#organization\"},\"potentialAction\":[{\"@type\":\"SearchAction\",\"target\":{\"@type\":\"EntryPoint\",\"urlTemplate\":\"https:\/\/eikonos.com\/ca\/?s={search_term_string}\"},\"query-input\":{\"@type\":\"PropertyValueSpecification\",\"valueRequired\":true,\"valueName\":\"search_term_string\"}}],\"inLanguage\":\"ca\"},{\"@type\":\"Organization\",\"@id\":\"https:\/\/eikonos.com\/ca\/#organization\",\"name\":\"EIKONOS | Servicios Audiovisuales, eventos y alquiler de equipos\",\"url\":\"https:\/\/eikonos.com\/ca\/\",\"logo\":{\"@type\":\"ImageObject\",\"inLanguage\":\"ca\",\"@id\":\"https:\/\/eikonos.com\/ca\/#\/schema\/logo\/image\/\",\"url\":\"https:\/\/eikonos.com\/wp-content\/uploads\/2020\/08\/logo-color.png\",\"contentUrl\":\"https:\/\/eikonos.com\/wp-content\/uploads\/2020\/08\/logo-color.png\",\"width\":376,\"height\":122,\"caption\":\"EIKONOS | Servicios Audiovisuales, eventos y alquiler de equipos\"},\"image\":{\"@id\":\"https:\/\/eikonos.com\/ca\/#\/schema\/logo\/image\/\"},\"sameAs\":[\"http:\/\/www.facebook.com\/pages\/Eikonos\/176324785746790\",\"https:\/\/x.com\/eikonos_sa\",\"http:\/\/www.linkedin.com\/company\/eikonos\",\"http:\/\/www.youtube.com\/channel\/UC8wcizWaAYbfsuqVf9wIT6w\"]},{\"@type\":\"Person\",\"@id\":\"https:\/\/eikonos.com\/ca\/#\/schema\/person\/82032860cc314d826959b90595a5280a\",\"name\":\"Xavi Eikonos\",\"image\":{\"@type\":\"ImageObject\",\"inLanguage\":\"ca\",\"@id\":\"https:\/\/eikonos.com\/ca\/#\/schema\/person\/image\/\",\"url\":\"https:\/\/secure.gravatar.com\/avatar\/a6c6b51dd0ac6902701aab24a914f6febe1518f94a5ae06db08b3d6107248dfd?s=96&d=mm&r=g\",\"contentUrl\":\"https:\/\/secure.gravatar.com\/avatar\/a6c6b51dd0ac6902701aab24a914f6febe1518f94a5ae06db08b3d6107248dfd?s=96&d=mm&r=g\",\"caption\":\"Xavi Eikonos\"}}]}<\/script>\n<!-- \/ Yoast SEO plugin. -->","yoast_head_json":{"title":"Necessito ajuda per organitzar un esdeveniment! El que necessites \u00e9s un event planner | EIKONOS","description":"La figura del event planner \u00e9s molt necess\u00e0ria al llarg d\u2019aquest proc\u00e9s per organitzar convencions i esdeveniments de comunicaci\u00f3 corporativa. Concretament, un bon event planner haur\u00e0 de complir dos objectius b\u00e0sics","robots":{"index":"index","follow":"follow","max-snippet":"max-snippet:-1","max-image-preview":"max-image-preview:large","max-video-preview":"max-video-preview:-1"},"canonical":"https:\/\/eikonos.com\/ca\/blog\/necessito-ajuda-per-organitzar-un-esdeveniment-el-que-necessites-es-un-event-planner\/","og_locale":"ca_ES","og_type":"article","og_title":"Necessito ajuda per organitzar un esdeveniment! El que necessites \u00e9s un event planner | EIKONOS","og_description":"La figura del event planner \u00e9s molt necess\u00e0ria al llarg d\u2019aquest proc\u00e9s per organitzar convencions i esdeveniments de comunicaci\u00f3 corporativa. Concretament, un bon event planner haur\u00e0 de complir dos objectius b\u00e0sics","og_url":"https:\/\/eikonos.com\/ca\/blog\/necessito-ajuda-per-organitzar-un-esdeveniment-el-que-necessites-es-un-event-planner\/","og_site_name":"EIKONOS","article_publisher":"http:\/\/www.facebook.com\/pages\/Eikonos\/176324785746790","article_published_time":"2015-05-07T11:31:18+00:00","og_image":[{"width":1231,"height":821,"url":"https:\/\/eikonos.com\/wp-content\/uploads\/2015\/05\/ayuda-para-organizar-un-evento.jpg","type":"image\/jpeg"}],"author":"Xavi Eikonos","twitter_card":"summary_large_image","twitter_creator":"@eikonos_sa","twitter_site":"@eikonos_sa","twitter_misc":{"Escrit per":"Xavi Eikonos","Temps estimat de lectura":"3 minuts"},"schema":{"@context":"https:\/\/schema.org","@graph":[{"@type":"Article","@id":"https:\/\/eikonos.com\/ca\/blog\/necessito-ajuda-per-organitzar-un-esdeveniment-el-que-necessites-es-un-event-planner\/#article","isPartOf":{"@id":"https:\/\/eikonos.com\/ca\/blog\/necessito-ajuda-per-organitzar-un-esdeveniment-el-que-necessites-es-un-event-planner\/"},"author":{"name":"Xavi Eikonos","@id":"https:\/\/eikonos.com\/ca\/#\/schema\/person\/82032860cc314d826959b90595a5280a"},"headline":"Necessito ajuda per organitzar un esdeveniment! El que necessites \u00e9s un event planner","datePublished":"2015-05-07T11:31:18+00:00","mainEntityOfPage":{"@id":"https:\/\/eikonos.com\/ca\/blog\/necessito-ajuda-per-organitzar-un-esdeveniment-el-que-necessites-es-un-event-planner\/"},"wordCount":533,"commentCount":0,"publisher":{"@id":"https:\/\/eikonos.com\/ca\/#organization"},"image":{"@id":"https:\/\/eikonos.com\/ca\/blog\/necessito-ajuda-per-organitzar-un-esdeveniment-el-que-necessites-es-un-event-planner\/#primaryimage"},"thumbnailUrl":"https:\/\/eikonos.com\/wp-content\/uploads\/2015\/05\/ayuda-para-organizar-un-evento.jpg","articleSection":["Esdeveniments audiovisuals"],"inLanguage":"ca","potentialAction":[{"@type":"CommentAction","name":"Comment","target":["https:\/\/eikonos.com\/ca\/blog\/necessito-ajuda-per-organitzar-un-esdeveniment-el-que-necessites-es-un-event-planner\/#respond"]}]},{"@type":"WebPage","@id":"https:\/\/eikonos.com\/ca\/blog\/necessito-ajuda-per-organitzar-un-esdeveniment-el-que-necessites-es-un-event-planner\/","url":"https:\/\/eikonos.com\/ca\/blog\/necessito-ajuda-per-organitzar-un-esdeveniment-el-que-necessites-es-un-event-planner\/","name":"Necessito ajuda per organitzar un esdeveniment! El que necessites \u00e9s un event planner | EIKONOS","isPartOf":{"@id":"https:\/\/eikonos.com\/ca\/#website"},"primaryImageOfPage":{"@id":"https:\/\/eikonos.com\/ca\/blog\/necessito-ajuda-per-organitzar-un-esdeveniment-el-que-necessites-es-un-event-planner\/#primaryimage"},"image":{"@id":"https:\/\/eikonos.com\/ca\/blog\/necessito-ajuda-per-organitzar-un-esdeveniment-el-que-necessites-es-un-event-planner\/#primaryimage"},"thumbnailUrl":"https:\/\/eikonos.com\/wp-content\/uploads\/2015\/05\/ayuda-para-organizar-un-evento.jpg","datePublished":"2015-05-07T11:31:18+00:00","description":"La figura del event planner \u00e9s molt necess\u00e0ria al llarg d\u2019aquest proc\u00e9s per organitzar convencions i esdeveniments de comunicaci\u00f3 corporativa. Concretament, un bon event planner haur\u00e0 de complir dos objectius b\u00e0sics","breadcrumb":{"@id":"https:\/\/eikonos.com\/ca\/blog\/necessito-ajuda-per-organitzar-un-esdeveniment-el-que-necessites-es-un-event-planner\/#breadcrumb"},"inLanguage":"ca","potentialAction":[{"@type":"ReadAction","target":["https:\/\/eikonos.com\/ca\/blog\/necessito-ajuda-per-organitzar-un-esdeveniment-el-que-necessites-es-un-event-planner\/"]}]},{"@type":"ImageObject","inLanguage":"ca","@id":"https:\/\/eikonos.com\/ca\/blog\/necessito-ajuda-per-organitzar-un-esdeveniment-el-que-necessites-es-un-event-planner\/#primaryimage","url":"https:\/\/eikonos.com\/wp-content\/uploads\/2015\/05\/ayuda-para-organizar-un-evento.jpg","contentUrl":"https:\/\/eikonos.com\/wp-content\/uploads\/2015\/05\/ayuda-para-organizar-un-evento.jpg","width":1231,"height":821},{"@type":"BreadcrumbList","@id":"https:\/\/eikonos.com\/ca\/blog\/necessito-ajuda-per-organitzar-un-esdeveniment-el-que-necessites-es-un-event-planner\/#breadcrumb","itemListElement":[{"@type":"ListItem","position":1,"name":"EIKONOS","item":"https:\/\/eikonos.com\/ca\/inici\/"},{"@type":"ListItem","position":2,"name":"Necessito ajuda per organitzar un esdeveniment! El que necessites \u00e9s un event planner"}]},{"@type":"WebSite","@id":"https:\/\/eikonos.com\/ca\/#website","url":"https:\/\/eikonos.com\/ca\/","name":"EIKONOS","description":"EXPERIENCIA AUDIOVISUAL","publisher":{"@id":"https:\/\/eikonos.com\/ca\/#organization"},"potentialAction":[{"@type":"SearchAction","target":{"@type":"EntryPoint","urlTemplate":"https:\/\/eikonos.com\/ca\/?s={search_term_string}"},"query-input":{"@type":"PropertyValueSpecification","valueRequired":true,"valueName":"search_term_string"}}],"inLanguage":"ca"},{"@type":"Organization","@id":"https:\/\/eikonos.com\/ca\/#organization","name":"EIKONOS | Servicios Audiovisuales, eventos y alquiler de equipos","url":"https:\/\/eikonos.com\/ca\/","logo":{"@type":"ImageObject","inLanguage":"ca","@id":"https:\/\/eikonos.com\/ca\/#\/schema\/logo\/image\/","url":"https:\/\/eikonos.com\/wp-content\/uploads\/2020\/08\/logo-color.png","contentUrl":"https:\/\/eikonos.com\/wp-content\/uploads\/2020\/08\/logo-color.png","width":376,"height":122,"caption":"EIKONOS | Servicios Audiovisuales, eventos y alquiler de equipos"},"image":{"@id":"https:\/\/eikonos.com\/ca\/#\/schema\/logo\/image\/"},"sameAs":["http:\/\/www.facebook.com\/pages\/Eikonos\/176324785746790","https:\/\/x.com\/eikonos_sa","http:\/\/www.linkedin.com\/company\/eikonos","http:\/\/www.youtube.com\/channel\/UC8wcizWaAYbfsuqVf9wIT6w"]},{"@type":"Person","@id":"https:\/\/eikonos.com\/ca\/#\/schema\/person\/82032860cc314d826959b90595a5280a","name":"Xavi Eikonos","image":{"@type":"ImageObject","inLanguage":"ca","@id":"https:\/\/eikonos.com\/ca\/#\/schema\/person\/image\/","url":"https:\/\/secure.gravatar.com\/avatar\/a6c6b51dd0ac6902701aab24a914f6febe1518f94a5ae06db08b3d6107248dfd?s=96&d=mm&r=g","contentUrl":"https:\/\/secure.gravatar.com\/avatar\/a6c6b51dd0ac6902701aab24a914f6febe1518f94a5ae06db08b3d6107248dfd?s=96&d=mm&r=g","caption":"Xavi Eikonos"}}]}},"_links":{"self":[{"href":"https:\/\/eikonos.com\/ca\/wp-json\/wp\/v2\/posts\/2983","targetHints":{"allow":["GET"]}}],"collection":[{"href":"https:\/\/eikonos.com\/ca\/wp-json\/wp\/v2\/posts"}],"about":[{"href":"https:\/\/eikonos.com\/ca\/wp-json\/wp\/v2\/types\/post"}],"author":[{"embeddable":true,"href":"https:\/\/eikonos.com\/ca\/wp-json\/wp\/v2\/users\/6"}],"replies":[{"embeddable":true,"href":"https:\/\/eikonos.com\/ca\/wp-json\/wp\/v2\/comments?post=2983"}],"version-history":[{"count":0,"href":"https:\/\/eikonos.com\/ca\/wp-json\/wp\/v2\/posts\/2983\/revisions"}],"wp:featuredmedia":[{"embeddable":true,"href":"https:\/\/eikonos.com\/ca\/wp-json\/wp\/v2\/media\/2028"}],"wp:attachment":[{"href":"https:\/\/eikonos.com\/ca\/wp-json\/wp\/v2\/media?parent=2983"}],"wp:term":[{"taxonomy":"category","embeddable":true,"href":"https:\/\/eikonos.com\/ca\/wp-json\/wp\/v2\/categories?post=2983"},{"taxonomy":"post_tag","embeddable":true,"href":"https:\/\/eikonos.com\/ca\/wp-json\/wp\/v2\/tags?post=2983"}],"curies":[{"name":"wp","href":"https:\/\/api.w.org\/{rel}","templated":true}]}}