{"id":2973,"date":"2015-05-26T12:50:44","date_gmt":"2015-05-26T10:50:44","guid":{"rendered":"http:\/\/eikonos.com\/blog\/los-efectos-especiales-y-visuales-en-el-cine-actual-2\/"},"modified":"2015-05-26T12:50:44","modified_gmt":"2015-05-26T10:50:44","slug":"els-efectes-espacials-i-visuans-en-el-cine-actual","status":"publish","type":"post","link":"https:\/\/eikonos.com\/ca\/blog\/els-efectes-espacials-i-visuans-en-el-cine-actual\/","title":{"rendered":"Els efectes especials i visuals en el cine actual"},"content":{"rendered":"<p style=\"text-align: justify;\">Avui en dia \u00e9s pr\u00e0cticament impossible trobar una pel\u00b7l\u00edcula d\u2019\u00e8xit en la que no s\u2019utilitzin efectes especials i visuals. A tots ens venen a la ment t\u00edtols tan actuals com Els Vengadors: la era d\u2019Ultr\u00f3, Mad Max: Fury Road, o la fant\u00e0stica Interestellar.<\/p>\n<p style=\"text-align: justify;\">Tampoc cal anar molt lluny ja que a Espanya tamb\u00e9 trobem pel\u00b7l\u00edcules amb multitud d\u2019efectes: des de a gran Lo imposible de Bayona, fins a la \u00faltima de Torrente: Operaci\u00f3 Eurovegues de Santiago Segura.<\/p>\n<p style=\"text-align: justify;\"><strong>L\u2019\u00fas d\u2019efectes especials en el cine no sempre \u00e9s sin\u00f2nim de qualitat. <\/strong>A vegades, aquests mateixos efectes juguen en contra i es converteixen totalment en prescindibles i incl\u00fas molests. Com veurem \u00e9s important saber quan i com utilitzar aquests efectes visuals.<\/p>\n<p style=\"text-align: justify;\">No obstant, existeix una mica de confusi\u00f3 sobre els efectes especials i visuals en el cine. Tendim a pensar un terremot gigantes, com el que veurem en l\u2019estrena de San Andr\u00e9s pr\u00f2ximament, s\u2019ha aconseguit mitjan\u00e7ant efectes especials. Segurament sigui cert, per\u00ec una m\u00ednima part. El que veurem en pantalla seran efectes visuals generats per ordinador. Veurem les difer\u00e8ncia enre uns efectes i els altres.<\/p>\n<h2 style=\"text-align: justify;\"><span style=\"color: #ff0000;\">Quina \u00e9s la difer\u00e8ncia entre els efectes visuals i els efectes especials?\u00a0<\/span><\/h2>\n<p style=\"text-align: justify;\">En poques paraules, <strong>els efectes especials es duen a terme en el set durant la producci\u00f3, i els efectes visuals es fan en post-producci\u00f3. <\/strong>Ai\u00f2 no vol dir que l\u2019equip d\u2019efectes visuals no estigui involucrat en la producci\u00f3 i l\u2019equip d\u2019efectes especials no estigui involucrat en la post, per\u00f2 les decisions creatives realitzades per cada equip en general es refereixen a les seves respectives fases en el proc\u00e9s de la fabricaci\u00f3 de pel\u00b7l\u00edcules.<\/p>\n<p style=\"text-align: justify;\">Els efectes especials es poden dividir en dues categorieS: \u00f2ptics i mec\u00e0nics. Els <strong>efectes \u00f2ptics es realitzen mitjan\u00e7ant la manipulaci\u00f3 de la c\u00e0mera i la il\u00b7luminaci\u00f3 <\/strong>que a la mateixa vegada far\u00e0 que l\u2019escena adquireixi un aspecte diferent del que sembla a simple vista. Aix\u00f2 podria implicar terballar amb diferents objectius i filtres, tipus d\u2019il\u00b7luminaci\u00f3, o moviments de c\u00e0mera que juguen amb l\u2019\u00fall hum\u00e0 i aconsegueixen l\u2019efecte desitjat. El director de fotografia i el supervisor d\u2019efectes especials s\u00f3n els encarregats d\u2019assessorar al realitzador i al director en el set per aconseguir el que es desitja.<\/p>\n<p style=\"text-align: justify;\"><strong>Cada tipus d\u2019especialitza s\u2019implica en treballar durant un rodat en viu i pel general es refereix a fer que les coses semblin una cosa que no s\u00f3n. <\/strong>Per exemple la manupulaci\u00f3 de les condicions clim\u00e0tiques com el vent i la neu \u00e9s una gran part d\u2019efectes mec\u00e0nics. Pirot\u00e8cnia i treballar amb models a escala \u00e9s un alter aspecte d\u2019efectes mec\u00e0nics.<\/p>\n<p style=\"text-align: justify;\"><strong>Els efects visuals s\u2019han convertit en una part fonamental <\/strong>del que \u00e9s la realitzaci\u00f3 de pel\u00b7l\u00edcules. Com deien a l\u2019inici de l\u2019article, actualment \u00e9s dif\u00edcil trobar una pel\u00b7l\u00edcula d\u2019\u00e8xit que no fagi \u00fas dels efectes visuals.<\/p>\n<p style=\"text-align: justify;\">Aquests efectes es realitzen mitjan\u00e7ant la <strong>creaci\u00f3 d\u2019imatges (CGI), 3D o animaci\u00f3 generada per ordinador. <\/strong>El superviso d\u2019efectes visuals pren totes les devisions creatives i treballa directament amb el director per assegurar-se de que aconsegueix la imatge desitjada.<\/p>\n<p style=\"text-align: justify;\">El coordinador d\u2019efectes visuals, per la seva banda, treballa pel supervisor d\u2019efectes visuals en la post-proucci\u00f3, i el productor d\u2019efectes visuals funciona com un productor en l\u00ednea i gestiona el cost dels efectes.<\/p>\n<p>&nbsp;<\/p>\n","protected":false},"excerpt":{"rendered":"<p>Avui en dia \u00e9s pr\u00e0cticament impossible trobar una pel\u00b7l\u00edcula d\u2019\u00e8xit en la que no s\u2019utilitzin&#8230;<\/p>\n","protected":false},"author":6,"featured_media":2057,"comment_status":"open","ping_status":"open","sticky":false,"template":"","format":"standard","meta":{"_acf_changed":false,"footnotes":""},"categories":[344,257],"tags":[346],"class_list":["post-2973","post","type-post","status-publish","format-standard","has-post-thumbnail","hentry","category-actualitat","category-creacio-de-continguts","tag-efectes-audiovisuals"],"acf":[],"yoast_head":"<!-- This site is optimized with the Yoast SEO plugin v26.3 - https:\/\/yoast.com\/wordpress\/plugins\/seo\/ -->\n<title>Els efectes especials i visuals en el cine actual | EIKONOS<\/title>\n<meta name=\"description\" content=\"En poques paraules, els efectes especials es duen a terme en el set durant la producci\u00f3, i els efectes visuals es fan en post-producci\u00f3.\" \/>\n<meta name=\"robots\" content=\"index, follow, max-snippet:-1, max-image-preview:large, max-video-preview:-1\" \/>\n<link rel=\"canonical\" href=\"https:\/\/eikonos.com\/ca\/blog\/els-efectes-espacials-i-visuans-en-el-cine-actual\/\" \/>\n<meta property=\"og:locale\" content=\"ca_ES\" \/>\n<meta property=\"og:type\" content=\"article\" \/>\n<meta property=\"og:title\" content=\"Els efectes especials i visuals en el cine actual | EIKONOS\" \/>\n<meta property=\"og:description\" content=\"En poques paraules, els efectes especials es duen a terme en el set durant la producci\u00f3, i els efectes visuals es fan en post-producci\u00f3.\" \/>\n<meta property=\"og:url\" content=\"https:\/\/eikonos.com\/ca\/blog\/els-efectes-espacials-i-visuans-en-el-cine-actual\/\" \/>\n<meta property=\"og:site_name\" content=\"EIKONOS\" \/>\n<meta property=\"article:publisher\" content=\"http:\/\/www.facebook.com\/pages\/Eikonos\/176324785746790\" \/>\n<meta property=\"article:published_time\" content=\"2015-05-26T10:50:44+00:00\" \/>\n<meta property=\"og:image\" content=\"https:\/\/eikonos.com\/wp-content\/uploads\/2015\/06\/efectos-especiales-y-visuales.jpg\" \/>\n\t<meta property=\"og:image:width\" content=\"1280\" \/>\n\t<meta property=\"og:image:height\" content=\"720\" \/>\n\t<meta property=\"og:image:type\" content=\"image\/jpeg\" \/>\n<meta name=\"author\" content=\"Xavi Eikonos\" \/>\n<meta name=\"twitter:card\" content=\"summary_large_image\" \/>\n<meta name=\"twitter:creator\" content=\"@eikonos_sa\" \/>\n<meta name=\"twitter:site\" content=\"@eikonos_sa\" \/>\n<meta name=\"twitter:label1\" content=\"Escrit per\" \/>\n\t<meta name=\"twitter:data1\" content=\"Xavi Eikonos\" \/>\n\t<meta name=\"twitter:label2\" content=\"Temps estimat de lectura\" \/>\n\t<meta name=\"twitter:data2\" content=\"3 minuts\" \/>\n<script type=\"application\/ld+json\" class=\"yoast-schema-graph\">{\"@context\":\"https:\/\/schema.org\",\"@graph\":[{\"@type\":\"Article\",\"@id\":\"https:\/\/eikonos.com\/ca\/blog\/els-efectes-espacials-i-visuans-en-el-cine-actual\/#article\",\"isPartOf\":{\"@id\":\"https:\/\/eikonos.com\/ca\/blog\/els-efectes-espacials-i-visuans-en-el-cine-actual\/\"},\"author\":{\"name\":\"Xavi Eikonos\",\"@id\":\"https:\/\/eikonos.com\/ca\/#\/schema\/person\/82032860cc314d826959b90595a5280a\"},\"headline\":\"Els efectes especials i visuals en el cine actual\",\"datePublished\":\"2015-05-26T10:50:44+00:00\",\"mainEntityOfPage\":{\"@id\":\"https:\/\/eikonos.com\/ca\/blog\/els-efectes-espacials-i-visuans-en-el-cine-actual\/\"},\"wordCount\":607,\"commentCount\":0,\"publisher\":{\"@id\":\"https:\/\/eikonos.com\/ca\/#organization\"},\"image\":{\"@id\":\"https:\/\/eikonos.com\/ca\/blog\/els-efectes-espacials-i-visuans-en-el-cine-actual\/#primaryimage\"},\"thumbnailUrl\":\"https:\/\/eikonos.com\/wp-content\/uploads\/2015\/06\/efectos-especiales-y-visuales.jpg\",\"keywords\":[\"Efectes audiovisuals\"],\"articleSection\":[\"Actualitat\",\"Creaci\u00f3 de continguts\"],\"inLanguage\":\"ca\",\"potentialAction\":[{\"@type\":\"CommentAction\",\"name\":\"Comment\",\"target\":[\"https:\/\/eikonos.com\/ca\/blog\/els-efectes-espacials-i-visuans-en-el-cine-actual\/#respond\"]}]},{\"@type\":\"WebPage\",\"@id\":\"https:\/\/eikonos.com\/ca\/blog\/els-efectes-espacials-i-visuans-en-el-cine-actual\/\",\"url\":\"https:\/\/eikonos.com\/ca\/blog\/els-efectes-espacials-i-visuans-en-el-cine-actual\/\",\"name\":\"Els efectes especials i visuals en el cine actual | EIKONOS\",\"isPartOf\":{\"@id\":\"https:\/\/eikonos.com\/ca\/#website\"},\"primaryImageOfPage\":{\"@id\":\"https:\/\/eikonos.com\/ca\/blog\/els-efectes-espacials-i-visuans-en-el-cine-actual\/#primaryimage\"},\"image\":{\"@id\":\"https:\/\/eikonos.com\/ca\/blog\/els-efectes-espacials-i-visuans-en-el-cine-actual\/#primaryimage\"},\"thumbnailUrl\":\"https:\/\/eikonos.com\/wp-content\/uploads\/2015\/06\/efectos-especiales-y-visuales.jpg\",\"datePublished\":\"2015-05-26T10:50:44+00:00\",\"description\":\"En poques paraules, els efectes especials es duen a terme en el set durant la producci\u00f3, i els efectes visuals es fan en post-producci\u00f3.\",\"breadcrumb\":{\"@id\":\"https:\/\/eikonos.com\/ca\/blog\/els-efectes-espacials-i-visuans-en-el-cine-actual\/#breadcrumb\"},\"inLanguage\":\"ca\",\"potentialAction\":[{\"@type\":\"ReadAction\",\"target\":[\"https:\/\/eikonos.com\/ca\/blog\/els-efectes-espacials-i-visuans-en-el-cine-actual\/\"]}]},{\"@type\":\"ImageObject\",\"inLanguage\":\"ca\",\"@id\":\"https:\/\/eikonos.com\/ca\/blog\/els-efectes-espacials-i-visuans-en-el-cine-actual\/#primaryimage\",\"url\":\"https:\/\/eikonos.com\/wp-content\/uploads\/2015\/06\/efectos-especiales-y-visuales.jpg\",\"contentUrl\":\"https:\/\/eikonos.com\/wp-content\/uploads\/2015\/06\/efectos-especiales-y-visuales.jpg\",\"width\":1280,\"height\":720},{\"@type\":\"BreadcrumbList\",\"@id\":\"https:\/\/eikonos.com\/ca\/blog\/els-efectes-espacials-i-visuans-en-el-cine-actual\/#breadcrumb\",\"itemListElement\":[{\"@type\":\"ListItem\",\"position\":1,\"name\":\"EIKONOS\",\"item\":\"https:\/\/eikonos.com\/ca\/inici\/\"},{\"@type\":\"ListItem\",\"position\":2,\"name\":\"Els efectes especials i visuals en el cine actual\"}]},{\"@type\":\"WebSite\",\"@id\":\"https:\/\/eikonos.com\/ca\/#website\",\"url\":\"https:\/\/eikonos.com\/ca\/\",\"name\":\"EIKONOS\",\"description\":\"EXPERIENCIA AUDIOVISUAL\",\"publisher\":{\"@id\":\"https:\/\/eikonos.com\/ca\/#organization\"},\"potentialAction\":[{\"@type\":\"SearchAction\",\"target\":{\"@type\":\"EntryPoint\",\"urlTemplate\":\"https:\/\/eikonos.com\/ca\/?s={search_term_string}\"},\"query-input\":{\"@type\":\"PropertyValueSpecification\",\"valueRequired\":true,\"valueName\":\"search_term_string\"}}],\"inLanguage\":\"ca\"},{\"@type\":\"Organization\",\"@id\":\"https:\/\/eikonos.com\/ca\/#organization\",\"name\":\"EIKONOS | Servicios Audiovisuales, eventos y alquiler de equipos\",\"url\":\"https:\/\/eikonos.com\/ca\/\",\"logo\":{\"@type\":\"ImageObject\",\"inLanguage\":\"ca\",\"@id\":\"https:\/\/eikonos.com\/ca\/#\/schema\/logo\/image\/\",\"url\":\"https:\/\/eikonos.com\/wp-content\/uploads\/2020\/08\/logo-color.png\",\"contentUrl\":\"https:\/\/eikonos.com\/wp-content\/uploads\/2020\/08\/logo-color.png\",\"width\":376,\"height\":122,\"caption\":\"EIKONOS | Servicios Audiovisuales, eventos y alquiler de equipos\"},\"image\":{\"@id\":\"https:\/\/eikonos.com\/ca\/#\/schema\/logo\/image\/\"},\"sameAs\":[\"http:\/\/www.facebook.com\/pages\/Eikonos\/176324785746790\",\"https:\/\/x.com\/eikonos_sa\",\"http:\/\/www.linkedin.com\/company\/eikonos\",\"http:\/\/www.youtube.com\/channel\/UC8wcizWaAYbfsuqVf9wIT6w\"]},{\"@type\":\"Person\",\"@id\":\"https:\/\/eikonos.com\/ca\/#\/schema\/person\/82032860cc314d826959b90595a5280a\",\"name\":\"Xavi Eikonos\",\"image\":{\"@type\":\"ImageObject\",\"inLanguage\":\"ca\",\"@id\":\"https:\/\/eikonos.com\/ca\/#\/schema\/person\/image\/\",\"url\":\"https:\/\/secure.gravatar.com\/avatar\/a6c6b51dd0ac6902701aab24a914f6febe1518f94a5ae06db08b3d6107248dfd?s=96&d=mm&r=g\",\"contentUrl\":\"https:\/\/secure.gravatar.com\/avatar\/a6c6b51dd0ac6902701aab24a914f6febe1518f94a5ae06db08b3d6107248dfd?s=96&d=mm&r=g\",\"caption\":\"Xavi Eikonos\"}}]}<\/script>\n<!-- \/ Yoast SEO plugin. -->","yoast_head_json":{"title":"Els efectes especials i visuals en el cine actual | EIKONOS","description":"En poques paraules, els efectes especials es duen a terme en el set durant la producci\u00f3, i els efectes visuals es fan en post-producci\u00f3.","robots":{"index":"index","follow":"follow","max-snippet":"max-snippet:-1","max-image-preview":"max-image-preview:large","max-video-preview":"max-video-preview:-1"},"canonical":"https:\/\/eikonos.com\/ca\/blog\/els-efectes-espacials-i-visuans-en-el-cine-actual\/","og_locale":"ca_ES","og_type":"article","og_title":"Els efectes especials i visuals en el cine actual | EIKONOS","og_description":"En poques paraules, els efectes especials es duen a terme en el set durant la producci\u00f3, i els efectes visuals es fan en post-producci\u00f3.","og_url":"https:\/\/eikonos.com\/ca\/blog\/els-efectes-espacials-i-visuans-en-el-cine-actual\/","og_site_name":"EIKONOS","article_publisher":"http:\/\/www.facebook.com\/pages\/Eikonos\/176324785746790","article_published_time":"2015-05-26T10:50:44+00:00","og_image":[{"width":1280,"height":720,"url":"https:\/\/eikonos.com\/wp-content\/uploads\/2015\/06\/efectos-especiales-y-visuales.jpg","type":"image\/jpeg"}],"author":"Xavi Eikonos","twitter_card":"summary_large_image","twitter_creator":"@eikonos_sa","twitter_site":"@eikonos_sa","twitter_misc":{"Escrit per":"Xavi Eikonos","Temps estimat de lectura":"3 minuts"},"schema":{"@context":"https:\/\/schema.org","@graph":[{"@type":"Article","@id":"https:\/\/eikonos.com\/ca\/blog\/els-efectes-espacials-i-visuans-en-el-cine-actual\/#article","isPartOf":{"@id":"https:\/\/eikonos.com\/ca\/blog\/els-efectes-espacials-i-visuans-en-el-cine-actual\/"},"author":{"name":"Xavi Eikonos","@id":"https:\/\/eikonos.com\/ca\/#\/schema\/person\/82032860cc314d826959b90595a5280a"},"headline":"Els efectes especials i visuals en el cine actual","datePublished":"2015-05-26T10:50:44+00:00","mainEntityOfPage":{"@id":"https:\/\/eikonos.com\/ca\/blog\/els-efectes-espacials-i-visuans-en-el-cine-actual\/"},"wordCount":607,"commentCount":0,"publisher":{"@id":"https:\/\/eikonos.com\/ca\/#organization"},"image":{"@id":"https:\/\/eikonos.com\/ca\/blog\/els-efectes-espacials-i-visuans-en-el-cine-actual\/#primaryimage"},"thumbnailUrl":"https:\/\/eikonos.com\/wp-content\/uploads\/2015\/06\/efectos-especiales-y-visuales.jpg","keywords":["Efectes audiovisuals"],"articleSection":["Actualitat","Creaci\u00f3 de continguts"],"inLanguage":"ca","potentialAction":[{"@type":"CommentAction","name":"Comment","target":["https:\/\/eikonos.com\/ca\/blog\/els-efectes-espacials-i-visuans-en-el-cine-actual\/#respond"]}]},{"@type":"WebPage","@id":"https:\/\/eikonos.com\/ca\/blog\/els-efectes-espacials-i-visuans-en-el-cine-actual\/","url":"https:\/\/eikonos.com\/ca\/blog\/els-efectes-espacials-i-visuans-en-el-cine-actual\/","name":"Els efectes especials i visuals en el cine actual | EIKONOS","isPartOf":{"@id":"https:\/\/eikonos.com\/ca\/#website"},"primaryImageOfPage":{"@id":"https:\/\/eikonos.com\/ca\/blog\/els-efectes-espacials-i-visuans-en-el-cine-actual\/#primaryimage"},"image":{"@id":"https:\/\/eikonos.com\/ca\/blog\/els-efectes-espacials-i-visuans-en-el-cine-actual\/#primaryimage"},"thumbnailUrl":"https:\/\/eikonos.com\/wp-content\/uploads\/2015\/06\/efectos-especiales-y-visuales.jpg","datePublished":"2015-05-26T10:50:44+00:00","description":"En poques paraules, els efectes especials es duen a terme en el set durant la producci\u00f3, i els efectes visuals es fan en post-producci\u00f3.","breadcrumb":{"@id":"https:\/\/eikonos.com\/ca\/blog\/els-efectes-espacials-i-visuans-en-el-cine-actual\/#breadcrumb"},"inLanguage":"ca","potentialAction":[{"@type":"ReadAction","target":["https:\/\/eikonos.com\/ca\/blog\/els-efectes-espacials-i-visuans-en-el-cine-actual\/"]}]},{"@type":"ImageObject","inLanguage":"ca","@id":"https:\/\/eikonos.com\/ca\/blog\/els-efectes-espacials-i-visuans-en-el-cine-actual\/#primaryimage","url":"https:\/\/eikonos.com\/wp-content\/uploads\/2015\/06\/efectos-especiales-y-visuales.jpg","contentUrl":"https:\/\/eikonos.com\/wp-content\/uploads\/2015\/06\/efectos-especiales-y-visuales.jpg","width":1280,"height":720},{"@type":"BreadcrumbList","@id":"https:\/\/eikonos.com\/ca\/blog\/els-efectes-espacials-i-visuans-en-el-cine-actual\/#breadcrumb","itemListElement":[{"@type":"ListItem","position":1,"name":"EIKONOS","item":"https:\/\/eikonos.com\/ca\/inici\/"},{"@type":"ListItem","position":2,"name":"Els efectes especials i visuals en el cine actual"}]},{"@type":"WebSite","@id":"https:\/\/eikonos.com\/ca\/#website","url":"https:\/\/eikonos.com\/ca\/","name":"EIKONOS","description":"EXPERIENCIA AUDIOVISUAL","publisher":{"@id":"https:\/\/eikonos.com\/ca\/#organization"},"potentialAction":[{"@type":"SearchAction","target":{"@type":"EntryPoint","urlTemplate":"https:\/\/eikonos.com\/ca\/?s={search_term_string}"},"query-input":{"@type":"PropertyValueSpecification","valueRequired":true,"valueName":"search_term_string"}}],"inLanguage":"ca"},{"@type":"Organization","@id":"https:\/\/eikonos.com\/ca\/#organization","name":"EIKONOS | Servicios Audiovisuales, eventos y alquiler de equipos","url":"https:\/\/eikonos.com\/ca\/","logo":{"@type":"ImageObject","inLanguage":"ca","@id":"https:\/\/eikonos.com\/ca\/#\/schema\/logo\/image\/","url":"https:\/\/eikonos.com\/wp-content\/uploads\/2020\/08\/logo-color.png","contentUrl":"https:\/\/eikonos.com\/wp-content\/uploads\/2020\/08\/logo-color.png","width":376,"height":122,"caption":"EIKONOS | Servicios Audiovisuales, eventos y alquiler de equipos"},"image":{"@id":"https:\/\/eikonos.com\/ca\/#\/schema\/logo\/image\/"},"sameAs":["http:\/\/www.facebook.com\/pages\/Eikonos\/176324785746790","https:\/\/x.com\/eikonos_sa","http:\/\/www.linkedin.com\/company\/eikonos","http:\/\/www.youtube.com\/channel\/UC8wcizWaAYbfsuqVf9wIT6w"]},{"@type":"Person","@id":"https:\/\/eikonos.com\/ca\/#\/schema\/person\/82032860cc314d826959b90595a5280a","name":"Xavi Eikonos","image":{"@type":"ImageObject","inLanguage":"ca","@id":"https:\/\/eikonos.com\/ca\/#\/schema\/person\/image\/","url":"https:\/\/secure.gravatar.com\/avatar\/a6c6b51dd0ac6902701aab24a914f6febe1518f94a5ae06db08b3d6107248dfd?s=96&d=mm&r=g","contentUrl":"https:\/\/secure.gravatar.com\/avatar\/a6c6b51dd0ac6902701aab24a914f6febe1518f94a5ae06db08b3d6107248dfd?s=96&d=mm&r=g","caption":"Xavi Eikonos"}}]}},"_links":{"self":[{"href":"https:\/\/eikonos.com\/ca\/wp-json\/wp\/v2\/posts\/2973","targetHints":{"allow":["GET"]}}],"collection":[{"href":"https:\/\/eikonos.com\/ca\/wp-json\/wp\/v2\/posts"}],"about":[{"href":"https:\/\/eikonos.com\/ca\/wp-json\/wp\/v2\/types\/post"}],"author":[{"embeddable":true,"href":"https:\/\/eikonos.com\/ca\/wp-json\/wp\/v2\/users\/6"}],"replies":[{"embeddable":true,"href":"https:\/\/eikonos.com\/ca\/wp-json\/wp\/v2\/comments?post=2973"}],"version-history":[{"count":0,"href":"https:\/\/eikonos.com\/ca\/wp-json\/wp\/v2\/posts\/2973\/revisions"}],"wp:featuredmedia":[{"embeddable":true,"href":"https:\/\/eikonos.com\/ca\/wp-json\/wp\/v2\/media\/2057"}],"wp:attachment":[{"href":"https:\/\/eikonos.com\/ca\/wp-json\/wp\/v2\/media?parent=2973"}],"wp:term":[{"taxonomy":"category","embeddable":true,"href":"https:\/\/eikonos.com\/ca\/wp-json\/wp\/v2\/categories?post=2973"},{"taxonomy":"post_tag","embeddable":true,"href":"https:\/\/eikonos.com\/ca\/wp-json\/wp\/v2\/tags?post=2973"}],"curies":[{"name":"wp","href":"https:\/\/api.w.org\/{rel}","templated":true}]}}