{"id":2970,"date":"2015-06-10T10:25:14","date_gmt":"2015-06-10T08:25:14","guid":{"rendered":"http:\/\/eikonos.com\/blog\/otro-ano-mas-con-la-copa-len-final-six-2\/"},"modified":"2015-06-10T10:25:14","modified_gmt":"2015-06-10T08:25:14","slug":"un-altre-any-mes-amb-la-copa-final-six","status":"publish","type":"post","link":"https:\/\/eikonos.com\/ca\/blog\/un-altre-any-mes-amb-la-copa-final-six\/","title":{"rendered":"Un altre any m\u00e9s amb la Copa Final Six"},"content":{"rendered":"<p style=\"text-align: justify;\">A Eikonos se\u2019ns dona b\u00e9 l\u2019esport. Ens encanta ser part\u00edcips d\u2019esdeveniments que exploten els seus valors m\u00e9s purs, \u00e9s per aix\u00f2 que estem orgullosos de comunicar la nostra col\u00b7laboraci\u00f3, <strong>per segon any consecutiu, <\/strong>amb la\u00a0<a href=\"http:\/\/www.bcnwaterpolofinal6.com\/general-information.php\" target=\"_blank\" rel=\"noopener noreferrer\">Copa Len Final Six<\/a>, celebrada a Barcelona el passat cap de setmana.<\/p>\n<p>Els sis equips participants eren CN Atl\u00e8tic-Barceloneta (ESP), Pro Recco Nuoto e Pallanuoto (ITA), Szolnoki VSK (HUN), CK Jug Dubrovnik (CRO), VK Primorke Erste Bank (CRO) i ZF Eger (HUN), enter els quals l\u2019<strong>equip itali\u00e0 va guanyar l\u2019or i l\u2019espanyol es va fer amb el bronze.<\/strong><\/p>\n<p>Durant els tres dies de competici\u00f3, vam donar suport audiovisual amb les nostres pantalles\u00a0<a href=\"https:\/\/eikonos.com\/portfolio_page\/pantallas-de-leds\/\" target=\"_blank\" rel=\"noopener noreferrer\">\u00a0leds Ledman de 6 mm<\/a>\u00a0en diferents punts de les piscines Bernat Picornell, lloc on es va celebrar l\u2019esdeveniment. Una d\u2019elles va ser l\u2019encarregada de donar vida al marcador, on es comptabilitzaven els gols de cada equip i informaci\u00f3 relativa als jugadors. Una altra d\u2019aquestes, la que comptava amb m\u00e9s m\u00f2duls led, rebia la senyal de Teledeporte i emetria les imatges del partit en directe. Vam proporcionar quatre pantalles m\u00e9s, formades per dos m\u00f2duls cada una, que eren marcadors de possessi\u00f3, situades als quatre extrems de la piscina. En quart lloc, tamb\u00e9 vam muntar una U-Televisiva destinada a anuncis publicitaris, esp\u00f2nsors i patrocinis situada en uns dels laterals de la piscina. Els sistema que es va utilitzar per controla les senyals de les diferents pantalles \u00e9s\u00a0<a href=\"http:\/\/www.dataton.com\/watchout\" target=\"_blank\" rel=\"noopener noreferrer\"><strong>Watchout<\/strong><\/a>\u00a0company infalible quan es tracta d\u2019esdeveniments en els que es requereix una alta coordinaci\u00f3 i treball en equip per proporcionar el millor resultat. Tamb\u00e9 es va confiar en Eikonos per dissenyar i controlar el contingut del marcador, tasca realitza amb l\u2019ajuda de Ventuz, i <strong>la valuosa aportaci\u00f3 en l\u2019apartat t\u00e8cnic esportiu <\/strong>de l\u2019equip de l\u2019empresa Gaudium Sports, ag\u00e8ncia especialitzada en esdeveniments esportius.<\/p>\n<p>Tan l\u2019organitzador, CNAB com nosaltres estem molt contents del resultat final. Els espectadors van poder gaudir de la millor waterpolo al costat d\u2019uns equips audiovisual que encara donaven m\u00e9s qualitat a la competici\u00f3. Treballar en esdeveniments d\u2019aquesta talla ens dona confian\u00e7a per seguir millorant i exigir-nos el m\u00e0xim en les nostres possibilitats dia rere dia.<\/p>\n<p>&nbsp;<\/p>\n<p>&nbsp;<\/p>\n","protected":false},"excerpt":{"rendered":"<p>A Eikonos se\u2019ns dona b\u00e9 l\u2019esport. Ens encanta ser part\u00edcips d\u2019esdeveniments que exploten els seus&#8230;<\/p>\n","protected":false},"author":6,"featured_media":2068,"comment_status":"open","ping_status":"open","sticky":false,"template":"","format":"standard","meta":{"_acf_changed":false,"footnotes":""},"categories":[260,262],"tags":[],"class_list":["post-2970","post","type-post","status-publish","format-standard","has-post-thumbnail","hentry","category-esdeveniments-audiovisuals","category-lloguer-dequips"],"acf":[],"yoast_head":"<!-- This site is optimized with the Yoast SEO plugin v26.3 - https:\/\/yoast.com\/wordpress\/plugins\/seo\/ -->\n<title>Un altre any m\u00e9s amb la Copa Final Six | EIKONOS<\/title>\n<meta name=\"description\" content=\"Eikonos va participar en el muntatge audiovisual de l&#039;esdeveniment Copa Len Final Six en Barcelona, les seves pantalles de 4mm van ser les protagonistes.\" \/>\n<meta name=\"robots\" content=\"index, follow, max-snippet:-1, max-image-preview:large, max-video-preview:-1\" \/>\n<link rel=\"canonical\" href=\"https:\/\/eikonos.com\/ca\/blog\/un-altre-any-mes-amb-la-copa-final-six\/\" \/>\n<meta property=\"og:locale\" content=\"ca_ES\" \/>\n<meta property=\"og:type\" content=\"article\" \/>\n<meta property=\"og:title\" content=\"Un altre any m\u00e9s amb la Copa Final Six | EIKONOS\" \/>\n<meta property=\"og:description\" content=\"Eikonos va participar en el muntatge audiovisual de l&#039;esdeveniment Copa Len Final Six en Barcelona, les seves pantalles de 4mm van ser les protagonistes.\" \/>\n<meta property=\"og:url\" content=\"https:\/\/eikonos.com\/ca\/blog\/un-altre-any-mes-amb-la-copa-final-six\/\" \/>\n<meta property=\"og:site_name\" content=\"EIKONOS\" \/>\n<meta property=\"article:publisher\" content=\"http:\/\/www.facebook.com\/pages\/Eikonos\/176324785746790\" \/>\n<meta property=\"article:published_time\" content=\"2015-06-10T08:25:14+00:00\" \/>\n<meta property=\"og:image\" content=\"https:\/\/eikonos.com\/wp-content\/uploads\/2015\/06\/DSC03483-scaled.jpg\" \/>\n\t<meta property=\"og:image:width\" content=\"2560\" \/>\n\t<meta property=\"og:image:height\" content=\"1920\" \/>\n\t<meta property=\"og:image:type\" content=\"image\/jpeg\" \/>\n<meta name=\"author\" content=\"Xavi Eikonos\" \/>\n<meta name=\"twitter:card\" content=\"summary_large_image\" \/>\n<meta name=\"twitter:creator\" content=\"@eikonos_sa\" \/>\n<meta name=\"twitter:site\" content=\"@eikonos_sa\" \/>\n<meta name=\"twitter:label1\" content=\"Escrit per\" \/>\n\t<meta name=\"twitter:data1\" content=\"Xavi Eikonos\" \/>\n\t<meta name=\"twitter:label2\" content=\"Temps estimat de lectura\" \/>\n\t<meta name=\"twitter:data2\" content=\"2 minuts\" \/>\n<script type=\"application\/ld+json\" class=\"yoast-schema-graph\">{\"@context\":\"https:\/\/schema.org\",\"@graph\":[{\"@type\":\"Article\",\"@id\":\"https:\/\/eikonos.com\/ca\/blog\/un-altre-any-mes-amb-la-copa-final-six\/#article\",\"isPartOf\":{\"@id\":\"https:\/\/eikonos.com\/ca\/blog\/un-altre-any-mes-amb-la-copa-final-six\/\"},\"author\":{\"name\":\"Xavi Eikonos\",\"@id\":\"https:\/\/eikonos.com\/ca\/#\/schema\/person\/82032860cc314d826959b90595a5280a\"},\"headline\":\"Un altre any m\u00e9s amb la Copa Final Six\",\"datePublished\":\"2015-06-10T08:25:14+00:00\",\"mainEntityOfPage\":{\"@id\":\"https:\/\/eikonos.com\/ca\/blog\/un-altre-any-mes-amb-la-copa-final-six\/\"},\"wordCount\":394,\"commentCount\":0,\"publisher\":{\"@id\":\"https:\/\/eikonos.com\/ca\/#organization\"},\"image\":{\"@id\":\"https:\/\/eikonos.com\/ca\/blog\/un-altre-any-mes-amb-la-copa-final-six\/#primaryimage\"},\"thumbnailUrl\":\"https:\/\/eikonos.com\/wp-content\/uploads\/2015\/06\/DSC03483-scaled.jpg\",\"articleSection\":[\"Esdeveniments audiovisuals\",\"Lloguer d'equips\"],\"inLanguage\":\"ca\",\"potentialAction\":[{\"@type\":\"CommentAction\",\"name\":\"Comment\",\"target\":[\"https:\/\/eikonos.com\/ca\/blog\/un-altre-any-mes-amb-la-copa-final-six\/#respond\"]}]},{\"@type\":\"WebPage\",\"@id\":\"https:\/\/eikonos.com\/ca\/blog\/un-altre-any-mes-amb-la-copa-final-six\/\",\"url\":\"https:\/\/eikonos.com\/ca\/blog\/un-altre-any-mes-amb-la-copa-final-six\/\",\"name\":\"Un altre any m\u00e9s amb la Copa Final Six | EIKONOS\",\"isPartOf\":{\"@id\":\"https:\/\/eikonos.com\/ca\/#website\"},\"primaryImageOfPage\":{\"@id\":\"https:\/\/eikonos.com\/ca\/blog\/un-altre-any-mes-amb-la-copa-final-six\/#primaryimage\"},\"image\":{\"@id\":\"https:\/\/eikonos.com\/ca\/blog\/un-altre-any-mes-amb-la-copa-final-six\/#primaryimage\"},\"thumbnailUrl\":\"https:\/\/eikonos.com\/wp-content\/uploads\/2015\/06\/DSC03483-scaled.jpg\",\"datePublished\":\"2015-06-10T08:25:14+00:00\",\"description\":\"Eikonos va participar en el muntatge audiovisual de l'esdeveniment Copa Len Final Six en Barcelona, les seves pantalles de 4mm van ser les protagonistes.\",\"breadcrumb\":{\"@id\":\"https:\/\/eikonos.com\/ca\/blog\/un-altre-any-mes-amb-la-copa-final-six\/#breadcrumb\"},\"inLanguage\":\"ca\",\"potentialAction\":[{\"@type\":\"ReadAction\",\"target\":[\"https:\/\/eikonos.com\/ca\/blog\/un-altre-any-mes-amb-la-copa-final-six\/\"]}]},{\"@type\":\"ImageObject\",\"inLanguage\":\"ca\",\"@id\":\"https:\/\/eikonos.com\/ca\/blog\/un-altre-any-mes-amb-la-copa-final-six\/#primaryimage\",\"url\":\"https:\/\/eikonos.com\/wp-content\/uploads\/2015\/06\/DSC03483-scaled.jpg\",\"contentUrl\":\"https:\/\/eikonos.com\/wp-content\/uploads\/2015\/06\/DSC03483-scaled.jpg\",\"width\":2560,\"height\":1920},{\"@type\":\"BreadcrumbList\",\"@id\":\"https:\/\/eikonos.com\/ca\/blog\/un-altre-any-mes-amb-la-copa-final-six\/#breadcrumb\",\"itemListElement\":[{\"@type\":\"ListItem\",\"position\":1,\"name\":\"EIKONOS\",\"item\":\"https:\/\/eikonos.com\/ca\/inici\/\"},{\"@type\":\"ListItem\",\"position\":2,\"name\":\"Un altre any m\u00e9s amb la Copa Final Six\"}]},{\"@type\":\"WebSite\",\"@id\":\"https:\/\/eikonos.com\/ca\/#website\",\"url\":\"https:\/\/eikonos.com\/ca\/\",\"name\":\"EIKONOS\",\"description\":\"EXPERIENCIA AUDIOVISUAL\",\"publisher\":{\"@id\":\"https:\/\/eikonos.com\/ca\/#organization\"},\"potentialAction\":[{\"@type\":\"SearchAction\",\"target\":{\"@type\":\"EntryPoint\",\"urlTemplate\":\"https:\/\/eikonos.com\/ca\/?s={search_term_string}\"},\"query-input\":{\"@type\":\"PropertyValueSpecification\",\"valueRequired\":true,\"valueName\":\"search_term_string\"}}],\"inLanguage\":\"ca\"},{\"@type\":\"Organization\",\"@id\":\"https:\/\/eikonos.com\/ca\/#organization\",\"name\":\"EIKONOS | Servicios Audiovisuales, eventos y alquiler de equipos\",\"url\":\"https:\/\/eikonos.com\/ca\/\",\"logo\":{\"@type\":\"ImageObject\",\"inLanguage\":\"ca\",\"@id\":\"https:\/\/eikonos.com\/ca\/#\/schema\/logo\/image\/\",\"url\":\"https:\/\/eikonos.com\/wp-content\/uploads\/2020\/08\/logo-color.png\",\"contentUrl\":\"https:\/\/eikonos.com\/wp-content\/uploads\/2020\/08\/logo-color.png\",\"width\":376,\"height\":122,\"caption\":\"EIKONOS | Servicios Audiovisuales, eventos y alquiler de equipos\"},\"image\":{\"@id\":\"https:\/\/eikonos.com\/ca\/#\/schema\/logo\/image\/\"},\"sameAs\":[\"http:\/\/www.facebook.com\/pages\/Eikonos\/176324785746790\",\"https:\/\/x.com\/eikonos_sa\",\"http:\/\/www.linkedin.com\/company\/eikonos\",\"http:\/\/www.youtube.com\/channel\/UC8wcizWaAYbfsuqVf9wIT6w\"]},{\"@type\":\"Person\",\"@id\":\"https:\/\/eikonos.com\/ca\/#\/schema\/person\/82032860cc314d826959b90595a5280a\",\"name\":\"Xavi Eikonos\",\"image\":{\"@type\":\"ImageObject\",\"inLanguage\":\"ca\",\"@id\":\"https:\/\/eikonos.com\/ca\/#\/schema\/person\/image\/\",\"url\":\"https:\/\/secure.gravatar.com\/avatar\/a6c6b51dd0ac6902701aab24a914f6febe1518f94a5ae06db08b3d6107248dfd?s=96&d=mm&r=g\",\"contentUrl\":\"https:\/\/secure.gravatar.com\/avatar\/a6c6b51dd0ac6902701aab24a914f6febe1518f94a5ae06db08b3d6107248dfd?s=96&d=mm&r=g\",\"caption\":\"Xavi Eikonos\"}}]}<\/script>\n<!-- \/ Yoast SEO plugin. -->","yoast_head_json":{"title":"Un altre any m\u00e9s amb la Copa Final Six | EIKONOS","description":"Eikonos va participar en el muntatge audiovisual de l'esdeveniment Copa Len Final Six en Barcelona, les seves pantalles de 4mm van ser les protagonistes.","robots":{"index":"index","follow":"follow","max-snippet":"max-snippet:-1","max-image-preview":"max-image-preview:large","max-video-preview":"max-video-preview:-1"},"canonical":"https:\/\/eikonos.com\/ca\/blog\/un-altre-any-mes-amb-la-copa-final-six\/","og_locale":"ca_ES","og_type":"article","og_title":"Un altre any m\u00e9s amb la Copa Final Six | EIKONOS","og_description":"Eikonos va participar en el muntatge audiovisual de l'esdeveniment Copa Len Final Six en Barcelona, les seves pantalles de 4mm van ser les protagonistes.","og_url":"https:\/\/eikonos.com\/ca\/blog\/un-altre-any-mes-amb-la-copa-final-six\/","og_site_name":"EIKONOS","article_publisher":"http:\/\/www.facebook.com\/pages\/Eikonos\/176324785746790","article_published_time":"2015-06-10T08:25:14+00:00","og_image":[{"width":2560,"height":1920,"url":"https:\/\/eikonos.com\/wp-content\/uploads\/2015\/06\/DSC03483-scaled.jpg","type":"image\/jpeg"}],"author":"Xavi Eikonos","twitter_card":"summary_large_image","twitter_creator":"@eikonos_sa","twitter_site":"@eikonos_sa","twitter_misc":{"Escrit per":"Xavi Eikonos","Temps estimat de lectura":"2 minuts"},"schema":{"@context":"https:\/\/schema.org","@graph":[{"@type":"Article","@id":"https:\/\/eikonos.com\/ca\/blog\/un-altre-any-mes-amb-la-copa-final-six\/#article","isPartOf":{"@id":"https:\/\/eikonos.com\/ca\/blog\/un-altre-any-mes-amb-la-copa-final-six\/"},"author":{"name":"Xavi Eikonos","@id":"https:\/\/eikonos.com\/ca\/#\/schema\/person\/82032860cc314d826959b90595a5280a"},"headline":"Un altre any m\u00e9s amb la Copa Final Six","datePublished":"2015-06-10T08:25:14+00:00","mainEntityOfPage":{"@id":"https:\/\/eikonos.com\/ca\/blog\/un-altre-any-mes-amb-la-copa-final-six\/"},"wordCount":394,"commentCount":0,"publisher":{"@id":"https:\/\/eikonos.com\/ca\/#organization"},"image":{"@id":"https:\/\/eikonos.com\/ca\/blog\/un-altre-any-mes-amb-la-copa-final-six\/#primaryimage"},"thumbnailUrl":"https:\/\/eikonos.com\/wp-content\/uploads\/2015\/06\/DSC03483-scaled.jpg","articleSection":["Esdeveniments audiovisuals","Lloguer d'equips"],"inLanguage":"ca","potentialAction":[{"@type":"CommentAction","name":"Comment","target":["https:\/\/eikonos.com\/ca\/blog\/un-altre-any-mes-amb-la-copa-final-six\/#respond"]}]},{"@type":"WebPage","@id":"https:\/\/eikonos.com\/ca\/blog\/un-altre-any-mes-amb-la-copa-final-six\/","url":"https:\/\/eikonos.com\/ca\/blog\/un-altre-any-mes-amb-la-copa-final-six\/","name":"Un altre any m\u00e9s amb la Copa Final Six | EIKONOS","isPartOf":{"@id":"https:\/\/eikonos.com\/ca\/#website"},"primaryImageOfPage":{"@id":"https:\/\/eikonos.com\/ca\/blog\/un-altre-any-mes-amb-la-copa-final-six\/#primaryimage"},"image":{"@id":"https:\/\/eikonos.com\/ca\/blog\/un-altre-any-mes-amb-la-copa-final-six\/#primaryimage"},"thumbnailUrl":"https:\/\/eikonos.com\/wp-content\/uploads\/2015\/06\/DSC03483-scaled.jpg","datePublished":"2015-06-10T08:25:14+00:00","description":"Eikonos va participar en el muntatge audiovisual de l'esdeveniment Copa Len Final Six en Barcelona, les seves pantalles de 4mm van ser les protagonistes.","breadcrumb":{"@id":"https:\/\/eikonos.com\/ca\/blog\/un-altre-any-mes-amb-la-copa-final-six\/#breadcrumb"},"inLanguage":"ca","potentialAction":[{"@type":"ReadAction","target":["https:\/\/eikonos.com\/ca\/blog\/un-altre-any-mes-amb-la-copa-final-six\/"]}]},{"@type":"ImageObject","inLanguage":"ca","@id":"https:\/\/eikonos.com\/ca\/blog\/un-altre-any-mes-amb-la-copa-final-six\/#primaryimage","url":"https:\/\/eikonos.com\/wp-content\/uploads\/2015\/06\/DSC03483-scaled.jpg","contentUrl":"https:\/\/eikonos.com\/wp-content\/uploads\/2015\/06\/DSC03483-scaled.jpg","width":2560,"height":1920},{"@type":"BreadcrumbList","@id":"https:\/\/eikonos.com\/ca\/blog\/un-altre-any-mes-amb-la-copa-final-six\/#breadcrumb","itemListElement":[{"@type":"ListItem","position":1,"name":"EIKONOS","item":"https:\/\/eikonos.com\/ca\/inici\/"},{"@type":"ListItem","position":2,"name":"Un altre any m\u00e9s amb la Copa Final Six"}]},{"@type":"WebSite","@id":"https:\/\/eikonos.com\/ca\/#website","url":"https:\/\/eikonos.com\/ca\/","name":"EIKONOS","description":"EXPERIENCIA AUDIOVISUAL","publisher":{"@id":"https:\/\/eikonos.com\/ca\/#organization"},"potentialAction":[{"@type":"SearchAction","target":{"@type":"EntryPoint","urlTemplate":"https:\/\/eikonos.com\/ca\/?s={search_term_string}"},"query-input":{"@type":"PropertyValueSpecification","valueRequired":true,"valueName":"search_term_string"}}],"inLanguage":"ca"},{"@type":"Organization","@id":"https:\/\/eikonos.com\/ca\/#organization","name":"EIKONOS | Servicios Audiovisuales, eventos y alquiler de equipos","url":"https:\/\/eikonos.com\/ca\/","logo":{"@type":"ImageObject","inLanguage":"ca","@id":"https:\/\/eikonos.com\/ca\/#\/schema\/logo\/image\/","url":"https:\/\/eikonos.com\/wp-content\/uploads\/2020\/08\/logo-color.png","contentUrl":"https:\/\/eikonos.com\/wp-content\/uploads\/2020\/08\/logo-color.png","width":376,"height":122,"caption":"EIKONOS | Servicios Audiovisuales, eventos y alquiler de equipos"},"image":{"@id":"https:\/\/eikonos.com\/ca\/#\/schema\/logo\/image\/"},"sameAs":["http:\/\/www.facebook.com\/pages\/Eikonos\/176324785746790","https:\/\/x.com\/eikonos_sa","http:\/\/www.linkedin.com\/company\/eikonos","http:\/\/www.youtube.com\/channel\/UC8wcizWaAYbfsuqVf9wIT6w"]},{"@type":"Person","@id":"https:\/\/eikonos.com\/ca\/#\/schema\/person\/82032860cc314d826959b90595a5280a","name":"Xavi Eikonos","image":{"@type":"ImageObject","inLanguage":"ca","@id":"https:\/\/eikonos.com\/ca\/#\/schema\/person\/image\/","url":"https:\/\/secure.gravatar.com\/avatar\/a6c6b51dd0ac6902701aab24a914f6febe1518f94a5ae06db08b3d6107248dfd?s=96&d=mm&r=g","contentUrl":"https:\/\/secure.gravatar.com\/avatar\/a6c6b51dd0ac6902701aab24a914f6febe1518f94a5ae06db08b3d6107248dfd?s=96&d=mm&r=g","caption":"Xavi Eikonos"}}]}},"_links":{"self":[{"href":"https:\/\/eikonos.com\/ca\/wp-json\/wp\/v2\/posts\/2970","targetHints":{"allow":["GET"]}}],"collection":[{"href":"https:\/\/eikonos.com\/ca\/wp-json\/wp\/v2\/posts"}],"about":[{"href":"https:\/\/eikonos.com\/ca\/wp-json\/wp\/v2\/types\/post"}],"author":[{"embeddable":true,"href":"https:\/\/eikonos.com\/ca\/wp-json\/wp\/v2\/users\/6"}],"replies":[{"embeddable":true,"href":"https:\/\/eikonos.com\/ca\/wp-json\/wp\/v2\/comments?post=2970"}],"version-history":[{"count":0,"href":"https:\/\/eikonos.com\/ca\/wp-json\/wp\/v2\/posts\/2970\/revisions"}],"wp:featuredmedia":[{"embeddable":true,"href":"https:\/\/eikonos.com\/ca\/wp-json\/wp\/v2\/media\/2068"}],"wp:attachment":[{"href":"https:\/\/eikonos.com\/ca\/wp-json\/wp\/v2\/media?parent=2970"}],"wp:term":[{"taxonomy":"category","embeddable":true,"href":"https:\/\/eikonos.com\/ca\/wp-json\/wp\/v2\/categories?post=2970"},{"taxonomy":"post_tag","embeddable":true,"href":"https:\/\/eikonos.com\/ca\/wp-json\/wp\/v2\/tags?post=2970"}],"curies":[{"name":"wp","href":"https:\/\/api.w.org\/{rel}","templated":true}]}}