{"id":2967,"date":"2015-06-16T12:53:39","date_gmt":"2015-06-16T10:53:39","guid":{"rendered":"http:\/\/eikonos.com\/blog\/6-consejos-para-realizar-una-sesion-de-fotos-profesional-en-interiores-2\/"},"modified":"2015-06-16T12:53:39","modified_gmt":"2015-06-16T10:53:39","slug":"6-consells-per-realitzar-una-sessio-de-fotos-professional-en-interiors","status":"publish","type":"post","link":"https:\/\/eikonos.com\/ca\/blog\/6-consells-per-realitzar-una-sessio-de-fotos-professional-en-interiors\/","title":{"rendered":"6 consells per realitzar una sessi\u00f3 de fotos professional en interiors"},"content":{"rendered":"<p style=\"text-align: justify;\">Et volem transmetre alguns <strong>consells i secrets de il\u00b7luminaci\u00f3 i posta en escena d\u2019un espai <\/strong>per aconseguir grans fotos d\u2019interior. Aquests inclouen la forma d\u2019abordar la il\u00b7luminaci\u00f3, el flash, l\u2019estil, on col\u00b7locar o com ser creatiu.<\/p>\n<p style=\"text-align: justify;\">A continuaci\u00f3 et deixem 6 consells en els que no volem parlar d\u2019ajustos de c\u00e0mera, si no m\u00e9s b\u00e9 els <strong>principis generals per aconseguir la captura perfecta <\/strong>i cerciorar-te que l\u2019escena es veu b\u00e9.<\/p>\n<h4 style=\"text-align: justify;\"><span style=\"color: #ff0000;\">1. Il\u00b7luminaci\u00f3 clau per fer el tiro:<\/span><\/h4>\n<p style=\"text-align: justify;\">Per les preses en interiors m\u00e9s que en qualsevol altre, <strong>la il\u00b7luminaci\u00f3 \u00e9s clau. <\/strong>Per comen\u00e7ar, hauries d\u2019encendre totes les llums de l\u2019habitaci\u00f3. Aix\u00f2 ajuda a afegir profunditat i a incrementar la variaci\u00f3 del color. Assegurat de que no hi ha reflexes en quadres, miralls i finestres i despr\u00e9s mira si necessites llums addicionals.<\/p>\n<p style=\"text-align: justify;\">Les sessions amb llum natural s\u00f3n les millor per\u00f2 en la majoria dels casos necessitar\u00e0s incloure il\u00b7luminaci\u00f3 addicional sense perdre aquesta imatge natural. L\u2019objectiu ser\u00e0 trobar una llum d\u2019aspecte natural i realista en tot el marc.<\/p>\n<p style=\"text-align: justify;\">Per a una sessi\u00f3 de fotos professionals necessitar\u00e0s equips professionals pel que comptar amb assessoria t\u00e8cnica especialitzada i\u00a0<a title=\"Equipos fundamentales para tus eventos (II): equipos de iluminaci\u00f3n\" href=\"https:\/\/eikonos.com\/ca\/blog\/equips-fonalmentals-pels-teus-edeveniments-equips-dilluminacio\/\">equips de il\u00b7luminaci\u00f3 de lloguer<\/a>\u00a0ser\u00e0 fonamental.<\/p>\n<h4 style=\"text-align: justify;\"><span style=\"color: #ff0000;\">2. El flash \u00e9s el teu amic:<\/span><\/h4>\n<p style=\"text-align: justify;\">La il\u00b7luminaci\u00f3 \u00e9s fonamental per fer una bona captura, pel que <strong>el flash \u00e9s una necessitat en moltes situacions <\/strong>on la il\u00b7luminaci\u00f3 \u00e9s t\u00e8nue o en les que el necessites per equilibrar les llums exteriors i interiors.<\/p>\n<p style=\"text-align: justify;\"><span style=\"color: #ff0000;\"><em>\u201cLa clau per una bona il\u00b7luminaci\u00f3 \u00e9s l\u2019assaig i error, ja que cada habitaci\u00f3 \u00e9s diferent i cada font de llum \u00e9s diferent.\u201d<\/em><\/span><\/p>\n<p style=\"text-align: justify;\">Petits flashos port\u00e0tils s\u00f3n molt \u00fatils per l\u2019establiment i la difusi\u00f3 de la llum en una habitaci\u00f3 fosca. Els flashos m\u00e9s grans permeten una major distribuci\u00f3 de la llum, per\u00f2 poden ser massa grans i en un interior no molt ampli, poden resultar molests.<\/p>\n<h4 style=\"text-align: justify;\"><span style=\"color: #ff0000;\">3. El flash \u00e9s el teu enemic:<\/span><\/h4>\n<p style=\"text-align: justify;\">Poden ser molt \u00fatils per\u00f2 tamb\u00e9 <strong>poden ser la teva pitjor malson. <\/strong><\/p>\n<p style=\"text-align: justify;\">Un flash fora de la c\u00e0mera pot ser de gran abast i ha de fer-se servir amb prud\u00e8ncia. Sempre \u00e9s recomanable veure els resultats amb llum natural i despr\u00e9s analitzar si fa cal el flash.<\/p>\n<p style=\"text-align: justify;\">Una forma d\u2019ajudar a disparar amb nom\u00e9s llum natural \u00e9s disparar amb temps d\u2019exposici\u00f3 m\u00e9s llargs, com un parell de segons. Aix\u00f2 permet a la c\u00e0mera absorbir la llum. Tot i aix\u00ed, haur\u00e0s de vigilar amb finestres i portes que no facin malb\u00e9 l\u2019efecte.<\/p>\n<h4 style=\"text-align: justify;\"><span style=\"color: #ff0000;\">4. L&#8217;estil \u00e9s una part important:\u00a0<\/span><\/h4>\n<p style=\"text-align: justify;\">Ja sigui per una revista o per una immobili\u00e0ria, <strong>l\u2019estil de l\u2019habitaci\u00f3 \u00e9s un pas important en el proc\u00e9s- <\/strong>De la mateixa manera que els models necessiten temps pel vestuari, maquillatge i perruqueria per les sessions d\u2019estudi, \u00e9s necessari donar temps per condicionar l\u2019habitaci\u00f3 i preparar el rodatge.<\/p>\n<h4 style=\"text-align: justify;\"><span style=\"color: #ff0000;\">5. Dispara cap a les cantonades:\u00a0<\/span><\/h4>\n<p style=\"text-align: justify;\">Aquest \u00e9s un dels consells m\u00e9s importats a la fotografia d\u2019interiors i \u00e9s molt simple: disparar a la cantonada d\u2019una habitaci\u00f3 per fer <strong>que l\u2019espai sembli m\u00e9s gran. <\/strong><\/p>\n<p style=\"text-align: justify;\"><span style=\"color: #ff0000;\"><em>\u201cDe la mateixa manera que el funcionament dels millars, disparant en una cantonada aconseguir que una habitaci\u00f3 sembli m\u00e9s gran i m\u00e9s habitable.\u201d<\/em><\/span><\/p>\n<p style=\"text-align: justify;\">Quan es dispara directament cap a una paret, pot fer que l\u2019habitaci\u00f3 sembli m\u00e9s plana, i, a vegades les parets es poden arribar a doblegar curiosament en c\u00e0mera. Mira qualsevol de les principals revistes d\u2019interiors i veur\u00e0s com les cantonades s\u00f3n el millor lloc per fotografiar.<\/p>\n<h4 style=\"text-align: justify;\"><span style=\"color: #ff0000;\">6. Sigues creatiu:<\/span><\/h4>\n<p style=\"text-align: justify;\">Aquest \u00e9s un d\u2019aquells consells que sempre es recomanen: ser creatiu amb les teves fotografies i <strong>no tinguis por a provar alguna cosa nova.<\/strong><\/p>\n<p style=\"text-align: justify;\">Pots provar coses noves amb la il\u00b7luminaci\u00f3 o utilitzant diferents objectius. Pots experimentar amb cada fotografia i en general obtindr\u00e0s uns resultats millors del que podries esperar en un principi.<\/p>\n<p style=\"text-align: justify;\">Cada sessi\u00f3 de fotos professionals presenta nous reptes de il\u00b7luminaci\u00f3 i nous espais per treballar pel que a la fotografia d\u2019interiors requereix un ampli coneixement. Aquests consells representen un punt de partida d\u2019alguns fonaments que t\u2019ajudaran en les teves sessions professionals d\u2019interior.<\/p>\n","protected":false},"excerpt":{"rendered":"<p>Et volem transmetre alguns consells i secrets de il\u00b7luminaci\u00f3 i posta en escena d\u2019un espai&#8230;<\/p>\n","protected":false},"author":6,"featured_media":2087,"comment_status":"open","ping_status":"open","sticky":false,"template":"","format":"standard","meta":{"_acf_changed":false,"footnotes":""},"categories":[262],"tags":[],"class_list":["post-2967","post","type-post","status-publish","format-standard","has-post-thumbnail","hentry","category-lloguer-dequips"],"acf":[],"yoast_head":"<!-- This site is optimized with the Yoast SEO plugin v26.3 - https:\/\/yoast.com\/wordpress\/plugins\/seo\/ -->\n<title>6 consells per realitzar una sessi\u00f3 de fotos professional en interiors | EIKONOS<\/title>\n<meta name=\"description\" content=\"A continuaci\u00f3 us deixem 6 consells per una sessi\u00f3 de fotos per aconseguir grans fotos en interiors.\" \/>\n<meta name=\"robots\" content=\"index, follow, max-snippet:-1, max-image-preview:large, max-video-preview:-1\" \/>\n<link rel=\"canonical\" href=\"https:\/\/eikonos.com\/ca\/blog\/6-consells-per-realitzar-una-sessio-de-fotos-professional-en-interiors\/\" \/>\n<meta property=\"og:locale\" content=\"ca_ES\" \/>\n<meta property=\"og:type\" content=\"article\" \/>\n<meta property=\"og:title\" content=\"6 consells per realitzar una sessi\u00f3 de fotos professional en interiors | EIKONOS\" \/>\n<meta property=\"og:description\" content=\"A continuaci\u00f3 us deixem 6 consells per una sessi\u00f3 de fotos per aconseguir grans fotos en interiors.\" \/>\n<meta property=\"og:url\" content=\"https:\/\/eikonos.com\/ca\/blog\/6-consells-per-realitzar-una-sessio-de-fotos-professional-en-interiors\/\" \/>\n<meta property=\"og:site_name\" content=\"EIKONOS\" \/>\n<meta property=\"article:publisher\" content=\"http:\/\/www.facebook.com\/pages\/Eikonos\/176324785746790\" \/>\n<meta property=\"article:published_time\" content=\"2015-06-16T10:53:39+00:00\" \/>\n<meta property=\"og:image\" content=\"https:\/\/eikonos.com\/wp-content\/uploads\/2015\/06\/iluminar-interior.jpg\" \/>\n\t<meta property=\"og:image:width\" content=\"1920\" \/>\n\t<meta property=\"og:image:height\" content=\"1280\" \/>\n\t<meta property=\"og:image:type\" content=\"image\/jpeg\" \/>\n<meta name=\"author\" content=\"Xavi Eikonos\" \/>\n<meta name=\"twitter:card\" content=\"summary_large_image\" \/>\n<meta name=\"twitter:creator\" content=\"@eikonos_sa\" \/>\n<meta name=\"twitter:site\" content=\"@eikonos_sa\" \/>\n<meta name=\"twitter:label1\" content=\"Escrit per\" \/>\n\t<meta name=\"twitter:data1\" content=\"Xavi Eikonos\" \/>\n\t<meta name=\"twitter:label2\" content=\"Temps estimat de lectura\" \/>\n\t<meta name=\"twitter:data2\" content=\"4 minuts\" \/>\n<script type=\"application\/ld+json\" class=\"yoast-schema-graph\">{\"@context\":\"https:\/\/schema.org\",\"@graph\":[{\"@type\":\"Article\",\"@id\":\"https:\/\/eikonos.com\/ca\/blog\/6-consells-per-realitzar-una-sessio-de-fotos-professional-en-interiors\/#article\",\"isPartOf\":{\"@id\":\"https:\/\/eikonos.com\/ca\/blog\/6-consells-per-realitzar-una-sessio-de-fotos-professional-en-interiors\/\"},\"author\":{\"name\":\"Xavi Eikonos\",\"@id\":\"https:\/\/eikonos.com\/ca\/#\/schema\/person\/82032860cc314d826959b90595a5280a\"},\"headline\":\"6 consells per realitzar una sessi\u00f3 de fotos professional en interiors\",\"datePublished\":\"2015-06-16T10:53:39+00:00\",\"mainEntityOfPage\":{\"@id\":\"https:\/\/eikonos.com\/ca\/blog\/6-consells-per-realitzar-una-sessio-de-fotos-professional-en-interiors\/\"},\"wordCount\":733,\"commentCount\":0,\"publisher\":{\"@id\":\"https:\/\/eikonos.com\/ca\/#organization\"},\"image\":{\"@id\":\"https:\/\/eikonos.com\/ca\/blog\/6-consells-per-realitzar-una-sessio-de-fotos-professional-en-interiors\/#primaryimage\"},\"thumbnailUrl\":\"https:\/\/eikonos.com\/wp-content\/uploads\/2015\/06\/iluminar-interior.jpg\",\"articleSection\":[\"Lloguer d'equips\"],\"inLanguage\":\"ca\",\"potentialAction\":[{\"@type\":\"CommentAction\",\"name\":\"Comment\",\"target\":[\"https:\/\/eikonos.com\/ca\/blog\/6-consells-per-realitzar-una-sessio-de-fotos-professional-en-interiors\/#respond\"]}]},{\"@type\":\"WebPage\",\"@id\":\"https:\/\/eikonos.com\/ca\/blog\/6-consells-per-realitzar-una-sessio-de-fotos-professional-en-interiors\/\",\"url\":\"https:\/\/eikonos.com\/ca\/blog\/6-consells-per-realitzar-una-sessio-de-fotos-professional-en-interiors\/\",\"name\":\"6 consells per realitzar una sessi\u00f3 de fotos professional en interiors | EIKONOS\",\"isPartOf\":{\"@id\":\"https:\/\/eikonos.com\/ca\/#website\"},\"primaryImageOfPage\":{\"@id\":\"https:\/\/eikonos.com\/ca\/blog\/6-consells-per-realitzar-una-sessio-de-fotos-professional-en-interiors\/#primaryimage\"},\"image\":{\"@id\":\"https:\/\/eikonos.com\/ca\/blog\/6-consells-per-realitzar-una-sessio-de-fotos-professional-en-interiors\/#primaryimage\"},\"thumbnailUrl\":\"https:\/\/eikonos.com\/wp-content\/uploads\/2015\/06\/iluminar-interior.jpg\",\"datePublished\":\"2015-06-16T10:53:39+00:00\",\"description\":\"A continuaci\u00f3 us deixem 6 consells per una sessi\u00f3 de fotos per aconseguir grans fotos en interiors.\",\"breadcrumb\":{\"@id\":\"https:\/\/eikonos.com\/ca\/blog\/6-consells-per-realitzar-una-sessio-de-fotos-professional-en-interiors\/#breadcrumb\"},\"inLanguage\":\"ca\",\"potentialAction\":[{\"@type\":\"ReadAction\",\"target\":[\"https:\/\/eikonos.com\/ca\/blog\/6-consells-per-realitzar-una-sessio-de-fotos-professional-en-interiors\/\"]}]},{\"@type\":\"ImageObject\",\"inLanguage\":\"ca\",\"@id\":\"https:\/\/eikonos.com\/ca\/blog\/6-consells-per-realitzar-una-sessio-de-fotos-professional-en-interiors\/#primaryimage\",\"url\":\"https:\/\/eikonos.com\/wp-content\/uploads\/2015\/06\/iluminar-interior.jpg\",\"contentUrl\":\"https:\/\/eikonos.com\/wp-content\/uploads\/2015\/06\/iluminar-interior.jpg\",\"width\":1920,\"height\":1280},{\"@type\":\"BreadcrumbList\",\"@id\":\"https:\/\/eikonos.com\/ca\/blog\/6-consells-per-realitzar-una-sessio-de-fotos-professional-en-interiors\/#breadcrumb\",\"itemListElement\":[{\"@type\":\"ListItem\",\"position\":1,\"name\":\"EIKONOS\",\"item\":\"https:\/\/eikonos.com\/ca\/inici\/\"},{\"@type\":\"ListItem\",\"position\":2,\"name\":\"6 consells per realitzar una sessi\u00f3 de fotos professional en interiors\"}]},{\"@type\":\"WebSite\",\"@id\":\"https:\/\/eikonos.com\/ca\/#website\",\"url\":\"https:\/\/eikonos.com\/ca\/\",\"name\":\"EIKONOS\",\"description\":\"EXPERIENCIA AUDIOVISUAL\",\"publisher\":{\"@id\":\"https:\/\/eikonos.com\/ca\/#organization\"},\"potentialAction\":[{\"@type\":\"SearchAction\",\"target\":{\"@type\":\"EntryPoint\",\"urlTemplate\":\"https:\/\/eikonos.com\/ca\/?s={search_term_string}\"},\"query-input\":{\"@type\":\"PropertyValueSpecification\",\"valueRequired\":true,\"valueName\":\"search_term_string\"}}],\"inLanguage\":\"ca\"},{\"@type\":\"Organization\",\"@id\":\"https:\/\/eikonos.com\/ca\/#organization\",\"name\":\"EIKONOS | Servicios Audiovisuales, eventos y alquiler de equipos\",\"url\":\"https:\/\/eikonos.com\/ca\/\",\"logo\":{\"@type\":\"ImageObject\",\"inLanguage\":\"ca\",\"@id\":\"https:\/\/eikonos.com\/ca\/#\/schema\/logo\/image\/\",\"url\":\"https:\/\/eikonos.com\/wp-content\/uploads\/2020\/08\/logo-color.png\",\"contentUrl\":\"https:\/\/eikonos.com\/wp-content\/uploads\/2020\/08\/logo-color.png\",\"width\":376,\"height\":122,\"caption\":\"EIKONOS | Servicios Audiovisuales, eventos y alquiler de equipos\"},\"image\":{\"@id\":\"https:\/\/eikonos.com\/ca\/#\/schema\/logo\/image\/\"},\"sameAs\":[\"http:\/\/www.facebook.com\/pages\/Eikonos\/176324785746790\",\"https:\/\/x.com\/eikonos_sa\",\"http:\/\/www.linkedin.com\/company\/eikonos\",\"http:\/\/www.youtube.com\/channel\/UC8wcizWaAYbfsuqVf9wIT6w\"]},{\"@type\":\"Person\",\"@id\":\"https:\/\/eikonos.com\/ca\/#\/schema\/person\/82032860cc314d826959b90595a5280a\",\"name\":\"Xavi Eikonos\",\"image\":{\"@type\":\"ImageObject\",\"inLanguage\":\"ca\",\"@id\":\"https:\/\/eikonos.com\/ca\/#\/schema\/person\/image\/\",\"url\":\"https:\/\/secure.gravatar.com\/avatar\/a6c6b51dd0ac6902701aab24a914f6febe1518f94a5ae06db08b3d6107248dfd?s=96&d=mm&r=g\",\"contentUrl\":\"https:\/\/secure.gravatar.com\/avatar\/a6c6b51dd0ac6902701aab24a914f6febe1518f94a5ae06db08b3d6107248dfd?s=96&d=mm&r=g\",\"caption\":\"Xavi Eikonos\"}}]}<\/script>\n<!-- \/ Yoast SEO plugin. -->","yoast_head_json":{"title":"6 consells per realitzar una sessi\u00f3 de fotos professional en interiors | EIKONOS","description":"A continuaci\u00f3 us deixem 6 consells per una sessi\u00f3 de fotos per aconseguir grans fotos en interiors.","robots":{"index":"index","follow":"follow","max-snippet":"max-snippet:-1","max-image-preview":"max-image-preview:large","max-video-preview":"max-video-preview:-1"},"canonical":"https:\/\/eikonos.com\/ca\/blog\/6-consells-per-realitzar-una-sessio-de-fotos-professional-en-interiors\/","og_locale":"ca_ES","og_type":"article","og_title":"6 consells per realitzar una sessi\u00f3 de fotos professional en interiors | EIKONOS","og_description":"A continuaci\u00f3 us deixem 6 consells per una sessi\u00f3 de fotos per aconseguir grans fotos en interiors.","og_url":"https:\/\/eikonos.com\/ca\/blog\/6-consells-per-realitzar-una-sessio-de-fotos-professional-en-interiors\/","og_site_name":"EIKONOS","article_publisher":"http:\/\/www.facebook.com\/pages\/Eikonos\/176324785746790","article_published_time":"2015-06-16T10:53:39+00:00","og_image":[{"width":1920,"height":1280,"url":"https:\/\/eikonos.com\/wp-content\/uploads\/2015\/06\/iluminar-interior.jpg","type":"image\/jpeg"}],"author":"Xavi Eikonos","twitter_card":"summary_large_image","twitter_creator":"@eikonos_sa","twitter_site":"@eikonos_sa","twitter_misc":{"Escrit per":"Xavi Eikonos","Temps estimat de lectura":"4 minuts"},"schema":{"@context":"https:\/\/schema.org","@graph":[{"@type":"Article","@id":"https:\/\/eikonos.com\/ca\/blog\/6-consells-per-realitzar-una-sessio-de-fotos-professional-en-interiors\/#article","isPartOf":{"@id":"https:\/\/eikonos.com\/ca\/blog\/6-consells-per-realitzar-una-sessio-de-fotos-professional-en-interiors\/"},"author":{"name":"Xavi Eikonos","@id":"https:\/\/eikonos.com\/ca\/#\/schema\/person\/82032860cc314d826959b90595a5280a"},"headline":"6 consells per realitzar una sessi\u00f3 de fotos professional en interiors","datePublished":"2015-06-16T10:53:39+00:00","mainEntityOfPage":{"@id":"https:\/\/eikonos.com\/ca\/blog\/6-consells-per-realitzar-una-sessio-de-fotos-professional-en-interiors\/"},"wordCount":733,"commentCount":0,"publisher":{"@id":"https:\/\/eikonos.com\/ca\/#organization"},"image":{"@id":"https:\/\/eikonos.com\/ca\/blog\/6-consells-per-realitzar-una-sessio-de-fotos-professional-en-interiors\/#primaryimage"},"thumbnailUrl":"https:\/\/eikonos.com\/wp-content\/uploads\/2015\/06\/iluminar-interior.jpg","articleSection":["Lloguer d'equips"],"inLanguage":"ca","potentialAction":[{"@type":"CommentAction","name":"Comment","target":["https:\/\/eikonos.com\/ca\/blog\/6-consells-per-realitzar-una-sessio-de-fotos-professional-en-interiors\/#respond"]}]},{"@type":"WebPage","@id":"https:\/\/eikonos.com\/ca\/blog\/6-consells-per-realitzar-una-sessio-de-fotos-professional-en-interiors\/","url":"https:\/\/eikonos.com\/ca\/blog\/6-consells-per-realitzar-una-sessio-de-fotos-professional-en-interiors\/","name":"6 consells per realitzar una sessi\u00f3 de fotos professional en interiors | EIKONOS","isPartOf":{"@id":"https:\/\/eikonos.com\/ca\/#website"},"primaryImageOfPage":{"@id":"https:\/\/eikonos.com\/ca\/blog\/6-consells-per-realitzar-una-sessio-de-fotos-professional-en-interiors\/#primaryimage"},"image":{"@id":"https:\/\/eikonos.com\/ca\/blog\/6-consells-per-realitzar-una-sessio-de-fotos-professional-en-interiors\/#primaryimage"},"thumbnailUrl":"https:\/\/eikonos.com\/wp-content\/uploads\/2015\/06\/iluminar-interior.jpg","datePublished":"2015-06-16T10:53:39+00:00","description":"A continuaci\u00f3 us deixem 6 consells per una sessi\u00f3 de fotos per aconseguir grans fotos en interiors.","breadcrumb":{"@id":"https:\/\/eikonos.com\/ca\/blog\/6-consells-per-realitzar-una-sessio-de-fotos-professional-en-interiors\/#breadcrumb"},"inLanguage":"ca","potentialAction":[{"@type":"ReadAction","target":["https:\/\/eikonos.com\/ca\/blog\/6-consells-per-realitzar-una-sessio-de-fotos-professional-en-interiors\/"]}]},{"@type":"ImageObject","inLanguage":"ca","@id":"https:\/\/eikonos.com\/ca\/blog\/6-consells-per-realitzar-una-sessio-de-fotos-professional-en-interiors\/#primaryimage","url":"https:\/\/eikonos.com\/wp-content\/uploads\/2015\/06\/iluminar-interior.jpg","contentUrl":"https:\/\/eikonos.com\/wp-content\/uploads\/2015\/06\/iluminar-interior.jpg","width":1920,"height":1280},{"@type":"BreadcrumbList","@id":"https:\/\/eikonos.com\/ca\/blog\/6-consells-per-realitzar-una-sessio-de-fotos-professional-en-interiors\/#breadcrumb","itemListElement":[{"@type":"ListItem","position":1,"name":"EIKONOS","item":"https:\/\/eikonos.com\/ca\/inici\/"},{"@type":"ListItem","position":2,"name":"6 consells per realitzar una sessi\u00f3 de fotos professional en interiors"}]},{"@type":"WebSite","@id":"https:\/\/eikonos.com\/ca\/#website","url":"https:\/\/eikonos.com\/ca\/","name":"EIKONOS","description":"EXPERIENCIA AUDIOVISUAL","publisher":{"@id":"https:\/\/eikonos.com\/ca\/#organization"},"potentialAction":[{"@type":"SearchAction","target":{"@type":"EntryPoint","urlTemplate":"https:\/\/eikonos.com\/ca\/?s={search_term_string}"},"query-input":{"@type":"PropertyValueSpecification","valueRequired":true,"valueName":"search_term_string"}}],"inLanguage":"ca"},{"@type":"Organization","@id":"https:\/\/eikonos.com\/ca\/#organization","name":"EIKONOS | Servicios Audiovisuales, eventos y alquiler de equipos","url":"https:\/\/eikonos.com\/ca\/","logo":{"@type":"ImageObject","inLanguage":"ca","@id":"https:\/\/eikonos.com\/ca\/#\/schema\/logo\/image\/","url":"https:\/\/eikonos.com\/wp-content\/uploads\/2020\/08\/logo-color.png","contentUrl":"https:\/\/eikonos.com\/wp-content\/uploads\/2020\/08\/logo-color.png","width":376,"height":122,"caption":"EIKONOS | Servicios Audiovisuales, eventos y alquiler de equipos"},"image":{"@id":"https:\/\/eikonos.com\/ca\/#\/schema\/logo\/image\/"},"sameAs":["http:\/\/www.facebook.com\/pages\/Eikonos\/176324785746790","https:\/\/x.com\/eikonos_sa","http:\/\/www.linkedin.com\/company\/eikonos","http:\/\/www.youtube.com\/channel\/UC8wcizWaAYbfsuqVf9wIT6w"]},{"@type":"Person","@id":"https:\/\/eikonos.com\/ca\/#\/schema\/person\/82032860cc314d826959b90595a5280a","name":"Xavi Eikonos","image":{"@type":"ImageObject","inLanguage":"ca","@id":"https:\/\/eikonos.com\/ca\/#\/schema\/person\/image\/","url":"https:\/\/secure.gravatar.com\/avatar\/a6c6b51dd0ac6902701aab24a914f6febe1518f94a5ae06db08b3d6107248dfd?s=96&d=mm&r=g","contentUrl":"https:\/\/secure.gravatar.com\/avatar\/a6c6b51dd0ac6902701aab24a914f6febe1518f94a5ae06db08b3d6107248dfd?s=96&d=mm&r=g","caption":"Xavi Eikonos"}}]}},"_links":{"self":[{"href":"https:\/\/eikonos.com\/ca\/wp-json\/wp\/v2\/posts\/2967","targetHints":{"allow":["GET"]}}],"collection":[{"href":"https:\/\/eikonos.com\/ca\/wp-json\/wp\/v2\/posts"}],"about":[{"href":"https:\/\/eikonos.com\/ca\/wp-json\/wp\/v2\/types\/post"}],"author":[{"embeddable":true,"href":"https:\/\/eikonos.com\/ca\/wp-json\/wp\/v2\/users\/6"}],"replies":[{"embeddable":true,"href":"https:\/\/eikonos.com\/ca\/wp-json\/wp\/v2\/comments?post=2967"}],"version-history":[{"count":0,"href":"https:\/\/eikonos.com\/ca\/wp-json\/wp\/v2\/posts\/2967\/revisions"}],"wp:featuredmedia":[{"embeddable":true,"href":"https:\/\/eikonos.com\/ca\/wp-json\/wp\/v2\/media\/2087"}],"wp:attachment":[{"href":"https:\/\/eikonos.com\/ca\/wp-json\/wp\/v2\/media?parent=2967"}],"wp:term":[{"taxonomy":"category","embeddable":true,"href":"https:\/\/eikonos.com\/ca\/wp-json\/wp\/v2\/categories?post=2967"},{"taxonomy":"post_tag","embeddable":true,"href":"https:\/\/eikonos.com\/ca\/wp-json\/wp\/v2\/tags?post=2967"}],"curies":[{"name":"wp","href":"https:\/\/api.w.org\/{rel}","templated":true}]}}