{"id":2964,"date":"2016-05-17T10:00:57","date_gmt":"2016-05-17T08:00:57","guid":{"rendered":"http:\/\/eikonos.com\/blog\/medios-audiovisuales-para-organizar-un-evento-corporativo-2\/"},"modified":"2016-05-17T10:00:57","modified_gmt":"2016-05-17T08:00:57","slug":"mitjans-audiovisuals-per-organitzar-un-esdeveniment-corporatiu","status":"publish","type":"post","link":"https:\/\/eikonos.com\/ca\/blog\/mitjans-audiovisuals-per-organitzar-un-esdeveniment-corporatiu\/","title":{"rendered":"Mitjans audiovisuals per organitzar un esdeveniment corporatiu"},"content":{"rendered":"<p style=\"text-align: justify;\">Per organitzar un esdeveniment corporatiu actualment, no es poden passar per alt els mitjans audiovisuals. Enrere queden aquells esdeveniments en el que el p\u00fablic es seia durant hores davant d\u2019una pantalla veient passar diapositives una rere l\u2019altra.<\/p>\n<p style=\"text-align: justify;\">Avui en dia, els esdeveniments s\u2019han convertit en <strong>esdeveniments din\u00e0mics, flu\u00efts i entretinguts <\/strong>per ponents i tamb\u00e9 per l\u2019audi\u00e8ncia, i en aquest sentit, els mitjans audiovisuals juguen un paper fonamental.<\/p>\n<p style=\"text-align: justify;\"><!--more--><\/p>\n<h2 style=\"text-align: justify;\"><span style=\"color: #ff0000;\">Com participen els mitjans audiovisuals en un esdeveniment\u00a0<\/span><\/h2>\n<p style=\"text-align: justify;\">Tot i que cada cop estem m\u00e9s acostumats a despliegues audiovisuals de tot tipus, encara queda molt can\u00ed i moltes opcions per sorprendre als assistents, i qualsevol elements pot ser utilitzat com un nou canal de transmissi\u00f3 d\u2019informaci\u00f3 que potencien qualitats i missatges de l\u2019esdeveniment.<\/p>\n<p style=\"text-align: justify;\">Per exemple, les parets ja no s\u00f3n simples i llises, si no que <strong>ja s\u2019utilitzen com pantalles en les que projectar contingut, animacions i informaci\u00f3. <\/strong>Per fer l\u2019esdevenimentm\u00e9s corporatiu, en les parets es pot projectar els colors de l\u2019imatge coporativa i grafies; a m\u00e9s d\u2019utilitzar-se dissenys espec\u00edfics de l\u2019esdeveniment o nous claims que es faran servir durant un per\u00edode de temps. Si ens fixem en esdeviments de grans empreses o en les fires m\u00e9s importants del pa\u00eds, veureu clars exemples al respecte. <strong>\u00a0<\/strong><\/p>\n<p style=\"text-align: justify;\">Per l\u2019altra banda, a part del v\u00eddeo, la decoraci\u00f3 i la il\u00b7luminaci\u00f3, <strong>no podem oblidar<\/strong>\u00a0<strong><a title=\"Equipos fundamentales para tus eventos (I): sonido y microfon\u00eda\" href=\"https:\/\/eikonos.com\/ca\/blog\/equips-fonamentals-esdeveniments-so-microfonia\/\">la import\u00e0ncia dels equips de so<\/a>\u00a0<\/strong><strong>en qualsevol esdeveniment corporatiu. <\/strong>A m\u00e9s de transmetre el missatge dels ponents, tamb\u00e9 s\u2019utilitza com a refor\u00e7 musical, sempre intentant utilitzar-lo com una via que ha de facilitar la transmissi\u00f3 del missatge sense molestar ni entorpir.<\/p>\n<p style=\"text-align: justify;\">El silenci tamb\u00e9 pot ser una eina m\u00e9s (i potent) en el proc\u00e8s de transmissi\u00f3; i per aix\u00f2 tamb\u00e9 s\u2019ha de tenir en compte a l\u2019organitzar un esdeveniment corporatiu i fer-lo servir al nostre favor.<\/p>\n<h2 style=\"text-align: justify;\"><span style=\"color: #ff0000;\">Integrar al ponent en la presentaci\u00f3<\/span><\/h2>\n<p style=\"text-align: justify;\">La tecnologia audiovisual segueix evolucionant i incorporant noves formes d\u2019interacci\u00f3. Com deiem al principi, un esdeveniment ja no es limita a passar diapositives. \u00c9s m\u00e9s, seria un complet error fer-ho disponent de la tecnologia i els mitjans audiovisuals actuals.<\/p>\n<p style=\"text-align: justify;\"><strong>La interacci\u00f3 entre el ponent\/prsentador i la presentaci\u00f3\/missatge \u00e9s part important <\/strong>per involucrar al p\u00fablic en all\u00f2 que succeeix en escena. Un exemple clar \u00e9s el reconeixement gestual, una tecnologia que permet canviar els missatges o informaci\u00f3 que veien en pantalla gr\u00e0cies al moviment del presentar.<\/p>\n<p style=\"text-align: justify;\">A m\u00e9s a m\u00e9s, <strong>aquest any es preveu, ser\u00e0 l\u2019any de la realitat augmentada, <\/strong>una nova tecnologia amb la que el ponent no interactua \u00fanicament amb la presnetaci\u00f3, si no que s\u2019integra en ella, oferint noves possibilitats d\u2019imatge en els seus esdeveniments corporatius.<\/p>\n<h2 style=\"text-align: justify;\"><span style=\"color: #ff0000;\">Com interactua l&#8217;assistent a un esdeveniment corporatiu\u00a0<\/span><\/h2>\n<p style=\"text-align: justify;\">En el afany per involucrar a l\u2019audi\u00e8ncia, \u00e9s necessari facilitar formes d\u2019interacci\u00f3 tamb\u00e9 entre la pon\u00e8ncia i els assistents. Aix\u00f2 es pot aconseguir de diferents maneres que aconsgueixin fer-li\u2019s part\u00edcips en all\u00f2 que es comunica.<\/p>\n<p style=\"text-align: justify;\">A cap ens pillar\u00e0 per sorpresa la <strong>participaci\u00f3 a trav\u00e9s de Twitter i les xarxes socials. <\/strong>Tots els esdeveniment corporatius que s\u2019organitzen avui en dia comptem amb un Hashtag propi que serveix no nom\u00b4s per fer difussi\u00f3 del mateix. A m\u00e9s, permeten que els assistents puguin transmetre les seves preguntes, cuestions o comentaris al ponent per tractar-los amb la resta d\u2019assistents.<\/p>\n<p style=\"text-align: justify;\">Si volem anar un pas m\u00e9s enll\u00e0 i comptem amb un pressupost que ens permeti fer-ho, <strong>desenvolupar una aplicaci\u00f3 participativa per smarphones <\/strong>pot ser una gran pas en aquesta l\u00ednea.<\/p>\n<p style=\"text-align: justify;\">El Mobile World Congress que es celebra anualment a Barcelona \u00e9s el millor exemple de com utilitzar una aplicaci\u00f3 pr\u00f2pia per dispositius m\u00f2bils: no es limita \u00fanicament a facilitar la comunicaci\u00f3 d\u2019assistents i ponents. A part d\u2019aix\u00f2, \u00e9s una guia completa, port\u00e0til i gratu\u00efta de l\u2019esdeveniment amb el mapa dels expositors, horari de les conferencies i tamb\u00e9 informaci\u00f3 sobre transports, vies d\u2019acc\u00e8s, etc.<\/p>\n<p style=\"text-align: justify;\">El pressupost ser\u00e0 la base sobre la que comen\u00e7ar a construir i organitzar un esdeveniment corporatiu, comptant amb els mitjans audiovisuals necessari per a que realment sigui efectiu en all\u00f2 que ens interessa. En aquest sentit,<strong> <strong>l\u2019experi\u00e8ncia i el comprom\u00eds d\u2019EIKONOS en<\/strong>\u00a0l&#8217;<a title=\"eventos audiovisuales\" href=\"https:\/\/eikonos.com\/ca\/serveis\/esdeveniments-audiovisuals\/\">organitzaci\u00f3 d&#8217;esdeveniments audiovisuals<\/a>\u00a0<strong>i en la innovaci\u00f3 tecnol\u00f2gica s\u00f3n garanties per obtenir un resultat satisfactori.\u00a0<\/strong><\/strong><\/p>\n","protected":false},"excerpt":{"rendered":"<p>Per organitzar un esdeveniment corporatiu actualment, no es poden passar per alt els mitjans audiovisuals&#8230;.<\/p>\n","protected":false},"author":6,"featured_media":2961,"comment_status":"open","ping_status":"open","sticky":false,"template":"","format":"standard","meta":{"_acf_changed":false,"footnotes":""},"categories":[260],"tags":[374,356],"class_list":["post-2964","post","type-post","status-publish","format-standard","has-post-thumbnail","hentry","category-esdeveniments-audiovisuals","tag-interactivitat","tag-realitat-augmentada"],"acf":[],"yoast_head":"<!-- This site is optimized with the Yoast SEO plugin v26.3 - https:\/\/yoast.com\/wordpress\/plugins\/seo\/ -->\n<title>Mitjans audiovisuals per organitzar un esdeveniment corporatiu | EIKONOS<\/title>\n<meta name=\"description\" content=\"Per organitzar un esdeveniment corporatiu actualment, no es poden passar per alt els mitjans audiovisuals. Enrere van quedar aquells edeveniments en el que el p\u00fablic es sentava durant hores davant d&#039;una pantalla veient passar diapositives una rere l&#039;altre.\" \/>\n<meta name=\"robots\" content=\"index, follow, max-snippet:-1, max-image-preview:large, max-video-preview:-1\" \/>\n<link rel=\"canonical\" href=\"https:\/\/eikonos.com\/ca\/blog\/mitjans-audiovisuals-per-organitzar-un-esdeveniment-corporatiu\/\" \/>\n<meta property=\"og:locale\" content=\"ca_ES\" \/>\n<meta property=\"og:type\" content=\"article\" \/>\n<meta property=\"og:title\" content=\"Mitjans audiovisuals per organitzar un esdeveniment corporatiu | EIKONOS\" \/>\n<meta property=\"og:description\" content=\"Per organitzar un esdeveniment corporatiu actualment, no es poden passar per alt els mitjans audiovisuals. Enrere van quedar aquells edeveniments en el que el p\u00fablic es sentava durant hores davant d&#039;una pantalla veient passar diapositives una rere l&#039;altre.\" \/>\n<meta property=\"og:url\" content=\"https:\/\/eikonos.com\/ca\/blog\/mitjans-audiovisuals-per-organitzar-un-esdeveniment-corporatiu\/\" \/>\n<meta property=\"og:site_name\" content=\"EIKONOS\" \/>\n<meta property=\"article:publisher\" content=\"http:\/\/www.facebook.com\/pages\/Eikonos\/176324785746790\" \/>\n<meta property=\"article:published_time\" content=\"2016-05-17T08:00:57+00:00\" \/>\n<meta property=\"og:image\" content=\"https:\/\/eikonos.com\/wp-content\/uploads\/2016\/05\/medios-audiovisuales-evento-corporativo.png\" \/>\n\t<meta property=\"og:image:width\" content=\"725\" \/>\n\t<meta property=\"og:image:height\" content=\"480\" \/>\n\t<meta property=\"og:image:type\" content=\"image\/png\" \/>\n<meta name=\"author\" content=\"Xavi Eikonos\" \/>\n<meta name=\"twitter:card\" content=\"summary_large_image\" \/>\n<meta name=\"twitter:creator\" content=\"@eikonos_sa\" \/>\n<meta name=\"twitter:site\" content=\"@eikonos_sa\" \/>\n<meta name=\"twitter:label1\" content=\"Escrit per\" \/>\n\t<meta name=\"twitter:data1\" content=\"Xavi Eikonos\" \/>\n\t<meta name=\"twitter:label2\" content=\"Temps estimat de lectura\" \/>\n\t<meta name=\"twitter:data2\" content=\"4 minuts\" \/>\n<script type=\"application\/ld+json\" class=\"yoast-schema-graph\">{\"@context\":\"https:\/\/schema.org\",\"@graph\":[{\"@type\":\"Article\",\"@id\":\"https:\/\/eikonos.com\/ca\/blog\/mitjans-audiovisuals-per-organitzar-un-esdeveniment-corporatiu\/#article\",\"isPartOf\":{\"@id\":\"https:\/\/eikonos.com\/ca\/blog\/mitjans-audiovisuals-per-organitzar-un-esdeveniment-corporatiu\/\"},\"author\":{\"name\":\"Xavi Eikonos\",\"@id\":\"https:\/\/eikonos.com\/ca\/#\/schema\/person\/82032860cc314d826959b90595a5280a\"},\"headline\":\"Mitjans audiovisuals per organitzar un esdeveniment corporatiu\",\"datePublished\":\"2016-05-17T08:00:57+00:00\",\"mainEntityOfPage\":{\"@id\":\"https:\/\/eikonos.com\/ca\/blog\/mitjans-audiovisuals-per-organitzar-un-esdeveniment-corporatiu\/\"},\"wordCount\":764,\"commentCount\":0,\"publisher\":{\"@id\":\"https:\/\/eikonos.com\/ca\/#organization\"},\"image\":{\"@id\":\"https:\/\/eikonos.com\/ca\/blog\/mitjans-audiovisuals-per-organitzar-un-esdeveniment-corporatiu\/#primaryimage\"},\"thumbnailUrl\":\"https:\/\/eikonos.com\/wp-content\/uploads\/2016\/05\/medios-audiovisuales-evento-corporativo.png\",\"keywords\":[\"Interactivitat\",\"Realitat augmentada\"],\"articleSection\":[\"Esdeveniments audiovisuals\"],\"inLanguage\":\"ca\",\"potentialAction\":[{\"@type\":\"CommentAction\",\"name\":\"Comment\",\"target\":[\"https:\/\/eikonos.com\/ca\/blog\/mitjans-audiovisuals-per-organitzar-un-esdeveniment-corporatiu\/#respond\"]}]},{\"@type\":\"WebPage\",\"@id\":\"https:\/\/eikonos.com\/ca\/blog\/mitjans-audiovisuals-per-organitzar-un-esdeveniment-corporatiu\/\",\"url\":\"https:\/\/eikonos.com\/ca\/blog\/mitjans-audiovisuals-per-organitzar-un-esdeveniment-corporatiu\/\",\"name\":\"Mitjans audiovisuals per organitzar un esdeveniment corporatiu | EIKONOS\",\"isPartOf\":{\"@id\":\"https:\/\/eikonos.com\/ca\/#website\"},\"primaryImageOfPage\":{\"@id\":\"https:\/\/eikonos.com\/ca\/blog\/mitjans-audiovisuals-per-organitzar-un-esdeveniment-corporatiu\/#primaryimage\"},\"image\":{\"@id\":\"https:\/\/eikonos.com\/ca\/blog\/mitjans-audiovisuals-per-organitzar-un-esdeveniment-corporatiu\/#primaryimage\"},\"thumbnailUrl\":\"https:\/\/eikonos.com\/wp-content\/uploads\/2016\/05\/medios-audiovisuales-evento-corporativo.png\",\"datePublished\":\"2016-05-17T08:00:57+00:00\",\"description\":\"Per organitzar un esdeveniment corporatiu actualment, no es poden passar per alt els mitjans audiovisuals. Enrere van quedar aquells edeveniments en el que el p\u00fablic es sentava durant hores davant d'una pantalla veient passar diapositives una rere l'altre.\",\"breadcrumb\":{\"@id\":\"https:\/\/eikonos.com\/ca\/blog\/mitjans-audiovisuals-per-organitzar-un-esdeveniment-corporatiu\/#breadcrumb\"},\"inLanguage\":\"ca\",\"potentialAction\":[{\"@type\":\"ReadAction\",\"target\":[\"https:\/\/eikonos.com\/ca\/blog\/mitjans-audiovisuals-per-organitzar-un-esdeveniment-corporatiu\/\"]}]},{\"@type\":\"ImageObject\",\"inLanguage\":\"ca\",\"@id\":\"https:\/\/eikonos.com\/ca\/blog\/mitjans-audiovisuals-per-organitzar-un-esdeveniment-corporatiu\/#primaryimage\",\"url\":\"https:\/\/eikonos.com\/wp-content\/uploads\/2016\/05\/medios-audiovisuales-evento-corporativo.png\",\"contentUrl\":\"https:\/\/eikonos.com\/wp-content\/uploads\/2016\/05\/medios-audiovisuales-evento-corporativo.png\",\"width\":725,\"height\":480,\"caption\":\"Medios audiovisuales para organizar un evento corporativo\"},{\"@type\":\"BreadcrumbList\",\"@id\":\"https:\/\/eikonos.com\/ca\/blog\/mitjans-audiovisuals-per-organitzar-un-esdeveniment-corporatiu\/#breadcrumb\",\"itemListElement\":[{\"@type\":\"ListItem\",\"position\":1,\"name\":\"EIKONOS\",\"item\":\"https:\/\/eikonos.com\/ca\/inici\/\"},{\"@type\":\"ListItem\",\"position\":2,\"name\":\"Mitjans audiovisuals per organitzar un esdeveniment corporatiu\"}]},{\"@type\":\"WebSite\",\"@id\":\"https:\/\/eikonos.com\/ca\/#website\",\"url\":\"https:\/\/eikonos.com\/ca\/\",\"name\":\"EIKONOS\",\"description\":\"EXPERIENCIA AUDIOVISUAL\",\"publisher\":{\"@id\":\"https:\/\/eikonos.com\/ca\/#organization\"},\"potentialAction\":[{\"@type\":\"SearchAction\",\"target\":{\"@type\":\"EntryPoint\",\"urlTemplate\":\"https:\/\/eikonos.com\/ca\/?s={search_term_string}\"},\"query-input\":{\"@type\":\"PropertyValueSpecification\",\"valueRequired\":true,\"valueName\":\"search_term_string\"}}],\"inLanguage\":\"ca\"},{\"@type\":\"Organization\",\"@id\":\"https:\/\/eikonos.com\/ca\/#organization\",\"name\":\"EIKONOS | Servicios Audiovisuales, eventos y alquiler de equipos\",\"url\":\"https:\/\/eikonos.com\/ca\/\",\"logo\":{\"@type\":\"ImageObject\",\"inLanguage\":\"ca\",\"@id\":\"https:\/\/eikonos.com\/ca\/#\/schema\/logo\/image\/\",\"url\":\"https:\/\/eikonos.com\/wp-content\/uploads\/2020\/08\/logo-color.png\",\"contentUrl\":\"https:\/\/eikonos.com\/wp-content\/uploads\/2020\/08\/logo-color.png\",\"width\":376,\"height\":122,\"caption\":\"EIKONOS | Servicios Audiovisuales, eventos y alquiler de equipos\"},\"image\":{\"@id\":\"https:\/\/eikonos.com\/ca\/#\/schema\/logo\/image\/\"},\"sameAs\":[\"http:\/\/www.facebook.com\/pages\/Eikonos\/176324785746790\",\"https:\/\/x.com\/eikonos_sa\",\"http:\/\/www.linkedin.com\/company\/eikonos\",\"http:\/\/www.youtube.com\/channel\/UC8wcizWaAYbfsuqVf9wIT6w\"]},{\"@type\":\"Person\",\"@id\":\"https:\/\/eikonos.com\/ca\/#\/schema\/person\/82032860cc314d826959b90595a5280a\",\"name\":\"Xavi Eikonos\",\"image\":{\"@type\":\"ImageObject\",\"inLanguage\":\"ca\",\"@id\":\"https:\/\/eikonos.com\/ca\/#\/schema\/person\/image\/\",\"url\":\"https:\/\/secure.gravatar.com\/avatar\/a6c6b51dd0ac6902701aab24a914f6febe1518f94a5ae06db08b3d6107248dfd?s=96&d=mm&r=g\",\"contentUrl\":\"https:\/\/secure.gravatar.com\/avatar\/a6c6b51dd0ac6902701aab24a914f6febe1518f94a5ae06db08b3d6107248dfd?s=96&d=mm&r=g\",\"caption\":\"Xavi Eikonos\"}}]}<\/script>\n<!-- \/ Yoast SEO plugin. -->","yoast_head_json":{"title":"Mitjans audiovisuals per organitzar un esdeveniment corporatiu | EIKONOS","description":"Per organitzar un esdeveniment corporatiu actualment, no es poden passar per alt els mitjans audiovisuals. Enrere van quedar aquells edeveniments en el que el p\u00fablic es sentava durant hores davant d'una pantalla veient passar diapositives una rere l'altre.","robots":{"index":"index","follow":"follow","max-snippet":"max-snippet:-1","max-image-preview":"max-image-preview:large","max-video-preview":"max-video-preview:-1"},"canonical":"https:\/\/eikonos.com\/ca\/blog\/mitjans-audiovisuals-per-organitzar-un-esdeveniment-corporatiu\/","og_locale":"ca_ES","og_type":"article","og_title":"Mitjans audiovisuals per organitzar un esdeveniment corporatiu | EIKONOS","og_description":"Per organitzar un esdeveniment corporatiu actualment, no es poden passar per alt els mitjans audiovisuals. Enrere van quedar aquells edeveniments en el que el p\u00fablic es sentava durant hores davant d'una pantalla veient passar diapositives una rere l'altre.","og_url":"https:\/\/eikonos.com\/ca\/blog\/mitjans-audiovisuals-per-organitzar-un-esdeveniment-corporatiu\/","og_site_name":"EIKONOS","article_publisher":"http:\/\/www.facebook.com\/pages\/Eikonos\/176324785746790","article_published_time":"2016-05-17T08:00:57+00:00","og_image":[{"width":725,"height":480,"url":"https:\/\/eikonos.com\/wp-content\/uploads\/2016\/05\/medios-audiovisuales-evento-corporativo.png","type":"image\/png"}],"author":"Xavi Eikonos","twitter_card":"summary_large_image","twitter_creator":"@eikonos_sa","twitter_site":"@eikonos_sa","twitter_misc":{"Escrit per":"Xavi Eikonos","Temps estimat de lectura":"4 minuts"},"schema":{"@context":"https:\/\/schema.org","@graph":[{"@type":"Article","@id":"https:\/\/eikonos.com\/ca\/blog\/mitjans-audiovisuals-per-organitzar-un-esdeveniment-corporatiu\/#article","isPartOf":{"@id":"https:\/\/eikonos.com\/ca\/blog\/mitjans-audiovisuals-per-organitzar-un-esdeveniment-corporatiu\/"},"author":{"name":"Xavi Eikonos","@id":"https:\/\/eikonos.com\/ca\/#\/schema\/person\/82032860cc314d826959b90595a5280a"},"headline":"Mitjans audiovisuals per organitzar un esdeveniment corporatiu","datePublished":"2016-05-17T08:00:57+00:00","mainEntityOfPage":{"@id":"https:\/\/eikonos.com\/ca\/blog\/mitjans-audiovisuals-per-organitzar-un-esdeveniment-corporatiu\/"},"wordCount":764,"commentCount":0,"publisher":{"@id":"https:\/\/eikonos.com\/ca\/#organization"},"image":{"@id":"https:\/\/eikonos.com\/ca\/blog\/mitjans-audiovisuals-per-organitzar-un-esdeveniment-corporatiu\/#primaryimage"},"thumbnailUrl":"https:\/\/eikonos.com\/wp-content\/uploads\/2016\/05\/medios-audiovisuales-evento-corporativo.png","keywords":["Interactivitat","Realitat augmentada"],"articleSection":["Esdeveniments audiovisuals"],"inLanguage":"ca","potentialAction":[{"@type":"CommentAction","name":"Comment","target":["https:\/\/eikonos.com\/ca\/blog\/mitjans-audiovisuals-per-organitzar-un-esdeveniment-corporatiu\/#respond"]}]},{"@type":"WebPage","@id":"https:\/\/eikonos.com\/ca\/blog\/mitjans-audiovisuals-per-organitzar-un-esdeveniment-corporatiu\/","url":"https:\/\/eikonos.com\/ca\/blog\/mitjans-audiovisuals-per-organitzar-un-esdeveniment-corporatiu\/","name":"Mitjans audiovisuals per organitzar un esdeveniment corporatiu | EIKONOS","isPartOf":{"@id":"https:\/\/eikonos.com\/ca\/#website"},"primaryImageOfPage":{"@id":"https:\/\/eikonos.com\/ca\/blog\/mitjans-audiovisuals-per-organitzar-un-esdeveniment-corporatiu\/#primaryimage"},"image":{"@id":"https:\/\/eikonos.com\/ca\/blog\/mitjans-audiovisuals-per-organitzar-un-esdeveniment-corporatiu\/#primaryimage"},"thumbnailUrl":"https:\/\/eikonos.com\/wp-content\/uploads\/2016\/05\/medios-audiovisuales-evento-corporativo.png","datePublished":"2016-05-17T08:00:57+00:00","description":"Per organitzar un esdeveniment corporatiu actualment, no es poden passar per alt els mitjans audiovisuals. Enrere van quedar aquells edeveniments en el que el p\u00fablic es sentava durant hores davant d'una pantalla veient passar diapositives una rere l'altre.","breadcrumb":{"@id":"https:\/\/eikonos.com\/ca\/blog\/mitjans-audiovisuals-per-organitzar-un-esdeveniment-corporatiu\/#breadcrumb"},"inLanguage":"ca","potentialAction":[{"@type":"ReadAction","target":["https:\/\/eikonos.com\/ca\/blog\/mitjans-audiovisuals-per-organitzar-un-esdeveniment-corporatiu\/"]}]},{"@type":"ImageObject","inLanguage":"ca","@id":"https:\/\/eikonos.com\/ca\/blog\/mitjans-audiovisuals-per-organitzar-un-esdeveniment-corporatiu\/#primaryimage","url":"https:\/\/eikonos.com\/wp-content\/uploads\/2016\/05\/medios-audiovisuales-evento-corporativo.png","contentUrl":"https:\/\/eikonos.com\/wp-content\/uploads\/2016\/05\/medios-audiovisuales-evento-corporativo.png","width":725,"height":480,"caption":"Medios audiovisuales para organizar un evento corporativo"},{"@type":"BreadcrumbList","@id":"https:\/\/eikonos.com\/ca\/blog\/mitjans-audiovisuals-per-organitzar-un-esdeveniment-corporatiu\/#breadcrumb","itemListElement":[{"@type":"ListItem","position":1,"name":"EIKONOS","item":"https:\/\/eikonos.com\/ca\/inici\/"},{"@type":"ListItem","position":2,"name":"Mitjans audiovisuals per organitzar un esdeveniment corporatiu"}]},{"@type":"WebSite","@id":"https:\/\/eikonos.com\/ca\/#website","url":"https:\/\/eikonos.com\/ca\/","name":"EIKONOS","description":"EXPERIENCIA AUDIOVISUAL","publisher":{"@id":"https:\/\/eikonos.com\/ca\/#organization"},"potentialAction":[{"@type":"SearchAction","target":{"@type":"EntryPoint","urlTemplate":"https:\/\/eikonos.com\/ca\/?s={search_term_string}"},"query-input":{"@type":"PropertyValueSpecification","valueRequired":true,"valueName":"search_term_string"}}],"inLanguage":"ca"},{"@type":"Organization","@id":"https:\/\/eikonos.com\/ca\/#organization","name":"EIKONOS | Servicios Audiovisuales, eventos y alquiler de equipos","url":"https:\/\/eikonos.com\/ca\/","logo":{"@type":"ImageObject","inLanguage":"ca","@id":"https:\/\/eikonos.com\/ca\/#\/schema\/logo\/image\/","url":"https:\/\/eikonos.com\/wp-content\/uploads\/2020\/08\/logo-color.png","contentUrl":"https:\/\/eikonos.com\/wp-content\/uploads\/2020\/08\/logo-color.png","width":376,"height":122,"caption":"EIKONOS | Servicios Audiovisuales, eventos y alquiler de equipos"},"image":{"@id":"https:\/\/eikonos.com\/ca\/#\/schema\/logo\/image\/"},"sameAs":["http:\/\/www.facebook.com\/pages\/Eikonos\/176324785746790","https:\/\/x.com\/eikonos_sa","http:\/\/www.linkedin.com\/company\/eikonos","http:\/\/www.youtube.com\/channel\/UC8wcizWaAYbfsuqVf9wIT6w"]},{"@type":"Person","@id":"https:\/\/eikonos.com\/ca\/#\/schema\/person\/82032860cc314d826959b90595a5280a","name":"Xavi Eikonos","image":{"@type":"ImageObject","inLanguage":"ca","@id":"https:\/\/eikonos.com\/ca\/#\/schema\/person\/image\/","url":"https:\/\/secure.gravatar.com\/avatar\/a6c6b51dd0ac6902701aab24a914f6febe1518f94a5ae06db08b3d6107248dfd?s=96&d=mm&r=g","contentUrl":"https:\/\/secure.gravatar.com\/avatar\/a6c6b51dd0ac6902701aab24a914f6febe1518f94a5ae06db08b3d6107248dfd?s=96&d=mm&r=g","caption":"Xavi Eikonos"}}]}},"_links":{"self":[{"href":"https:\/\/eikonos.com\/ca\/wp-json\/wp\/v2\/posts\/2964","targetHints":{"allow":["GET"]}}],"collection":[{"href":"https:\/\/eikonos.com\/ca\/wp-json\/wp\/v2\/posts"}],"about":[{"href":"https:\/\/eikonos.com\/ca\/wp-json\/wp\/v2\/types\/post"}],"author":[{"embeddable":true,"href":"https:\/\/eikonos.com\/ca\/wp-json\/wp\/v2\/users\/6"}],"replies":[{"embeddable":true,"href":"https:\/\/eikonos.com\/ca\/wp-json\/wp\/v2\/comments?post=2964"}],"version-history":[{"count":0,"href":"https:\/\/eikonos.com\/ca\/wp-json\/wp\/v2\/posts\/2964\/revisions"}],"wp:featuredmedia":[{"embeddable":true,"href":"https:\/\/eikonos.com\/ca\/wp-json\/wp\/v2\/media\/2961"}],"wp:attachment":[{"href":"https:\/\/eikonos.com\/ca\/wp-json\/wp\/v2\/media?parent=2964"}],"wp:term":[{"taxonomy":"category","embeddable":true,"href":"https:\/\/eikonos.com\/ca\/wp-json\/wp\/v2\/categories?post=2964"},{"taxonomy":"post_tag","embeddable":true,"href":"https:\/\/eikonos.com\/ca\/wp-json\/wp\/v2\/tags?post=2964"}],"curies":[{"name":"wp","href":"https:\/\/api.w.org\/{rel}","templated":true}]}}