{"id":2950,"date":"2015-07-06T10:22:57","date_gmt":"2015-07-06T08:22:57","guid":{"rendered":"http:\/\/eikonos.com\/blog\/las-3-reglas-para-organizar-un-evento-cultural-2\/"},"modified":"2015-07-06T10:22:57","modified_gmt":"2015-07-06T08:22:57","slug":"les-3-regles-dor-per-organitzar-un-esdeveniment-cultural","status":"publish","type":"post","link":"https:\/\/eikonos.com\/ca\/blog\/les-3-regles-dor-per-organitzar-un-esdeveniment-cultural\/","title":{"rendered":"Les 3 regles d\u2019or per organitzar un esdeveniment cultural"},"content":{"rendered":"<p style=\"text-align: justify;\">Amb el fi de crear un esdeveniment cultural amb diversos ponents i assistents necessitar\u00e0s abandonar la teva zona de confort, fer-te moltes preguntes i cometre alguns errors. En lloc de centrar-te nom\u00e9s en la venta d\u2019entrades, has de construir un esdeveniment cultural que afavoreixi l\u2019assist\u00e8ncia de gent de tot el m\u00f3n.<\/p>\n<p style=\"text-align: justify;\">Hi ha tres regles fixades que han de complir-se per a\u00a0<a href=\"https:\/\/eikonos.com\/portfolio_page\/eventos-culturales\/\">organizar un esdeveniments cultural<\/a>,\u00a0tot i que tamb\u00e9 es poden modificar i adaptar a qualsevol tipus d\u2019esdeveniment.<\/p>\n<h2 style=\"text-align: justify;\"><span style=\"color: #ff0000;\">#1. Fixa els objectius de l&#8217;esdeveniment<\/span><\/h2>\n<p style=\"text-align: justify;\">Assegura\u2019t de crear una meta, uns objectius i unes estrat\u00e8gies abans de comen\u00e7ar amb l\u2019organitzaci\u00f3. Quina \u00e9s la missi\u00f3 de l\u2019esdeveniment?, quins objectius em plantejo?, quina estrat\u00e8gia seguirem?<\/p>\n<p style=\"text-align: justify;\">Hi ha moltes classes d\u2019esdeveniments cultural i amb diferents fins, les possibilitats poden ser infinites. Marcar un objectiu i una estrat\u00e8gia clara que ens ajudi a aconseguir-ho ser\u00e0 una part fonamental del proc\u00e9s inicial d\u2019organitzaci\u00f3. A partir de la definici\u00f3 d\u2019aquests punts podrem comen\u00e7ar a treballar en els seg\u00fcents.<\/p>\n<h2 style=\"text-align: justify;\"><span style=\"color: #ff0000;\">#2. Dissenya un esdeveniment acord\u00a0<\/span><\/h2>\n<p style=\"text-align: justify;\">Una vegada tinguem clars els objectius i les estrat\u00e8gies del punt anterior, podrem comen\u00e7ar a dissenyar com volem que sigui l\u2019esdeveniment.<\/p>\n<p style=\"text-align: justify;\">Tracta de dissenyar un esdeveniment en funci\u00f3 del target al que desitgis arribar per captar el seu major inter\u00e8s, pots incloure un ponent interessant, activitats d\u2019oci a l\u2019aire lliure, interacci\u00f3 off-line i on-line, etc.<\/p>\n<p style=\"text-align: justify;\"><span style=\"color: rgb(255, 0, 0);\"><em>\u201cPregunta\u2019t com pots fer el teu esdeveniment m\u00e9s \u00fatil pel teu p\u00fablic objectiu.\u201d<\/em><\/span><\/p>\n<p style=\"text-align: justify;\">Tracta d\u2019incloure elements interactius que fomentin la participaci\u00f3 dels assistents. Vols que en una confer\u00e8ncia els assistents es limitin a escoltar?, vols que en una exposici\u00f3 el p\u00fablic camini i ja est\u00e0, o prefereixes que tots ells visquin experi\u00e8ncies que quedin en el seu record?<\/p>\n<p style=\"text-align: justify;\">En aquest sentit, els mitjans audiovisuals et poden ajudar a trobar un element diferenciador capa\u00e7 d\u2019animar als assistents. A part de ser unes eines fonamentals per transmetre el missatge.<\/p>\n<h2 style=\"text-align: justify;\"><span style=\"color: #ff0000;\">#3. Promociona el teu esdeveniment<\/span><\/h2>\n<p style=\"text-align: justify;\">Si ja tens el teu esdeveniment definit i clar, \u00e9s el moment de donar-li la promoci\u00f3 que necessita per arribar al p\u00fablic objectiu.<\/p>\n<p style=\"text-align: justify;\">Aquest aspecte dependr\u00e0 molt del pressupost del que disposis en el teu esdeveniment cultural per anunciar-lo en els diferents mitjans. Hi ha ag\u00e8ncies especialitzades en publicitat que a trav\u00e9s de la creativitat poden crear campanyes molt efectives i innovadores o b\u00e9 utilitzar els medis tradicionals.<\/p>\n<p style=\"text-align: justify;\">En aquesta fase hem de tornar-nos a preguntar sobre com \u00e9s el nostre esdeveniment. Es tracta d\u2019un esdeveniment internacional i\/o de gran envergadura?, \u00e9s un esdeveniment privat i exclusiu? Els mitjans tan tradicionals com les convencionals hauran d\u2019adequar-se als nostres objectius i estrat\u00e8gies per arribar al p\u00fablic que desitgem. En aquest cas no ens importa la quantitat dels usuaris si no la qualitat dels mateixos.<\/p>\n<p style=\"text-align: justify;\">En definitiva, tots aquests aspectes de l\u2019esdeveniment vindran definitius per la regla n\u00famero 1. Ser\u00e0 en funci\u00f3 de la meta podrem establir un disseny acord amb l\u2019esdeveniment cultural i trobar la forma m\u00e9s \u00f2ptima de promocionar-lo.<\/p>\n","protected":false},"excerpt":{"rendered":"<p>Amb el fi de crear un esdeveniment cultural amb diversos ponents i assistents necessitar\u00e0s abandonar&#8230;<\/p>\n","protected":false},"author":6,"featured_media":2122,"comment_status":"open","ping_status":"open","sticky":false,"template":"","format":"standard","meta":{"_acf_changed":false,"footnotes":""},"categories":[260],"tags":[],"class_list":["post-2950","post","type-post","status-publish","format-standard","has-post-thumbnail","hentry","category-esdeveniments-audiovisuals"],"acf":[],"yoast_head":"<!-- This site is optimized with the Yoast SEO plugin v26.3 - https:\/\/yoast.com\/wordpress\/plugins\/seo\/ -->\n<title>Les 3 regles d\u2019or per organitzar un esdeveniment cultural | EIKONOS<\/title>\n<meta name=\"description\" content=\"Amb el fi de crear un esdeveniment cultural amb diversos ponents i assistents necessitar\u00e0s abandonar la teva zona de confort, fer-te moltes preguntes i cometre errors.\" \/>\n<meta name=\"robots\" content=\"index, follow, max-snippet:-1, max-image-preview:large, max-video-preview:-1\" \/>\n<link rel=\"canonical\" href=\"https:\/\/eikonos.com\/ca\/blog\/les-3-regles-dor-per-organitzar-un-esdeveniment-cultural\/\" \/>\n<meta property=\"og:locale\" content=\"ca_ES\" \/>\n<meta property=\"og:type\" content=\"article\" \/>\n<meta property=\"og:title\" content=\"Les 3 regles d\u2019or per organitzar un esdeveniment cultural | EIKONOS\" \/>\n<meta property=\"og:description\" content=\"Amb el fi de crear un esdeveniment cultural amb diversos ponents i assistents necessitar\u00e0s abandonar la teva zona de confort, fer-te moltes preguntes i cometre errors.\" \/>\n<meta property=\"og:url\" content=\"https:\/\/eikonos.com\/ca\/blog\/les-3-regles-dor-per-organitzar-un-esdeveniment-cultural\/\" \/>\n<meta property=\"og:site_name\" content=\"EIKONOS\" \/>\n<meta property=\"article:publisher\" content=\"http:\/\/www.facebook.com\/pages\/Eikonos\/176324785746790\" \/>\n<meta property=\"article:published_time\" content=\"2015-07-06T08:22:57+00:00\" \/>\n<meta property=\"og:image\" content=\"https:\/\/eikonos.com\/wp-content\/uploads\/2015\/07\/Fotolia_37533435_Subscription_Monthly_M.jpg\" \/>\n\t<meta property=\"og:image:width\" content=\"1690\" \/>\n\t<meta property=\"og:image:height\" content=\"1124\" \/>\n\t<meta property=\"og:image:type\" content=\"image\/jpeg\" \/>\n<meta name=\"author\" content=\"Xavi Eikonos\" \/>\n<meta name=\"twitter:card\" content=\"summary_large_image\" \/>\n<meta name=\"twitter:creator\" content=\"@eikonos_sa\" \/>\n<meta name=\"twitter:site\" content=\"@eikonos_sa\" \/>\n<meta name=\"twitter:label1\" content=\"Escrit per\" \/>\n\t<meta name=\"twitter:data1\" content=\"Xavi Eikonos\" \/>\n\t<meta name=\"twitter:label2\" content=\"Temps estimat de lectura\" \/>\n\t<meta name=\"twitter:data2\" content=\"3 minuts\" \/>\n<script type=\"application\/ld+json\" class=\"yoast-schema-graph\">{\"@context\":\"https:\/\/schema.org\",\"@graph\":[{\"@type\":\"Article\",\"@id\":\"https:\/\/eikonos.com\/ca\/blog\/les-3-regles-dor-per-organitzar-un-esdeveniment-cultural\/#article\",\"isPartOf\":{\"@id\":\"https:\/\/eikonos.com\/ca\/blog\/les-3-regles-dor-per-organitzar-un-esdeveniment-cultural\/\"},\"author\":{\"name\":\"Xavi Eikonos\",\"@id\":\"https:\/\/eikonos.com\/ca\/#\/schema\/person\/82032860cc314d826959b90595a5280a\"},\"headline\":\"Les 3 regles d\u2019or per organitzar un esdeveniment cultural\",\"datePublished\":\"2015-07-06T08:22:57+00:00\",\"mainEntityOfPage\":{\"@id\":\"https:\/\/eikonos.com\/ca\/blog\/les-3-regles-dor-per-organitzar-un-esdeveniment-cultural\/\"},\"wordCount\":535,\"commentCount\":0,\"publisher\":{\"@id\":\"https:\/\/eikonos.com\/ca\/#organization\"},\"image\":{\"@id\":\"https:\/\/eikonos.com\/ca\/blog\/les-3-regles-dor-per-organitzar-un-esdeveniment-cultural\/#primaryimage\"},\"thumbnailUrl\":\"https:\/\/eikonos.com\/wp-content\/uploads\/2015\/07\/Fotolia_37533435_Subscription_Monthly_M.jpg\",\"articleSection\":[\"Esdeveniments audiovisuals\"],\"inLanguage\":\"ca\",\"potentialAction\":[{\"@type\":\"CommentAction\",\"name\":\"Comment\",\"target\":[\"https:\/\/eikonos.com\/ca\/blog\/les-3-regles-dor-per-organitzar-un-esdeveniment-cultural\/#respond\"]}]},{\"@type\":\"WebPage\",\"@id\":\"https:\/\/eikonos.com\/ca\/blog\/les-3-regles-dor-per-organitzar-un-esdeveniment-cultural\/\",\"url\":\"https:\/\/eikonos.com\/ca\/blog\/les-3-regles-dor-per-organitzar-un-esdeveniment-cultural\/\",\"name\":\"Les 3 regles d\u2019or per organitzar un esdeveniment cultural | EIKONOS\",\"isPartOf\":{\"@id\":\"https:\/\/eikonos.com\/ca\/#website\"},\"primaryImageOfPage\":{\"@id\":\"https:\/\/eikonos.com\/ca\/blog\/les-3-regles-dor-per-organitzar-un-esdeveniment-cultural\/#primaryimage\"},\"image\":{\"@id\":\"https:\/\/eikonos.com\/ca\/blog\/les-3-regles-dor-per-organitzar-un-esdeveniment-cultural\/#primaryimage\"},\"thumbnailUrl\":\"https:\/\/eikonos.com\/wp-content\/uploads\/2015\/07\/Fotolia_37533435_Subscription_Monthly_M.jpg\",\"datePublished\":\"2015-07-06T08:22:57+00:00\",\"description\":\"Amb el fi de crear un esdeveniment cultural amb diversos ponents i assistents necessitar\u00e0s abandonar la teva zona de confort, fer-te moltes preguntes i cometre errors.\",\"breadcrumb\":{\"@id\":\"https:\/\/eikonos.com\/ca\/blog\/les-3-regles-dor-per-organitzar-un-esdeveniment-cultural\/#breadcrumb\"},\"inLanguage\":\"ca\",\"potentialAction\":[{\"@type\":\"ReadAction\",\"target\":[\"https:\/\/eikonos.com\/ca\/blog\/les-3-regles-dor-per-organitzar-un-esdeveniment-cultural\/\"]}]},{\"@type\":\"ImageObject\",\"inLanguage\":\"ca\",\"@id\":\"https:\/\/eikonos.com\/ca\/blog\/les-3-regles-dor-per-organitzar-un-esdeveniment-cultural\/#primaryimage\",\"url\":\"https:\/\/eikonos.com\/wp-content\/uploads\/2015\/07\/Fotolia_37533435_Subscription_Monthly_M.jpg\",\"contentUrl\":\"https:\/\/eikonos.com\/wp-content\/uploads\/2015\/07\/Fotolia_37533435_Subscription_Monthly_M.jpg\",\"width\":1690,\"height\":1124},{\"@type\":\"BreadcrumbList\",\"@id\":\"https:\/\/eikonos.com\/ca\/blog\/les-3-regles-dor-per-organitzar-un-esdeveniment-cultural\/#breadcrumb\",\"itemListElement\":[{\"@type\":\"ListItem\",\"position\":1,\"name\":\"EIKONOS\",\"item\":\"https:\/\/eikonos.com\/ca\/inici\/\"},{\"@type\":\"ListItem\",\"position\":2,\"name\":\"Les 3 regles d\u2019or per organitzar un esdeveniment cultural\"}]},{\"@type\":\"WebSite\",\"@id\":\"https:\/\/eikonos.com\/ca\/#website\",\"url\":\"https:\/\/eikonos.com\/ca\/\",\"name\":\"EIKONOS\",\"description\":\"EXPERIENCIA AUDIOVISUAL\",\"publisher\":{\"@id\":\"https:\/\/eikonos.com\/ca\/#organization\"},\"potentialAction\":[{\"@type\":\"SearchAction\",\"target\":{\"@type\":\"EntryPoint\",\"urlTemplate\":\"https:\/\/eikonos.com\/ca\/?s={search_term_string}\"},\"query-input\":{\"@type\":\"PropertyValueSpecification\",\"valueRequired\":true,\"valueName\":\"search_term_string\"}}],\"inLanguage\":\"ca\"},{\"@type\":\"Organization\",\"@id\":\"https:\/\/eikonos.com\/ca\/#organization\",\"name\":\"EIKONOS | Servicios Audiovisuales, eventos y alquiler de equipos\",\"url\":\"https:\/\/eikonos.com\/ca\/\",\"logo\":{\"@type\":\"ImageObject\",\"inLanguage\":\"ca\",\"@id\":\"https:\/\/eikonos.com\/ca\/#\/schema\/logo\/image\/\",\"url\":\"https:\/\/eikonos.com\/wp-content\/uploads\/2020\/08\/logo-color.png\",\"contentUrl\":\"https:\/\/eikonos.com\/wp-content\/uploads\/2020\/08\/logo-color.png\",\"width\":376,\"height\":122,\"caption\":\"EIKONOS | Servicios Audiovisuales, eventos y alquiler de equipos\"},\"image\":{\"@id\":\"https:\/\/eikonos.com\/ca\/#\/schema\/logo\/image\/\"},\"sameAs\":[\"http:\/\/www.facebook.com\/pages\/Eikonos\/176324785746790\",\"https:\/\/x.com\/eikonos_sa\",\"http:\/\/www.linkedin.com\/company\/eikonos\",\"http:\/\/www.youtube.com\/channel\/UC8wcizWaAYbfsuqVf9wIT6w\"]},{\"@type\":\"Person\",\"@id\":\"https:\/\/eikonos.com\/ca\/#\/schema\/person\/82032860cc314d826959b90595a5280a\",\"name\":\"Xavi Eikonos\",\"image\":{\"@type\":\"ImageObject\",\"inLanguage\":\"ca\",\"@id\":\"https:\/\/eikonos.com\/ca\/#\/schema\/person\/image\/\",\"url\":\"https:\/\/secure.gravatar.com\/avatar\/a6c6b51dd0ac6902701aab24a914f6febe1518f94a5ae06db08b3d6107248dfd?s=96&d=mm&r=g\",\"contentUrl\":\"https:\/\/secure.gravatar.com\/avatar\/a6c6b51dd0ac6902701aab24a914f6febe1518f94a5ae06db08b3d6107248dfd?s=96&d=mm&r=g\",\"caption\":\"Xavi Eikonos\"}}]}<\/script>\n<!-- \/ Yoast SEO plugin. -->","yoast_head_json":{"title":"Les 3 regles d\u2019or per organitzar un esdeveniment cultural | EIKONOS","description":"Amb el fi de crear un esdeveniment cultural amb diversos ponents i assistents necessitar\u00e0s abandonar la teva zona de confort, fer-te moltes preguntes i cometre errors.","robots":{"index":"index","follow":"follow","max-snippet":"max-snippet:-1","max-image-preview":"max-image-preview:large","max-video-preview":"max-video-preview:-1"},"canonical":"https:\/\/eikonos.com\/ca\/blog\/les-3-regles-dor-per-organitzar-un-esdeveniment-cultural\/","og_locale":"ca_ES","og_type":"article","og_title":"Les 3 regles d\u2019or per organitzar un esdeveniment cultural | EIKONOS","og_description":"Amb el fi de crear un esdeveniment cultural amb diversos ponents i assistents necessitar\u00e0s abandonar la teva zona de confort, fer-te moltes preguntes i cometre errors.","og_url":"https:\/\/eikonos.com\/ca\/blog\/les-3-regles-dor-per-organitzar-un-esdeveniment-cultural\/","og_site_name":"EIKONOS","article_publisher":"http:\/\/www.facebook.com\/pages\/Eikonos\/176324785746790","article_published_time":"2015-07-06T08:22:57+00:00","og_image":[{"width":1690,"height":1124,"url":"https:\/\/eikonos.com\/wp-content\/uploads\/2015\/07\/Fotolia_37533435_Subscription_Monthly_M.jpg","type":"image\/jpeg"}],"author":"Xavi Eikonos","twitter_card":"summary_large_image","twitter_creator":"@eikonos_sa","twitter_site":"@eikonos_sa","twitter_misc":{"Escrit per":"Xavi Eikonos","Temps estimat de lectura":"3 minuts"},"schema":{"@context":"https:\/\/schema.org","@graph":[{"@type":"Article","@id":"https:\/\/eikonos.com\/ca\/blog\/les-3-regles-dor-per-organitzar-un-esdeveniment-cultural\/#article","isPartOf":{"@id":"https:\/\/eikonos.com\/ca\/blog\/les-3-regles-dor-per-organitzar-un-esdeveniment-cultural\/"},"author":{"name":"Xavi Eikonos","@id":"https:\/\/eikonos.com\/ca\/#\/schema\/person\/82032860cc314d826959b90595a5280a"},"headline":"Les 3 regles d\u2019or per organitzar un esdeveniment cultural","datePublished":"2015-07-06T08:22:57+00:00","mainEntityOfPage":{"@id":"https:\/\/eikonos.com\/ca\/blog\/les-3-regles-dor-per-organitzar-un-esdeveniment-cultural\/"},"wordCount":535,"commentCount":0,"publisher":{"@id":"https:\/\/eikonos.com\/ca\/#organization"},"image":{"@id":"https:\/\/eikonos.com\/ca\/blog\/les-3-regles-dor-per-organitzar-un-esdeveniment-cultural\/#primaryimage"},"thumbnailUrl":"https:\/\/eikonos.com\/wp-content\/uploads\/2015\/07\/Fotolia_37533435_Subscription_Monthly_M.jpg","articleSection":["Esdeveniments audiovisuals"],"inLanguage":"ca","potentialAction":[{"@type":"CommentAction","name":"Comment","target":["https:\/\/eikonos.com\/ca\/blog\/les-3-regles-dor-per-organitzar-un-esdeveniment-cultural\/#respond"]}]},{"@type":"WebPage","@id":"https:\/\/eikonos.com\/ca\/blog\/les-3-regles-dor-per-organitzar-un-esdeveniment-cultural\/","url":"https:\/\/eikonos.com\/ca\/blog\/les-3-regles-dor-per-organitzar-un-esdeveniment-cultural\/","name":"Les 3 regles d\u2019or per organitzar un esdeveniment cultural | EIKONOS","isPartOf":{"@id":"https:\/\/eikonos.com\/ca\/#website"},"primaryImageOfPage":{"@id":"https:\/\/eikonos.com\/ca\/blog\/les-3-regles-dor-per-organitzar-un-esdeveniment-cultural\/#primaryimage"},"image":{"@id":"https:\/\/eikonos.com\/ca\/blog\/les-3-regles-dor-per-organitzar-un-esdeveniment-cultural\/#primaryimage"},"thumbnailUrl":"https:\/\/eikonos.com\/wp-content\/uploads\/2015\/07\/Fotolia_37533435_Subscription_Monthly_M.jpg","datePublished":"2015-07-06T08:22:57+00:00","description":"Amb el fi de crear un esdeveniment cultural amb diversos ponents i assistents necessitar\u00e0s abandonar la teva zona de confort, fer-te moltes preguntes i cometre errors.","breadcrumb":{"@id":"https:\/\/eikonos.com\/ca\/blog\/les-3-regles-dor-per-organitzar-un-esdeveniment-cultural\/#breadcrumb"},"inLanguage":"ca","potentialAction":[{"@type":"ReadAction","target":["https:\/\/eikonos.com\/ca\/blog\/les-3-regles-dor-per-organitzar-un-esdeveniment-cultural\/"]}]},{"@type":"ImageObject","inLanguage":"ca","@id":"https:\/\/eikonos.com\/ca\/blog\/les-3-regles-dor-per-organitzar-un-esdeveniment-cultural\/#primaryimage","url":"https:\/\/eikonos.com\/wp-content\/uploads\/2015\/07\/Fotolia_37533435_Subscription_Monthly_M.jpg","contentUrl":"https:\/\/eikonos.com\/wp-content\/uploads\/2015\/07\/Fotolia_37533435_Subscription_Monthly_M.jpg","width":1690,"height":1124},{"@type":"BreadcrumbList","@id":"https:\/\/eikonos.com\/ca\/blog\/les-3-regles-dor-per-organitzar-un-esdeveniment-cultural\/#breadcrumb","itemListElement":[{"@type":"ListItem","position":1,"name":"EIKONOS","item":"https:\/\/eikonos.com\/ca\/inici\/"},{"@type":"ListItem","position":2,"name":"Les 3 regles d\u2019or per organitzar un esdeveniment cultural"}]},{"@type":"WebSite","@id":"https:\/\/eikonos.com\/ca\/#website","url":"https:\/\/eikonos.com\/ca\/","name":"EIKONOS","description":"EXPERIENCIA AUDIOVISUAL","publisher":{"@id":"https:\/\/eikonos.com\/ca\/#organization"},"potentialAction":[{"@type":"SearchAction","target":{"@type":"EntryPoint","urlTemplate":"https:\/\/eikonos.com\/ca\/?s={search_term_string}"},"query-input":{"@type":"PropertyValueSpecification","valueRequired":true,"valueName":"search_term_string"}}],"inLanguage":"ca"},{"@type":"Organization","@id":"https:\/\/eikonos.com\/ca\/#organization","name":"EIKONOS | Servicios Audiovisuales, eventos y alquiler de equipos","url":"https:\/\/eikonos.com\/ca\/","logo":{"@type":"ImageObject","inLanguage":"ca","@id":"https:\/\/eikonos.com\/ca\/#\/schema\/logo\/image\/","url":"https:\/\/eikonos.com\/wp-content\/uploads\/2020\/08\/logo-color.png","contentUrl":"https:\/\/eikonos.com\/wp-content\/uploads\/2020\/08\/logo-color.png","width":376,"height":122,"caption":"EIKONOS | Servicios Audiovisuales, eventos y alquiler de equipos"},"image":{"@id":"https:\/\/eikonos.com\/ca\/#\/schema\/logo\/image\/"},"sameAs":["http:\/\/www.facebook.com\/pages\/Eikonos\/176324785746790","https:\/\/x.com\/eikonos_sa","http:\/\/www.linkedin.com\/company\/eikonos","http:\/\/www.youtube.com\/channel\/UC8wcizWaAYbfsuqVf9wIT6w"]},{"@type":"Person","@id":"https:\/\/eikonos.com\/ca\/#\/schema\/person\/82032860cc314d826959b90595a5280a","name":"Xavi Eikonos","image":{"@type":"ImageObject","inLanguage":"ca","@id":"https:\/\/eikonos.com\/ca\/#\/schema\/person\/image\/","url":"https:\/\/secure.gravatar.com\/avatar\/a6c6b51dd0ac6902701aab24a914f6febe1518f94a5ae06db08b3d6107248dfd?s=96&d=mm&r=g","contentUrl":"https:\/\/secure.gravatar.com\/avatar\/a6c6b51dd0ac6902701aab24a914f6febe1518f94a5ae06db08b3d6107248dfd?s=96&d=mm&r=g","caption":"Xavi Eikonos"}}]}},"_links":{"self":[{"href":"https:\/\/eikonos.com\/ca\/wp-json\/wp\/v2\/posts\/2950","targetHints":{"allow":["GET"]}}],"collection":[{"href":"https:\/\/eikonos.com\/ca\/wp-json\/wp\/v2\/posts"}],"about":[{"href":"https:\/\/eikonos.com\/ca\/wp-json\/wp\/v2\/types\/post"}],"author":[{"embeddable":true,"href":"https:\/\/eikonos.com\/ca\/wp-json\/wp\/v2\/users\/6"}],"replies":[{"embeddable":true,"href":"https:\/\/eikonos.com\/ca\/wp-json\/wp\/v2\/comments?post=2950"}],"version-history":[{"count":0,"href":"https:\/\/eikonos.com\/ca\/wp-json\/wp\/v2\/posts\/2950\/revisions"}],"wp:featuredmedia":[{"embeddable":true,"href":"https:\/\/eikonos.com\/ca\/wp-json\/wp\/v2\/media\/2122"}],"wp:attachment":[{"href":"https:\/\/eikonos.com\/ca\/wp-json\/wp\/v2\/media?parent=2950"}],"wp:term":[{"taxonomy":"category","embeddable":true,"href":"https:\/\/eikonos.com\/ca\/wp-json\/wp\/v2\/categories?post=2950"},{"taxonomy":"post_tag","embeddable":true,"href":"https:\/\/eikonos.com\/ca\/wp-json\/wp\/v2\/tags?post=2950"}],"curies":[{"name":"wp","href":"https:\/\/api.w.org\/{rel}","templated":true}]}}