{"id":2947,"date":"2015-07-15T10:15:53","date_gmt":"2015-07-15T08:15:53","guid":{"rendered":"http:\/\/eikonos.com\/blog\/que-necesita-mi-stand-corporativo-para-destacar-en-una-feria-2\/"},"modified":"2015-07-15T10:15:53","modified_gmt":"2015-07-15T08:15:53","slug":"que-necessita-el-meu-stand-corporatiu-per-destacar-en-una-fira","status":"publish","type":"post","link":"https:\/\/eikonos.com\/ca\/blog\/que-necessita-el-meu-stand-corporatiu-per-destacar-en-una-fira\/","title":{"rendered":"Qu\u00e8 necessita el meu stand corporatiu per destacar en una fira"},"content":{"rendered":"<p style=\"text-align: justify;\">Sempre hi ha una ocasi\u00f3 per millor la imatge, per\u00f2 nom\u00e9s una per causar una primera bona impressi\u00f3. \u00c9s per aix\u00f2 pel que quan realitzem un\u00a0<a href=\"https:\/\/eikonos.com\/ca\/portfolio_page\/stands\/\">stand corporatiu<\/a>\u00a0 en una fira, hem d\u2019<strong>utilitzar tots els mitjans al nostre abans per destacar <\/strong>i ser reconeguts. Per aquest prop\u00f2sit, els videowalls de gran format, les pantalles led o altres elements que cridin l\u2019atenci\u00f3 poden ser una bona t\u00e8cnica per a que el visitant del meu stand corporatiu es trobi totalment immers en l\u2019univers que hem creat per a ell i fixar tota la seva atenci\u00f3 cap a la nostra marca. Per tant, en funci\u00f3 del que vulguem transmetre al p\u00fablic crearem un tipus d\u2019espai o un altre.<\/p>\n<p style=\"text-align: justify;\">En les fires, passen a diari milers de persones a les que se les estimula cada segon de la visita, pel que \u00e9s important que el nostre stand no nom\u00e9s cridi l\u2019atenci\u00f3, si no que estigui perfectament situat, dissenyat i promogui la interactivitat, tal i com recomanaven als\u00a0<a href=\"https:\/\/eikonos.com\/ca\/blog\/tips-stand-corporatiu-perfecte\/\">tips per aconseguir un stand corporatiu perfecte.\u00a0<\/a>A partir d\u2019aquests consells, el que queda per treballar \u00e9s que una vegada introdu\u00eft en el stands <strong>el visitant es quedi amb el missatge que volem transmetre-li<\/strong>,i per aix\u00f2 conv\u00e9 no perdre de vista els elements que enunciem a continuaci\u00f3.<\/p>\n<h2 style=\"text-align: justify;\"><span style=\"color: #ff0000;\"><strong>Mantenir en tot moment la imatge d&#8217;empresa\u00a0<\/strong><\/span><\/h2>\n<p style=\"text-align: justify;\">El que identifica a la nostra empresa ha de plasmar-ho en cada rac\u00f3 del nostre stand. No es tracta d\u2019inventar tot amb el nostre logotip, per\u00f2 s\u00ed ha de ser coherent amb la nostra identitat de marca. Coca Cola, el gegant del marketing en quan a promoure una cultura, no dubta en utilitzar el vermell i el blanc que tan l\u2019identifica per a cada esdeveniment, de forma que tot el que va a cert entorn en el que Coca Cola pot participar, el vermell i el blanc, immediatament l\u2019associa a la marca de refrescos.<\/p>\n<p style=\"text-align: justify;\"><span style=\"color: #ff0000;\">\u201c<em>No es tracta de cridar l\u2019atenci\u00f3 amb stands excessivament il\u00b7luminats, si no atreure al client mitjan\u00e7ant la sotilesa sense perdre cert ganxo\u201d.<\/em><\/span><\/p>\n<p style=\"text-align: justify;\">De la mateixa menra, si disposem d&#8217;uns colors corporatius hem d&#8217;utilitzar-los per integrar-los en l&#8217;ambient. A m\u00e9s a m\u00e9s, el disseny estructural del stand tamb\u00e9 ha de ser coherent amb la imatge corporativa de l&#8217;empresa.<\/p>\n<h2 style=\"text-align: justify;\"><span style=\"color: #ff0000;\"><strong>Elements tem\u00e0tics identificatius<\/strong><\/span><\/h2>\n<p style=\"text-align: justify;\">Si ens dediquem als viatges, per qu\u00e8 no crear la sensaci\u00f3 de que el visitant es troba en un barco? Si ens dediquen a les assegurances, per qu\u00e8 no crear un stand amb una estructura ferma que transmeti seguretat i tranquil\u00b7litat? Si ens dediquem a la gastronomia, per qu\u00e8 no cobrir el stand d\u2019ambient de restaurant?<\/p>\n<p style=\"text-align: justify;\">El client no ha de saber a qu\u00e8 ens dediquem per un simple brochure. Un bon stand crea sensacions, parla per s\u00ed sol. Hem de fer tot el possible per a que quan alg\u00fa posi un peu al nostre espai, <strong>s\u2019introdueixi al nostre univers <\/strong>i es vulgui sentir part d\u2019ells. Per aix\u00f2, l\u2019escenografia i el disseny \u00e9s fonamental en el muntatge del nostre stand.<\/p>\n<h2 style=\"text-align: justify;\"><span style=\"color: #ff0000;\"><strong>L&#8217;espai\u00a0<\/strong><\/span><\/h2>\n<p style=\"text-align: justify;\">Les fires i els congressos solen realitzar-se en espais molt amplis on es pot tenir la sensaci\u00f3 de trobar-ho davant de moltes construccions de varies empreses agrupades sense ordre ni concert. Per aix\u00f2, conv\u00e9 que el que visiti el nostre stand, no tingui la sensaci\u00f3 de trobar-se en un stand m\u00e9s, si no en <strong>un espai \u00fanic, diferenciat dels altres, amb zones a\u00efllades de l\u2019aldarull general. <\/strong><\/p>\n<p style=\"text-align: justify;\">Si volem optimitzar l\u2019experi\u00e8ncia del client en el nostre stand, podem utilitzar elements audiovisual per transmetre en cada \u00e0rea el que desitgem. Per exemple, podem incloure plasmes en sales privades de suport per a les presentacions, m\u00fasica ambiental amb un volum moderat en les zones on existeixi una barra, elements interactius per a que el visitant pugui interactuar amb la informaci\u00f3. O b\u00e9, un mapping sobre la superf\u00edcie del stand, els hologrames o les projeccions sobre cortines d\u2019aigua vaporitzades.<\/p>\n","protected":false},"excerpt":{"rendered":"<p>Sempre hi ha una ocasi\u00f3 per millor la imatge, per\u00f2 nom\u00e9s una per causar una&#8230;<\/p>\n","protected":false},"author":6,"featured_media":834,"comment_status":"open","ping_status":"open","sticky":false,"template":"","format":"standard","meta":{"_acf_changed":false,"footnotes":""},"categories":[255],"tags":[354,356,264],"class_list":["post-2947","post","type-post","status-publish","format-standard","has-post-thumbnail","hentry","category-installacions-fixes","tag-mappings","tag-realitat-augmentada","tag-videowall-ca"],"acf":[],"yoast_head":"<!-- This site is optimized with the Yoast SEO plugin v26.3 - https:\/\/yoast.com\/wordpress\/plugins\/seo\/ -->\n<title>Qu\u00e8 necessita el meu stand corporatiu per destacar en una fira<\/title>\n<meta name=\"description\" content=\"Quan realitzem un stand corporatiu en una fira, hem d&#039;utilitzar tots els medis al nostre abanst per a que destaqui i causi sensaci\u00f3 davant la resta\" \/>\n<meta name=\"robots\" content=\"index, follow, max-snippet:-1, max-image-preview:large, max-video-preview:-1\" \/>\n<link rel=\"canonical\" href=\"https:\/\/eikonos.com\/ca\/blog\/que-necessita-el-meu-stand-corporatiu-per-destacar-en-una-fira\/\" \/>\n<meta property=\"og:locale\" content=\"ca_ES\" \/>\n<meta property=\"og:type\" content=\"article\" \/>\n<meta property=\"og:title\" content=\"Qu\u00e8 necessita el meu stand corporatiu per destacar en una fira\" \/>\n<meta property=\"og:description\" content=\"Quan realitzem un stand corporatiu en una fira, hem d&#039;utilitzar tots els medis al nostre abanst per a que destaqui i causi sensaci\u00f3 davant la resta\" \/>\n<meta property=\"og:url\" content=\"https:\/\/eikonos.com\/ca\/blog\/que-necessita-el-meu-stand-corporatiu-per-destacar-en-una-fira\/\" \/>\n<meta property=\"og:site_name\" content=\"EIKONOS\" \/>\n<meta property=\"article:publisher\" content=\"http:\/\/www.facebook.com\/pages\/Eikonos\/176324785746790\" \/>\n<meta property=\"article:published_time\" content=\"2015-07-15T08:15:53+00:00\" \/>\n<meta property=\"og:image\" content=\"https:\/\/eikonos.com\/wp-content\/uploads\/2014\/07\/stands_stand-codorniu2.jpg\" \/>\n\t<meta property=\"og:image:width\" content=\"1238\" \/>\n\t<meta property=\"og:image:height\" content=\"887\" \/>\n\t<meta property=\"og:image:type\" content=\"image\/jpeg\" \/>\n<meta name=\"author\" content=\"Xavi Eikonos\" \/>\n<meta name=\"twitter:card\" content=\"summary_large_image\" \/>\n<meta name=\"twitter:creator\" content=\"@eikonos_sa\" \/>\n<meta name=\"twitter:site\" content=\"@eikonos_sa\" \/>\n<meta name=\"twitter:label1\" content=\"Escrit per\" \/>\n\t<meta name=\"twitter:data1\" content=\"Xavi Eikonos\" \/>\n\t<meta name=\"twitter:label2\" content=\"Temps estimat de lectura\" \/>\n\t<meta name=\"twitter:data2\" content=\"3 minuts\" \/>\n<script type=\"application\/ld+json\" class=\"yoast-schema-graph\">{\"@context\":\"https:\/\/schema.org\",\"@graph\":[{\"@type\":\"Article\",\"@id\":\"https:\/\/eikonos.com\/ca\/blog\/que-necessita-el-meu-stand-corporatiu-per-destacar-en-una-fira\/#article\",\"isPartOf\":{\"@id\":\"https:\/\/eikonos.com\/ca\/blog\/que-necessita-el-meu-stand-corporatiu-per-destacar-en-una-fira\/\"},\"author\":{\"name\":\"Xavi Eikonos\",\"@id\":\"https:\/\/eikonos.com\/ca\/#\/schema\/person\/82032860cc314d826959b90595a5280a\"},\"headline\":\"Qu\u00e8 necessita el meu stand corporatiu per destacar en una fira\",\"datePublished\":\"2015-07-15T08:15:53+00:00\",\"mainEntityOfPage\":{\"@id\":\"https:\/\/eikonos.com\/ca\/blog\/que-necessita-el-meu-stand-corporatiu-per-destacar-en-una-fira\/\"},\"wordCount\":689,\"commentCount\":0,\"publisher\":{\"@id\":\"https:\/\/eikonos.com\/ca\/#organization\"},\"image\":{\"@id\":\"https:\/\/eikonos.com\/ca\/blog\/que-necessita-el-meu-stand-corporatiu-per-destacar-en-una-fira\/#primaryimage\"},\"thumbnailUrl\":\"https:\/\/eikonos.com\/wp-content\/uploads\/2014\/07\/stands_stand-codorniu2.jpg\",\"keywords\":[\"Mappings\",\"Realitat augmentada\",\"videowall\"],\"articleSection\":[\"Instal\u00b7lacions fixes\"],\"inLanguage\":\"ca\",\"potentialAction\":[{\"@type\":\"CommentAction\",\"name\":\"Comment\",\"target\":[\"https:\/\/eikonos.com\/ca\/blog\/que-necessita-el-meu-stand-corporatiu-per-destacar-en-una-fira\/#respond\"]}]},{\"@type\":\"WebPage\",\"@id\":\"https:\/\/eikonos.com\/ca\/blog\/que-necessita-el-meu-stand-corporatiu-per-destacar-en-una-fira\/\",\"url\":\"https:\/\/eikonos.com\/ca\/blog\/que-necessita-el-meu-stand-corporatiu-per-destacar-en-una-fira\/\",\"name\":\"Qu\u00e8 necessita el meu stand corporatiu per destacar en una fira\",\"isPartOf\":{\"@id\":\"https:\/\/eikonos.com\/ca\/#website\"},\"primaryImageOfPage\":{\"@id\":\"https:\/\/eikonos.com\/ca\/blog\/que-necessita-el-meu-stand-corporatiu-per-destacar-en-una-fira\/#primaryimage\"},\"image\":{\"@id\":\"https:\/\/eikonos.com\/ca\/blog\/que-necessita-el-meu-stand-corporatiu-per-destacar-en-una-fira\/#primaryimage\"},\"thumbnailUrl\":\"https:\/\/eikonos.com\/wp-content\/uploads\/2014\/07\/stands_stand-codorniu2.jpg\",\"datePublished\":\"2015-07-15T08:15:53+00:00\",\"description\":\"Quan realitzem un stand corporatiu en una fira, hem d'utilitzar tots els medis al nostre abanst per a que destaqui i causi sensaci\u00f3 davant la resta\",\"breadcrumb\":{\"@id\":\"https:\/\/eikonos.com\/ca\/blog\/que-necessita-el-meu-stand-corporatiu-per-destacar-en-una-fira\/#breadcrumb\"},\"inLanguage\":\"ca\",\"potentialAction\":[{\"@type\":\"ReadAction\",\"target\":[\"https:\/\/eikonos.com\/ca\/blog\/que-necessita-el-meu-stand-corporatiu-per-destacar-en-una-fira\/\"]}]},{\"@type\":\"ImageObject\",\"inLanguage\":\"ca\",\"@id\":\"https:\/\/eikonos.com\/ca\/blog\/que-necessita-el-meu-stand-corporatiu-per-destacar-en-una-fira\/#primaryimage\",\"url\":\"https:\/\/eikonos.com\/wp-content\/uploads\/2014\/07\/stands_stand-codorniu2.jpg\",\"contentUrl\":\"https:\/\/eikonos.com\/wp-content\/uploads\/2014\/07\/stands_stand-codorniu2.jpg\",\"width\":1238,\"height\":887},{\"@type\":\"BreadcrumbList\",\"@id\":\"https:\/\/eikonos.com\/ca\/blog\/que-necessita-el-meu-stand-corporatiu-per-destacar-en-una-fira\/#breadcrumb\",\"itemListElement\":[{\"@type\":\"ListItem\",\"position\":1,\"name\":\"EIKONOS\",\"item\":\"https:\/\/eikonos.com\/ca\/inici\/\"},{\"@type\":\"ListItem\",\"position\":2,\"name\":\"Qu\u00e8 necessita el meu stand corporatiu per destacar en una fira\"}]},{\"@type\":\"WebSite\",\"@id\":\"https:\/\/eikonos.com\/ca\/#website\",\"url\":\"https:\/\/eikonos.com\/ca\/\",\"name\":\"EIKONOS\",\"description\":\"EXPERIENCIA AUDIOVISUAL\",\"publisher\":{\"@id\":\"https:\/\/eikonos.com\/ca\/#organization\"},\"potentialAction\":[{\"@type\":\"SearchAction\",\"target\":{\"@type\":\"EntryPoint\",\"urlTemplate\":\"https:\/\/eikonos.com\/ca\/?s={search_term_string}\"},\"query-input\":{\"@type\":\"PropertyValueSpecification\",\"valueRequired\":true,\"valueName\":\"search_term_string\"}}],\"inLanguage\":\"ca\"},{\"@type\":\"Organization\",\"@id\":\"https:\/\/eikonos.com\/ca\/#organization\",\"name\":\"EIKONOS | Servicios Audiovisuales, eventos y alquiler de equipos\",\"url\":\"https:\/\/eikonos.com\/ca\/\",\"logo\":{\"@type\":\"ImageObject\",\"inLanguage\":\"ca\",\"@id\":\"https:\/\/eikonos.com\/ca\/#\/schema\/logo\/image\/\",\"url\":\"https:\/\/eikonos.com\/wp-content\/uploads\/2020\/08\/logo-color.png\",\"contentUrl\":\"https:\/\/eikonos.com\/wp-content\/uploads\/2020\/08\/logo-color.png\",\"width\":376,\"height\":122,\"caption\":\"EIKONOS | Servicios Audiovisuales, eventos y alquiler de equipos\"},\"image\":{\"@id\":\"https:\/\/eikonos.com\/ca\/#\/schema\/logo\/image\/\"},\"sameAs\":[\"http:\/\/www.facebook.com\/pages\/Eikonos\/176324785746790\",\"https:\/\/x.com\/eikonos_sa\",\"http:\/\/www.linkedin.com\/company\/eikonos\",\"http:\/\/www.youtube.com\/channel\/UC8wcizWaAYbfsuqVf9wIT6w\"]},{\"@type\":\"Person\",\"@id\":\"https:\/\/eikonos.com\/ca\/#\/schema\/person\/82032860cc314d826959b90595a5280a\",\"name\":\"Xavi Eikonos\",\"image\":{\"@type\":\"ImageObject\",\"inLanguage\":\"ca\",\"@id\":\"https:\/\/eikonos.com\/ca\/#\/schema\/person\/image\/\",\"url\":\"https:\/\/secure.gravatar.com\/avatar\/a6c6b51dd0ac6902701aab24a914f6febe1518f94a5ae06db08b3d6107248dfd?s=96&d=mm&r=g\",\"contentUrl\":\"https:\/\/secure.gravatar.com\/avatar\/a6c6b51dd0ac6902701aab24a914f6febe1518f94a5ae06db08b3d6107248dfd?s=96&d=mm&r=g\",\"caption\":\"Xavi Eikonos\"}}]}<\/script>\n<!-- \/ Yoast SEO plugin. -->","yoast_head_json":{"title":"Qu\u00e8 necessita el meu stand corporatiu per destacar en una fira","description":"Quan realitzem un stand corporatiu en una fira, hem d'utilitzar tots els medis al nostre abanst per a que destaqui i causi sensaci\u00f3 davant la resta","robots":{"index":"index","follow":"follow","max-snippet":"max-snippet:-1","max-image-preview":"max-image-preview:large","max-video-preview":"max-video-preview:-1"},"canonical":"https:\/\/eikonos.com\/ca\/blog\/que-necessita-el-meu-stand-corporatiu-per-destacar-en-una-fira\/","og_locale":"ca_ES","og_type":"article","og_title":"Qu\u00e8 necessita el meu stand corporatiu per destacar en una fira","og_description":"Quan realitzem un stand corporatiu en una fira, hem d'utilitzar tots els medis al nostre abanst per a que destaqui i causi sensaci\u00f3 davant la resta","og_url":"https:\/\/eikonos.com\/ca\/blog\/que-necessita-el-meu-stand-corporatiu-per-destacar-en-una-fira\/","og_site_name":"EIKONOS","article_publisher":"http:\/\/www.facebook.com\/pages\/Eikonos\/176324785746790","article_published_time":"2015-07-15T08:15:53+00:00","og_image":[{"width":1238,"height":887,"url":"https:\/\/eikonos.com\/wp-content\/uploads\/2014\/07\/stands_stand-codorniu2.jpg","type":"image\/jpeg"}],"author":"Xavi Eikonos","twitter_card":"summary_large_image","twitter_creator":"@eikonos_sa","twitter_site":"@eikonos_sa","twitter_misc":{"Escrit per":"Xavi Eikonos","Temps estimat de lectura":"3 minuts"},"schema":{"@context":"https:\/\/schema.org","@graph":[{"@type":"Article","@id":"https:\/\/eikonos.com\/ca\/blog\/que-necessita-el-meu-stand-corporatiu-per-destacar-en-una-fira\/#article","isPartOf":{"@id":"https:\/\/eikonos.com\/ca\/blog\/que-necessita-el-meu-stand-corporatiu-per-destacar-en-una-fira\/"},"author":{"name":"Xavi Eikonos","@id":"https:\/\/eikonos.com\/ca\/#\/schema\/person\/82032860cc314d826959b90595a5280a"},"headline":"Qu\u00e8 necessita el meu stand corporatiu per destacar en una fira","datePublished":"2015-07-15T08:15:53+00:00","mainEntityOfPage":{"@id":"https:\/\/eikonos.com\/ca\/blog\/que-necessita-el-meu-stand-corporatiu-per-destacar-en-una-fira\/"},"wordCount":689,"commentCount":0,"publisher":{"@id":"https:\/\/eikonos.com\/ca\/#organization"},"image":{"@id":"https:\/\/eikonos.com\/ca\/blog\/que-necessita-el-meu-stand-corporatiu-per-destacar-en-una-fira\/#primaryimage"},"thumbnailUrl":"https:\/\/eikonos.com\/wp-content\/uploads\/2014\/07\/stands_stand-codorniu2.jpg","keywords":["Mappings","Realitat augmentada","videowall"],"articleSection":["Instal\u00b7lacions fixes"],"inLanguage":"ca","potentialAction":[{"@type":"CommentAction","name":"Comment","target":["https:\/\/eikonos.com\/ca\/blog\/que-necessita-el-meu-stand-corporatiu-per-destacar-en-una-fira\/#respond"]}]},{"@type":"WebPage","@id":"https:\/\/eikonos.com\/ca\/blog\/que-necessita-el-meu-stand-corporatiu-per-destacar-en-una-fira\/","url":"https:\/\/eikonos.com\/ca\/blog\/que-necessita-el-meu-stand-corporatiu-per-destacar-en-una-fira\/","name":"Qu\u00e8 necessita el meu stand corporatiu per destacar en una fira","isPartOf":{"@id":"https:\/\/eikonos.com\/ca\/#website"},"primaryImageOfPage":{"@id":"https:\/\/eikonos.com\/ca\/blog\/que-necessita-el-meu-stand-corporatiu-per-destacar-en-una-fira\/#primaryimage"},"image":{"@id":"https:\/\/eikonos.com\/ca\/blog\/que-necessita-el-meu-stand-corporatiu-per-destacar-en-una-fira\/#primaryimage"},"thumbnailUrl":"https:\/\/eikonos.com\/wp-content\/uploads\/2014\/07\/stands_stand-codorniu2.jpg","datePublished":"2015-07-15T08:15:53+00:00","description":"Quan realitzem un stand corporatiu en una fira, hem d'utilitzar tots els medis al nostre abanst per a que destaqui i causi sensaci\u00f3 davant la resta","breadcrumb":{"@id":"https:\/\/eikonos.com\/ca\/blog\/que-necessita-el-meu-stand-corporatiu-per-destacar-en-una-fira\/#breadcrumb"},"inLanguage":"ca","potentialAction":[{"@type":"ReadAction","target":["https:\/\/eikonos.com\/ca\/blog\/que-necessita-el-meu-stand-corporatiu-per-destacar-en-una-fira\/"]}]},{"@type":"ImageObject","inLanguage":"ca","@id":"https:\/\/eikonos.com\/ca\/blog\/que-necessita-el-meu-stand-corporatiu-per-destacar-en-una-fira\/#primaryimage","url":"https:\/\/eikonos.com\/wp-content\/uploads\/2014\/07\/stands_stand-codorniu2.jpg","contentUrl":"https:\/\/eikonos.com\/wp-content\/uploads\/2014\/07\/stands_stand-codorniu2.jpg","width":1238,"height":887},{"@type":"BreadcrumbList","@id":"https:\/\/eikonos.com\/ca\/blog\/que-necessita-el-meu-stand-corporatiu-per-destacar-en-una-fira\/#breadcrumb","itemListElement":[{"@type":"ListItem","position":1,"name":"EIKONOS","item":"https:\/\/eikonos.com\/ca\/inici\/"},{"@type":"ListItem","position":2,"name":"Qu\u00e8 necessita el meu stand corporatiu per destacar en una fira"}]},{"@type":"WebSite","@id":"https:\/\/eikonos.com\/ca\/#website","url":"https:\/\/eikonos.com\/ca\/","name":"EIKONOS","description":"EXPERIENCIA AUDIOVISUAL","publisher":{"@id":"https:\/\/eikonos.com\/ca\/#organization"},"potentialAction":[{"@type":"SearchAction","target":{"@type":"EntryPoint","urlTemplate":"https:\/\/eikonos.com\/ca\/?s={search_term_string}"},"query-input":{"@type":"PropertyValueSpecification","valueRequired":true,"valueName":"search_term_string"}}],"inLanguage":"ca"},{"@type":"Organization","@id":"https:\/\/eikonos.com\/ca\/#organization","name":"EIKONOS | Servicios Audiovisuales, eventos y alquiler de equipos","url":"https:\/\/eikonos.com\/ca\/","logo":{"@type":"ImageObject","inLanguage":"ca","@id":"https:\/\/eikonos.com\/ca\/#\/schema\/logo\/image\/","url":"https:\/\/eikonos.com\/wp-content\/uploads\/2020\/08\/logo-color.png","contentUrl":"https:\/\/eikonos.com\/wp-content\/uploads\/2020\/08\/logo-color.png","width":376,"height":122,"caption":"EIKONOS | Servicios Audiovisuales, eventos y alquiler de equipos"},"image":{"@id":"https:\/\/eikonos.com\/ca\/#\/schema\/logo\/image\/"},"sameAs":["http:\/\/www.facebook.com\/pages\/Eikonos\/176324785746790","https:\/\/x.com\/eikonos_sa","http:\/\/www.linkedin.com\/company\/eikonos","http:\/\/www.youtube.com\/channel\/UC8wcizWaAYbfsuqVf9wIT6w"]},{"@type":"Person","@id":"https:\/\/eikonos.com\/ca\/#\/schema\/person\/82032860cc314d826959b90595a5280a","name":"Xavi Eikonos","image":{"@type":"ImageObject","inLanguage":"ca","@id":"https:\/\/eikonos.com\/ca\/#\/schema\/person\/image\/","url":"https:\/\/secure.gravatar.com\/avatar\/a6c6b51dd0ac6902701aab24a914f6febe1518f94a5ae06db08b3d6107248dfd?s=96&d=mm&r=g","contentUrl":"https:\/\/secure.gravatar.com\/avatar\/a6c6b51dd0ac6902701aab24a914f6febe1518f94a5ae06db08b3d6107248dfd?s=96&d=mm&r=g","caption":"Xavi Eikonos"}}]}},"_links":{"self":[{"href":"https:\/\/eikonos.com\/ca\/wp-json\/wp\/v2\/posts\/2947","targetHints":{"allow":["GET"]}}],"collection":[{"href":"https:\/\/eikonos.com\/ca\/wp-json\/wp\/v2\/posts"}],"about":[{"href":"https:\/\/eikonos.com\/ca\/wp-json\/wp\/v2\/types\/post"}],"author":[{"embeddable":true,"href":"https:\/\/eikonos.com\/ca\/wp-json\/wp\/v2\/users\/6"}],"replies":[{"embeddable":true,"href":"https:\/\/eikonos.com\/ca\/wp-json\/wp\/v2\/comments?post=2947"}],"version-history":[{"count":0,"href":"https:\/\/eikonos.com\/ca\/wp-json\/wp\/v2\/posts\/2947\/revisions"}],"wp:featuredmedia":[{"embeddable":true,"href":"https:\/\/eikonos.com\/ca\/wp-json\/wp\/v2\/media\/834"}],"wp:attachment":[{"href":"https:\/\/eikonos.com\/ca\/wp-json\/wp\/v2\/media?parent=2947"}],"wp:term":[{"taxonomy":"category","embeddable":true,"href":"https:\/\/eikonos.com\/ca\/wp-json\/wp\/v2\/categories?post=2947"},{"taxonomy":"post_tag","embeddable":true,"href":"https:\/\/eikonos.com\/ca\/wp-json\/wp\/v2\/tags?post=2947"}],"curies":[{"name":"wp","href":"https:\/\/api.w.org\/{rel}","templated":true}]}}