{"id":2944,"date":"2015-07-21T10:35:59","date_gmt":"2015-07-21T08:35:59","guid":{"rendered":"http:\/\/eikonos.com\/blog\/warp-stabilizer-como-estabilizar-la-imagen-en-tus-videos-2\/"},"modified":"2015-07-21T10:35:59","modified_gmt":"2015-07-21T08:35:59","slug":"warp-stabilizer-com-estabilitzar-la-imatge-en-els-teus-videos","status":"publish","type":"post","link":"https:\/\/eikonos.com\/ca\/blog\/warp-stabilizer-com-estabilitzar-la-imatge-en-els-teus-videos\/","title":{"rendered":"Warp Stabilizer: Com estabilitzar la imatge en els teus v\u00eddeos"},"content":{"rendered":"<p style=\"text-align: justify;\">El sector audiovisual ens brinda infinites possibilitats en quan a l\u2019aplicaci\u00f3 d\u2019efectes i animaci\u00f3 per a v\u00eddeos i imatges. Aquests factors juguen un paper molt important en els projectes, ja que suposen la diferenciaci\u00f3 que prova la interacci\u00f3 i resposta que cerquen en l\u2019usuari.<\/p>\n<p style=\"text-align: justify;\">Entre la multitud defectes de v\u00eddeo que podem desenvolupar, existeix una funci\u00f3 molt efica\u00e7 per <strong>millorar la qualitat de les nostres creacions, <\/strong>sobre tot si no som professionals. Es tracta dels nombrats estabilitzadors de la imatge, en efecte que tenen una aplicaci\u00f3 fonamental en la majora de v\u00eddeos que s\u00f3n gravats en condicions, que de fet, \u00e9s un dels recursos m\u00e9s impressionants en v\u00eddeo donades les caracter\u00edstiques que aporten a la qualitat del projecte ja que permet la reducci\u00f3 de les vibracions en les captures dels v\u00eddeos i imatges quan en la presa es produeixen moviments no desitjats.<\/p>\n<p style=\"text-align: justify;\">Hi ha molts programes de postproducci\u00f3 de v\u00eddeo que ens permeten realitzar aquest tipus d\u2019estabilitzaci\u00f3, nosaltres hem volgut analitzar a Adobe, qui a trav\u00e9s del seu programa <strong>After Effects <\/strong>ens ofereix la possibilitat de posar en pr\u00e0ctica aquest tipus d\u2019efecte a trav\u00e9s del seu estabilitzat d\u2019imatge: <strong>Warp Stabilizer. <\/strong>La incre\u00efble tecnologia d\u2019Adobe no passa desapercebuda una vegada m\u00e9s, presentant-nos una <strong>funcionalitat que suavitza el moviment d\u2019una c\u00e0mera inestable<\/strong>, o el que \u00e9s el mateix, que millora qualsevol gravaci\u00f3 \u201ccasera\u201d sense tr\u00edpode en una gravaci\u00f3 professional.<\/p>\n<h2 style=\"text-align: justify;\"><span style=\"color: #ff0000;\"><strong>Com estabilitzar la imatge amb Warp Stabilizer (After Effects)?<\/strong><\/span><\/h2>\n<p style=\"text-align: justify;\">L\u2019efecte estabilitzador s\u2019aplica mitjan\u00e7ant una capa a la composici\u00f3, una vegada hem aplicat dit efecte, el programa analitza el clip de v\u00eddeo de forma immediata i assigna un seguiment de punts d\u2019enfocament entre el primer pla i el pla focal m\u00e9s allunyat. Aquest an\u00e0lisis el que aconsegueix \u00e9s <strong>suavitzar el moviment de la c\u00e0mera <\/strong>sense arribar a modificar cap par\u00e0metre. A partir d\u2019aqu\u00ed podem controlar la rigidesa en el moviment a trav\u00e9s d\u2019un regulador, i tamb\u00e9 aplicar moltes altres configuracions disponibles, com podem apreciar en el v\u00eddeo tutorial que us hem deixat a la cap\u00e7alera.<\/p>\n<p style=\"text-align: justify;\">Ara que ja coneixes una mica m\u00e9s les caracter\u00edstiques d\u2019aquest tipus d\u2019estabilitzador d\u2019imatge nom\u00e9s et queda posar-te mans a l\u2019obra i profunditzar per aplicar-ho als teus petits projectes que ho necessitin, ja que els resultats s\u00f3n pr\u00e0cticament instantanis i realment impresionats en quan a la millora del v\u00eddeo.<\/p>\n<p>&nbsp;<\/p>\n","protected":false},"excerpt":{"rendered":"<p>El sector audiovisual ens brinda infinites possibilitats en quan a l\u2019aplicaci\u00f3 d\u2019efectes i animaci\u00f3 per&#8230;<\/p>\n","protected":false},"author":6,"featured_media":0,"comment_status":"open","ping_status":"open","sticky":false,"template":"","format":"standard","meta":{"_acf_changed":false,"footnotes":""},"categories":[257,268],"tags":[352],"class_list":["post-2944","post","type-post","status-publish","format-standard","hentry","category-creacio-de-continguts","category-eikonos-ca","tag-edicio-de-video"],"acf":[],"yoast_head":"<!-- This site is optimized with the Yoast SEO plugin v26.3 - https:\/\/yoast.com\/wordpress\/plugins\/seo\/ -->\n<title>Warp Stabilizer: Com estabilitzar la imatge en els teus v\u00eddeos | EIKONOS<\/title>\n<meta name=\"description\" content=\"Estabilitzar la imagen \u00e9s una aplicaci\u00f3 fonamental en la majora de v\u00eddeos que s\u00f3n gravats en condiciones inestables, un recurs impresionant.\" \/>\n<meta name=\"robots\" content=\"index, follow, max-snippet:-1, max-image-preview:large, max-video-preview:-1\" \/>\n<link rel=\"canonical\" href=\"https:\/\/eikonos.com\/ca\/blog\/warp-stabilizer-com-estabilitzar-la-imatge-en-els-teus-videos\/\" \/>\n<meta property=\"og:locale\" content=\"ca_ES\" \/>\n<meta property=\"og:type\" content=\"article\" \/>\n<meta property=\"og:title\" content=\"Warp Stabilizer: Com estabilitzar la imatge en els teus v\u00eddeos | EIKONOS\" \/>\n<meta property=\"og:description\" content=\"Estabilitzar la imagen \u00e9s una aplicaci\u00f3 fonamental en la majora de v\u00eddeos que s\u00f3n gravats en condiciones inestables, un recurs impresionant.\" \/>\n<meta property=\"og:url\" content=\"https:\/\/eikonos.com\/ca\/blog\/warp-stabilizer-com-estabilitzar-la-imatge-en-els-teus-videos\/\" \/>\n<meta property=\"og:site_name\" content=\"EIKONOS\" \/>\n<meta property=\"article:publisher\" content=\"http:\/\/www.facebook.com\/pages\/Eikonos\/176324785746790\" \/>\n<meta property=\"article:published_time\" content=\"2015-07-21T08:35:59+00:00\" \/>\n<meta name=\"author\" content=\"Xavi Eikonos\" \/>\n<meta name=\"twitter:card\" content=\"summary_large_image\" \/>\n<meta name=\"twitter:creator\" content=\"@eikonos_sa\" \/>\n<meta name=\"twitter:site\" content=\"@eikonos_sa\" \/>\n<meta name=\"twitter:label1\" content=\"Escrit per\" \/>\n\t<meta name=\"twitter:data1\" content=\"Xavi Eikonos\" \/>\n\t<meta name=\"twitter:label2\" content=\"Temps estimat de lectura\" \/>\n\t<meta name=\"twitter:data2\" content=\"2 minuts\" \/>\n<script type=\"application\/ld+json\" class=\"yoast-schema-graph\">{\"@context\":\"https:\/\/schema.org\",\"@graph\":[{\"@type\":\"Article\",\"@id\":\"https:\/\/eikonos.com\/ca\/blog\/warp-stabilizer-com-estabilitzar-la-imatge-en-els-teus-videos\/#article\",\"isPartOf\":{\"@id\":\"https:\/\/eikonos.com\/ca\/blog\/warp-stabilizer-com-estabilitzar-la-imatge-en-els-teus-videos\/\"},\"author\":{\"name\":\"Xavi Eikonos\",\"@id\":\"https:\/\/eikonos.com\/ca\/#\/schema\/person\/82032860cc314d826959b90595a5280a\"},\"headline\":\"Warp Stabilizer: Com estabilitzar la imatge en els teus v\u00eddeos\",\"datePublished\":\"2015-07-21T08:35:59+00:00\",\"mainEntityOfPage\":{\"@id\":\"https:\/\/eikonos.com\/ca\/blog\/warp-stabilizer-com-estabilitzar-la-imatge-en-els-teus-videos\/\"},\"wordCount\":439,\"commentCount\":0,\"publisher\":{\"@id\":\"https:\/\/eikonos.com\/ca\/#organization\"},\"keywords\":[\"Edici\u00f3 de v\u00eddeo\"],\"articleSection\":[\"Creaci\u00f3 de continguts\",\"Eikonos\"],\"inLanguage\":\"ca\",\"potentialAction\":[{\"@type\":\"CommentAction\",\"name\":\"Comment\",\"target\":[\"https:\/\/eikonos.com\/ca\/blog\/warp-stabilizer-com-estabilitzar-la-imatge-en-els-teus-videos\/#respond\"]}]},{\"@type\":\"WebPage\",\"@id\":\"https:\/\/eikonos.com\/ca\/blog\/warp-stabilizer-com-estabilitzar-la-imatge-en-els-teus-videos\/\",\"url\":\"https:\/\/eikonos.com\/ca\/blog\/warp-stabilizer-com-estabilitzar-la-imatge-en-els-teus-videos\/\",\"name\":\"Warp Stabilizer: Com estabilitzar la imatge en els teus v\u00eddeos | EIKONOS\",\"isPartOf\":{\"@id\":\"https:\/\/eikonos.com\/ca\/#website\"},\"datePublished\":\"2015-07-21T08:35:59+00:00\",\"description\":\"Estabilitzar la imagen \u00e9s una aplicaci\u00f3 fonamental en la majora de v\u00eddeos que s\u00f3n gravats en condiciones inestables, un recurs impresionant.\",\"breadcrumb\":{\"@id\":\"https:\/\/eikonos.com\/ca\/blog\/warp-stabilizer-com-estabilitzar-la-imatge-en-els-teus-videos\/#breadcrumb\"},\"inLanguage\":\"ca\",\"potentialAction\":[{\"@type\":\"ReadAction\",\"target\":[\"https:\/\/eikonos.com\/ca\/blog\/warp-stabilizer-com-estabilitzar-la-imatge-en-els-teus-videos\/\"]}]},{\"@type\":\"BreadcrumbList\",\"@id\":\"https:\/\/eikonos.com\/ca\/blog\/warp-stabilizer-com-estabilitzar-la-imatge-en-els-teus-videos\/#breadcrumb\",\"itemListElement\":[{\"@type\":\"ListItem\",\"position\":1,\"name\":\"EIKONOS\",\"item\":\"https:\/\/eikonos.com\/ca\/inici\/\"},{\"@type\":\"ListItem\",\"position\":2,\"name\":\"Warp Stabilizer: Com estabilitzar la imatge en els teus v\u00eddeos\"}]},{\"@type\":\"WebSite\",\"@id\":\"https:\/\/eikonos.com\/ca\/#website\",\"url\":\"https:\/\/eikonos.com\/ca\/\",\"name\":\"EIKONOS\",\"description\":\"EXPERIENCIA AUDIOVISUAL\",\"publisher\":{\"@id\":\"https:\/\/eikonos.com\/ca\/#organization\"},\"potentialAction\":[{\"@type\":\"SearchAction\",\"target\":{\"@type\":\"EntryPoint\",\"urlTemplate\":\"https:\/\/eikonos.com\/ca\/?s={search_term_string}\"},\"query-input\":{\"@type\":\"PropertyValueSpecification\",\"valueRequired\":true,\"valueName\":\"search_term_string\"}}],\"inLanguage\":\"ca\"},{\"@type\":\"Organization\",\"@id\":\"https:\/\/eikonos.com\/ca\/#organization\",\"name\":\"EIKONOS | Servicios Audiovisuales, eventos y alquiler de equipos\",\"url\":\"https:\/\/eikonos.com\/ca\/\",\"logo\":{\"@type\":\"ImageObject\",\"inLanguage\":\"ca\",\"@id\":\"https:\/\/eikonos.com\/ca\/#\/schema\/logo\/image\/\",\"url\":\"https:\/\/eikonos.com\/wp-content\/uploads\/2020\/08\/logo-color.png\",\"contentUrl\":\"https:\/\/eikonos.com\/wp-content\/uploads\/2020\/08\/logo-color.png\",\"width\":376,\"height\":122,\"caption\":\"EIKONOS | Servicios Audiovisuales, eventos y alquiler de equipos\"},\"image\":{\"@id\":\"https:\/\/eikonos.com\/ca\/#\/schema\/logo\/image\/\"},\"sameAs\":[\"http:\/\/www.facebook.com\/pages\/Eikonos\/176324785746790\",\"https:\/\/x.com\/eikonos_sa\",\"http:\/\/www.linkedin.com\/company\/eikonos\",\"http:\/\/www.youtube.com\/channel\/UC8wcizWaAYbfsuqVf9wIT6w\"]},{\"@type\":\"Person\",\"@id\":\"https:\/\/eikonos.com\/ca\/#\/schema\/person\/82032860cc314d826959b90595a5280a\",\"name\":\"Xavi Eikonos\",\"image\":{\"@type\":\"ImageObject\",\"inLanguage\":\"ca\",\"@id\":\"https:\/\/eikonos.com\/ca\/#\/schema\/person\/image\/\",\"url\":\"https:\/\/secure.gravatar.com\/avatar\/a6c6b51dd0ac6902701aab24a914f6febe1518f94a5ae06db08b3d6107248dfd?s=96&d=mm&r=g\",\"contentUrl\":\"https:\/\/secure.gravatar.com\/avatar\/a6c6b51dd0ac6902701aab24a914f6febe1518f94a5ae06db08b3d6107248dfd?s=96&d=mm&r=g\",\"caption\":\"Xavi Eikonos\"}}]}<\/script>\n<!-- \/ Yoast SEO plugin. -->","yoast_head_json":{"title":"Warp Stabilizer: Com estabilitzar la imatge en els teus v\u00eddeos | EIKONOS","description":"Estabilitzar la imagen \u00e9s una aplicaci\u00f3 fonamental en la majora de v\u00eddeos que s\u00f3n gravats en condiciones inestables, un recurs impresionant.","robots":{"index":"index","follow":"follow","max-snippet":"max-snippet:-1","max-image-preview":"max-image-preview:large","max-video-preview":"max-video-preview:-1"},"canonical":"https:\/\/eikonos.com\/ca\/blog\/warp-stabilizer-com-estabilitzar-la-imatge-en-els-teus-videos\/","og_locale":"ca_ES","og_type":"article","og_title":"Warp Stabilizer: Com estabilitzar la imatge en els teus v\u00eddeos | EIKONOS","og_description":"Estabilitzar la imagen \u00e9s una aplicaci\u00f3 fonamental en la majora de v\u00eddeos que s\u00f3n gravats en condiciones inestables, un recurs impresionant.","og_url":"https:\/\/eikonos.com\/ca\/blog\/warp-stabilizer-com-estabilitzar-la-imatge-en-els-teus-videos\/","og_site_name":"EIKONOS","article_publisher":"http:\/\/www.facebook.com\/pages\/Eikonos\/176324785746790","article_published_time":"2015-07-21T08:35:59+00:00","author":"Xavi Eikonos","twitter_card":"summary_large_image","twitter_creator":"@eikonos_sa","twitter_site":"@eikonos_sa","twitter_misc":{"Escrit per":"Xavi Eikonos","Temps estimat de lectura":"2 minuts"},"schema":{"@context":"https:\/\/schema.org","@graph":[{"@type":"Article","@id":"https:\/\/eikonos.com\/ca\/blog\/warp-stabilizer-com-estabilitzar-la-imatge-en-els-teus-videos\/#article","isPartOf":{"@id":"https:\/\/eikonos.com\/ca\/blog\/warp-stabilizer-com-estabilitzar-la-imatge-en-els-teus-videos\/"},"author":{"name":"Xavi Eikonos","@id":"https:\/\/eikonos.com\/ca\/#\/schema\/person\/82032860cc314d826959b90595a5280a"},"headline":"Warp Stabilizer: Com estabilitzar la imatge en els teus v\u00eddeos","datePublished":"2015-07-21T08:35:59+00:00","mainEntityOfPage":{"@id":"https:\/\/eikonos.com\/ca\/blog\/warp-stabilizer-com-estabilitzar-la-imatge-en-els-teus-videos\/"},"wordCount":439,"commentCount":0,"publisher":{"@id":"https:\/\/eikonos.com\/ca\/#organization"},"keywords":["Edici\u00f3 de v\u00eddeo"],"articleSection":["Creaci\u00f3 de continguts","Eikonos"],"inLanguage":"ca","potentialAction":[{"@type":"CommentAction","name":"Comment","target":["https:\/\/eikonos.com\/ca\/blog\/warp-stabilizer-com-estabilitzar-la-imatge-en-els-teus-videos\/#respond"]}]},{"@type":"WebPage","@id":"https:\/\/eikonos.com\/ca\/blog\/warp-stabilizer-com-estabilitzar-la-imatge-en-els-teus-videos\/","url":"https:\/\/eikonos.com\/ca\/blog\/warp-stabilizer-com-estabilitzar-la-imatge-en-els-teus-videos\/","name":"Warp Stabilizer: Com estabilitzar la imatge en els teus v\u00eddeos | EIKONOS","isPartOf":{"@id":"https:\/\/eikonos.com\/ca\/#website"},"datePublished":"2015-07-21T08:35:59+00:00","description":"Estabilitzar la imagen \u00e9s una aplicaci\u00f3 fonamental en la majora de v\u00eddeos que s\u00f3n gravats en condiciones inestables, un recurs impresionant.","breadcrumb":{"@id":"https:\/\/eikonos.com\/ca\/blog\/warp-stabilizer-com-estabilitzar-la-imatge-en-els-teus-videos\/#breadcrumb"},"inLanguage":"ca","potentialAction":[{"@type":"ReadAction","target":["https:\/\/eikonos.com\/ca\/blog\/warp-stabilizer-com-estabilitzar-la-imatge-en-els-teus-videos\/"]}]},{"@type":"BreadcrumbList","@id":"https:\/\/eikonos.com\/ca\/blog\/warp-stabilizer-com-estabilitzar-la-imatge-en-els-teus-videos\/#breadcrumb","itemListElement":[{"@type":"ListItem","position":1,"name":"EIKONOS","item":"https:\/\/eikonos.com\/ca\/inici\/"},{"@type":"ListItem","position":2,"name":"Warp Stabilizer: Com estabilitzar la imatge en els teus v\u00eddeos"}]},{"@type":"WebSite","@id":"https:\/\/eikonos.com\/ca\/#website","url":"https:\/\/eikonos.com\/ca\/","name":"EIKONOS","description":"EXPERIENCIA AUDIOVISUAL","publisher":{"@id":"https:\/\/eikonos.com\/ca\/#organization"},"potentialAction":[{"@type":"SearchAction","target":{"@type":"EntryPoint","urlTemplate":"https:\/\/eikonos.com\/ca\/?s={search_term_string}"},"query-input":{"@type":"PropertyValueSpecification","valueRequired":true,"valueName":"search_term_string"}}],"inLanguage":"ca"},{"@type":"Organization","@id":"https:\/\/eikonos.com\/ca\/#organization","name":"EIKONOS | Servicios Audiovisuales, eventos y alquiler de equipos","url":"https:\/\/eikonos.com\/ca\/","logo":{"@type":"ImageObject","inLanguage":"ca","@id":"https:\/\/eikonos.com\/ca\/#\/schema\/logo\/image\/","url":"https:\/\/eikonos.com\/wp-content\/uploads\/2020\/08\/logo-color.png","contentUrl":"https:\/\/eikonos.com\/wp-content\/uploads\/2020\/08\/logo-color.png","width":376,"height":122,"caption":"EIKONOS | Servicios Audiovisuales, eventos y alquiler de equipos"},"image":{"@id":"https:\/\/eikonos.com\/ca\/#\/schema\/logo\/image\/"},"sameAs":["http:\/\/www.facebook.com\/pages\/Eikonos\/176324785746790","https:\/\/x.com\/eikonos_sa","http:\/\/www.linkedin.com\/company\/eikonos","http:\/\/www.youtube.com\/channel\/UC8wcizWaAYbfsuqVf9wIT6w"]},{"@type":"Person","@id":"https:\/\/eikonos.com\/ca\/#\/schema\/person\/82032860cc314d826959b90595a5280a","name":"Xavi Eikonos","image":{"@type":"ImageObject","inLanguage":"ca","@id":"https:\/\/eikonos.com\/ca\/#\/schema\/person\/image\/","url":"https:\/\/secure.gravatar.com\/avatar\/a6c6b51dd0ac6902701aab24a914f6febe1518f94a5ae06db08b3d6107248dfd?s=96&d=mm&r=g","contentUrl":"https:\/\/secure.gravatar.com\/avatar\/a6c6b51dd0ac6902701aab24a914f6febe1518f94a5ae06db08b3d6107248dfd?s=96&d=mm&r=g","caption":"Xavi Eikonos"}}]}},"_links":{"self":[{"href":"https:\/\/eikonos.com\/ca\/wp-json\/wp\/v2\/posts\/2944","targetHints":{"allow":["GET"]}}],"collection":[{"href":"https:\/\/eikonos.com\/ca\/wp-json\/wp\/v2\/posts"}],"about":[{"href":"https:\/\/eikonos.com\/ca\/wp-json\/wp\/v2\/types\/post"}],"author":[{"embeddable":true,"href":"https:\/\/eikonos.com\/ca\/wp-json\/wp\/v2\/users\/6"}],"replies":[{"embeddable":true,"href":"https:\/\/eikonos.com\/ca\/wp-json\/wp\/v2\/comments?post=2944"}],"version-history":[{"count":0,"href":"https:\/\/eikonos.com\/ca\/wp-json\/wp\/v2\/posts\/2944\/revisions"}],"wp:attachment":[{"href":"https:\/\/eikonos.com\/ca\/wp-json\/wp\/v2\/media?parent=2944"}],"wp:term":[{"taxonomy":"category","embeddable":true,"href":"https:\/\/eikonos.com\/ca\/wp-json\/wp\/v2\/categories?post=2944"},{"taxonomy":"post_tag","embeddable":true,"href":"https:\/\/eikonos.com\/ca\/wp-json\/wp\/v2\/tags?post=2944"}],"curies":[{"name":"wp","href":"https:\/\/api.w.org\/{rel}","templated":true}]}}