{"id":2941,"date":"2015-07-28T08:46:50","date_gmt":"2015-07-28T06:46:50","guid":{"rendered":"http:\/\/eikonos.com\/blog\/la-importancia-de-los-proyectores-audiovisuales-para-montar-un-buen-cine-de-verano-2\/"},"modified":"2015-07-28T08:46:50","modified_gmt":"2015-07-28T06:46:50","slug":"la-importancia-dels-projectors-audiovisuals-per-muntar-un-bon-cinema-destiu","status":"publish","type":"post","link":"https:\/\/eikonos.com\/ca\/blog\/la-importancia-dels-projectors-audiovisuals-per-muntar-un-bon-cinema-destiu\/","title":{"rendered":"La import\u00e0ncia dels projectors audiovisuals per muntar un bon cinema d\u2019estiu"},"content":{"rendered":"<p style=\"text-align: justify;\">Estem a l\u2019estiu, \u00e8poca on tots sortim al carrer a gaudir de les bones temperatures i de les possibilitats d\u2019oci que en aquestes trobem. Entre elles, una de les que m\u00e9s triomf s\u00f3n els cinemes d\u2019estiu.<\/p>\n<p style=\"text-align: justify;\">De juny a setembre s\u00f3n molts i variats els cinemes d\u2019estiu que es poden gaudir al llarg de tota la geografia: des de els municipals, que aprofiten llocs emblem\u00e0tics de la ciutat com sales improvisades de cine, iniciatives privades que aprofiten patis o est\u00e0ncies a l\u2019aire lliure per als seus passes, fins les propostes ve\u00efnals, que nom\u00e9s calen carrers i racons p\u00fablics del barri per a que amb v\u00e0ries cadires i molta il\u00b7lusi\u00f3 compartir moments cin\u00e8fils.<\/p>\n<h2 style=\"text-align: justify;\"><span style=\"color: #ff0000;\">El combo projector-pantalla-so per arribar a tots els p\u00fablics<\/span><\/h2>\n<p style=\"text-align: justify;\">Un cinema d\u2019estiu \u00e9s cine perqu\u00e8 reprodueix les <strong>sensacions que es produiran en la sala tot i trobar-se a l\u2019aire lliure, <\/strong>sense\u00a0 la protecci\u00f3 de l\u2019ac\u00fastica i els reflexes que proporcionen quatre parets. Com aconsegueixen que, per a una audi\u00e8ncia major de la que podria haver-hi en la majoria dels casos en una sala de cine, tan els de primera com \u00faltima fila no perdin detall de la definici\u00f3 ni del so?<\/p>\n<p style=\"text-align: justify;\">La resposta est\u00e0 en l\u2019elecci\u00f3 d\u2019un bon\u00a0<a href=\"https:\/\/eikonos.com\/ca\/portfolio_page\/equips-de-so\/\">equip de so<\/a>\u00a0i una pantalla de projecci\u00f3 acord a la mesura necess\u00e0ria per l\u2019espai escollit. \u00d2bviament un cinema d\u2019estiu que ocupi l\u2019extenci\u00f3 de mig camp de futbol, necessitar\u00e0 una <strong>pantalla jumbo acord a aquesta mesura <\/strong>i el condicionament adequat per a una audi\u00e8ncia molt nombra m\u00e9s enll\u00e0 dels 1.000-2.000 espectadors que tenen una sala mitja de cine de gran mesura.<\/p>\n<blockquote>\n<p style=\"text-align: justify;\"><em><span style=\"color: #ff0000;\">\u00a0\u201cL\u2019extensi\u00f3 destinada per instal\u00b7lar el cine d\u2019estiu \u00e9s important per saber la dist\u00e0ncia des de la pantalla fins a l\u2019\u00faltim espectador, i acord a aquesta mesura es determinar\u00e0 la intensitat de cada element audiovisual\u201d<\/span><\/em><\/p>\n<\/blockquote>\n<p style=\"text-align: justify;\">Per\u00f2 sobre tot, el que assegura l\u2019\u00e8xit d\u2019una bona sessi\u00f3 cinematogr\u00e0fica a l\u2019aire lliure \u00e9s l\u2019amplia oferta de projectors, que van des dels \u00f2ptims per projectar en petites sales i auditoris, fins als que b\u00e9 podrien cobrir les necessitats de l\u2019estadi mencionat amb anterioritat.<\/p>\n<p style=\"text-align: justify;\">Per aix\u00f2, el m\u00e9s important \u00e9s saber\u00a0<a href=\"https:\/\/eikonos.com\/ca\/blog\/triar-projector-esdeveniment-audiovisual\/\">com escollir el millor projector per l&#8217;esdeveniment audiovisual<\/a>,\u00a0i a partir d\u2019aqu\u00ed, adequar la resta de necessitats.<\/p>\n<h2 style=\"text-align: justify;\"><span style=\"color: #ff0000;\">En els\u00a0ANSI Lm est\u00e0 la clave<\/span><\/h2>\n<p style=\"text-align: justify;\">Si ens fixem en les <a href=\"https:\/\/eikonos.com\/ca\/portfolio_page\/projectors\/\">caracter\u00edstiques d&#8217;un bon projector<\/a>, trobarem una guia num\u00e8rica denominada <strong>ANSI Lm. <\/strong>Tot i que no hem de caure en l\u2019error, es tracta de dos conceptes diferents.<\/p>\n<p style=\"text-align: justify;\">Per una banda tenim ANSI, que s\u00f3n les sigles del <strong>American National Standards Institute, <\/strong>un organisme que s\u2019encarrega de certificar que una determinada medici\u00f3 \u2013 per exemple, en aquest cas la medici\u00f3 de la intenci\u00f3 lluminosa d\u2019un aparell- \u00e9s correcta. Un <strong>certitificat de garantia i qualitat imprescindible <\/strong>\u00e9s quan parlem de possibles subjectivitats com un rang lum\u00ednic.<\/p>\n<p style=\"text-align: justify;\">Per altra banda tenim Lm, abreviaci\u00f3 de <strong>Lumen, <\/strong>la unitat que s\u2019utilitza per mesurar la <strong>for\u00e7a del flux llumin\u00f3s<\/strong>, \u00e9s a dir, la intensitat amb la que una l\u00e0mpara, lot, projector o dispositiu similar pot il\u00b7luminar un espai o superf\u00edcie.<\/p>\n<h2 style=\"text-align: justify;\"><span style=\"color: #ff0000;\">Quants ANSI Lm necessito?<\/span><\/h2>\n<p style=\"text-align: justify;\">A partir dels 200-400 ANSI Lm ja parlem de <strong>projectors audiovisual de qualitat, <\/strong>tot i que per un \u00e0mbit redu\u00eft com podria ser una sala, pel que no \u00e9s adequat per exteriors ja que es pot veure compromesa la definici\u00f3 de centelleigs, brillantors y altres circumst\u00e0ncies de l\u2019entorn.<\/p>\n<p style=\"text-align: justify;\">Per exteriors i m\u00e9s concretament un cine d\u2019estiu, <strong>a partir dels 15.000 ANSI Lm podr\u00edem solucionar les necessitats d\u2019un cine de barri <\/strong>i al voltant dels <strong>30.000 les d\u2019un auditori i formats panor\u00e0mics. <\/strong>A partir d\u2019aqu\u00ed ja parlem de qualitats pr\u00f2pies per macro-esdeveniments i que s\u2019adapten a circumst\u00e0ncies com les de projectar en superf\u00edcies en relleu.<\/p>\n<p style=\"text-align: justify;\">Si ens falt\u00e9s pot\u00e8ncia llum\u00ednica per tenir una il\u00b7luminaci\u00f3, natural o artificial, que no podem controlar i que molest\u00e9s a la projecci\u00f3 es pot rec\u00f3rrer a l\u2019\u00fas de dos projector que es solapen amb la mateixa imatge. \u00c9s el que coneixem com una <strong>projecci\u00f3 DUAL. <\/strong>D\u2019aquesta forma es pot doblar la pot\u00e8ncia lum\u00ednica i aix\u00ed millorar la visibilitat en condicions adverses.<\/p>\n","protected":false},"excerpt":{"rendered":"<p>Estem a l\u2019estiu, \u00e8poca on tots sortim al carrer a gaudir de les bones temperatures&#8230;<\/p>\n","protected":false},"author":6,"featured_media":2116,"comment_status":"open","ping_status":"open","sticky":false,"template":"","format":"standard","meta":{"_acf_changed":false,"footnotes":""},"categories":[260,262],"tags":[350],"class_list":["post-2941","post","type-post","status-publish","format-standard","has-post-thumbnail","hentry","category-esdeveniments-audiovisuals","category-lloguer-dequips","tag-lloguer-de-material-audiovisual"],"acf":[],"yoast_head":"<!-- This site is optimized with the Yoast SEO plugin v26.3 - https:\/\/yoast.com\/wordpress\/plugins\/seo\/ -->\n<title>La import\u00e0ncia dels projectors audiovisuals per muntar un bon cinema d\u2019estiu | EIKONOS<\/title>\n<meta name=\"description\" content=\"En quan a oci, els cines d&#039;estiu triomfen en aquesta \u00e8poca. Qu\u00e8 fan possible aquests espais i per qu\u00e8 s\u00f3n importants els seus projectors audiovisuals?\" \/>\n<meta name=\"robots\" content=\"index, follow, max-snippet:-1, max-image-preview:large, max-video-preview:-1\" \/>\n<link rel=\"canonical\" href=\"https:\/\/eikonos.com\/ca\/blog\/la-importancia-dels-projectors-audiovisuals-per-muntar-un-bon-cinema-destiu\/\" \/>\n<meta property=\"og:locale\" content=\"ca_ES\" \/>\n<meta property=\"og:type\" content=\"article\" \/>\n<meta property=\"og:title\" content=\"La import\u00e0ncia dels projectors audiovisuals per muntar un bon cinema d\u2019estiu | EIKONOS\" \/>\n<meta property=\"og:description\" content=\"En quan a oci, els cines d&#039;estiu triomfen en aquesta \u00e8poca. Qu\u00e8 fan possible aquests espais i per qu\u00e8 s\u00f3n importants els seus projectors audiovisuals?\" \/>\n<meta property=\"og:url\" content=\"https:\/\/eikonos.com\/ca\/blog\/la-importancia-dels-projectors-audiovisuals-per-muntar-un-bon-cinema-destiu\/\" \/>\n<meta property=\"og:site_name\" content=\"EIKONOS\" \/>\n<meta property=\"article:publisher\" content=\"http:\/\/www.facebook.com\/pages\/Eikonos\/176324785746790\" \/>\n<meta property=\"article:published_time\" content=\"2015-07-28T06:46:50+00:00\" \/>\n<meta property=\"og:image\" content=\"https:\/\/eikonos.com\/wp-content\/uploads\/2015\/07\/Fotolia_86388164_Subscription_Monthly_M.jpg\" \/>\n\t<meta property=\"og:image:width\" content=\"1688\" \/>\n\t<meta property=\"og:image:height\" content=\"1125\" \/>\n\t<meta property=\"og:image:type\" content=\"image\/jpeg\" \/>\n<meta name=\"author\" content=\"Xavi Eikonos\" \/>\n<meta name=\"twitter:card\" content=\"summary_large_image\" \/>\n<meta name=\"twitter:creator\" content=\"@eikonos_sa\" \/>\n<meta name=\"twitter:site\" content=\"@eikonos_sa\" \/>\n<meta name=\"twitter:label1\" content=\"Escrit per\" \/>\n\t<meta name=\"twitter:data1\" content=\"Xavi Eikonos\" \/>\n\t<meta name=\"twitter:label2\" content=\"Temps estimat de lectura\" \/>\n\t<meta name=\"twitter:data2\" content=\"4 minuts\" \/>\n<script type=\"application\/ld+json\" class=\"yoast-schema-graph\">{\"@context\":\"https:\/\/schema.org\",\"@graph\":[{\"@type\":\"Article\",\"@id\":\"https:\/\/eikonos.com\/ca\/blog\/la-importancia-dels-projectors-audiovisuals-per-muntar-un-bon-cinema-destiu\/#article\",\"isPartOf\":{\"@id\":\"https:\/\/eikonos.com\/ca\/blog\/la-importancia-dels-projectors-audiovisuals-per-muntar-un-bon-cinema-destiu\/\"},\"author\":{\"name\":\"Xavi Eikonos\",\"@id\":\"https:\/\/eikonos.com\/ca\/#\/schema\/person\/82032860cc314d826959b90595a5280a\"},\"headline\":\"La import\u00e0ncia dels projectors audiovisuals per muntar un bon cinema d\u2019estiu\",\"datePublished\":\"2015-07-28T06:46:50+00:00\",\"mainEntityOfPage\":{\"@id\":\"https:\/\/eikonos.com\/ca\/blog\/la-importancia-dels-projectors-audiovisuals-per-muntar-un-bon-cinema-destiu\/\"},\"wordCount\":759,\"commentCount\":0,\"publisher\":{\"@id\":\"https:\/\/eikonos.com\/ca\/#organization\"},\"image\":{\"@id\":\"https:\/\/eikonos.com\/ca\/blog\/la-importancia-dels-projectors-audiovisuals-per-muntar-un-bon-cinema-destiu\/#primaryimage\"},\"thumbnailUrl\":\"https:\/\/eikonos.com\/wp-content\/uploads\/2015\/07\/Fotolia_86388164_Subscription_Monthly_M.jpg\",\"keywords\":[\"Lloguer de material audiovisual\"],\"articleSection\":[\"Esdeveniments audiovisuals\",\"Lloguer d'equips\"],\"inLanguage\":\"ca\",\"potentialAction\":[{\"@type\":\"CommentAction\",\"name\":\"Comment\",\"target\":[\"https:\/\/eikonos.com\/ca\/blog\/la-importancia-dels-projectors-audiovisuals-per-muntar-un-bon-cinema-destiu\/#respond\"]}]},{\"@type\":\"WebPage\",\"@id\":\"https:\/\/eikonos.com\/ca\/blog\/la-importancia-dels-projectors-audiovisuals-per-muntar-un-bon-cinema-destiu\/\",\"url\":\"https:\/\/eikonos.com\/ca\/blog\/la-importancia-dels-projectors-audiovisuals-per-muntar-un-bon-cinema-destiu\/\",\"name\":\"La import\u00e0ncia dels projectors audiovisuals per muntar un bon cinema d\u2019estiu | EIKONOS\",\"isPartOf\":{\"@id\":\"https:\/\/eikonos.com\/ca\/#website\"},\"primaryImageOfPage\":{\"@id\":\"https:\/\/eikonos.com\/ca\/blog\/la-importancia-dels-projectors-audiovisuals-per-muntar-un-bon-cinema-destiu\/#primaryimage\"},\"image\":{\"@id\":\"https:\/\/eikonos.com\/ca\/blog\/la-importancia-dels-projectors-audiovisuals-per-muntar-un-bon-cinema-destiu\/#primaryimage\"},\"thumbnailUrl\":\"https:\/\/eikonos.com\/wp-content\/uploads\/2015\/07\/Fotolia_86388164_Subscription_Monthly_M.jpg\",\"datePublished\":\"2015-07-28T06:46:50+00:00\",\"description\":\"En quan a oci, els cines d'estiu triomfen en aquesta \u00e8poca. Qu\u00e8 fan possible aquests espais i per qu\u00e8 s\u00f3n importants els seus projectors audiovisuals?\",\"breadcrumb\":{\"@id\":\"https:\/\/eikonos.com\/ca\/blog\/la-importancia-dels-projectors-audiovisuals-per-muntar-un-bon-cinema-destiu\/#breadcrumb\"},\"inLanguage\":\"ca\",\"potentialAction\":[{\"@type\":\"ReadAction\",\"target\":[\"https:\/\/eikonos.com\/ca\/blog\/la-importancia-dels-projectors-audiovisuals-per-muntar-un-bon-cinema-destiu\/\"]}]},{\"@type\":\"ImageObject\",\"inLanguage\":\"ca\",\"@id\":\"https:\/\/eikonos.com\/ca\/blog\/la-importancia-dels-projectors-audiovisuals-per-muntar-un-bon-cinema-destiu\/#primaryimage\",\"url\":\"https:\/\/eikonos.com\/wp-content\/uploads\/2015\/07\/Fotolia_86388164_Subscription_Monthly_M.jpg\",\"contentUrl\":\"https:\/\/eikonos.com\/wp-content\/uploads\/2015\/07\/Fotolia_86388164_Subscription_Monthly_M.jpg\",\"width\":1688,\"height\":1125,\"caption\":\"Audiovisuales para cine de verano\"},{\"@type\":\"BreadcrumbList\",\"@id\":\"https:\/\/eikonos.com\/ca\/blog\/la-importancia-dels-projectors-audiovisuals-per-muntar-un-bon-cinema-destiu\/#breadcrumb\",\"itemListElement\":[{\"@type\":\"ListItem\",\"position\":1,\"name\":\"EIKONOS\",\"item\":\"https:\/\/eikonos.com\/ca\/inici\/\"},{\"@type\":\"ListItem\",\"position\":2,\"name\":\"La import\u00e0ncia dels projectors audiovisuals per muntar un bon cinema d\u2019estiu\"}]},{\"@type\":\"WebSite\",\"@id\":\"https:\/\/eikonos.com\/ca\/#website\",\"url\":\"https:\/\/eikonos.com\/ca\/\",\"name\":\"EIKONOS\",\"description\":\"EXPERIENCIA AUDIOVISUAL\",\"publisher\":{\"@id\":\"https:\/\/eikonos.com\/ca\/#organization\"},\"potentialAction\":[{\"@type\":\"SearchAction\",\"target\":{\"@type\":\"EntryPoint\",\"urlTemplate\":\"https:\/\/eikonos.com\/ca\/?s={search_term_string}\"},\"query-input\":{\"@type\":\"PropertyValueSpecification\",\"valueRequired\":true,\"valueName\":\"search_term_string\"}}],\"inLanguage\":\"ca\"},{\"@type\":\"Organization\",\"@id\":\"https:\/\/eikonos.com\/ca\/#organization\",\"name\":\"EIKONOS | Servicios Audiovisuales, eventos y alquiler de equipos\",\"url\":\"https:\/\/eikonos.com\/ca\/\",\"logo\":{\"@type\":\"ImageObject\",\"inLanguage\":\"ca\",\"@id\":\"https:\/\/eikonos.com\/ca\/#\/schema\/logo\/image\/\",\"url\":\"https:\/\/eikonos.com\/wp-content\/uploads\/2020\/08\/logo-color.png\",\"contentUrl\":\"https:\/\/eikonos.com\/wp-content\/uploads\/2020\/08\/logo-color.png\",\"width\":376,\"height\":122,\"caption\":\"EIKONOS | Servicios Audiovisuales, eventos y alquiler de equipos\"},\"image\":{\"@id\":\"https:\/\/eikonos.com\/ca\/#\/schema\/logo\/image\/\"},\"sameAs\":[\"http:\/\/www.facebook.com\/pages\/Eikonos\/176324785746790\",\"https:\/\/x.com\/eikonos_sa\",\"http:\/\/www.linkedin.com\/company\/eikonos\",\"http:\/\/www.youtube.com\/channel\/UC8wcizWaAYbfsuqVf9wIT6w\"]},{\"@type\":\"Person\",\"@id\":\"https:\/\/eikonos.com\/ca\/#\/schema\/person\/82032860cc314d826959b90595a5280a\",\"name\":\"Xavi Eikonos\",\"image\":{\"@type\":\"ImageObject\",\"inLanguage\":\"ca\",\"@id\":\"https:\/\/eikonos.com\/ca\/#\/schema\/person\/image\/\",\"url\":\"https:\/\/secure.gravatar.com\/avatar\/a6c6b51dd0ac6902701aab24a914f6febe1518f94a5ae06db08b3d6107248dfd?s=96&d=mm&r=g\",\"contentUrl\":\"https:\/\/secure.gravatar.com\/avatar\/a6c6b51dd0ac6902701aab24a914f6febe1518f94a5ae06db08b3d6107248dfd?s=96&d=mm&r=g\",\"caption\":\"Xavi Eikonos\"}}]}<\/script>\n<!-- \/ Yoast SEO plugin. -->","yoast_head_json":{"title":"La import\u00e0ncia dels projectors audiovisuals per muntar un bon cinema d\u2019estiu | EIKONOS","description":"En quan a oci, els cines d'estiu triomfen en aquesta \u00e8poca. Qu\u00e8 fan possible aquests espais i per qu\u00e8 s\u00f3n importants els seus projectors audiovisuals?","robots":{"index":"index","follow":"follow","max-snippet":"max-snippet:-1","max-image-preview":"max-image-preview:large","max-video-preview":"max-video-preview:-1"},"canonical":"https:\/\/eikonos.com\/ca\/blog\/la-importancia-dels-projectors-audiovisuals-per-muntar-un-bon-cinema-destiu\/","og_locale":"ca_ES","og_type":"article","og_title":"La import\u00e0ncia dels projectors audiovisuals per muntar un bon cinema d\u2019estiu | EIKONOS","og_description":"En quan a oci, els cines d'estiu triomfen en aquesta \u00e8poca. Qu\u00e8 fan possible aquests espais i per qu\u00e8 s\u00f3n importants els seus projectors audiovisuals?","og_url":"https:\/\/eikonos.com\/ca\/blog\/la-importancia-dels-projectors-audiovisuals-per-muntar-un-bon-cinema-destiu\/","og_site_name":"EIKONOS","article_publisher":"http:\/\/www.facebook.com\/pages\/Eikonos\/176324785746790","article_published_time":"2015-07-28T06:46:50+00:00","og_image":[{"width":1688,"height":1125,"url":"https:\/\/eikonos.com\/wp-content\/uploads\/2015\/07\/Fotolia_86388164_Subscription_Monthly_M.jpg","type":"image\/jpeg"}],"author":"Xavi Eikonos","twitter_card":"summary_large_image","twitter_creator":"@eikonos_sa","twitter_site":"@eikonos_sa","twitter_misc":{"Escrit per":"Xavi Eikonos","Temps estimat de lectura":"4 minuts"},"schema":{"@context":"https:\/\/schema.org","@graph":[{"@type":"Article","@id":"https:\/\/eikonos.com\/ca\/blog\/la-importancia-dels-projectors-audiovisuals-per-muntar-un-bon-cinema-destiu\/#article","isPartOf":{"@id":"https:\/\/eikonos.com\/ca\/blog\/la-importancia-dels-projectors-audiovisuals-per-muntar-un-bon-cinema-destiu\/"},"author":{"name":"Xavi Eikonos","@id":"https:\/\/eikonos.com\/ca\/#\/schema\/person\/82032860cc314d826959b90595a5280a"},"headline":"La import\u00e0ncia dels projectors audiovisuals per muntar un bon cinema d\u2019estiu","datePublished":"2015-07-28T06:46:50+00:00","mainEntityOfPage":{"@id":"https:\/\/eikonos.com\/ca\/blog\/la-importancia-dels-projectors-audiovisuals-per-muntar-un-bon-cinema-destiu\/"},"wordCount":759,"commentCount":0,"publisher":{"@id":"https:\/\/eikonos.com\/ca\/#organization"},"image":{"@id":"https:\/\/eikonos.com\/ca\/blog\/la-importancia-dels-projectors-audiovisuals-per-muntar-un-bon-cinema-destiu\/#primaryimage"},"thumbnailUrl":"https:\/\/eikonos.com\/wp-content\/uploads\/2015\/07\/Fotolia_86388164_Subscription_Monthly_M.jpg","keywords":["Lloguer de material audiovisual"],"articleSection":["Esdeveniments audiovisuals","Lloguer d'equips"],"inLanguage":"ca","potentialAction":[{"@type":"CommentAction","name":"Comment","target":["https:\/\/eikonos.com\/ca\/blog\/la-importancia-dels-projectors-audiovisuals-per-muntar-un-bon-cinema-destiu\/#respond"]}]},{"@type":"WebPage","@id":"https:\/\/eikonos.com\/ca\/blog\/la-importancia-dels-projectors-audiovisuals-per-muntar-un-bon-cinema-destiu\/","url":"https:\/\/eikonos.com\/ca\/blog\/la-importancia-dels-projectors-audiovisuals-per-muntar-un-bon-cinema-destiu\/","name":"La import\u00e0ncia dels projectors audiovisuals per muntar un bon cinema d\u2019estiu | EIKONOS","isPartOf":{"@id":"https:\/\/eikonos.com\/ca\/#website"},"primaryImageOfPage":{"@id":"https:\/\/eikonos.com\/ca\/blog\/la-importancia-dels-projectors-audiovisuals-per-muntar-un-bon-cinema-destiu\/#primaryimage"},"image":{"@id":"https:\/\/eikonos.com\/ca\/blog\/la-importancia-dels-projectors-audiovisuals-per-muntar-un-bon-cinema-destiu\/#primaryimage"},"thumbnailUrl":"https:\/\/eikonos.com\/wp-content\/uploads\/2015\/07\/Fotolia_86388164_Subscription_Monthly_M.jpg","datePublished":"2015-07-28T06:46:50+00:00","description":"En quan a oci, els cines d'estiu triomfen en aquesta \u00e8poca. Qu\u00e8 fan possible aquests espais i per qu\u00e8 s\u00f3n importants els seus projectors audiovisuals?","breadcrumb":{"@id":"https:\/\/eikonos.com\/ca\/blog\/la-importancia-dels-projectors-audiovisuals-per-muntar-un-bon-cinema-destiu\/#breadcrumb"},"inLanguage":"ca","potentialAction":[{"@type":"ReadAction","target":["https:\/\/eikonos.com\/ca\/blog\/la-importancia-dels-projectors-audiovisuals-per-muntar-un-bon-cinema-destiu\/"]}]},{"@type":"ImageObject","inLanguage":"ca","@id":"https:\/\/eikonos.com\/ca\/blog\/la-importancia-dels-projectors-audiovisuals-per-muntar-un-bon-cinema-destiu\/#primaryimage","url":"https:\/\/eikonos.com\/wp-content\/uploads\/2015\/07\/Fotolia_86388164_Subscription_Monthly_M.jpg","contentUrl":"https:\/\/eikonos.com\/wp-content\/uploads\/2015\/07\/Fotolia_86388164_Subscription_Monthly_M.jpg","width":1688,"height":1125,"caption":"Audiovisuales para cine de verano"},{"@type":"BreadcrumbList","@id":"https:\/\/eikonos.com\/ca\/blog\/la-importancia-dels-projectors-audiovisuals-per-muntar-un-bon-cinema-destiu\/#breadcrumb","itemListElement":[{"@type":"ListItem","position":1,"name":"EIKONOS","item":"https:\/\/eikonos.com\/ca\/inici\/"},{"@type":"ListItem","position":2,"name":"La import\u00e0ncia dels projectors audiovisuals per muntar un bon cinema d\u2019estiu"}]},{"@type":"WebSite","@id":"https:\/\/eikonos.com\/ca\/#website","url":"https:\/\/eikonos.com\/ca\/","name":"EIKONOS","description":"EXPERIENCIA AUDIOVISUAL","publisher":{"@id":"https:\/\/eikonos.com\/ca\/#organization"},"potentialAction":[{"@type":"SearchAction","target":{"@type":"EntryPoint","urlTemplate":"https:\/\/eikonos.com\/ca\/?s={search_term_string}"},"query-input":{"@type":"PropertyValueSpecification","valueRequired":true,"valueName":"search_term_string"}}],"inLanguage":"ca"},{"@type":"Organization","@id":"https:\/\/eikonos.com\/ca\/#organization","name":"EIKONOS | Servicios Audiovisuales, eventos y alquiler de equipos","url":"https:\/\/eikonos.com\/ca\/","logo":{"@type":"ImageObject","inLanguage":"ca","@id":"https:\/\/eikonos.com\/ca\/#\/schema\/logo\/image\/","url":"https:\/\/eikonos.com\/wp-content\/uploads\/2020\/08\/logo-color.png","contentUrl":"https:\/\/eikonos.com\/wp-content\/uploads\/2020\/08\/logo-color.png","width":376,"height":122,"caption":"EIKONOS | Servicios Audiovisuales, eventos y alquiler de equipos"},"image":{"@id":"https:\/\/eikonos.com\/ca\/#\/schema\/logo\/image\/"},"sameAs":["http:\/\/www.facebook.com\/pages\/Eikonos\/176324785746790","https:\/\/x.com\/eikonos_sa","http:\/\/www.linkedin.com\/company\/eikonos","http:\/\/www.youtube.com\/channel\/UC8wcizWaAYbfsuqVf9wIT6w"]},{"@type":"Person","@id":"https:\/\/eikonos.com\/ca\/#\/schema\/person\/82032860cc314d826959b90595a5280a","name":"Xavi Eikonos","image":{"@type":"ImageObject","inLanguage":"ca","@id":"https:\/\/eikonos.com\/ca\/#\/schema\/person\/image\/","url":"https:\/\/secure.gravatar.com\/avatar\/a6c6b51dd0ac6902701aab24a914f6febe1518f94a5ae06db08b3d6107248dfd?s=96&d=mm&r=g","contentUrl":"https:\/\/secure.gravatar.com\/avatar\/a6c6b51dd0ac6902701aab24a914f6febe1518f94a5ae06db08b3d6107248dfd?s=96&d=mm&r=g","caption":"Xavi Eikonos"}}]}},"_links":{"self":[{"href":"https:\/\/eikonos.com\/ca\/wp-json\/wp\/v2\/posts\/2941","targetHints":{"allow":["GET"]}}],"collection":[{"href":"https:\/\/eikonos.com\/ca\/wp-json\/wp\/v2\/posts"}],"about":[{"href":"https:\/\/eikonos.com\/ca\/wp-json\/wp\/v2\/types\/post"}],"author":[{"embeddable":true,"href":"https:\/\/eikonos.com\/ca\/wp-json\/wp\/v2\/users\/6"}],"replies":[{"embeddable":true,"href":"https:\/\/eikonos.com\/ca\/wp-json\/wp\/v2\/comments?post=2941"}],"version-history":[{"count":0,"href":"https:\/\/eikonos.com\/ca\/wp-json\/wp\/v2\/posts\/2941\/revisions"}],"wp:featuredmedia":[{"embeddable":true,"href":"https:\/\/eikonos.com\/ca\/wp-json\/wp\/v2\/media\/2116"}],"wp:attachment":[{"href":"https:\/\/eikonos.com\/ca\/wp-json\/wp\/v2\/media?parent=2941"}],"wp:term":[{"taxonomy":"category","embeddable":true,"href":"https:\/\/eikonos.com\/ca\/wp-json\/wp\/v2\/categories?post=2941"},{"taxonomy":"post_tag","embeddable":true,"href":"https:\/\/eikonos.com\/ca\/wp-json\/wp\/v2\/tags?post=2941"}],"curies":[{"name":"wp","href":"https:\/\/api.w.org\/{rel}","templated":true}]}}