{"id":2935,"date":"2015-08-14T14:13:16","date_gmt":"2015-08-14T12:13:16","guid":{"rendered":"http:\/\/eikonos.com\/blog\/alquiler-de-luces-para-terrazas-en-verano-marca-la-diferencia-2\/"},"modified":"2015-08-14T14:13:16","modified_gmt":"2015-08-14T12:13:16","slug":"lloguer-de-llums-per-terrasses-destiu-marca-la-diferencia","status":"publish","type":"post","link":"https:\/\/eikonos.com\/ca\/blog\/lloguer-de-llums-per-terrasses-destiu-marca-la-diferencia\/","title":{"rendered":"Lloguer de llums per terrasses d\u2019estiu, marca la difer\u00e8ncia!"},"content":{"rendered":"<p style=\"text-align: justify;\">\u00c9s estiu, temps de gaudir del bon temps i dels espais oberts. Per aix\u00f2, no s\u00f3n pocs els\u00a0<a href=\"https:\/\/eikonos.com\/blog\/factores-tener-en-cuenta-para-montar-eventos-al-aire-libre\/\">esdeveniments a l&#8217;aire lliure<\/a>\u00a0que s\u2019organitzen en temporada estival ni les <strong>oportunitats de fer del carrer un escenari on gaudir m\u00e9s. <\/strong>\u00c9s el cas de la terrassa d\u2019estiu, on cada negoci t\u00e9 una oportunitat d\u2019or de crear el seu propi espai jugant amb l\u2019entorn i amb les possibilitat que aquest li brinda, per\u00f2 sobre tot, de <strong>destacar i marcar la difer\u00e8ncia.<\/strong><\/p>\n<h2 style=\"text-align: justify;\"><span style=\"color: #ff0000;\">Com crear una bona terrassa d&#8217;estiu\u00a0<\/span><\/h2>\n<p style=\"text-align: justify;\">Per crear una bona terrassa d\u2019estiu, cada negoci ha d\u2019estudiar les possibilitats que el seu entorn li brinda: no \u00e9s el mateix una terrassa situada en un passeig mar\u00edtim que una terrassa situada al mig de la platja. En la primera s\u2019ha de jugar amb els elements ja existeix del passeig, mentre que en el segon cas serem nosaltres qui haurem de crear l\u2019ambient adequat.<\/p>\n<p style=\"text-align: justify;\">\u00c9s molt important aprofitar la circumst\u00e0ncia per fer \u201chabitable\u201d l\u2019espai. <strong>Una terrassa d\u2019estiu no \u00e9s una simple ampliaci\u00f3 del local. <\/strong>No \u00e9s un espai per col\u00b7locar cadires i taules o una tarima sense sentit. Una terrassa d\u20190estiu \u00e9s un expositor del nostre local de cara al p\u00fablic: ha de cridar l\u2019atenci\u00f3 i <strong>convidar a visitar-nos fent-nos visibles des de qualsevol lloc, <\/strong>i per aix\u00f2 hem de desplegar elements que ajudin a aquest reclam d\u2019igual manera que el fem en la resa del local.<\/p>\n<h2 style=\"text-align: justify;\"><span style=\"color: #ff0000;\">Claus que ajudin a crear una bona terrassa d&#8217;estiu\u00a0<\/span><\/h2>\n<p style=\"text-align: justify;\">Una bona terrassa ha de ser funcional: tenir espais que convidin a la conversa i prendre una cop relaxadament i altres que convidin a gaudir de l\u2019oci estiuenc, com el reservat d\u2019una discoteca.<\/p>\n<p style=\"text-align: justify;\">Tal i com hem indicat, dependr\u00e0 de les possibilitats de l\u2019espai que puguem dedicar-li m\u00e9s o menys recursos a la decoraci\u00f3 i distribuci\u00f3 d\u2019una terrassa. Una terrassa en ple carrer o passeig requereix que tinguem en compte els recursos propis del mobiliari urb\u00e0, com resulta la il\u00b7luminaci\u00f3 p\u00fablica, mentre que una terrassa que es situa en espais naturals dona molt m\u00e9s joc per a que nosaltres mateixos creem l\u2019ambientaci\u00f3. En qualsevol cas, <strong>el lloguer de llums i terrasses ofereixen uns resultats espectaculars sense tenir que invertir excessivament en decorats <\/strong>o mobiliari.<\/p>\n<p style=\"text-align: justify;\">En el cas de que la terrassa es situ\u00ef en ple carrer s\u00f3n dos les claus que ens ajudaran a crear una bona terrassa d\u2019estiu: aprofitar els recursos propis de l\u2019entorn i contraresta aquells que puguin resultar \u201cagressius\u201d pel nostre ambient.<\/p>\n<p style=\"text-align: justify;\"><span style=\"color: rgb(255, 0, 0);\"><em>\u201cUn passeig que tingui llum blanca resulta ombr\u00edvol a mitja nit, pel que es pot contrarresta amb un joc de llums de colors que resulti cridaner per\u00f2 no agressiu\u201d.<\/em><\/span><\/p>\n<p style=\"text-align: justify;\">En el cas de que tinguem la possibilitat de crear la nostra terrassa en un espai natural, podem aportar la nostra propia decoraci\u00f3 i utilitzar un adequat jocs de llums que realci, ressalti i cre\u00ef el nostre propi espai.<\/p>\n<h2 style=\"text-align: justify;\"><span style=\"color: #ff0000;\">Maximitza els recursos segons el teu objectiu\u00a0<\/span><\/h2>\n<p style=\"text-align: justify;\">Si el teu negoci est\u00e0 enfocat a la calma i a gaudir d\u2019una cop tranquil\u00b7lament en un capvespre, deixa que el sol i la llum natural siguin els protagonistes. Per aix\u00f2 unes llums toves que cre\u00efn un entorn minimalista \u00e9s el m\u00e9s adequat.<\/p>\n<p style=\"text-align: justify;\">Si pel contrari, el teu negoci est\u00e0 enfocat a l\u2019oci nocturn busca una il\u00b7luminaci\u00f3 que destaqui envers al seu voltant. Aix\u00f2 no vol dir que inundis tot amb llums, per\u00f2 s\u00ed que la il\u00b7luminaci\u00f3 exterior que utilitzis ponderi davant a la que es poden trobar al seu voltat, ja sigui del propi mobiliari urb\u00e0 o de la zona d\u2019oci nocturn.<\/p>\n<p style=\"text-align: justify;\">Des de Eikonos no nom\u00e9s oferim\u00a0<a href=\"https:\/\/eikonos.com\/portfolio_page\/equipos-de-iluminacion\/\">els millors equips de il\u00b7luminaci\u00f3<\/a>\u00a0i lloguer de llums que facin d\u2019aquesta \u00e8poca de l\u2019any al teu negoci un lloc destacat i de refer\u00e8ncia, si no que dissenyen la il\u00b7luminaci\u00f3 en funci\u00f3 de la ubicaci\u00f3 i de les teves pr\u00f2pies necessitats.<\/p>\n","protected":false},"excerpt":{"rendered":"<p>\u00c9s estiu, temps de gaudir del bon temps i dels espais oberts. Per aix\u00f2, no&#8230;<\/p>\n","protected":false},"author":6,"featured_media":2219,"comment_status":"open","ping_status":"open","sticky":false,"template":"","format":"standard","meta":{"_acf_changed":false,"footnotes":""},"categories":[262],"tags":[],"class_list":["post-2935","post","type-post","status-publish","format-standard","has-post-thumbnail","hentry","category-lloguer-dequips"],"acf":[],"yoast_head":"<!-- This site is optimized with the Yoast SEO plugin v26.3 - https:\/\/yoast.com\/wordpress\/plugins\/seo\/ -->\n<title>Lloguer de llums per terrasses d\u2019estiu<\/title>\n<meta name=\"description\" content=\"El lloguer de llums per terrasses d\u2019estiu ofereix uns resultats espectaculars sense haver d&#039;invertir excesivament en decorats o mobiliari.\" \/>\n<meta name=\"robots\" content=\"index, follow, max-snippet:-1, max-image-preview:large, max-video-preview:-1\" \/>\n<link rel=\"canonical\" href=\"https:\/\/eikonos.com\/ca\/blog\/lloguer-de-llums-per-terrasses-destiu-marca-la-diferencia\/\" \/>\n<meta property=\"og:locale\" content=\"ca_ES\" \/>\n<meta property=\"og:type\" content=\"article\" \/>\n<meta property=\"og:title\" content=\"Lloguer de llums per terrasses d\u2019estiu\" \/>\n<meta property=\"og:description\" content=\"El lloguer de llums per terrasses d\u2019estiu ofereix uns resultats espectaculars sense haver d&#039;invertir excesivament en decorats o mobiliari.\" \/>\n<meta property=\"og:url\" content=\"https:\/\/eikonos.com\/ca\/blog\/lloguer-de-llums-per-terrasses-destiu-marca-la-diferencia\/\" \/>\n<meta property=\"og:site_name\" content=\"EIKONOS\" \/>\n<meta property=\"article:publisher\" content=\"http:\/\/www.facebook.com\/pages\/Eikonos\/176324785746790\" \/>\n<meta property=\"article:published_time\" content=\"2015-08-14T12:13:16+00:00\" \/>\n<meta property=\"og:image\" content=\"https:\/\/eikonos.com\/wp-content\/uploads\/2015\/08\/alquiler-de-iluminacion-eikonos.jpg\" \/>\n\t<meta property=\"og:image:width\" content=\"720\" \/>\n\t<meta property=\"og:image:height\" content=\"396\" \/>\n\t<meta property=\"og:image:type\" content=\"image\/jpeg\" \/>\n<meta name=\"author\" content=\"Xavi Eikonos\" \/>\n<meta name=\"twitter:card\" content=\"summary_large_image\" \/>\n<meta name=\"twitter:creator\" content=\"@eikonos_sa\" \/>\n<meta name=\"twitter:site\" content=\"@eikonos_sa\" \/>\n<meta name=\"twitter:label1\" content=\"Escrit per\" \/>\n\t<meta name=\"twitter:data1\" content=\"Xavi Eikonos\" \/>\n\t<meta name=\"twitter:label2\" content=\"Temps estimat de lectura\" \/>\n\t<meta name=\"twitter:data2\" content=\"3 minuts\" \/>\n<script type=\"application\/ld+json\" class=\"yoast-schema-graph\">{\"@context\":\"https:\/\/schema.org\",\"@graph\":[{\"@type\":\"Article\",\"@id\":\"https:\/\/eikonos.com\/ca\/blog\/lloguer-de-llums-per-terrasses-destiu-marca-la-diferencia\/#article\",\"isPartOf\":{\"@id\":\"https:\/\/eikonos.com\/ca\/blog\/lloguer-de-llums-per-terrasses-destiu-marca-la-diferencia\/\"},\"author\":{\"name\":\"Xavi Eikonos\",\"@id\":\"https:\/\/eikonos.com\/ca\/#\/schema\/person\/82032860cc314d826959b90595a5280a\"},\"headline\":\"Lloguer de llums per terrasses d\u2019estiu, marca la difer\u00e8ncia!\",\"datePublished\":\"2015-08-14T12:13:16+00:00\",\"mainEntityOfPage\":{\"@id\":\"https:\/\/eikonos.com\/ca\/blog\/lloguer-de-llums-per-terrasses-destiu-marca-la-diferencia\/\"},\"wordCount\":694,\"commentCount\":0,\"publisher\":{\"@id\":\"https:\/\/eikonos.com\/ca\/#organization\"},\"image\":{\"@id\":\"https:\/\/eikonos.com\/ca\/blog\/lloguer-de-llums-per-terrasses-destiu-marca-la-diferencia\/#primaryimage\"},\"thumbnailUrl\":\"https:\/\/eikonos.com\/wp-content\/uploads\/2015\/08\/alquiler-de-iluminacion-eikonos.jpg\",\"articleSection\":[\"Lloguer d'equips\"],\"inLanguage\":\"ca\",\"potentialAction\":[{\"@type\":\"CommentAction\",\"name\":\"Comment\",\"target\":[\"https:\/\/eikonos.com\/ca\/blog\/lloguer-de-llums-per-terrasses-destiu-marca-la-diferencia\/#respond\"]}]},{\"@type\":\"WebPage\",\"@id\":\"https:\/\/eikonos.com\/ca\/blog\/lloguer-de-llums-per-terrasses-destiu-marca-la-diferencia\/\",\"url\":\"https:\/\/eikonos.com\/ca\/blog\/lloguer-de-llums-per-terrasses-destiu-marca-la-diferencia\/\",\"name\":\"Lloguer de llums per terrasses d\u2019estiu\",\"isPartOf\":{\"@id\":\"https:\/\/eikonos.com\/ca\/#website\"},\"primaryImageOfPage\":{\"@id\":\"https:\/\/eikonos.com\/ca\/blog\/lloguer-de-llums-per-terrasses-destiu-marca-la-diferencia\/#primaryimage\"},\"image\":{\"@id\":\"https:\/\/eikonos.com\/ca\/blog\/lloguer-de-llums-per-terrasses-destiu-marca-la-diferencia\/#primaryimage\"},\"thumbnailUrl\":\"https:\/\/eikonos.com\/wp-content\/uploads\/2015\/08\/alquiler-de-iluminacion-eikonos.jpg\",\"datePublished\":\"2015-08-14T12:13:16+00:00\",\"description\":\"El lloguer de llums per terrasses d\u2019estiu ofereix uns resultats espectaculars sense haver d'invertir excesivament en decorats o mobiliari.\",\"breadcrumb\":{\"@id\":\"https:\/\/eikonos.com\/ca\/blog\/lloguer-de-llums-per-terrasses-destiu-marca-la-diferencia\/#breadcrumb\"},\"inLanguage\":\"ca\",\"potentialAction\":[{\"@type\":\"ReadAction\",\"target\":[\"https:\/\/eikonos.com\/ca\/blog\/lloguer-de-llums-per-terrasses-destiu-marca-la-diferencia\/\"]}]},{\"@type\":\"ImageObject\",\"inLanguage\":\"ca\",\"@id\":\"https:\/\/eikonos.com\/ca\/blog\/lloguer-de-llums-per-terrasses-destiu-marca-la-diferencia\/#primaryimage\",\"url\":\"https:\/\/eikonos.com\/wp-content\/uploads\/2015\/08\/alquiler-de-iluminacion-eikonos.jpg\",\"contentUrl\":\"https:\/\/eikonos.com\/wp-content\/uploads\/2015\/08\/alquiler-de-iluminacion-eikonos.jpg\",\"width\":720,\"height\":396,\"caption\":\"Alquiler de luces para terrazas en verano, \u00a1Marca la diferencia!\"},{\"@type\":\"BreadcrumbList\",\"@id\":\"https:\/\/eikonos.com\/ca\/blog\/lloguer-de-llums-per-terrasses-destiu-marca-la-diferencia\/#breadcrumb\",\"itemListElement\":[{\"@type\":\"ListItem\",\"position\":1,\"name\":\"EIKONOS\",\"item\":\"https:\/\/eikonos.com\/ca\/inici\/\"},{\"@type\":\"ListItem\",\"position\":2,\"name\":\"Lloguer de llums per terrasses d\u2019estiu, marca la difer\u00e8ncia!\"}]},{\"@type\":\"WebSite\",\"@id\":\"https:\/\/eikonos.com\/ca\/#website\",\"url\":\"https:\/\/eikonos.com\/ca\/\",\"name\":\"EIKONOS\",\"description\":\"EXPERIENCIA AUDIOVISUAL\",\"publisher\":{\"@id\":\"https:\/\/eikonos.com\/ca\/#organization\"},\"potentialAction\":[{\"@type\":\"SearchAction\",\"target\":{\"@type\":\"EntryPoint\",\"urlTemplate\":\"https:\/\/eikonos.com\/ca\/?s={search_term_string}\"},\"query-input\":{\"@type\":\"PropertyValueSpecification\",\"valueRequired\":true,\"valueName\":\"search_term_string\"}}],\"inLanguage\":\"ca\"},{\"@type\":\"Organization\",\"@id\":\"https:\/\/eikonos.com\/ca\/#organization\",\"name\":\"EIKONOS | Servicios Audiovisuales, eventos y alquiler de equipos\",\"url\":\"https:\/\/eikonos.com\/ca\/\",\"logo\":{\"@type\":\"ImageObject\",\"inLanguage\":\"ca\",\"@id\":\"https:\/\/eikonos.com\/ca\/#\/schema\/logo\/image\/\",\"url\":\"https:\/\/eikonos.com\/wp-content\/uploads\/2020\/08\/logo-color.png\",\"contentUrl\":\"https:\/\/eikonos.com\/wp-content\/uploads\/2020\/08\/logo-color.png\",\"width\":376,\"height\":122,\"caption\":\"EIKONOS | Servicios Audiovisuales, eventos y alquiler de equipos\"},\"image\":{\"@id\":\"https:\/\/eikonos.com\/ca\/#\/schema\/logo\/image\/\"},\"sameAs\":[\"http:\/\/www.facebook.com\/pages\/Eikonos\/176324785746790\",\"https:\/\/x.com\/eikonos_sa\",\"http:\/\/www.linkedin.com\/company\/eikonos\",\"http:\/\/www.youtube.com\/channel\/UC8wcizWaAYbfsuqVf9wIT6w\"]},{\"@type\":\"Person\",\"@id\":\"https:\/\/eikonos.com\/ca\/#\/schema\/person\/82032860cc314d826959b90595a5280a\",\"name\":\"Xavi Eikonos\",\"image\":{\"@type\":\"ImageObject\",\"inLanguage\":\"ca\",\"@id\":\"https:\/\/eikonos.com\/ca\/#\/schema\/person\/image\/\",\"url\":\"https:\/\/secure.gravatar.com\/avatar\/a6c6b51dd0ac6902701aab24a914f6febe1518f94a5ae06db08b3d6107248dfd?s=96&d=mm&r=g\",\"contentUrl\":\"https:\/\/secure.gravatar.com\/avatar\/a6c6b51dd0ac6902701aab24a914f6febe1518f94a5ae06db08b3d6107248dfd?s=96&d=mm&r=g\",\"caption\":\"Xavi Eikonos\"}}]}<\/script>\n<!-- \/ Yoast SEO plugin. -->","yoast_head_json":{"title":"Lloguer de llums per terrasses d\u2019estiu","description":"El lloguer de llums per terrasses d\u2019estiu ofereix uns resultats espectaculars sense haver d'invertir excesivament en decorats o mobiliari.","robots":{"index":"index","follow":"follow","max-snippet":"max-snippet:-1","max-image-preview":"max-image-preview:large","max-video-preview":"max-video-preview:-1"},"canonical":"https:\/\/eikonos.com\/ca\/blog\/lloguer-de-llums-per-terrasses-destiu-marca-la-diferencia\/","og_locale":"ca_ES","og_type":"article","og_title":"Lloguer de llums per terrasses d\u2019estiu","og_description":"El lloguer de llums per terrasses d\u2019estiu ofereix uns resultats espectaculars sense haver d'invertir excesivament en decorats o mobiliari.","og_url":"https:\/\/eikonos.com\/ca\/blog\/lloguer-de-llums-per-terrasses-destiu-marca-la-diferencia\/","og_site_name":"EIKONOS","article_publisher":"http:\/\/www.facebook.com\/pages\/Eikonos\/176324785746790","article_published_time":"2015-08-14T12:13:16+00:00","og_image":[{"width":720,"height":396,"url":"https:\/\/eikonos.com\/wp-content\/uploads\/2015\/08\/alquiler-de-iluminacion-eikonos.jpg","type":"image\/jpeg"}],"author":"Xavi Eikonos","twitter_card":"summary_large_image","twitter_creator":"@eikonos_sa","twitter_site":"@eikonos_sa","twitter_misc":{"Escrit per":"Xavi Eikonos","Temps estimat de lectura":"3 minuts"},"schema":{"@context":"https:\/\/schema.org","@graph":[{"@type":"Article","@id":"https:\/\/eikonos.com\/ca\/blog\/lloguer-de-llums-per-terrasses-destiu-marca-la-diferencia\/#article","isPartOf":{"@id":"https:\/\/eikonos.com\/ca\/blog\/lloguer-de-llums-per-terrasses-destiu-marca-la-diferencia\/"},"author":{"name":"Xavi Eikonos","@id":"https:\/\/eikonos.com\/ca\/#\/schema\/person\/82032860cc314d826959b90595a5280a"},"headline":"Lloguer de llums per terrasses d\u2019estiu, marca la difer\u00e8ncia!","datePublished":"2015-08-14T12:13:16+00:00","mainEntityOfPage":{"@id":"https:\/\/eikonos.com\/ca\/blog\/lloguer-de-llums-per-terrasses-destiu-marca-la-diferencia\/"},"wordCount":694,"commentCount":0,"publisher":{"@id":"https:\/\/eikonos.com\/ca\/#organization"},"image":{"@id":"https:\/\/eikonos.com\/ca\/blog\/lloguer-de-llums-per-terrasses-destiu-marca-la-diferencia\/#primaryimage"},"thumbnailUrl":"https:\/\/eikonos.com\/wp-content\/uploads\/2015\/08\/alquiler-de-iluminacion-eikonos.jpg","articleSection":["Lloguer d'equips"],"inLanguage":"ca","potentialAction":[{"@type":"CommentAction","name":"Comment","target":["https:\/\/eikonos.com\/ca\/blog\/lloguer-de-llums-per-terrasses-destiu-marca-la-diferencia\/#respond"]}]},{"@type":"WebPage","@id":"https:\/\/eikonos.com\/ca\/blog\/lloguer-de-llums-per-terrasses-destiu-marca-la-diferencia\/","url":"https:\/\/eikonos.com\/ca\/blog\/lloguer-de-llums-per-terrasses-destiu-marca-la-diferencia\/","name":"Lloguer de llums per terrasses d\u2019estiu","isPartOf":{"@id":"https:\/\/eikonos.com\/ca\/#website"},"primaryImageOfPage":{"@id":"https:\/\/eikonos.com\/ca\/blog\/lloguer-de-llums-per-terrasses-destiu-marca-la-diferencia\/#primaryimage"},"image":{"@id":"https:\/\/eikonos.com\/ca\/blog\/lloguer-de-llums-per-terrasses-destiu-marca-la-diferencia\/#primaryimage"},"thumbnailUrl":"https:\/\/eikonos.com\/wp-content\/uploads\/2015\/08\/alquiler-de-iluminacion-eikonos.jpg","datePublished":"2015-08-14T12:13:16+00:00","description":"El lloguer de llums per terrasses d\u2019estiu ofereix uns resultats espectaculars sense haver d'invertir excesivament en decorats o mobiliari.","breadcrumb":{"@id":"https:\/\/eikonos.com\/ca\/blog\/lloguer-de-llums-per-terrasses-destiu-marca-la-diferencia\/#breadcrumb"},"inLanguage":"ca","potentialAction":[{"@type":"ReadAction","target":["https:\/\/eikonos.com\/ca\/blog\/lloguer-de-llums-per-terrasses-destiu-marca-la-diferencia\/"]}]},{"@type":"ImageObject","inLanguage":"ca","@id":"https:\/\/eikonos.com\/ca\/blog\/lloguer-de-llums-per-terrasses-destiu-marca-la-diferencia\/#primaryimage","url":"https:\/\/eikonos.com\/wp-content\/uploads\/2015\/08\/alquiler-de-iluminacion-eikonos.jpg","contentUrl":"https:\/\/eikonos.com\/wp-content\/uploads\/2015\/08\/alquiler-de-iluminacion-eikonos.jpg","width":720,"height":396,"caption":"Alquiler de luces para terrazas en verano, \u00a1Marca la diferencia!"},{"@type":"BreadcrumbList","@id":"https:\/\/eikonos.com\/ca\/blog\/lloguer-de-llums-per-terrasses-destiu-marca-la-diferencia\/#breadcrumb","itemListElement":[{"@type":"ListItem","position":1,"name":"EIKONOS","item":"https:\/\/eikonos.com\/ca\/inici\/"},{"@type":"ListItem","position":2,"name":"Lloguer de llums per terrasses d\u2019estiu, marca la difer\u00e8ncia!"}]},{"@type":"WebSite","@id":"https:\/\/eikonos.com\/ca\/#website","url":"https:\/\/eikonos.com\/ca\/","name":"EIKONOS","description":"EXPERIENCIA AUDIOVISUAL","publisher":{"@id":"https:\/\/eikonos.com\/ca\/#organization"},"potentialAction":[{"@type":"SearchAction","target":{"@type":"EntryPoint","urlTemplate":"https:\/\/eikonos.com\/ca\/?s={search_term_string}"},"query-input":{"@type":"PropertyValueSpecification","valueRequired":true,"valueName":"search_term_string"}}],"inLanguage":"ca"},{"@type":"Organization","@id":"https:\/\/eikonos.com\/ca\/#organization","name":"EIKONOS | Servicios Audiovisuales, eventos y alquiler de equipos","url":"https:\/\/eikonos.com\/ca\/","logo":{"@type":"ImageObject","inLanguage":"ca","@id":"https:\/\/eikonos.com\/ca\/#\/schema\/logo\/image\/","url":"https:\/\/eikonos.com\/wp-content\/uploads\/2020\/08\/logo-color.png","contentUrl":"https:\/\/eikonos.com\/wp-content\/uploads\/2020\/08\/logo-color.png","width":376,"height":122,"caption":"EIKONOS | Servicios Audiovisuales, eventos y alquiler de equipos"},"image":{"@id":"https:\/\/eikonos.com\/ca\/#\/schema\/logo\/image\/"},"sameAs":["http:\/\/www.facebook.com\/pages\/Eikonos\/176324785746790","https:\/\/x.com\/eikonos_sa","http:\/\/www.linkedin.com\/company\/eikonos","http:\/\/www.youtube.com\/channel\/UC8wcizWaAYbfsuqVf9wIT6w"]},{"@type":"Person","@id":"https:\/\/eikonos.com\/ca\/#\/schema\/person\/82032860cc314d826959b90595a5280a","name":"Xavi Eikonos","image":{"@type":"ImageObject","inLanguage":"ca","@id":"https:\/\/eikonos.com\/ca\/#\/schema\/person\/image\/","url":"https:\/\/secure.gravatar.com\/avatar\/a6c6b51dd0ac6902701aab24a914f6febe1518f94a5ae06db08b3d6107248dfd?s=96&d=mm&r=g","contentUrl":"https:\/\/secure.gravatar.com\/avatar\/a6c6b51dd0ac6902701aab24a914f6febe1518f94a5ae06db08b3d6107248dfd?s=96&d=mm&r=g","caption":"Xavi Eikonos"}}]}},"_links":{"self":[{"href":"https:\/\/eikonos.com\/ca\/wp-json\/wp\/v2\/posts\/2935","targetHints":{"allow":["GET"]}}],"collection":[{"href":"https:\/\/eikonos.com\/ca\/wp-json\/wp\/v2\/posts"}],"about":[{"href":"https:\/\/eikonos.com\/ca\/wp-json\/wp\/v2\/types\/post"}],"author":[{"embeddable":true,"href":"https:\/\/eikonos.com\/ca\/wp-json\/wp\/v2\/users\/6"}],"replies":[{"embeddable":true,"href":"https:\/\/eikonos.com\/ca\/wp-json\/wp\/v2\/comments?post=2935"}],"version-history":[{"count":0,"href":"https:\/\/eikonos.com\/ca\/wp-json\/wp\/v2\/posts\/2935\/revisions"}],"wp:featuredmedia":[{"embeddable":true,"href":"https:\/\/eikonos.com\/ca\/wp-json\/wp\/v2\/media\/2219"}],"wp:attachment":[{"href":"https:\/\/eikonos.com\/ca\/wp-json\/wp\/v2\/media?parent=2935"}],"wp:term":[{"taxonomy":"category","embeddable":true,"href":"https:\/\/eikonos.com\/ca\/wp-json\/wp\/v2\/categories?post=2935"},{"taxonomy":"post_tag","embeddable":true,"href":"https:\/\/eikonos.com\/ca\/wp-json\/wp\/v2\/tags?post=2935"}],"curies":[{"name":"wp","href":"https:\/\/api.w.org\/{rel}","templated":true}]}}