{"id":2931,"date":"2015-08-19T10:33:26","date_gmt":"2015-08-19T08:33:26","guid":{"rendered":"http:\/\/eikonos.com\/blog\/la-tecnologia-audiovisual-como-atraccion-turistica-en-los-eventos-culturales-2\/"},"modified":"2015-08-19T10:33:26","modified_gmt":"2015-08-19T08:33:26","slug":"la-tecnologia-audiovisual-com-atraccio-turistica-en-els-esdeveniments-culturals","status":"publish","type":"post","link":"https:\/\/eikonos.com\/ca\/blog\/la-tecnologia-audiovisual-com-atraccio-turistica-en-els-esdeveniments-culturals\/","title":{"rendered":"La tecnologia audiovisual com atracci\u00f3 tur\u00edstica en els esdeveniments culturals"},"content":{"rendered":"<p style=\"text-align: justify;\">Fa uns anys, les atraccions tur\u00edstiques consistien en la programaci\u00f3 d\u2019esdeveniments culturals en forma d\u2019escenaris on realitzar obres o petits concerts, activitats culturals, cercaviles, etc. i, algun que altre sorprenent espectable en mans d\u2019un espectacle pirot\u00e8cnic era la recepta b\u00e0sica i efectiva per a unes bones festes.<\/p>\n<p style=\"text-align: justify;\">Avui en dia la tecnologia no nom\u00e9s ofereix possibilitats de crear un gran espectable efectiu mitjan\u00e7ant pocs recursos, si no que l\u2019acc\u00e9s a una cultura global i on, ja des de petits ens acostumen a un m\u00f3n multim\u00e8dia, fa que per assegurar l\u2019\u00e8xit d\u2019una celebraci\u00f3, els espectables s\u2019han de basar en la <strong>innovaci\u00f3 i en la capacitat de sorprendre <\/strong>sense perdre de vista la tradici\u00f3.<\/p>\n<p style=\"text-align: justify;\">\u00c9s per aix\u00f2 pel que en aquesta entrada us oferim tres activitats <strong>senzilles de programar i amb certa tradici\u00f3 <\/strong>que, cobertes de l\u2019adequada ambientaci\u00f3 audiovisual, es converteixen en tot un espectacle per esdeveniments culturals.<\/p>\n<h2 style=\"text-align: justify;\"><span style=\"color: #ff0000;\"><strong>Mappings i proyeccions 3D<\/strong><\/span><\/h2>\n<p style=\"text-align: justify;\">Si hi ha un espectacle audiovisual que atregui a infants i majors i que sorprengui i impacti a atot per igual \u00e9s\u00a0<a title=\"Los mappings audiovisuales m\u00e1s impactantes y sus claves\" href=\"https:\/\/eikonos.com\/blog\/mappings-audiovisuales-mas-impactantes-claves\/\">el mapping<\/a>.<\/p>\n<p style=\"text-align: justify;\">No s\u00f3n poques les ciutat que inclouen en la seva programaci\u00f3 habitual de festes aquest espectacle degut a la seva <strong>notable atracci\u00f3. <\/strong>Una cosa tan senzilla com una fa\u00e7ana, i el\u00a0<a title=\"Mapping y proyecciones 3D\" href=\"https:\/\/eikonos.com\/portfolio_page\/mapping-y-proyecciones-3d\/\">correcte equip material i professional<\/a>\u00a0pot crear tot un m\u00f3n de sensacions i abordar hist\u00f2ries que submergeixin a l\u2019espectador dins de l\u2019entorn que es vulgui transmetre: un succ\u00e9s de la ciutat, el motiu d\u2019una festa, un projecte de futur&#8230; qualsevol hist\u00f2ria \u00e9s v\u00e0lida per a que amb els <strong>recursos adequats <\/strong>guany en espectacularitat, realisme i es quedi gravada en la retina dels seus espectadors.<\/p>\n<h2 style=\"text-align: justify;\"><span style=\"color: #ff0000;\"><strong>Concerts multimedia<\/strong><\/span><\/h2>\n<p style=\"text-align: justify;\">Qu\u00e8 caracteritza a les gran gires i espectacles musicals? Rodejar d\u2019elements audiovisuals el component musical i l\u2019escenografia per guanyar en espectacularitat i afegir un plus al recital.<\/p>\n<p style=\"text-align: justify;\">Amb el joc de pantalles LED adequat i una il\u00b7luminaci\u00f3 ben programada es pot <strong>completar un concert amb els millor mitjans <\/strong>per a que no quedi un simple escenari i doni la sensaci\u00f3 de m\u00e0xima professionalitat i organitzaci\u00f3.<\/p>\n<p style=\"text-align: justify;\">Aquests espectacles per altra banda creen sensacions junt a la m\u00fasica que, agradi o no el programa del concert, cridi l\u2019atenci\u00f3 dels espectadors i es vegin <strong>immersos en l\u2019esdeveniment.\u00a0<\/strong><\/p>\n<h2 style=\"text-align: justify;\"><span style=\"color: #ff0000;\"><strong>Interactuar amb l&#8217;esport<\/strong><\/span><\/h2>\n<p style=\"text-align: justify;\">L\u2019esport t\u00e9 gran cabuda dins de la cultura. Es tracta d\u2019una activitat de gran prestigi i que desplega tot un ecosistema al voltant de m\u00e9s enll\u00e0 de la pr\u00e0ctica d\u2019exercici.<\/p>\n<p style=\"text-align: justify;\">\u00c9s per aix\u00f2 pel que dotar a cada\u00a0<a title=\"Eventos deportivos\" href=\"https:\/\/eikonos.com\/portfolio_page\/eventos-deportivos\/\">esdeveniment esportiu<\/a>\u00a0dels elements que proporcionen l\u2019abast que mereix, tals com <strong>pantalles de gran abast <\/strong>o un adequat <strong>equip de so i animaci\u00f3, <\/strong>deixa a l\u2019altura de la millor atracci\u00f3 tur\u00edstica qualsevol exhibici\u00f3 esportiva que es programi.<\/p>\n<p style=\"text-align: justify;\">A Eikonos som professionals dels\u00a0<a title=\"eventos audiovisuales\" href=\"https:\/\/eikonos.com\/servicios\/eventos-audiovisuales\/\">esdeveniments audiovisuals<\/a>.\u00a0Amb m\u00e9s de 30 anys d\u2019experi\u00e8ncia i 7550 muntatges audiovisuals la nostra esquena, sabem com captar a cada audi\u00e8ncia en cada esdeveniment per a que sigui quina sigui l\u2019atracci\u00f3 tur\u00edstica que es desitgi, es converteixi en tot un \u00e8xit.<\/p>\n","protected":false},"excerpt":{"rendered":"<p>Fa uns anys, les atraccions tur\u00edstiques consistien en la programaci\u00f3 d\u2019esdeveniments culturals en forma d\u2019escenaris&#8230;<\/p>\n","protected":false},"author":6,"featured_media":2230,"comment_status":"open","ping_status":"open","sticky":false,"template":"","format":"standard","meta":{"_acf_changed":false,"footnotes":""},"categories":[257,260,262],"tags":[],"class_list":["post-2931","post","type-post","status-publish","format-standard","has-post-thumbnail","hentry","category-creacio-de-continguts","category-esdeveniments-audiovisuals","category-lloguer-dequips"],"acf":[],"yoast_head":"<!-- This site is optimized with the Yoast SEO plugin v26.3 - https:\/\/yoast.com\/wordpress\/plugins\/seo\/ -->\n<title>La tecnologia audiovisual com atracci\u00f3 tur\u00edstica en els esdeveniments culturals | EIKONOS<\/title>\n<meta name=\"description\" content=\"Us oferim tres activitats que, amb una adequada ambientaci\u00f3 audiovisual, es converteixen en tot un espectacle per esdeveniments culturals.\" \/>\n<meta name=\"robots\" content=\"index, follow, max-snippet:-1, max-image-preview:large, max-video-preview:-1\" \/>\n<link rel=\"canonical\" href=\"https:\/\/eikonos.com\/ca\/blog\/la-tecnologia-audiovisual-com-atraccio-turistica-en-els-esdeveniments-culturals\/\" \/>\n<meta property=\"og:locale\" content=\"ca_ES\" \/>\n<meta property=\"og:type\" content=\"article\" \/>\n<meta property=\"og:title\" content=\"La tecnologia audiovisual com atracci\u00f3 tur\u00edstica en els esdeveniments culturals | EIKONOS\" \/>\n<meta property=\"og:description\" content=\"Us oferim tres activitats que, amb una adequada ambientaci\u00f3 audiovisual, es converteixen en tot un espectacle per esdeveniments culturals.\" \/>\n<meta property=\"og:url\" content=\"https:\/\/eikonos.com\/ca\/blog\/la-tecnologia-audiovisual-com-atraccio-turistica-en-els-esdeveniments-culturals\/\" \/>\n<meta property=\"og:site_name\" content=\"EIKONOS\" \/>\n<meta property=\"article:publisher\" content=\"http:\/\/www.facebook.com\/pages\/Eikonos\/176324785746790\" \/>\n<meta property=\"article:published_time\" content=\"2015-08-19T08:33:26+00:00\" \/>\n<meta property=\"og:image\" content=\"https:\/\/eikonos.com\/wp-content\/uploads\/2015\/08\/tecnologia-audiovisual-eventos-culturales.jpg\" \/>\n\t<meta property=\"og:image:width\" content=\"725\" \/>\n\t<meta property=\"og:image:height\" content=\"484\" \/>\n\t<meta property=\"og:image:type\" content=\"image\/jpeg\" \/>\n<meta name=\"author\" content=\"Xavi Eikonos\" \/>\n<meta name=\"twitter:card\" content=\"summary_large_image\" \/>\n<meta name=\"twitter:creator\" content=\"@eikonos_sa\" \/>\n<meta name=\"twitter:site\" content=\"@eikonos_sa\" \/>\n<meta name=\"twitter:label1\" content=\"Escrit per\" \/>\n\t<meta name=\"twitter:data1\" content=\"Xavi Eikonos\" \/>\n\t<meta name=\"twitter:label2\" content=\"Temps estimat de lectura\" \/>\n\t<meta name=\"twitter:data2\" content=\"3 minuts\" \/>\n<script type=\"application\/ld+json\" class=\"yoast-schema-graph\">{\"@context\":\"https:\/\/schema.org\",\"@graph\":[{\"@type\":\"Article\",\"@id\":\"https:\/\/eikonos.com\/ca\/blog\/la-tecnologia-audiovisual-com-atraccio-turistica-en-els-esdeveniments-culturals\/#article\",\"isPartOf\":{\"@id\":\"https:\/\/eikonos.com\/ca\/blog\/la-tecnologia-audiovisual-com-atraccio-turistica-en-els-esdeveniments-culturals\/\"},\"author\":{\"name\":\"Xavi Eikonos\",\"@id\":\"https:\/\/eikonos.com\/ca\/#\/schema\/person\/82032860cc314d826959b90595a5280a\"},\"headline\":\"La tecnologia audiovisual com atracci\u00f3 tur\u00edstica en els esdeveniments culturals\",\"datePublished\":\"2015-08-19T08:33:26+00:00\",\"mainEntityOfPage\":{\"@id\":\"https:\/\/eikonos.com\/ca\/blog\/la-tecnologia-audiovisual-com-atraccio-turistica-en-els-esdeveniments-culturals\/\"},\"wordCount\":546,\"commentCount\":0,\"publisher\":{\"@id\":\"https:\/\/eikonos.com\/ca\/#organization\"},\"image\":{\"@id\":\"https:\/\/eikonos.com\/ca\/blog\/la-tecnologia-audiovisual-com-atraccio-turistica-en-els-esdeveniments-culturals\/#primaryimage\"},\"thumbnailUrl\":\"https:\/\/eikonos.com\/wp-content\/uploads\/2015\/08\/tecnologia-audiovisual-eventos-culturales.jpg\",\"articleSection\":[\"Creaci\u00f3 de continguts\",\"Esdeveniments audiovisuals\",\"Lloguer d'equips\"],\"inLanguage\":\"ca\",\"potentialAction\":[{\"@type\":\"CommentAction\",\"name\":\"Comment\",\"target\":[\"https:\/\/eikonos.com\/ca\/blog\/la-tecnologia-audiovisual-com-atraccio-turistica-en-els-esdeveniments-culturals\/#respond\"]}]},{\"@type\":\"WebPage\",\"@id\":\"https:\/\/eikonos.com\/ca\/blog\/la-tecnologia-audiovisual-com-atraccio-turistica-en-els-esdeveniments-culturals\/\",\"url\":\"https:\/\/eikonos.com\/ca\/blog\/la-tecnologia-audiovisual-com-atraccio-turistica-en-els-esdeveniments-culturals\/\",\"name\":\"La tecnologia audiovisual com atracci\u00f3 tur\u00edstica en els esdeveniments culturals | EIKONOS\",\"isPartOf\":{\"@id\":\"https:\/\/eikonos.com\/ca\/#website\"},\"primaryImageOfPage\":{\"@id\":\"https:\/\/eikonos.com\/ca\/blog\/la-tecnologia-audiovisual-com-atraccio-turistica-en-els-esdeveniments-culturals\/#primaryimage\"},\"image\":{\"@id\":\"https:\/\/eikonos.com\/ca\/blog\/la-tecnologia-audiovisual-com-atraccio-turistica-en-els-esdeveniments-culturals\/#primaryimage\"},\"thumbnailUrl\":\"https:\/\/eikonos.com\/wp-content\/uploads\/2015\/08\/tecnologia-audiovisual-eventos-culturales.jpg\",\"datePublished\":\"2015-08-19T08:33:26+00:00\",\"description\":\"Us oferim tres activitats que, amb una adequada ambientaci\u00f3 audiovisual, es converteixen en tot un espectacle per esdeveniments culturals.\",\"breadcrumb\":{\"@id\":\"https:\/\/eikonos.com\/ca\/blog\/la-tecnologia-audiovisual-com-atraccio-turistica-en-els-esdeveniments-culturals\/#breadcrumb\"},\"inLanguage\":\"ca\",\"potentialAction\":[{\"@type\":\"ReadAction\",\"target\":[\"https:\/\/eikonos.com\/ca\/blog\/la-tecnologia-audiovisual-com-atraccio-turistica-en-els-esdeveniments-culturals\/\"]}]},{\"@type\":\"ImageObject\",\"inLanguage\":\"ca\",\"@id\":\"https:\/\/eikonos.com\/ca\/blog\/la-tecnologia-audiovisual-com-atraccio-turistica-en-els-esdeveniments-culturals\/#primaryimage\",\"url\":\"https:\/\/eikonos.com\/wp-content\/uploads\/2015\/08\/tecnologia-audiovisual-eventos-culturales.jpg\",\"contentUrl\":\"https:\/\/eikonos.com\/wp-content\/uploads\/2015\/08\/tecnologia-audiovisual-eventos-culturales.jpg\",\"width\":725,\"height\":484,\"caption\":\"La tecnolog\u00eda audiovisual como atracci\u00f3n tur\u00edstica en los eventos culturales\"},{\"@type\":\"BreadcrumbList\",\"@id\":\"https:\/\/eikonos.com\/ca\/blog\/la-tecnologia-audiovisual-com-atraccio-turistica-en-els-esdeveniments-culturals\/#breadcrumb\",\"itemListElement\":[{\"@type\":\"ListItem\",\"position\":1,\"name\":\"EIKONOS\",\"item\":\"https:\/\/eikonos.com\/ca\/inici\/\"},{\"@type\":\"ListItem\",\"position\":2,\"name\":\"La tecnologia audiovisual com atracci\u00f3 tur\u00edstica en els esdeveniments culturals\"}]},{\"@type\":\"WebSite\",\"@id\":\"https:\/\/eikonos.com\/ca\/#website\",\"url\":\"https:\/\/eikonos.com\/ca\/\",\"name\":\"EIKONOS\",\"description\":\"EXPERIENCIA AUDIOVISUAL\",\"publisher\":{\"@id\":\"https:\/\/eikonos.com\/ca\/#organization\"},\"potentialAction\":[{\"@type\":\"SearchAction\",\"target\":{\"@type\":\"EntryPoint\",\"urlTemplate\":\"https:\/\/eikonos.com\/ca\/?s={search_term_string}\"},\"query-input\":{\"@type\":\"PropertyValueSpecification\",\"valueRequired\":true,\"valueName\":\"search_term_string\"}}],\"inLanguage\":\"ca\"},{\"@type\":\"Organization\",\"@id\":\"https:\/\/eikonos.com\/ca\/#organization\",\"name\":\"EIKONOS | Servicios Audiovisuales, eventos y alquiler de equipos\",\"url\":\"https:\/\/eikonos.com\/ca\/\",\"logo\":{\"@type\":\"ImageObject\",\"inLanguage\":\"ca\",\"@id\":\"https:\/\/eikonos.com\/ca\/#\/schema\/logo\/image\/\",\"url\":\"https:\/\/eikonos.com\/wp-content\/uploads\/2020\/08\/logo-color.png\",\"contentUrl\":\"https:\/\/eikonos.com\/wp-content\/uploads\/2020\/08\/logo-color.png\",\"width\":376,\"height\":122,\"caption\":\"EIKONOS | Servicios Audiovisuales, eventos y alquiler de equipos\"},\"image\":{\"@id\":\"https:\/\/eikonos.com\/ca\/#\/schema\/logo\/image\/\"},\"sameAs\":[\"http:\/\/www.facebook.com\/pages\/Eikonos\/176324785746790\",\"https:\/\/x.com\/eikonos_sa\",\"http:\/\/www.linkedin.com\/company\/eikonos\",\"http:\/\/www.youtube.com\/channel\/UC8wcizWaAYbfsuqVf9wIT6w\"]},{\"@type\":\"Person\",\"@id\":\"https:\/\/eikonos.com\/ca\/#\/schema\/person\/82032860cc314d826959b90595a5280a\",\"name\":\"Xavi Eikonos\",\"image\":{\"@type\":\"ImageObject\",\"inLanguage\":\"ca\",\"@id\":\"https:\/\/eikonos.com\/ca\/#\/schema\/person\/image\/\",\"url\":\"https:\/\/secure.gravatar.com\/avatar\/a6c6b51dd0ac6902701aab24a914f6febe1518f94a5ae06db08b3d6107248dfd?s=96&d=mm&r=g\",\"contentUrl\":\"https:\/\/secure.gravatar.com\/avatar\/a6c6b51dd0ac6902701aab24a914f6febe1518f94a5ae06db08b3d6107248dfd?s=96&d=mm&r=g\",\"caption\":\"Xavi Eikonos\"}}]}<\/script>\n<!-- \/ Yoast SEO plugin. -->","yoast_head_json":{"title":"La tecnologia audiovisual com atracci\u00f3 tur\u00edstica en els esdeveniments culturals | EIKONOS","description":"Us oferim tres activitats que, amb una adequada ambientaci\u00f3 audiovisual, es converteixen en tot un espectacle per esdeveniments culturals.","robots":{"index":"index","follow":"follow","max-snippet":"max-snippet:-1","max-image-preview":"max-image-preview:large","max-video-preview":"max-video-preview:-1"},"canonical":"https:\/\/eikonos.com\/ca\/blog\/la-tecnologia-audiovisual-com-atraccio-turistica-en-els-esdeveniments-culturals\/","og_locale":"ca_ES","og_type":"article","og_title":"La tecnologia audiovisual com atracci\u00f3 tur\u00edstica en els esdeveniments culturals | EIKONOS","og_description":"Us oferim tres activitats que, amb una adequada ambientaci\u00f3 audiovisual, es converteixen en tot un espectacle per esdeveniments culturals.","og_url":"https:\/\/eikonos.com\/ca\/blog\/la-tecnologia-audiovisual-com-atraccio-turistica-en-els-esdeveniments-culturals\/","og_site_name":"EIKONOS","article_publisher":"http:\/\/www.facebook.com\/pages\/Eikonos\/176324785746790","article_published_time":"2015-08-19T08:33:26+00:00","og_image":[{"width":725,"height":484,"url":"https:\/\/eikonos.com\/wp-content\/uploads\/2015\/08\/tecnologia-audiovisual-eventos-culturales.jpg","type":"image\/jpeg"}],"author":"Xavi Eikonos","twitter_card":"summary_large_image","twitter_creator":"@eikonos_sa","twitter_site":"@eikonos_sa","twitter_misc":{"Escrit per":"Xavi Eikonos","Temps estimat de lectura":"3 minuts"},"schema":{"@context":"https:\/\/schema.org","@graph":[{"@type":"Article","@id":"https:\/\/eikonos.com\/ca\/blog\/la-tecnologia-audiovisual-com-atraccio-turistica-en-els-esdeveniments-culturals\/#article","isPartOf":{"@id":"https:\/\/eikonos.com\/ca\/blog\/la-tecnologia-audiovisual-com-atraccio-turistica-en-els-esdeveniments-culturals\/"},"author":{"name":"Xavi Eikonos","@id":"https:\/\/eikonos.com\/ca\/#\/schema\/person\/82032860cc314d826959b90595a5280a"},"headline":"La tecnologia audiovisual com atracci\u00f3 tur\u00edstica en els esdeveniments culturals","datePublished":"2015-08-19T08:33:26+00:00","mainEntityOfPage":{"@id":"https:\/\/eikonos.com\/ca\/blog\/la-tecnologia-audiovisual-com-atraccio-turistica-en-els-esdeveniments-culturals\/"},"wordCount":546,"commentCount":0,"publisher":{"@id":"https:\/\/eikonos.com\/ca\/#organization"},"image":{"@id":"https:\/\/eikonos.com\/ca\/blog\/la-tecnologia-audiovisual-com-atraccio-turistica-en-els-esdeveniments-culturals\/#primaryimage"},"thumbnailUrl":"https:\/\/eikonos.com\/wp-content\/uploads\/2015\/08\/tecnologia-audiovisual-eventos-culturales.jpg","articleSection":["Creaci\u00f3 de continguts","Esdeveniments audiovisuals","Lloguer d'equips"],"inLanguage":"ca","potentialAction":[{"@type":"CommentAction","name":"Comment","target":["https:\/\/eikonos.com\/ca\/blog\/la-tecnologia-audiovisual-com-atraccio-turistica-en-els-esdeveniments-culturals\/#respond"]}]},{"@type":"WebPage","@id":"https:\/\/eikonos.com\/ca\/blog\/la-tecnologia-audiovisual-com-atraccio-turistica-en-els-esdeveniments-culturals\/","url":"https:\/\/eikonos.com\/ca\/blog\/la-tecnologia-audiovisual-com-atraccio-turistica-en-els-esdeveniments-culturals\/","name":"La tecnologia audiovisual com atracci\u00f3 tur\u00edstica en els esdeveniments culturals | EIKONOS","isPartOf":{"@id":"https:\/\/eikonos.com\/ca\/#website"},"primaryImageOfPage":{"@id":"https:\/\/eikonos.com\/ca\/blog\/la-tecnologia-audiovisual-com-atraccio-turistica-en-els-esdeveniments-culturals\/#primaryimage"},"image":{"@id":"https:\/\/eikonos.com\/ca\/blog\/la-tecnologia-audiovisual-com-atraccio-turistica-en-els-esdeveniments-culturals\/#primaryimage"},"thumbnailUrl":"https:\/\/eikonos.com\/wp-content\/uploads\/2015\/08\/tecnologia-audiovisual-eventos-culturales.jpg","datePublished":"2015-08-19T08:33:26+00:00","description":"Us oferim tres activitats que, amb una adequada ambientaci\u00f3 audiovisual, es converteixen en tot un espectacle per esdeveniments culturals.","breadcrumb":{"@id":"https:\/\/eikonos.com\/ca\/blog\/la-tecnologia-audiovisual-com-atraccio-turistica-en-els-esdeveniments-culturals\/#breadcrumb"},"inLanguage":"ca","potentialAction":[{"@type":"ReadAction","target":["https:\/\/eikonos.com\/ca\/blog\/la-tecnologia-audiovisual-com-atraccio-turistica-en-els-esdeveniments-culturals\/"]}]},{"@type":"ImageObject","inLanguage":"ca","@id":"https:\/\/eikonos.com\/ca\/blog\/la-tecnologia-audiovisual-com-atraccio-turistica-en-els-esdeveniments-culturals\/#primaryimage","url":"https:\/\/eikonos.com\/wp-content\/uploads\/2015\/08\/tecnologia-audiovisual-eventos-culturales.jpg","contentUrl":"https:\/\/eikonos.com\/wp-content\/uploads\/2015\/08\/tecnologia-audiovisual-eventos-culturales.jpg","width":725,"height":484,"caption":"La tecnolog\u00eda audiovisual como atracci\u00f3n tur\u00edstica en los eventos culturales"},{"@type":"BreadcrumbList","@id":"https:\/\/eikonos.com\/ca\/blog\/la-tecnologia-audiovisual-com-atraccio-turistica-en-els-esdeveniments-culturals\/#breadcrumb","itemListElement":[{"@type":"ListItem","position":1,"name":"EIKONOS","item":"https:\/\/eikonos.com\/ca\/inici\/"},{"@type":"ListItem","position":2,"name":"La tecnologia audiovisual com atracci\u00f3 tur\u00edstica en els esdeveniments culturals"}]},{"@type":"WebSite","@id":"https:\/\/eikonos.com\/ca\/#website","url":"https:\/\/eikonos.com\/ca\/","name":"EIKONOS","description":"EXPERIENCIA AUDIOVISUAL","publisher":{"@id":"https:\/\/eikonos.com\/ca\/#organization"},"potentialAction":[{"@type":"SearchAction","target":{"@type":"EntryPoint","urlTemplate":"https:\/\/eikonos.com\/ca\/?s={search_term_string}"},"query-input":{"@type":"PropertyValueSpecification","valueRequired":true,"valueName":"search_term_string"}}],"inLanguage":"ca"},{"@type":"Organization","@id":"https:\/\/eikonos.com\/ca\/#organization","name":"EIKONOS | Servicios Audiovisuales, eventos y alquiler de equipos","url":"https:\/\/eikonos.com\/ca\/","logo":{"@type":"ImageObject","inLanguage":"ca","@id":"https:\/\/eikonos.com\/ca\/#\/schema\/logo\/image\/","url":"https:\/\/eikonos.com\/wp-content\/uploads\/2020\/08\/logo-color.png","contentUrl":"https:\/\/eikonos.com\/wp-content\/uploads\/2020\/08\/logo-color.png","width":376,"height":122,"caption":"EIKONOS | Servicios Audiovisuales, eventos y alquiler de equipos"},"image":{"@id":"https:\/\/eikonos.com\/ca\/#\/schema\/logo\/image\/"},"sameAs":["http:\/\/www.facebook.com\/pages\/Eikonos\/176324785746790","https:\/\/x.com\/eikonos_sa","http:\/\/www.linkedin.com\/company\/eikonos","http:\/\/www.youtube.com\/channel\/UC8wcizWaAYbfsuqVf9wIT6w"]},{"@type":"Person","@id":"https:\/\/eikonos.com\/ca\/#\/schema\/person\/82032860cc314d826959b90595a5280a","name":"Xavi Eikonos","image":{"@type":"ImageObject","inLanguage":"ca","@id":"https:\/\/eikonos.com\/ca\/#\/schema\/person\/image\/","url":"https:\/\/secure.gravatar.com\/avatar\/a6c6b51dd0ac6902701aab24a914f6febe1518f94a5ae06db08b3d6107248dfd?s=96&d=mm&r=g","contentUrl":"https:\/\/secure.gravatar.com\/avatar\/a6c6b51dd0ac6902701aab24a914f6febe1518f94a5ae06db08b3d6107248dfd?s=96&d=mm&r=g","caption":"Xavi Eikonos"}}]}},"_links":{"self":[{"href":"https:\/\/eikonos.com\/ca\/wp-json\/wp\/v2\/posts\/2931","targetHints":{"allow":["GET"]}}],"collection":[{"href":"https:\/\/eikonos.com\/ca\/wp-json\/wp\/v2\/posts"}],"about":[{"href":"https:\/\/eikonos.com\/ca\/wp-json\/wp\/v2\/types\/post"}],"author":[{"embeddable":true,"href":"https:\/\/eikonos.com\/ca\/wp-json\/wp\/v2\/users\/6"}],"replies":[{"embeddable":true,"href":"https:\/\/eikonos.com\/ca\/wp-json\/wp\/v2\/comments?post=2931"}],"version-history":[{"count":0,"href":"https:\/\/eikonos.com\/ca\/wp-json\/wp\/v2\/posts\/2931\/revisions"}],"wp:featuredmedia":[{"embeddable":true,"href":"https:\/\/eikonos.com\/ca\/wp-json\/wp\/v2\/media\/2230"}],"wp:attachment":[{"href":"https:\/\/eikonos.com\/ca\/wp-json\/wp\/v2\/media?parent=2931"}],"wp:term":[{"taxonomy":"category","embeddable":true,"href":"https:\/\/eikonos.com\/ca\/wp-json\/wp\/v2\/categories?post=2931"},{"taxonomy":"post_tag","embeddable":true,"href":"https:\/\/eikonos.com\/ca\/wp-json\/wp\/v2\/tags?post=2931"}],"curies":[{"name":"wp","href":"https:\/\/api.w.org\/{rel}","templated":true}]}}