{"id":2928,"date":"2015-08-26T10:28:57","date_gmt":"2015-08-26T08:28:57","guid":{"rendered":"http:\/\/eikonos.com\/blog\/estrenamos-los-nuevos-proyectores-christie-boxer-4k-30-000-lumens-ansi-2\/"},"modified":"2015-08-26T10:28:57","modified_gmt":"2015-08-26T08:28:57","slug":"estrenem-els-nous-projectors-christie-boxer-4k30-lumens-ansi","status":"publish","type":"post","link":"https:\/\/eikonos.com\/ca\/blog\/estrenem-els-nous-projectors-christie-boxer-4k30-lumens-ansi\/","title":{"rendered":"Estrenem els nous projectors Christie Boxer 4K 30.000 l\u00famens ANSI!"},"content":{"rendered":"<p style=\"text-align: justify;\">No feia ni una setmana que hav\u00edem rebut els projectors\u00a0<a title=\"Christie Boxer 4K 30.000 lumens ANSI\" href=\"http:\/\/www.christiedigital.com\/SupportDocs\/Anonymous\/Christie-Boxer-Brochure.pdf\" target=\"_blank\" rel=\"noopener noreferrer\">Christie Boxer 4K 30.000 l\u00famens ANSI<\/a> i el Congr\u00e9s de Penyes del Futbol Club Barcelona ens va brindar l\u2019oportunitat d\u2019estrenar-los al\u00a0<em><a title=\"Palau de Congressos de Catalunya\" href=\"http:\/\/www.pcongresos.com\/\" target=\"_blank\" rel=\"noopener noreferrer\">Palau de Congressos de Catalunya<\/a>.<\/em><\/p>\n<p style=\"text-align: justify;\">Aquests s\u00f3n l\u2019avan\u00e7 tecnol\u00f2gic dels projectors, ja que tenen una s\u00e8rie d\u2019avantatges respecte a la resta amb els que hav\u00edem treballat fins el moment oferint-nos un alt impacte en la posta en escena.<\/p>\n<p style=\"text-align: justify;\">El mateix projector et proporciona informaci\u00f3 de forma senzilla a trav\u00e9s de la pantalla integrada o b\u00e9 l\u2019App \u201cChristie Virtual Remote\u201d que incorpora la tecnologia inal\u00b7l\u00e0mbrica de curt abast NFC per a la transmissi\u00f3 de dades de car\u00e0cter instantani. Aquests s\u00f3n el voltatge, les hores de les l\u00e0mpades, el n\u00famero de s\u00e8rie i les advert\u00e8ncies de l\u2019aparell.<\/p>\n<p style=\"text-align: justify;\">Es caracteritzen per ser m\u00e9s eficients ja que la seva mesura \u00e9s menor que el de la compet\u00e8ncia i m\u00e9s lleugers (68 quilos) permetent aix\u00ed la reducci\u00f3 de les despeses d\u2019enviament i manipulaci\u00f3. La resoluci\u00f3 de la projecci\u00f3 \u00e9s major (4096&#215;2160 p\u00edxels). La vida de la l\u00e0mpada \u00e9s superior (1500 hores), el nivell del soroll \u00e9s inferior (54dB(A)) i posseeix una alta resoluci\u00f3 del color. Per \u00faltim, al posseir sis l\u00e0mpades de xen\u00f3 el fall d\u2019una d\u2019elles en mig d\u2019una projecci\u00f3 \u00e9s invisible als ulls dels assistents.<\/p>\n<p style=\"text-align: justify;\">Si a totes aquestes propietat li afegim la utilitzaci\u00f3 d\u2019una presentaci\u00f3 en alfa, per una banda la integraci\u00f3 de la imatge en la pantalla i per l\u2019altre un fons ali\u00e8 a aquesta, oferim una experi\u00e8ncia virtual \u00fanica tal i com els espectadors poden gaudir en aquest esdeveniment. Aix\u00f2 va ser possible gr\u00e0cies a Eikonos ja que utilitzem el sistema Watchout que ens va permetre projectar en les dos pantalles de 16:9 per visualitzar el suport escrit dels speakers en dos idiomes diferents (catal\u00e0 i espanyol) i les seves intervencions en directe amb una imatge HD,<\/p>\n<p style=\"text-align: justify;\">Vam ser felicitats per la nova Junta del Futbol Club Barcelona i pel nostre client Events. El resultat dels projectors va ser \u00f2ptim i els cul\u00e9s que van poder gaudir de l\u2019edici\u00f3 2015 del Congr\u00e9s de Penyes del FCB. Per a pr\u00f2xim esdeveniments no dubtarem en utilitzar els projectors Christie Boxer si l\u2019esdeveniment ho requereix ja que estem molt contents del seu rendiment.<\/p>\n","protected":false},"excerpt":{"rendered":"<p>No feia ni una setmana que hav\u00edem rebut els projectors\u00a0Christie Boxer 4K 30.000 l\u00famens ANSI&#8230;<\/p>\n","protected":false},"author":6,"featured_media":2228,"comment_status":"open","ping_status":"open","sticky":false,"template":"","format":"standard","meta":{"_acf_changed":false,"footnotes":""},"categories":[344,268,262],"tags":[],"class_list":["post-2928","post","type-post","status-publish","format-standard","has-post-thumbnail","hentry","category-actualitat","category-eikonos-ca","category-lloguer-dequips"],"acf":[],"yoast_head":"<!-- This site is optimized with the Yoast SEO plugin v26.3 - https:\/\/yoast.com\/wordpress\/plugins\/seo\/ -->\n<title>Proyectors Christie Boxer 4K 30.000 l\u00famens ANSI<\/title>\n<meta name=\"description\" content=\"El Congr\u00e9s de Penyes del Futbol Club Barcelona ens va brindar l&#039;oportuniat d&#039;estrar els projectors Christie Boxer 4K30 en el Palau de Congressos de Catalunya.\" \/>\n<meta name=\"robots\" content=\"index, follow, max-snippet:-1, max-image-preview:large, max-video-preview:-1\" \/>\n<link rel=\"canonical\" href=\"https:\/\/eikonos.com\/ca\/blog\/estrenem-els-nous-projectors-christie-boxer-4k30-lumens-ansi\/\" \/>\n<meta property=\"og:locale\" content=\"ca_ES\" \/>\n<meta property=\"og:type\" content=\"article\" \/>\n<meta property=\"og:title\" content=\"Proyectors Christie Boxer 4K 30.000 l\u00famens ANSI\" \/>\n<meta property=\"og:description\" content=\"El Congr\u00e9s de Penyes del Futbol Club Barcelona ens va brindar l&#039;oportuniat d&#039;estrar els projectors Christie Boxer 4K30 en el Palau de Congressos de Catalunya.\" \/>\n<meta property=\"og:url\" content=\"https:\/\/eikonos.com\/ca\/blog\/estrenem-els-nous-projectors-christie-boxer-4k30-lumens-ansi\/\" \/>\n<meta property=\"og:site_name\" content=\"EIKONOS\" \/>\n<meta property=\"article:publisher\" content=\"http:\/\/www.facebook.com\/pages\/Eikonos\/176324785746790\" \/>\n<meta property=\"article:published_time\" content=\"2015-08-26T08:28:57+00:00\" \/>\n<meta property=\"og:image\" content=\"https:\/\/eikonos.com\/wp-content\/uploads\/2015\/08\/eikonos_fcb_congres.jpg\" \/>\n\t<meta property=\"og:image:width\" content=\"1997\" \/>\n\t<meta property=\"og:image:height\" content=\"891\" \/>\n\t<meta property=\"og:image:type\" content=\"image\/jpeg\" \/>\n<meta name=\"author\" content=\"Xavi Eikonos\" \/>\n<meta name=\"twitter:card\" content=\"summary_large_image\" \/>\n<meta name=\"twitter:creator\" content=\"@eikonos_sa\" \/>\n<meta name=\"twitter:site\" content=\"@eikonos_sa\" \/>\n<meta name=\"twitter:label1\" content=\"Escrit per\" \/>\n\t<meta name=\"twitter:data1\" content=\"Xavi Eikonos\" \/>\n\t<meta name=\"twitter:label2\" content=\"Temps estimat de lectura\" \/>\n\t<meta name=\"twitter:data2\" content=\"2 minuts\" \/>\n<script type=\"application\/ld+json\" class=\"yoast-schema-graph\">{\"@context\":\"https:\/\/schema.org\",\"@graph\":[{\"@type\":\"Article\",\"@id\":\"https:\/\/eikonos.com\/ca\/blog\/estrenem-els-nous-projectors-christie-boxer-4k30-lumens-ansi\/#article\",\"isPartOf\":{\"@id\":\"https:\/\/eikonos.com\/ca\/blog\/estrenem-els-nous-projectors-christie-boxer-4k30-lumens-ansi\/\"},\"author\":{\"name\":\"Xavi Eikonos\",\"@id\":\"https:\/\/eikonos.com\/ca\/#\/schema\/person\/82032860cc314d826959b90595a5280a\"},\"headline\":\"Estrenem els nous projectors Christie Boxer 4K 30.000 l\u00famens ANSI!\",\"datePublished\":\"2015-08-26T08:28:57+00:00\",\"mainEntityOfPage\":{\"@id\":\"https:\/\/eikonos.com\/ca\/blog\/estrenem-els-nous-projectors-christie-boxer-4k30-lumens-ansi\/\"},\"wordCount\":418,\"commentCount\":0,\"publisher\":{\"@id\":\"https:\/\/eikonos.com\/ca\/#organization\"},\"image\":{\"@id\":\"https:\/\/eikonos.com\/ca\/blog\/estrenem-els-nous-projectors-christie-boxer-4k30-lumens-ansi\/#primaryimage\"},\"thumbnailUrl\":\"https:\/\/eikonos.com\/wp-content\/uploads\/2015\/08\/eikonos_fcb_congres.jpg\",\"articleSection\":[\"Actualitat\",\"Eikonos\",\"Lloguer d'equips\"],\"inLanguage\":\"ca\",\"potentialAction\":[{\"@type\":\"CommentAction\",\"name\":\"Comment\",\"target\":[\"https:\/\/eikonos.com\/ca\/blog\/estrenem-els-nous-projectors-christie-boxer-4k30-lumens-ansi\/#respond\"]}]},{\"@type\":\"WebPage\",\"@id\":\"https:\/\/eikonos.com\/ca\/blog\/estrenem-els-nous-projectors-christie-boxer-4k30-lumens-ansi\/\",\"url\":\"https:\/\/eikonos.com\/ca\/blog\/estrenem-els-nous-projectors-christie-boxer-4k30-lumens-ansi\/\",\"name\":\"Proyectors Christie Boxer 4K 30.000 l\u00famens ANSI\",\"isPartOf\":{\"@id\":\"https:\/\/eikonos.com\/ca\/#website\"},\"primaryImageOfPage\":{\"@id\":\"https:\/\/eikonos.com\/ca\/blog\/estrenem-els-nous-projectors-christie-boxer-4k30-lumens-ansi\/#primaryimage\"},\"image\":{\"@id\":\"https:\/\/eikonos.com\/ca\/blog\/estrenem-els-nous-projectors-christie-boxer-4k30-lumens-ansi\/#primaryimage\"},\"thumbnailUrl\":\"https:\/\/eikonos.com\/wp-content\/uploads\/2015\/08\/eikonos_fcb_congres.jpg\",\"datePublished\":\"2015-08-26T08:28:57+00:00\",\"description\":\"El Congr\u00e9s de Penyes del Futbol Club Barcelona ens va brindar l'oportuniat d'estrar els projectors Christie Boxer 4K30 en el Palau de Congressos de Catalunya.\",\"breadcrumb\":{\"@id\":\"https:\/\/eikonos.com\/ca\/blog\/estrenem-els-nous-projectors-christie-boxer-4k30-lumens-ansi\/#breadcrumb\"},\"inLanguage\":\"ca\",\"potentialAction\":[{\"@type\":\"ReadAction\",\"target\":[\"https:\/\/eikonos.com\/ca\/blog\/estrenem-els-nous-projectors-christie-boxer-4k30-lumens-ansi\/\"]}]},{\"@type\":\"ImageObject\",\"inLanguage\":\"ca\",\"@id\":\"https:\/\/eikonos.com\/ca\/blog\/estrenem-els-nous-projectors-christie-boxer-4k30-lumens-ansi\/#primaryimage\",\"url\":\"https:\/\/eikonos.com\/wp-content\/uploads\/2015\/08\/eikonos_fcb_congres.jpg\",\"contentUrl\":\"https:\/\/eikonos.com\/wp-content\/uploads\/2015\/08\/eikonos_fcb_congres.jpg\",\"width\":1997,\"height\":891,\"caption\":\"El estrenos se realiza en el Palau de Congressos de Catalunya para el congres de Peneys del Futbol club barcelona\"},{\"@type\":\"BreadcrumbList\",\"@id\":\"https:\/\/eikonos.com\/ca\/blog\/estrenem-els-nous-projectors-christie-boxer-4k30-lumens-ansi\/#breadcrumb\",\"itemListElement\":[{\"@type\":\"ListItem\",\"position\":1,\"name\":\"EIKONOS\",\"item\":\"https:\/\/eikonos.com\/ca\/inici\/\"},{\"@type\":\"ListItem\",\"position\":2,\"name\":\"Estrenem els nous projectors Christie Boxer 4K 30.000 l\u00famens ANSI!\"}]},{\"@type\":\"WebSite\",\"@id\":\"https:\/\/eikonos.com\/ca\/#website\",\"url\":\"https:\/\/eikonos.com\/ca\/\",\"name\":\"EIKONOS\",\"description\":\"EXPERIENCIA AUDIOVISUAL\",\"publisher\":{\"@id\":\"https:\/\/eikonos.com\/ca\/#organization\"},\"potentialAction\":[{\"@type\":\"SearchAction\",\"target\":{\"@type\":\"EntryPoint\",\"urlTemplate\":\"https:\/\/eikonos.com\/ca\/?s={search_term_string}\"},\"query-input\":{\"@type\":\"PropertyValueSpecification\",\"valueRequired\":true,\"valueName\":\"search_term_string\"}}],\"inLanguage\":\"ca\"},{\"@type\":\"Organization\",\"@id\":\"https:\/\/eikonos.com\/ca\/#organization\",\"name\":\"EIKONOS | Servicios Audiovisuales, eventos y alquiler de equipos\",\"url\":\"https:\/\/eikonos.com\/ca\/\",\"logo\":{\"@type\":\"ImageObject\",\"inLanguage\":\"ca\",\"@id\":\"https:\/\/eikonos.com\/ca\/#\/schema\/logo\/image\/\",\"url\":\"https:\/\/eikonos.com\/wp-content\/uploads\/2020\/08\/logo-color.png\",\"contentUrl\":\"https:\/\/eikonos.com\/wp-content\/uploads\/2020\/08\/logo-color.png\",\"width\":376,\"height\":122,\"caption\":\"EIKONOS | Servicios Audiovisuales, eventos y alquiler de equipos\"},\"image\":{\"@id\":\"https:\/\/eikonos.com\/ca\/#\/schema\/logo\/image\/\"},\"sameAs\":[\"http:\/\/www.facebook.com\/pages\/Eikonos\/176324785746790\",\"https:\/\/x.com\/eikonos_sa\",\"http:\/\/www.linkedin.com\/company\/eikonos\",\"http:\/\/www.youtube.com\/channel\/UC8wcizWaAYbfsuqVf9wIT6w\"]},{\"@type\":\"Person\",\"@id\":\"https:\/\/eikonos.com\/ca\/#\/schema\/person\/82032860cc314d826959b90595a5280a\",\"name\":\"Xavi Eikonos\",\"image\":{\"@type\":\"ImageObject\",\"inLanguage\":\"ca\",\"@id\":\"https:\/\/eikonos.com\/ca\/#\/schema\/person\/image\/\",\"url\":\"https:\/\/secure.gravatar.com\/avatar\/a6c6b51dd0ac6902701aab24a914f6febe1518f94a5ae06db08b3d6107248dfd?s=96&d=mm&r=g\",\"contentUrl\":\"https:\/\/secure.gravatar.com\/avatar\/a6c6b51dd0ac6902701aab24a914f6febe1518f94a5ae06db08b3d6107248dfd?s=96&d=mm&r=g\",\"caption\":\"Xavi Eikonos\"}}]}<\/script>\n<!-- \/ Yoast SEO plugin. -->","yoast_head_json":{"title":"Proyectors Christie Boxer 4K 30.000 l\u00famens ANSI","description":"El Congr\u00e9s de Penyes del Futbol Club Barcelona ens va brindar l'oportuniat d'estrar els projectors Christie Boxer 4K30 en el Palau de Congressos de Catalunya.","robots":{"index":"index","follow":"follow","max-snippet":"max-snippet:-1","max-image-preview":"max-image-preview:large","max-video-preview":"max-video-preview:-1"},"canonical":"https:\/\/eikonos.com\/ca\/blog\/estrenem-els-nous-projectors-christie-boxer-4k30-lumens-ansi\/","og_locale":"ca_ES","og_type":"article","og_title":"Proyectors Christie Boxer 4K 30.000 l\u00famens ANSI","og_description":"El Congr\u00e9s de Penyes del Futbol Club Barcelona ens va brindar l'oportuniat d'estrar els projectors Christie Boxer 4K30 en el Palau de Congressos de Catalunya.","og_url":"https:\/\/eikonos.com\/ca\/blog\/estrenem-els-nous-projectors-christie-boxer-4k30-lumens-ansi\/","og_site_name":"EIKONOS","article_publisher":"http:\/\/www.facebook.com\/pages\/Eikonos\/176324785746790","article_published_time":"2015-08-26T08:28:57+00:00","og_image":[{"width":1997,"height":891,"url":"https:\/\/eikonos.com\/wp-content\/uploads\/2015\/08\/eikonos_fcb_congres.jpg","type":"image\/jpeg"}],"author":"Xavi Eikonos","twitter_card":"summary_large_image","twitter_creator":"@eikonos_sa","twitter_site":"@eikonos_sa","twitter_misc":{"Escrit per":"Xavi Eikonos","Temps estimat de lectura":"2 minuts"},"schema":{"@context":"https:\/\/schema.org","@graph":[{"@type":"Article","@id":"https:\/\/eikonos.com\/ca\/blog\/estrenem-els-nous-projectors-christie-boxer-4k30-lumens-ansi\/#article","isPartOf":{"@id":"https:\/\/eikonos.com\/ca\/blog\/estrenem-els-nous-projectors-christie-boxer-4k30-lumens-ansi\/"},"author":{"name":"Xavi Eikonos","@id":"https:\/\/eikonos.com\/ca\/#\/schema\/person\/82032860cc314d826959b90595a5280a"},"headline":"Estrenem els nous projectors Christie Boxer 4K 30.000 l\u00famens ANSI!","datePublished":"2015-08-26T08:28:57+00:00","mainEntityOfPage":{"@id":"https:\/\/eikonos.com\/ca\/blog\/estrenem-els-nous-projectors-christie-boxer-4k30-lumens-ansi\/"},"wordCount":418,"commentCount":0,"publisher":{"@id":"https:\/\/eikonos.com\/ca\/#organization"},"image":{"@id":"https:\/\/eikonos.com\/ca\/blog\/estrenem-els-nous-projectors-christie-boxer-4k30-lumens-ansi\/#primaryimage"},"thumbnailUrl":"https:\/\/eikonos.com\/wp-content\/uploads\/2015\/08\/eikonos_fcb_congres.jpg","articleSection":["Actualitat","Eikonos","Lloguer d'equips"],"inLanguage":"ca","potentialAction":[{"@type":"CommentAction","name":"Comment","target":["https:\/\/eikonos.com\/ca\/blog\/estrenem-els-nous-projectors-christie-boxer-4k30-lumens-ansi\/#respond"]}]},{"@type":"WebPage","@id":"https:\/\/eikonos.com\/ca\/blog\/estrenem-els-nous-projectors-christie-boxer-4k30-lumens-ansi\/","url":"https:\/\/eikonos.com\/ca\/blog\/estrenem-els-nous-projectors-christie-boxer-4k30-lumens-ansi\/","name":"Proyectors Christie Boxer 4K 30.000 l\u00famens ANSI","isPartOf":{"@id":"https:\/\/eikonos.com\/ca\/#website"},"primaryImageOfPage":{"@id":"https:\/\/eikonos.com\/ca\/blog\/estrenem-els-nous-projectors-christie-boxer-4k30-lumens-ansi\/#primaryimage"},"image":{"@id":"https:\/\/eikonos.com\/ca\/blog\/estrenem-els-nous-projectors-christie-boxer-4k30-lumens-ansi\/#primaryimage"},"thumbnailUrl":"https:\/\/eikonos.com\/wp-content\/uploads\/2015\/08\/eikonos_fcb_congres.jpg","datePublished":"2015-08-26T08:28:57+00:00","description":"El Congr\u00e9s de Penyes del Futbol Club Barcelona ens va brindar l'oportuniat d'estrar els projectors Christie Boxer 4K30 en el Palau de Congressos de Catalunya.","breadcrumb":{"@id":"https:\/\/eikonos.com\/ca\/blog\/estrenem-els-nous-projectors-christie-boxer-4k30-lumens-ansi\/#breadcrumb"},"inLanguage":"ca","potentialAction":[{"@type":"ReadAction","target":["https:\/\/eikonos.com\/ca\/blog\/estrenem-els-nous-projectors-christie-boxer-4k30-lumens-ansi\/"]}]},{"@type":"ImageObject","inLanguage":"ca","@id":"https:\/\/eikonos.com\/ca\/blog\/estrenem-els-nous-projectors-christie-boxer-4k30-lumens-ansi\/#primaryimage","url":"https:\/\/eikonos.com\/wp-content\/uploads\/2015\/08\/eikonos_fcb_congres.jpg","contentUrl":"https:\/\/eikonos.com\/wp-content\/uploads\/2015\/08\/eikonos_fcb_congres.jpg","width":1997,"height":891,"caption":"El estrenos se realiza en el Palau de Congressos de Catalunya para el congres de Peneys del Futbol club barcelona"},{"@type":"BreadcrumbList","@id":"https:\/\/eikonos.com\/ca\/blog\/estrenem-els-nous-projectors-christie-boxer-4k30-lumens-ansi\/#breadcrumb","itemListElement":[{"@type":"ListItem","position":1,"name":"EIKONOS","item":"https:\/\/eikonos.com\/ca\/inici\/"},{"@type":"ListItem","position":2,"name":"Estrenem els nous projectors Christie Boxer 4K 30.000 l\u00famens ANSI!"}]},{"@type":"WebSite","@id":"https:\/\/eikonos.com\/ca\/#website","url":"https:\/\/eikonos.com\/ca\/","name":"EIKONOS","description":"EXPERIENCIA AUDIOVISUAL","publisher":{"@id":"https:\/\/eikonos.com\/ca\/#organization"},"potentialAction":[{"@type":"SearchAction","target":{"@type":"EntryPoint","urlTemplate":"https:\/\/eikonos.com\/ca\/?s={search_term_string}"},"query-input":{"@type":"PropertyValueSpecification","valueRequired":true,"valueName":"search_term_string"}}],"inLanguage":"ca"},{"@type":"Organization","@id":"https:\/\/eikonos.com\/ca\/#organization","name":"EIKONOS | Servicios Audiovisuales, eventos y alquiler de equipos","url":"https:\/\/eikonos.com\/ca\/","logo":{"@type":"ImageObject","inLanguage":"ca","@id":"https:\/\/eikonos.com\/ca\/#\/schema\/logo\/image\/","url":"https:\/\/eikonos.com\/wp-content\/uploads\/2020\/08\/logo-color.png","contentUrl":"https:\/\/eikonos.com\/wp-content\/uploads\/2020\/08\/logo-color.png","width":376,"height":122,"caption":"EIKONOS | Servicios Audiovisuales, eventos y alquiler de equipos"},"image":{"@id":"https:\/\/eikonos.com\/ca\/#\/schema\/logo\/image\/"},"sameAs":["http:\/\/www.facebook.com\/pages\/Eikonos\/176324785746790","https:\/\/x.com\/eikonos_sa","http:\/\/www.linkedin.com\/company\/eikonos","http:\/\/www.youtube.com\/channel\/UC8wcizWaAYbfsuqVf9wIT6w"]},{"@type":"Person","@id":"https:\/\/eikonos.com\/ca\/#\/schema\/person\/82032860cc314d826959b90595a5280a","name":"Xavi Eikonos","image":{"@type":"ImageObject","inLanguage":"ca","@id":"https:\/\/eikonos.com\/ca\/#\/schema\/person\/image\/","url":"https:\/\/secure.gravatar.com\/avatar\/a6c6b51dd0ac6902701aab24a914f6febe1518f94a5ae06db08b3d6107248dfd?s=96&d=mm&r=g","contentUrl":"https:\/\/secure.gravatar.com\/avatar\/a6c6b51dd0ac6902701aab24a914f6febe1518f94a5ae06db08b3d6107248dfd?s=96&d=mm&r=g","caption":"Xavi Eikonos"}}]}},"_links":{"self":[{"href":"https:\/\/eikonos.com\/ca\/wp-json\/wp\/v2\/posts\/2928","targetHints":{"allow":["GET"]}}],"collection":[{"href":"https:\/\/eikonos.com\/ca\/wp-json\/wp\/v2\/posts"}],"about":[{"href":"https:\/\/eikonos.com\/ca\/wp-json\/wp\/v2\/types\/post"}],"author":[{"embeddable":true,"href":"https:\/\/eikonos.com\/ca\/wp-json\/wp\/v2\/users\/6"}],"replies":[{"embeddable":true,"href":"https:\/\/eikonos.com\/ca\/wp-json\/wp\/v2\/comments?post=2928"}],"version-history":[{"count":0,"href":"https:\/\/eikonos.com\/ca\/wp-json\/wp\/v2\/posts\/2928\/revisions"}],"wp:featuredmedia":[{"embeddable":true,"href":"https:\/\/eikonos.com\/ca\/wp-json\/wp\/v2\/media\/2228"}],"wp:attachment":[{"href":"https:\/\/eikonos.com\/ca\/wp-json\/wp\/v2\/media?parent=2928"}],"wp:term":[{"taxonomy":"category","embeddable":true,"href":"https:\/\/eikonos.com\/ca\/wp-json\/wp\/v2\/categories?post=2928"},{"taxonomy":"post_tag","embeddable":true,"href":"https:\/\/eikonos.com\/ca\/wp-json\/wp\/v2\/tags?post=2928"}],"curies":[{"name":"wp","href":"https:\/\/api.w.org\/{rel}","templated":true}]}}