{"id":2919,"date":"2015-09-07T12:21:00","date_gmt":"2015-09-07T10:21:00","guid":{"rendered":"http:\/\/eikonos.com\/blog\/elementos-potencian-realizaciones-audiovisuales-en-directo-2\/"},"modified":"2015-09-07T12:21:00","modified_gmt":"2015-09-07T10:21:00","slug":"elements-que-potencien-les-realitzacions-audiovisuals-en-directe","status":"publish","type":"post","link":"https:\/\/eikonos.com\/ca\/blog\/elements-que-potencien-les-realitzacions-audiovisuals-en-directe\/","title":{"rendered":"Elements que potencien les realitzacions audiovisuals en directe"},"content":{"rendered":"<p style=\"text-align: justify;\">Si existeix un gran repte en el m\u00f3n de les comunicacions \u00e9s el de les realitzacions audiovisuals en directe. Un directe \u00e9s una modalitat que proporciona moltes satisfaccions i que \u00e9s ben apreciada pel p\u00fablic debut a la seva <strong>frescor i naturalitat. <\/strong>Per aquesta ra\u00f3, \u00e9s indispensable dur una regidoria molt ben feta a l\u2019hora d\u2019abordar una realitzaci\u00f3 audiovisual en directe.<\/p>\n<h2 style=\"text-align: justify;\"><span style=\"color: #ff0000;\">La import\u00e0ncia de la coordinaci\u00f3 audiovisual<\/span><\/h2>\n<p style=\"text-align: justify;\">A aquestes altures no cal definir el concepte audiovisual, per\u00f2 s\u00ed que conv\u00e9 destacar la import\u00e0ncia de conjugar tots els elements: en una realitzaci\u00f3 en directe el clar protagonista \u00e9s qui retransmet, per\u00f2 el seu entorn tamb\u00e9 \u00e9s clau per contextualitzar al receptor. Per aix\u00f2 <strong>potenciar detalls, il\u00b7luminar fons, captar el so d\u2019ambient i adequar-lo <\/strong>per a que no s\u2019acobli la veu principal s\u00f3n nom\u00e9s algunes claus que poden ajudar a que la nostra realitzaci\u00f3 audiovisual en directe arribi de forma perfecta i impecable al nostre p\u00fablic.<\/p>\n<p style=\"text-align: justify;\">Tot aquest treball no \u00e9s possible sense dos element fonaments: un\u00a0<a href=\"https:\/\/eikonos.com\/\">equip professional encarregat de donar suport en tot moment<\/a>\u00a0i coordinar cada clau de la producci\u00f3 i, <a href=\"https:\/\/eikonos.com\/servicios\/alquiler-de-equipos\/\">el millor material audiovisual<\/a> que capti cada detall i potenci\u00ef els elements disponibles.<\/p>\n<p style=\"text-align: justify;\">Des de equips per a la\u00a0<a href=\"https:\/\/eikonos.com\/portfolio_page\/streaming\/\">retransmissi\u00f3 en streaming<\/a>\u00a0fins a unitat m\u00f2bils totalment equipades hi ha tot un ventall que, segons la import\u00e0ncia de l\u2019esdeveniment, pot <strong>cobrir totes les nostres necessitats, <\/strong>per\u00f2 sens dubte el suport del personal especialitzat \u00e9s vital en quan entren en joc varis elements com les multi pantalles.<\/p>\n<h2 style=\"text-align: justify;\"><span style=\"color: #ff0000;\">La dinamitzaci\u00f3 com element diferenciador<\/span><\/h2>\n<p style=\"text-align: justify;\"><em><span style=\"color: #ff0000;\">\u00c9s en la dinamizaci\u00f3, en el canvi de plans, de prespectives, de fons, on trobem la clau d\u2019alabar un bon treball de retransmissi\u00f3 en viu.\u00a0<\/span><\/em><\/p>\n<p style=\"text-align: justify;\"><span style=\"color: #000000;\"><span style=\"text-align: justify;\">No obstant, el<\/span><strong style=\"text-align: justify;\"> streaming compta amb especialitzaci\u00f3\u00a0<\/strong><\/span>que asseguren una realitzaci\u00f3 competent, per\u00f2 en un m\u00f3n digitalitzat on qualsevol persona amateur pot afegir a Internet la gravaci\u00f3 d\u2019un esdeveniment en q\u00fcesti\u00f3 de minuts, \u00e9s <strong>en els detalls que denoten una producci\u00f3 professional <\/strong>i la elaborada on marquem la difer\u00e8ncia i on atraiem p\u00fablic, indispensable per suposat si parlem d\u2019entorns televisius on l\u2019audi\u00e8ncia \u00e9s nombrosa. \u00c9s molt important que el client escolti als professionals per con\u00e8ixer el material que m\u00e9s s\u2019ajusti a les necessitats de l\u2019esdeveniment, ja sigui en quantitat com en t\u00e8cnics per a la seva gesti\u00f3.<\/p>\n<p style=\"text-align: justify;\">\n<p style=\"text-align: justify;\">Un joc de c\u00e0meres que focalitzin l\u2019atenci\u00f3 de l\u2019espectador en el punt exacte de la narraci\u00f3, llums que destaquin primer plans i ressaltin escenaris, siguin naturals o creats per nosaltres mateixos, micr\u00f2fons i equips que cre\u00efn un so i redueixin el soroll ambiental, una producci\u00f3 que esculli en tot moment qu\u00e8 mostrar i qu\u00e8 ocultar i, sobretot uns professionals que atenguin al segon a qualsevol error t\u00e8cnic s\u00f3n els elements que sense dubtes potenciar\u00e0 qualsevol emissi\u00f3 en directe que asseguri un resultats de primera.<\/p>\n<p>&nbsp;<\/p>\n<p>&nbsp;<\/p>\n<p style=\"text-align: justify;\">\n","protected":false},"excerpt":{"rendered":"<p>Si existeix un gran repte en el m\u00f3n de les comunicacions \u00e9s el de les&#8230;<\/p>\n","protected":false},"author":6,"featured_media":2260,"comment_status":"open","ping_status":"open","sticky":false,"template":"","format":"standard","meta":{"_acf_changed":false,"footnotes":""},"categories":[257,260,262],"tags":[358],"class_list":["post-2919","post","type-post","status-publish","format-standard","has-post-thumbnail","hentry","category-creacio-de-continguts","category-esdeveniments-audiovisuals","category-lloguer-dequips","tag-esdeveniments-audiovisuals"],"acf":[],"yoast_head":"<!-- This site is optimized with the Yoast SEO plugin v26.3 - https:\/\/yoast.com\/wordpress\/plugins\/seo\/ -->\n<title>Elements que potencien les realitzacions audiovisuals en directe<\/title>\n<meta name=\"description\" content=\"No hi ha major repte en comunicaci\u00f3 que el de les realitzacions audiovisuals en directe. Per a que no falli, el millor equip professional i t\u00e8cnic \u00e9s la clau.\" \/>\n<meta name=\"robots\" content=\"index, follow, max-snippet:-1, max-image-preview:large, max-video-preview:-1\" \/>\n<link rel=\"canonical\" href=\"https:\/\/eikonos.com\/ca\/blog\/elements-que-potencien-les-realitzacions-audiovisuals-en-directe\/\" \/>\n<meta property=\"og:locale\" content=\"ca_ES\" \/>\n<meta property=\"og:type\" content=\"article\" \/>\n<meta property=\"og:title\" content=\"Elements que potencien les realitzacions audiovisuals en directe\" \/>\n<meta property=\"og:description\" content=\"No hi ha major repte en comunicaci\u00f3 que el de les realitzacions audiovisuals en directe. Per a que no falli, el millor equip professional i t\u00e8cnic \u00e9s la clau.\" \/>\n<meta property=\"og:url\" content=\"https:\/\/eikonos.com\/ca\/blog\/elements-que-potencien-les-realitzacions-audiovisuals-en-directe\/\" \/>\n<meta property=\"og:site_name\" content=\"EIKONOS\" \/>\n<meta property=\"article:publisher\" content=\"http:\/\/www.facebook.com\/pages\/Eikonos\/176324785746790\" \/>\n<meta property=\"article:published_time\" content=\"2015-09-07T10:21:00+00:00\" \/>\n<meta property=\"og:image\" content=\"https:\/\/eikonos.com\/wp-content\/uploads\/2015\/09\/grabacion_en_directo.jpg\" \/>\n\t<meta property=\"og:image:width\" content=\"1717\" \/>\n\t<meta property=\"og:image:height\" content=\"1107\" \/>\n\t<meta property=\"og:image:type\" content=\"image\/jpeg\" \/>\n<meta name=\"author\" content=\"Xavi Eikonos\" \/>\n<meta name=\"twitter:card\" content=\"summary_large_image\" \/>\n<meta name=\"twitter:creator\" content=\"@eikonos_sa\" \/>\n<meta name=\"twitter:site\" content=\"@eikonos_sa\" \/>\n<meta name=\"twitter:label1\" content=\"Escrit per\" \/>\n\t<meta name=\"twitter:data1\" content=\"Xavi Eikonos\" \/>\n\t<meta name=\"twitter:label2\" content=\"Temps estimat de lectura\" \/>\n\t<meta name=\"twitter:data2\" content=\"2 minuts\" \/>\n<script type=\"application\/ld+json\" class=\"yoast-schema-graph\">{\"@context\":\"https:\/\/schema.org\",\"@graph\":[{\"@type\":\"Article\",\"@id\":\"https:\/\/eikonos.com\/ca\/blog\/elements-que-potencien-les-realitzacions-audiovisuals-en-directe\/#article\",\"isPartOf\":{\"@id\":\"https:\/\/eikonos.com\/ca\/blog\/elements-que-potencien-les-realitzacions-audiovisuals-en-directe\/\"},\"author\":{\"name\":\"Xavi Eikonos\",\"@id\":\"https:\/\/eikonos.com\/ca\/#\/schema\/person\/82032860cc314d826959b90595a5280a\"},\"headline\":\"Elements que potencien les realitzacions audiovisuals en directe\",\"datePublished\":\"2015-09-07T10:21:00+00:00\",\"mainEntityOfPage\":{\"@id\":\"https:\/\/eikonos.com\/ca\/blog\/elements-que-potencien-les-realitzacions-audiovisuals-en-directe\/\"},\"wordCount\":505,\"commentCount\":0,\"publisher\":{\"@id\":\"https:\/\/eikonos.com\/ca\/#organization\"},\"image\":{\"@id\":\"https:\/\/eikonos.com\/ca\/blog\/elements-que-potencien-les-realitzacions-audiovisuals-en-directe\/#primaryimage\"},\"thumbnailUrl\":\"https:\/\/eikonos.com\/wp-content\/uploads\/2015\/09\/grabacion_en_directo.jpg\",\"keywords\":[\"Esdeveniments audiovisuals\"],\"articleSection\":[\"Creaci\u00f3 de continguts\",\"Esdeveniments audiovisuals\",\"Lloguer d'equips\"],\"inLanguage\":\"ca\",\"potentialAction\":[{\"@type\":\"CommentAction\",\"name\":\"Comment\",\"target\":[\"https:\/\/eikonos.com\/ca\/blog\/elements-que-potencien-les-realitzacions-audiovisuals-en-directe\/#respond\"]}]},{\"@type\":\"WebPage\",\"@id\":\"https:\/\/eikonos.com\/ca\/blog\/elements-que-potencien-les-realitzacions-audiovisuals-en-directe\/\",\"url\":\"https:\/\/eikonos.com\/ca\/blog\/elements-que-potencien-les-realitzacions-audiovisuals-en-directe\/\",\"name\":\"Elements que potencien les realitzacions audiovisuals en directe\",\"isPartOf\":{\"@id\":\"https:\/\/eikonos.com\/ca\/#website\"},\"primaryImageOfPage\":{\"@id\":\"https:\/\/eikonos.com\/ca\/blog\/elements-que-potencien-les-realitzacions-audiovisuals-en-directe\/#primaryimage\"},\"image\":{\"@id\":\"https:\/\/eikonos.com\/ca\/blog\/elements-que-potencien-les-realitzacions-audiovisuals-en-directe\/#primaryimage\"},\"thumbnailUrl\":\"https:\/\/eikonos.com\/wp-content\/uploads\/2015\/09\/grabacion_en_directo.jpg\",\"datePublished\":\"2015-09-07T10:21:00+00:00\",\"description\":\"No hi ha major repte en comunicaci\u00f3 que el de les realitzacions audiovisuals en directe. Per a que no falli, el millor equip professional i t\u00e8cnic \u00e9s la clau.\",\"breadcrumb\":{\"@id\":\"https:\/\/eikonos.com\/ca\/blog\/elements-que-potencien-les-realitzacions-audiovisuals-en-directe\/#breadcrumb\"},\"inLanguage\":\"ca\",\"potentialAction\":[{\"@type\":\"ReadAction\",\"target\":[\"https:\/\/eikonos.com\/ca\/blog\/elements-que-potencien-les-realitzacions-audiovisuals-en-directe\/\"]}]},{\"@type\":\"ImageObject\",\"inLanguage\":\"ca\",\"@id\":\"https:\/\/eikonos.com\/ca\/blog\/elements-que-potencien-les-realitzacions-audiovisuals-en-directe\/#primaryimage\",\"url\":\"https:\/\/eikonos.com\/wp-content\/uploads\/2015\/09\/grabacion_en_directo.jpg\",\"contentUrl\":\"https:\/\/eikonos.com\/wp-content\/uploads\/2015\/09\/grabacion_en_directo.jpg\",\"width\":1717,\"height\":1107,\"caption\":\"realizaci\u00f3n audiovisual en directo\"},{\"@type\":\"BreadcrumbList\",\"@id\":\"https:\/\/eikonos.com\/ca\/blog\/elements-que-potencien-les-realitzacions-audiovisuals-en-directe\/#breadcrumb\",\"itemListElement\":[{\"@type\":\"ListItem\",\"position\":1,\"name\":\"EIKONOS\",\"item\":\"https:\/\/eikonos.com\/ca\/inici\/\"},{\"@type\":\"ListItem\",\"position\":2,\"name\":\"Elements que potencien les realitzacions audiovisuals en directe\"}]},{\"@type\":\"WebSite\",\"@id\":\"https:\/\/eikonos.com\/ca\/#website\",\"url\":\"https:\/\/eikonos.com\/ca\/\",\"name\":\"EIKONOS\",\"description\":\"EXPERIENCIA AUDIOVISUAL\",\"publisher\":{\"@id\":\"https:\/\/eikonos.com\/ca\/#organization\"},\"potentialAction\":[{\"@type\":\"SearchAction\",\"target\":{\"@type\":\"EntryPoint\",\"urlTemplate\":\"https:\/\/eikonos.com\/ca\/?s={search_term_string}\"},\"query-input\":{\"@type\":\"PropertyValueSpecification\",\"valueRequired\":true,\"valueName\":\"search_term_string\"}}],\"inLanguage\":\"ca\"},{\"@type\":\"Organization\",\"@id\":\"https:\/\/eikonos.com\/ca\/#organization\",\"name\":\"EIKONOS | Servicios Audiovisuales, eventos y alquiler de equipos\",\"url\":\"https:\/\/eikonos.com\/ca\/\",\"logo\":{\"@type\":\"ImageObject\",\"inLanguage\":\"ca\",\"@id\":\"https:\/\/eikonos.com\/ca\/#\/schema\/logo\/image\/\",\"url\":\"https:\/\/eikonos.com\/wp-content\/uploads\/2020\/08\/logo-color.png\",\"contentUrl\":\"https:\/\/eikonos.com\/wp-content\/uploads\/2020\/08\/logo-color.png\",\"width\":376,\"height\":122,\"caption\":\"EIKONOS | Servicios Audiovisuales, eventos y alquiler de equipos\"},\"image\":{\"@id\":\"https:\/\/eikonos.com\/ca\/#\/schema\/logo\/image\/\"},\"sameAs\":[\"http:\/\/www.facebook.com\/pages\/Eikonos\/176324785746790\",\"https:\/\/x.com\/eikonos_sa\",\"http:\/\/www.linkedin.com\/company\/eikonos\",\"http:\/\/www.youtube.com\/channel\/UC8wcizWaAYbfsuqVf9wIT6w\"]},{\"@type\":\"Person\",\"@id\":\"https:\/\/eikonos.com\/ca\/#\/schema\/person\/82032860cc314d826959b90595a5280a\",\"name\":\"Xavi Eikonos\",\"image\":{\"@type\":\"ImageObject\",\"inLanguage\":\"ca\",\"@id\":\"https:\/\/eikonos.com\/ca\/#\/schema\/person\/image\/\",\"url\":\"https:\/\/secure.gravatar.com\/avatar\/a6c6b51dd0ac6902701aab24a914f6febe1518f94a5ae06db08b3d6107248dfd?s=96&d=mm&r=g\",\"contentUrl\":\"https:\/\/secure.gravatar.com\/avatar\/a6c6b51dd0ac6902701aab24a914f6febe1518f94a5ae06db08b3d6107248dfd?s=96&d=mm&r=g\",\"caption\":\"Xavi Eikonos\"}}]}<\/script>\n<!-- \/ Yoast SEO plugin. -->","yoast_head_json":{"title":"Elements que potencien les realitzacions audiovisuals en directe","description":"No hi ha major repte en comunicaci\u00f3 que el de les realitzacions audiovisuals en directe. Per a que no falli, el millor equip professional i t\u00e8cnic \u00e9s la clau.","robots":{"index":"index","follow":"follow","max-snippet":"max-snippet:-1","max-image-preview":"max-image-preview:large","max-video-preview":"max-video-preview:-1"},"canonical":"https:\/\/eikonos.com\/ca\/blog\/elements-que-potencien-les-realitzacions-audiovisuals-en-directe\/","og_locale":"ca_ES","og_type":"article","og_title":"Elements que potencien les realitzacions audiovisuals en directe","og_description":"No hi ha major repte en comunicaci\u00f3 que el de les realitzacions audiovisuals en directe. Per a que no falli, el millor equip professional i t\u00e8cnic \u00e9s la clau.","og_url":"https:\/\/eikonos.com\/ca\/blog\/elements-que-potencien-les-realitzacions-audiovisuals-en-directe\/","og_site_name":"EIKONOS","article_publisher":"http:\/\/www.facebook.com\/pages\/Eikonos\/176324785746790","article_published_time":"2015-09-07T10:21:00+00:00","og_image":[{"width":1717,"height":1107,"url":"https:\/\/eikonos.com\/wp-content\/uploads\/2015\/09\/grabacion_en_directo.jpg","type":"image\/jpeg"}],"author":"Xavi Eikonos","twitter_card":"summary_large_image","twitter_creator":"@eikonos_sa","twitter_site":"@eikonos_sa","twitter_misc":{"Escrit per":"Xavi Eikonos","Temps estimat de lectura":"2 minuts"},"schema":{"@context":"https:\/\/schema.org","@graph":[{"@type":"Article","@id":"https:\/\/eikonos.com\/ca\/blog\/elements-que-potencien-les-realitzacions-audiovisuals-en-directe\/#article","isPartOf":{"@id":"https:\/\/eikonos.com\/ca\/blog\/elements-que-potencien-les-realitzacions-audiovisuals-en-directe\/"},"author":{"name":"Xavi Eikonos","@id":"https:\/\/eikonos.com\/ca\/#\/schema\/person\/82032860cc314d826959b90595a5280a"},"headline":"Elements que potencien les realitzacions audiovisuals en directe","datePublished":"2015-09-07T10:21:00+00:00","mainEntityOfPage":{"@id":"https:\/\/eikonos.com\/ca\/blog\/elements-que-potencien-les-realitzacions-audiovisuals-en-directe\/"},"wordCount":505,"commentCount":0,"publisher":{"@id":"https:\/\/eikonos.com\/ca\/#organization"},"image":{"@id":"https:\/\/eikonos.com\/ca\/blog\/elements-que-potencien-les-realitzacions-audiovisuals-en-directe\/#primaryimage"},"thumbnailUrl":"https:\/\/eikonos.com\/wp-content\/uploads\/2015\/09\/grabacion_en_directo.jpg","keywords":["Esdeveniments audiovisuals"],"articleSection":["Creaci\u00f3 de continguts","Esdeveniments audiovisuals","Lloguer d'equips"],"inLanguage":"ca","potentialAction":[{"@type":"CommentAction","name":"Comment","target":["https:\/\/eikonos.com\/ca\/blog\/elements-que-potencien-les-realitzacions-audiovisuals-en-directe\/#respond"]}]},{"@type":"WebPage","@id":"https:\/\/eikonos.com\/ca\/blog\/elements-que-potencien-les-realitzacions-audiovisuals-en-directe\/","url":"https:\/\/eikonos.com\/ca\/blog\/elements-que-potencien-les-realitzacions-audiovisuals-en-directe\/","name":"Elements que potencien les realitzacions audiovisuals en directe","isPartOf":{"@id":"https:\/\/eikonos.com\/ca\/#website"},"primaryImageOfPage":{"@id":"https:\/\/eikonos.com\/ca\/blog\/elements-que-potencien-les-realitzacions-audiovisuals-en-directe\/#primaryimage"},"image":{"@id":"https:\/\/eikonos.com\/ca\/blog\/elements-que-potencien-les-realitzacions-audiovisuals-en-directe\/#primaryimage"},"thumbnailUrl":"https:\/\/eikonos.com\/wp-content\/uploads\/2015\/09\/grabacion_en_directo.jpg","datePublished":"2015-09-07T10:21:00+00:00","description":"No hi ha major repte en comunicaci\u00f3 que el de les realitzacions audiovisuals en directe. Per a que no falli, el millor equip professional i t\u00e8cnic \u00e9s la clau.","breadcrumb":{"@id":"https:\/\/eikonos.com\/ca\/blog\/elements-que-potencien-les-realitzacions-audiovisuals-en-directe\/#breadcrumb"},"inLanguage":"ca","potentialAction":[{"@type":"ReadAction","target":["https:\/\/eikonos.com\/ca\/blog\/elements-que-potencien-les-realitzacions-audiovisuals-en-directe\/"]}]},{"@type":"ImageObject","inLanguage":"ca","@id":"https:\/\/eikonos.com\/ca\/blog\/elements-que-potencien-les-realitzacions-audiovisuals-en-directe\/#primaryimage","url":"https:\/\/eikonos.com\/wp-content\/uploads\/2015\/09\/grabacion_en_directo.jpg","contentUrl":"https:\/\/eikonos.com\/wp-content\/uploads\/2015\/09\/grabacion_en_directo.jpg","width":1717,"height":1107,"caption":"realizaci\u00f3n audiovisual en directo"},{"@type":"BreadcrumbList","@id":"https:\/\/eikonos.com\/ca\/blog\/elements-que-potencien-les-realitzacions-audiovisuals-en-directe\/#breadcrumb","itemListElement":[{"@type":"ListItem","position":1,"name":"EIKONOS","item":"https:\/\/eikonos.com\/ca\/inici\/"},{"@type":"ListItem","position":2,"name":"Elements que potencien les realitzacions audiovisuals en directe"}]},{"@type":"WebSite","@id":"https:\/\/eikonos.com\/ca\/#website","url":"https:\/\/eikonos.com\/ca\/","name":"EIKONOS","description":"EXPERIENCIA AUDIOVISUAL","publisher":{"@id":"https:\/\/eikonos.com\/ca\/#organization"},"potentialAction":[{"@type":"SearchAction","target":{"@type":"EntryPoint","urlTemplate":"https:\/\/eikonos.com\/ca\/?s={search_term_string}"},"query-input":{"@type":"PropertyValueSpecification","valueRequired":true,"valueName":"search_term_string"}}],"inLanguage":"ca"},{"@type":"Organization","@id":"https:\/\/eikonos.com\/ca\/#organization","name":"EIKONOS | Servicios Audiovisuales, eventos y alquiler de equipos","url":"https:\/\/eikonos.com\/ca\/","logo":{"@type":"ImageObject","inLanguage":"ca","@id":"https:\/\/eikonos.com\/ca\/#\/schema\/logo\/image\/","url":"https:\/\/eikonos.com\/wp-content\/uploads\/2020\/08\/logo-color.png","contentUrl":"https:\/\/eikonos.com\/wp-content\/uploads\/2020\/08\/logo-color.png","width":376,"height":122,"caption":"EIKONOS | Servicios Audiovisuales, eventos y alquiler de equipos"},"image":{"@id":"https:\/\/eikonos.com\/ca\/#\/schema\/logo\/image\/"},"sameAs":["http:\/\/www.facebook.com\/pages\/Eikonos\/176324785746790","https:\/\/x.com\/eikonos_sa","http:\/\/www.linkedin.com\/company\/eikonos","http:\/\/www.youtube.com\/channel\/UC8wcizWaAYbfsuqVf9wIT6w"]},{"@type":"Person","@id":"https:\/\/eikonos.com\/ca\/#\/schema\/person\/82032860cc314d826959b90595a5280a","name":"Xavi Eikonos","image":{"@type":"ImageObject","inLanguage":"ca","@id":"https:\/\/eikonos.com\/ca\/#\/schema\/person\/image\/","url":"https:\/\/secure.gravatar.com\/avatar\/a6c6b51dd0ac6902701aab24a914f6febe1518f94a5ae06db08b3d6107248dfd?s=96&d=mm&r=g","contentUrl":"https:\/\/secure.gravatar.com\/avatar\/a6c6b51dd0ac6902701aab24a914f6febe1518f94a5ae06db08b3d6107248dfd?s=96&d=mm&r=g","caption":"Xavi Eikonos"}}]}},"_links":{"self":[{"href":"https:\/\/eikonos.com\/ca\/wp-json\/wp\/v2\/posts\/2919","targetHints":{"allow":["GET"]}}],"collection":[{"href":"https:\/\/eikonos.com\/ca\/wp-json\/wp\/v2\/posts"}],"about":[{"href":"https:\/\/eikonos.com\/ca\/wp-json\/wp\/v2\/types\/post"}],"author":[{"embeddable":true,"href":"https:\/\/eikonos.com\/ca\/wp-json\/wp\/v2\/users\/6"}],"replies":[{"embeddable":true,"href":"https:\/\/eikonos.com\/ca\/wp-json\/wp\/v2\/comments?post=2919"}],"version-history":[{"count":0,"href":"https:\/\/eikonos.com\/ca\/wp-json\/wp\/v2\/posts\/2919\/revisions"}],"wp:featuredmedia":[{"embeddable":true,"href":"https:\/\/eikonos.com\/ca\/wp-json\/wp\/v2\/media\/2260"}],"wp:attachment":[{"href":"https:\/\/eikonos.com\/ca\/wp-json\/wp\/v2\/media?parent=2919"}],"wp:term":[{"taxonomy":"category","embeddable":true,"href":"https:\/\/eikonos.com\/ca\/wp-json\/wp\/v2\/categories?post=2919"},{"taxonomy":"post_tag","embeddable":true,"href":"https:\/\/eikonos.com\/ca\/wp-json\/wp\/v2\/tags?post=2919"}],"curies":[{"name":"wp","href":"https:\/\/api.w.org\/{rel}","templated":true}]}}