{"id":2914,"date":"2015-09-22T10:17:06","date_gmt":"2015-09-22T08:17:06","guid":{"rendered":"http:\/\/eikonos.com\/blog\/como-coordinar-trabajos-audiovisuales-2\/"},"modified":"2023-01-30T19:25:15","modified_gmt":"2023-01-30T19:25:15","slug":"com-coordinar-tots-els-elements-dels-projectes-audiovisuals","status":"publish","type":"post","link":"https:\/\/eikonos.com\/ca\/blog\/com-coordinar-tots-els-elements-dels-projectes-audiovisuals\/","title":{"rendered":"Com coordinar tots els elements dels projectes audiovisuals"},"content":{"rendered":"<p style=\"text-align: justify;\">A vegades, disposem del millor equip, del millor material per\u00f2 en canvi el resultat no \u00e9s tot el satisfactori que volgu\u00e9ssim. I \u00e9s que de res serveix una c\u00e0mera amb la m\u00e9s alta resoluci\u00f3 si no captem un \u00e0udio a l\u2019altura de la nitidesa d\u2019una imatge llunyana. Per a que el millor material doni els millors resultats hem de comptar amb un bon equip i saber com coordinar el treballs audiovisuals. Com fer-ho?<\/p>\n<h2 style=\"text-align: justify;\"><span style=\"color: #ff0000;\">Compta amb els millors experts<\/span><\/h2>\n<p style=\"text-align: justify;\">En el m\u00f3n audiovisual professional <strong>la assessoria \u00e9s vital. <\/strong>Podem ser grans c\u00e0meres, per\u00f2 una bona producci\u00f3 tamb\u00e9 necessita grans enginyers de so, escenogr\u00e0fics\u00a0i il\u00b7luminadors. Si no et veus capacitat per dominar i controlar aquests punts, el millor \u00e9s <strong>comptar amb un equip integral que pugui coordinar-ne i treballar a la perfecci\u00f3 cada detall <\/strong>saben que cada element compta.<\/p>\n<p style=\"text-align: justify;\">La seguretat de que cada material de primera compti amb un professional de primera que li pugui treure partit a cada funci\u00f3 \u00e9s b\u00e0sic para que aquests materials puguin <strong>funcionar a m\u00e0xim rendiment.\u00a0<\/strong><\/p>\n<h2 style=\"text-align: justify;\"><span style=\"color: #ff0000;\">Compta sempre amb un material de similars caracter\u00edstiques\u00a0<\/span><\/h2>\n<p style=\"text-align: justify;\">Tal i com senyal\u00e0vem, de res servei comptar amb un c\u00e0mera de primera generaci\u00f3 si per exemple la imatge a captar no es visualitza correctament per no comptar amb una il\u00b7luminaci\u00f3 adequada. Tots els elements amb els que es compti en una instal\u00b7laci\u00f3 han d\u2019anar parells en qualitats: no fa falta que tots estiguin dintre dels models m\u00e9s avan\u00e7ats i cars del mercat per\u00f2 s\u00ed que si vols utilitzar una funcionalitat concreta, tot all\u00f2 que li doni suport et permeti <strong>obtenir els millors resultats sense que es noti el salt qualitatiu en la integraci\u00f3 de tot el conjunt.\u00a0<\/strong><\/p>\n<h2 style=\"text-align: justify;\"><span style=\"color: #ff0000;\">Recolza&#8217;t en elements de coordinaci\u00f3 i control\u00a0<\/span><\/h2>\n<p style=\"text-align: justify;\">Un treball audiovisual \u00e9s <strong>la suma de so, imatge i efectes extra que arrodonien el treball. <\/strong>Tot i que en una etapa posterior podem treballar amb tots els elements en conjunt, des de que comencem la gravaci\u00f3 hem de pensar que cada pe\u00e7a de la obra no \u00e9s un element a\u00efllat.<\/p>\n<p style=\"text-align: center;\"><span style=\"color: #ff0000;\"><em>\u201cUn treball audiovisual no \u00e9s simplement la suma de les parts: \u00e9s la integraci\u00f3 perfecta de cada element i cada t\u00e8cnica emprada\u201d<\/em><\/span><\/p>\n<p style=\"text-align: justify;\"><span style=\"color: #000000;\">\u00a0Tan en la producci\u00f3 con en la\u00a0\u00a0<a href=\"https:\/\/eikonos.com\/blog\/como-mala-postproduccion-de-video-echa-perder-pelicula\/\"><span style=\"color: #000000;\">postproducci\u00f3n de un trabajo audiovisual<\/span><\/a>\u00a0<\/span>s\u2019ha de tenir en compte el conjunt, idear quin \u00e9s el resultat final que vull mostrar i en conseq\u00fc\u00e8ncia integrar tots els elements per obtenir el resultat. Treballant cada operari en un material (so, il\u00b7luminaci\u00f3, gravaci\u00f3, etc.) es necessiten <strong>eines que ens ajudin a coordinar tot el treball <\/strong>com displays de v\u00eddeo que permetin realitzacions multipantalles, sistemes operatius que permeten en la postproducci\u00f3 gestionar la composici\u00f3 final de tots els elements visuals, transicions, etc.<\/p>\n<h2 style=\"text-align: justify;\"><span style=\"color: #ff0000;\">La import\u00e0ncia de la t\u00e8cnica<\/span><\/h2>\n<p style=\"text-align: justify;\">A dia d\u2019avui no nom\u00e9s un bon material audiovisual assegura un resultat excel\u00b7lent (tot i que ajuda molt): \u00e9s en el <strong>valor afegit, en la t\u00e8cnica desenvolupada on podem arrodonir el treball.<\/strong><\/p>\n<p style=\"text-align: justify;\">Dominar tend\u00e8ncies actuals amb \u00a0<a href=\"https:\/\/eikonos.com\/portfolio_page\/sistemas-de-control\/\">els sistemes de control m\u00e9s avan\u00e7ats<\/a>\u00a0com el <em>wrapping <\/em>(amb diferents enfoques, per recolzar objectes amb una projecci\u00f3) o el <em>blending (<\/em>generant una sola imatge cont\u00ednua a partir de varis projectors de video) s\u00f3n els factors que marquen la difer\u00e8ncia i fan destacar una producci\u00f3.<\/p>\n<p style=\"text-align: justify;\">Un material de primera, un plantilla de professionals especialitzats en diferents mat\u00e8ries i la t\u00e8cnica que dona l\u2019experi\u00e8ncia i no perdre de vista les novetats del sector s\u00f3n els ingredients que al <strong>coordinar-se i no simplement mesclar-se, <\/strong>ofereixen un resultat audiovisual de primera.<\/p>\n","protected":false},"excerpt":{"rendered":"<p>A vegades, disposem del millor equip, del millor material per\u00f2 en canvi el resultat no&#8230;<\/p>\n","protected":false},"author":6,"featured_media":2289,"comment_status":"open","ping_status":"open","sticky":false,"template":"","format":"standard","meta":{"_acf_changed":false,"footnotes":""},"categories":[1],"tags":[],"class_list":["post-2914","post","type-post","status-publish","format-standard","has-post-thumbnail","hentry","category-sin-categorizar"],"acf":[],"yoast_head":"<!-- This site is optimized with the Yoast SEO plugin v26.3 - https:\/\/yoast.com\/wordpress\/plugins\/seo\/ -->\n<title>Com coordinar tots els elements dels projectes audiovisuals<\/title>\n<meta name=\"description\" content=\"Per a que el millor material dels millors resultats hem de comptar amb un bon equip i saber com coordinar els treballs audiovisuals, com fer-ho?\" \/>\n<meta name=\"robots\" content=\"index, follow, max-snippet:-1, max-image-preview:large, max-video-preview:-1\" \/>\n<link rel=\"canonical\" href=\"https:\/\/eikonos.com\/ca\/blog\/com-coordinar-tots-els-elements-dels-projectes-audiovisuals\/\" \/>\n<meta property=\"og:locale\" content=\"ca_ES\" \/>\n<meta property=\"og:type\" content=\"article\" \/>\n<meta property=\"og:title\" content=\"Com coordinar tots els elements dels projectes audiovisuals\" \/>\n<meta property=\"og:description\" content=\"Per a que el millor material dels millors resultats hem de comptar amb un bon equip i saber com coordinar els treballs audiovisuals, com fer-ho?\" \/>\n<meta property=\"og:url\" content=\"https:\/\/eikonos.com\/ca\/blog\/com-coordinar-tots-els-elements-dels-projectes-audiovisuals\/\" \/>\n<meta property=\"og:site_name\" content=\"EIKONOS\" \/>\n<meta property=\"article:publisher\" content=\"http:\/\/www.facebook.com\/pages\/Eikonos\/176324785746790\" \/>\n<meta property=\"article:published_time\" content=\"2015-09-22T08:17:06+00:00\" \/>\n<meta property=\"article:modified_time\" content=\"2023-01-30T19:25:15+00:00\" \/>\n<meta property=\"og:image\" content=\"https:\/\/eikonos.com\/wp-content\/uploads\/2015\/09\/sistemas_control_audiovisual.jpg\" \/>\n\t<meta property=\"og:image:width\" content=\"1688\" \/>\n\t<meta property=\"og:image:height\" content=\"1125\" \/>\n\t<meta property=\"og:image:type\" content=\"image\/jpeg\" \/>\n<meta name=\"author\" content=\"Xavi Eikonos\" \/>\n<meta name=\"twitter:card\" content=\"summary_large_image\" \/>\n<meta name=\"twitter:creator\" content=\"@eikonos_sa\" \/>\n<meta name=\"twitter:site\" content=\"@eikonos_sa\" \/>\n<meta name=\"twitter:label1\" content=\"Escrit per\" \/>\n\t<meta name=\"twitter:data1\" content=\"Xavi Eikonos\" \/>\n\t<meta name=\"twitter:label2\" content=\"Temps estimat de lectura\" \/>\n\t<meta name=\"twitter:data2\" content=\"3 minuts\" \/>\n<script type=\"application\/ld+json\" class=\"yoast-schema-graph\">{\"@context\":\"https:\/\/schema.org\",\"@graph\":[{\"@type\":\"Article\",\"@id\":\"https:\/\/eikonos.com\/ca\/blog\/com-coordinar-tots-els-elements-dels-projectes-audiovisuals\/#article\",\"isPartOf\":{\"@id\":\"https:\/\/eikonos.com\/ca\/blog\/com-coordinar-tots-els-elements-dels-projectes-audiovisuals\/\"},\"author\":{\"name\":\"Xavi Eikonos\",\"@id\":\"https:\/\/eikonos.com\/ca\/#\/schema\/person\/82032860cc314d826959b90595a5280a\"},\"headline\":\"Com coordinar tots els elements dels projectes audiovisuals\",\"datePublished\":\"2015-09-22T08:17:06+00:00\",\"dateModified\":\"2023-01-30T19:25:15+00:00\",\"mainEntityOfPage\":{\"@id\":\"https:\/\/eikonos.com\/ca\/blog\/com-coordinar-tots-els-elements-dels-projectes-audiovisuals\/\"},\"wordCount\":625,\"commentCount\":0,\"publisher\":{\"@id\":\"https:\/\/eikonos.com\/ca\/#organization\"},\"image\":{\"@id\":\"https:\/\/eikonos.com\/ca\/blog\/com-coordinar-tots-els-elements-dels-projectes-audiovisuals\/#primaryimage\"},\"thumbnailUrl\":\"https:\/\/eikonos.com\/wp-content\/uploads\/2015\/09\/sistemas_control_audiovisual.jpg\",\"articleSection\":[\"Sin categorizar\"],\"inLanguage\":\"ca\",\"potentialAction\":[{\"@type\":\"CommentAction\",\"name\":\"Comment\",\"target\":[\"https:\/\/eikonos.com\/ca\/blog\/com-coordinar-tots-els-elements-dels-projectes-audiovisuals\/#respond\"]}]},{\"@type\":\"WebPage\",\"@id\":\"https:\/\/eikonos.com\/ca\/blog\/com-coordinar-tots-els-elements-dels-projectes-audiovisuals\/\",\"url\":\"https:\/\/eikonos.com\/ca\/blog\/com-coordinar-tots-els-elements-dels-projectes-audiovisuals\/\",\"name\":\"Com coordinar tots els elements dels projectes audiovisuals\",\"isPartOf\":{\"@id\":\"https:\/\/eikonos.com\/ca\/#website\"},\"primaryImageOfPage\":{\"@id\":\"https:\/\/eikonos.com\/ca\/blog\/com-coordinar-tots-els-elements-dels-projectes-audiovisuals\/#primaryimage\"},\"image\":{\"@id\":\"https:\/\/eikonos.com\/ca\/blog\/com-coordinar-tots-els-elements-dels-projectes-audiovisuals\/#primaryimage\"},\"thumbnailUrl\":\"https:\/\/eikonos.com\/wp-content\/uploads\/2015\/09\/sistemas_control_audiovisual.jpg\",\"datePublished\":\"2015-09-22T08:17:06+00:00\",\"dateModified\":\"2023-01-30T19:25:15+00:00\",\"description\":\"Per a que el millor material dels millors resultats hem de comptar amb un bon equip i saber com coordinar els treballs audiovisuals, com fer-ho?\",\"breadcrumb\":{\"@id\":\"https:\/\/eikonos.com\/ca\/blog\/com-coordinar-tots-els-elements-dels-projectes-audiovisuals\/#breadcrumb\"},\"inLanguage\":\"ca\",\"potentialAction\":[{\"@type\":\"ReadAction\",\"target\":[\"https:\/\/eikonos.com\/ca\/blog\/com-coordinar-tots-els-elements-dels-projectes-audiovisuals\/\"]}]},{\"@type\":\"ImageObject\",\"inLanguage\":\"ca\",\"@id\":\"https:\/\/eikonos.com\/ca\/blog\/com-coordinar-tots-els-elements-dels-projectes-audiovisuals\/#primaryimage\",\"url\":\"https:\/\/eikonos.com\/wp-content\/uploads\/2015\/09\/sistemas_control_audiovisual.jpg\",\"contentUrl\":\"https:\/\/eikonos.com\/wp-content\/uploads\/2015\/09\/sistemas_control_audiovisual.jpg\",\"width\":1688,\"height\":1125,\"caption\":\"c\u00f3mo coordinar trabajos audiovisuales\"},{\"@type\":\"BreadcrumbList\",\"@id\":\"https:\/\/eikonos.com\/ca\/blog\/com-coordinar-tots-els-elements-dels-projectes-audiovisuals\/#breadcrumb\",\"itemListElement\":[{\"@type\":\"ListItem\",\"position\":1,\"name\":\"EIKONOS\",\"item\":\"https:\/\/eikonos.com\/ca\/inici\/\"},{\"@type\":\"ListItem\",\"position\":2,\"name\":\"Com coordinar tots els elements dels projectes audiovisuals\"}]},{\"@type\":\"WebSite\",\"@id\":\"https:\/\/eikonos.com\/ca\/#website\",\"url\":\"https:\/\/eikonos.com\/ca\/\",\"name\":\"EIKONOS\",\"description\":\"EXPERIENCIA AUDIOVISUAL\",\"publisher\":{\"@id\":\"https:\/\/eikonos.com\/ca\/#organization\"},\"potentialAction\":[{\"@type\":\"SearchAction\",\"target\":{\"@type\":\"EntryPoint\",\"urlTemplate\":\"https:\/\/eikonos.com\/ca\/?s={search_term_string}\"},\"query-input\":{\"@type\":\"PropertyValueSpecification\",\"valueRequired\":true,\"valueName\":\"search_term_string\"}}],\"inLanguage\":\"ca\"},{\"@type\":\"Organization\",\"@id\":\"https:\/\/eikonos.com\/ca\/#organization\",\"name\":\"EIKONOS | Servicios Audiovisuales, eventos y alquiler de equipos\",\"url\":\"https:\/\/eikonos.com\/ca\/\",\"logo\":{\"@type\":\"ImageObject\",\"inLanguage\":\"ca\",\"@id\":\"https:\/\/eikonos.com\/ca\/#\/schema\/logo\/image\/\",\"url\":\"https:\/\/eikonos.com\/wp-content\/uploads\/2020\/08\/logo-color.png\",\"contentUrl\":\"https:\/\/eikonos.com\/wp-content\/uploads\/2020\/08\/logo-color.png\",\"width\":376,\"height\":122,\"caption\":\"EIKONOS | Servicios Audiovisuales, eventos y alquiler de equipos\"},\"image\":{\"@id\":\"https:\/\/eikonos.com\/ca\/#\/schema\/logo\/image\/\"},\"sameAs\":[\"http:\/\/www.facebook.com\/pages\/Eikonos\/176324785746790\",\"https:\/\/x.com\/eikonos_sa\",\"http:\/\/www.linkedin.com\/company\/eikonos\",\"http:\/\/www.youtube.com\/channel\/UC8wcizWaAYbfsuqVf9wIT6w\"]},{\"@type\":\"Person\",\"@id\":\"https:\/\/eikonos.com\/ca\/#\/schema\/person\/82032860cc314d826959b90595a5280a\",\"name\":\"Xavi Eikonos\",\"image\":{\"@type\":\"ImageObject\",\"inLanguage\":\"ca\",\"@id\":\"https:\/\/eikonos.com\/ca\/#\/schema\/person\/image\/\",\"url\":\"https:\/\/secure.gravatar.com\/avatar\/a6c6b51dd0ac6902701aab24a914f6febe1518f94a5ae06db08b3d6107248dfd?s=96&d=mm&r=g\",\"contentUrl\":\"https:\/\/secure.gravatar.com\/avatar\/a6c6b51dd0ac6902701aab24a914f6febe1518f94a5ae06db08b3d6107248dfd?s=96&d=mm&r=g\",\"caption\":\"Xavi Eikonos\"}}]}<\/script>\n<!-- \/ Yoast SEO plugin. -->","yoast_head_json":{"title":"Com coordinar tots els elements dels projectes audiovisuals","description":"Per a que el millor material dels millors resultats hem de comptar amb un bon equip i saber com coordinar els treballs audiovisuals, com fer-ho?","robots":{"index":"index","follow":"follow","max-snippet":"max-snippet:-1","max-image-preview":"max-image-preview:large","max-video-preview":"max-video-preview:-1"},"canonical":"https:\/\/eikonos.com\/ca\/blog\/com-coordinar-tots-els-elements-dels-projectes-audiovisuals\/","og_locale":"ca_ES","og_type":"article","og_title":"Com coordinar tots els elements dels projectes audiovisuals","og_description":"Per a que el millor material dels millors resultats hem de comptar amb un bon equip i saber com coordinar els treballs audiovisuals, com fer-ho?","og_url":"https:\/\/eikonos.com\/ca\/blog\/com-coordinar-tots-els-elements-dels-projectes-audiovisuals\/","og_site_name":"EIKONOS","article_publisher":"http:\/\/www.facebook.com\/pages\/Eikonos\/176324785746790","article_published_time":"2015-09-22T08:17:06+00:00","article_modified_time":"2023-01-30T19:25:15+00:00","og_image":[{"width":1688,"height":1125,"url":"https:\/\/eikonos.com\/wp-content\/uploads\/2015\/09\/sistemas_control_audiovisual.jpg","type":"image\/jpeg"}],"author":"Xavi Eikonos","twitter_card":"summary_large_image","twitter_creator":"@eikonos_sa","twitter_site":"@eikonos_sa","twitter_misc":{"Escrit per":"Xavi Eikonos","Temps estimat de lectura":"3 minuts"},"schema":{"@context":"https:\/\/schema.org","@graph":[{"@type":"Article","@id":"https:\/\/eikonos.com\/ca\/blog\/com-coordinar-tots-els-elements-dels-projectes-audiovisuals\/#article","isPartOf":{"@id":"https:\/\/eikonos.com\/ca\/blog\/com-coordinar-tots-els-elements-dels-projectes-audiovisuals\/"},"author":{"name":"Xavi Eikonos","@id":"https:\/\/eikonos.com\/ca\/#\/schema\/person\/82032860cc314d826959b90595a5280a"},"headline":"Com coordinar tots els elements dels projectes audiovisuals","datePublished":"2015-09-22T08:17:06+00:00","dateModified":"2023-01-30T19:25:15+00:00","mainEntityOfPage":{"@id":"https:\/\/eikonos.com\/ca\/blog\/com-coordinar-tots-els-elements-dels-projectes-audiovisuals\/"},"wordCount":625,"commentCount":0,"publisher":{"@id":"https:\/\/eikonos.com\/ca\/#organization"},"image":{"@id":"https:\/\/eikonos.com\/ca\/blog\/com-coordinar-tots-els-elements-dels-projectes-audiovisuals\/#primaryimage"},"thumbnailUrl":"https:\/\/eikonos.com\/wp-content\/uploads\/2015\/09\/sistemas_control_audiovisual.jpg","articleSection":["Sin categorizar"],"inLanguage":"ca","potentialAction":[{"@type":"CommentAction","name":"Comment","target":["https:\/\/eikonos.com\/ca\/blog\/com-coordinar-tots-els-elements-dels-projectes-audiovisuals\/#respond"]}]},{"@type":"WebPage","@id":"https:\/\/eikonos.com\/ca\/blog\/com-coordinar-tots-els-elements-dels-projectes-audiovisuals\/","url":"https:\/\/eikonos.com\/ca\/blog\/com-coordinar-tots-els-elements-dels-projectes-audiovisuals\/","name":"Com coordinar tots els elements dels projectes audiovisuals","isPartOf":{"@id":"https:\/\/eikonos.com\/ca\/#website"},"primaryImageOfPage":{"@id":"https:\/\/eikonos.com\/ca\/blog\/com-coordinar-tots-els-elements-dels-projectes-audiovisuals\/#primaryimage"},"image":{"@id":"https:\/\/eikonos.com\/ca\/blog\/com-coordinar-tots-els-elements-dels-projectes-audiovisuals\/#primaryimage"},"thumbnailUrl":"https:\/\/eikonos.com\/wp-content\/uploads\/2015\/09\/sistemas_control_audiovisual.jpg","datePublished":"2015-09-22T08:17:06+00:00","dateModified":"2023-01-30T19:25:15+00:00","description":"Per a que el millor material dels millors resultats hem de comptar amb un bon equip i saber com coordinar els treballs audiovisuals, com fer-ho?","breadcrumb":{"@id":"https:\/\/eikonos.com\/ca\/blog\/com-coordinar-tots-els-elements-dels-projectes-audiovisuals\/#breadcrumb"},"inLanguage":"ca","potentialAction":[{"@type":"ReadAction","target":["https:\/\/eikonos.com\/ca\/blog\/com-coordinar-tots-els-elements-dels-projectes-audiovisuals\/"]}]},{"@type":"ImageObject","inLanguage":"ca","@id":"https:\/\/eikonos.com\/ca\/blog\/com-coordinar-tots-els-elements-dels-projectes-audiovisuals\/#primaryimage","url":"https:\/\/eikonos.com\/wp-content\/uploads\/2015\/09\/sistemas_control_audiovisual.jpg","contentUrl":"https:\/\/eikonos.com\/wp-content\/uploads\/2015\/09\/sistemas_control_audiovisual.jpg","width":1688,"height":1125,"caption":"c\u00f3mo coordinar trabajos audiovisuales"},{"@type":"BreadcrumbList","@id":"https:\/\/eikonos.com\/ca\/blog\/com-coordinar-tots-els-elements-dels-projectes-audiovisuals\/#breadcrumb","itemListElement":[{"@type":"ListItem","position":1,"name":"EIKONOS","item":"https:\/\/eikonos.com\/ca\/inici\/"},{"@type":"ListItem","position":2,"name":"Com coordinar tots els elements dels projectes audiovisuals"}]},{"@type":"WebSite","@id":"https:\/\/eikonos.com\/ca\/#website","url":"https:\/\/eikonos.com\/ca\/","name":"EIKONOS","description":"EXPERIENCIA AUDIOVISUAL","publisher":{"@id":"https:\/\/eikonos.com\/ca\/#organization"},"potentialAction":[{"@type":"SearchAction","target":{"@type":"EntryPoint","urlTemplate":"https:\/\/eikonos.com\/ca\/?s={search_term_string}"},"query-input":{"@type":"PropertyValueSpecification","valueRequired":true,"valueName":"search_term_string"}}],"inLanguage":"ca"},{"@type":"Organization","@id":"https:\/\/eikonos.com\/ca\/#organization","name":"EIKONOS | Servicios Audiovisuales, eventos y alquiler de equipos","url":"https:\/\/eikonos.com\/ca\/","logo":{"@type":"ImageObject","inLanguage":"ca","@id":"https:\/\/eikonos.com\/ca\/#\/schema\/logo\/image\/","url":"https:\/\/eikonos.com\/wp-content\/uploads\/2020\/08\/logo-color.png","contentUrl":"https:\/\/eikonos.com\/wp-content\/uploads\/2020\/08\/logo-color.png","width":376,"height":122,"caption":"EIKONOS | Servicios Audiovisuales, eventos y alquiler de equipos"},"image":{"@id":"https:\/\/eikonos.com\/ca\/#\/schema\/logo\/image\/"},"sameAs":["http:\/\/www.facebook.com\/pages\/Eikonos\/176324785746790","https:\/\/x.com\/eikonos_sa","http:\/\/www.linkedin.com\/company\/eikonos","http:\/\/www.youtube.com\/channel\/UC8wcizWaAYbfsuqVf9wIT6w"]},{"@type":"Person","@id":"https:\/\/eikonos.com\/ca\/#\/schema\/person\/82032860cc314d826959b90595a5280a","name":"Xavi Eikonos","image":{"@type":"ImageObject","inLanguage":"ca","@id":"https:\/\/eikonos.com\/ca\/#\/schema\/person\/image\/","url":"https:\/\/secure.gravatar.com\/avatar\/a6c6b51dd0ac6902701aab24a914f6febe1518f94a5ae06db08b3d6107248dfd?s=96&d=mm&r=g","contentUrl":"https:\/\/secure.gravatar.com\/avatar\/a6c6b51dd0ac6902701aab24a914f6febe1518f94a5ae06db08b3d6107248dfd?s=96&d=mm&r=g","caption":"Xavi Eikonos"}}]}},"_links":{"self":[{"href":"https:\/\/eikonos.com\/ca\/wp-json\/wp\/v2\/posts\/2914","targetHints":{"allow":["GET"]}}],"collection":[{"href":"https:\/\/eikonos.com\/ca\/wp-json\/wp\/v2\/posts"}],"about":[{"href":"https:\/\/eikonos.com\/ca\/wp-json\/wp\/v2\/types\/post"}],"author":[{"embeddable":true,"href":"https:\/\/eikonos.com\/ca\/wp-json\/wp\/v2\/users\/6"}],"replies":[{"embeddable":true,"href":"https:\/\/eikonos.com\/ca\/wp-json\/wp\/v2\/comments?post=2914"}],"version-history":[{"count":1,"href":"https:\/\/eikonos.com\/ca\/wp-json\/wp\/v2\/posts\/2914\/revisions"}],"predecessor-version":[{"id":9801,"href":"https:\/\/eikonos.com\/ca\/wp-json\/wp\/v2\/posts\/2914\/revisions\/9801"}],"wp:featuredmedia":[{"embeddable":true,"href":"https:\/\/eikonos.com\/ca\/wp-json\/wp\/v2\/media\/2289"}],"wp:attachment":[{"href":"https:\/\/eikonos.com\/ca\/wp-json\/wp\/v2\/media?parent=2914"}],"wp:term":[{"taxonomy":"category","embeddable":true,"href":"https:\/\/eikonos.com\/ca\/wp-json\/wp\/v2\/categories?post=2914"},{"taxonomy":"post_tag","embeddable":true,"href":"https:\/\/eikonos.com\/ca\/wp-json\/wp\/v2\/tags?post=2914"}],"curies":[{"name":"wp","href":"https:\/\/api.w.org\/{rel}","templated":true}]}}