{"id":2911,"date":"2015-09-29T13:17:51","date_gmt":"2015-09-29T11:17:51","guid":{"rendered":"http:\/\/eikonos.com\/blog\/pantallas-de-plasma-y-tft-cuales-usos-monitores-2\/"},"modified":"2015-09-29T13:17:51","modified_gmt":"2015-09-29T11:17:51","slug":"pantalles-de-plas-i-tft-quins-son-els-usos-dels-monitors","status":"publish","type":"post","link":"https:\/\/eikonos.com\/ca\/blog\/pantalles-de-plas-i-tft-quins-son-els-usos-dels-monitors\/","title":{"rendered":"Pantalles de plasma i TFT: quins s\u00f3n els usos dels monitors?"},"content":{"rendered":"<p style=\"text-align: justify;\">A l\u2019hora d\u2019organitzar esdeveniment poden sorgir molts dubtes sobre quins s\u00f3n els millors equips de lloguer en cada cas. Segurament, en el nostre dia a dia professional ens trobem amb situacions molt diverses i estar a la aguait de les diferents possibilitats que tenim davant nostre \u00e9s de vital import\u00e0ncia. Moltes vegades aquests dubtes estan referits a les pantalles que van a ajudar a que m\u00e9s persones puguin viure l\u2019esdeveniment de la forma m\u00e9s propera possible.<\/p>\n<p style=\"text-align: justify;\" align=\"LEFT\"><em><!--more--><\/em><\/p>\n<p style=\"text-align: justify;\" align=\"LEFT\">Quins tipus de pantalla podem utilitzar?<strong> <strong>Avui ens centrarem en les<\/strong>\u00a0<a title=\"Pantallas de plasma y TFT\" href=\"https:\/\/eikonos.com\/portfolio_page\/plasmas-y-tft\/\" target=\"_blank\" rel=\"noopener noreferrer\">pantalles de plasma i TFT<\/a><\/strong>,\u00a0que s\u2019utilitzen sovint en congressos, esdeveniment esportius, jornades i altres tipus d\u2019esdeveniments, a m\u00e9s d\u2019explicar els usos concrets de les pantalles que dependran del tipus d\u2019esdeveniment que estem organitzant.<\/p>\n<h2 style=\"text-align: justify;\" align=\"LEFT\"><span style=\"color: #ff0000;\">Les pantalles de plasma, TFT i LCD<\/span><\/h2>\n<p style=\"text-align: justify;\">Les <strong>pantalles de plasma <\/strong>s\u00f3n ideals quan la <strong>qualitat de la imatge <\/strong>\u00e9s molt important per l\u2019esdeveniment gr\u00e0cies a la seva nitidesa i id\u00f2nia pels <strong>esdeveniments amb gran volum d\u2019assistents. <\/strong><\/p>\n<p style=\"text-align: justify;\">El <strong>TFT <\/strong>\u00e9s un <strong>element electr\u00f2nic que s\u2019utilitza en un dispositiu existent com transitor, <\/strong>la seva aplicaci\u00f3 m\u00e9s famosa la trobem en les pantalles planes de vidre l\u00edquid. Aquest tipus de tecnologia \u00e9s recomanable quan treballem amb <strong>monitors.<\/strong><\/p>\n<p style=\"text-align: justify;\">Les <strong>pantalles de LCD <\/strong>s\u00f3n m\u00e9s adequades per <strong>entorns m\u00e9s petits <\/strong>i esdeveniments en els que la gent no es trobi ubicada en un gran radi d\u2019acci\u00f3, de manera dispersa. Tamb\u00e9 \u00e9s recomanable quan treballem amb <strong>monitors <\/strong>i <strong>perfectes per presentacions.<\/strong><\/p>\n<h2 style=\"text-align: justify;\"><span style=\"color: rgb(255, 0, 0);\">Quins s\u00f3n eles usos dels monitors<\/span><\/h2>\n<p style=\"text-align: justify;\">Els monitors poden tenir diferents usos en funci\u00f3 de la seva finalitat. Probablement quan pensis en ells el primer que et ve a la ment \u00e9s el de <strong>monitor de l\u2019ordinador. <\/strong>Un altre dels usos t\u00e9 relaci\u00f3 amb el <strong>control, <\/strong>en el que els <strong>t\u00e8cnics monitoritzen i coordinen tots els elements audiovisuals <\/strong>que s\u2019estan realitzant en un esdeveniment.<\/p>\n<p style=\"text-align: justify;\">En els <strong>esdeveniments de gran envergadura, <\/strong>per exemple en les presentacions de nous productes o en confer\u00e8ncies en les que es realitzen projecci\u00f3, els monitors els poden fer servir els <em>speakers <\/em>a mode de <strong>suport de la presentaci\u00f3 <\/strong>que estan efectuaran. En el cas d\u2019utilitzar el conegut programa Porwer Point, el monitor que nom\u00e9s veu el ponent pot tenir les notes de les diapositives mentre que els participants nom\u00e9s veuran projectada la presentaci\u00f3 sense les anotacions, d\u2019aquesta manera s\u2019estaria utilitzant en pantalla duplicada o extensa. Per altra banda, tamb\u00e9 poden utilitzar-ne com una esp\u00e8cie de <strong>telempromter <\/strong>que permet al locutor llegir els seus texts sense que es noti.<\/p>\n<p style=\"text-align: justify;\">El seg\u00fcent \u00fas fa refer\u00e8ncia a les <strong>condicions f\u00edsiques. <\/strong>\u00c9s a dir, hi ha espais on es realitzen esdeveniment que per causes f\u00edsiques del mateix no tots els presents poden visualitzar correctament la zona principal de l\u2019acte, ja sigui pel <strong>volum d\u2019assistents i la dispersi\u00f3<\/strong>dels mateixos, cm que hi hagin <strong>elements estructurals <\/strong>que dificultin la vista com l\u2019exist\u00e8ncia de columnes. En ambd\u00f3s casos \u00e9s interessant utilitzar monitors distribu\u00efts per l\u2019espai on aparegui el directe de c\u00e0meres o la presentaci\u00f3 de l\u2019esdeveniment per a que les persones puguin seguir-lo a temps real.<\/p>\n<p style=\"text-align: justify;\">El cinqu\u00e8 \u00fas dels monitors \u00e9s el de <strong>senyalitzaci\u00f3 din\u00e0mica; <\/strong>guiar, orientar o organitzar a una o conjunt de persones en aquell punts de l\u2019espai que plantegin <strong>dilemes de comportament. <\/strong>Per exemple en l\u2019entrada d\u2019un edifici de congressos, en la que hi hagi un monitor on aparegui tota la informaci\u00f3 relacionada amb els esdeveniment que es facin en les diferents sales, o b\u00e9 en l\u2019entrada de les facultats de les universitat informants als estudiants de les classes que s\u2019imparteixen en les aules amb els seus respectius horaris o en les andanes dels trens.<\/p>\n<p style=\"text-align: justify;\">El seg\u00fcent \u00fas d\u2019aquests equips audiovisuals \u00e9s el de <strong>convertir un espai en corporatiu <\/strong>a trav\u00e9s de la <strong>distribuci\u00f3 de monitors per l\u2019espai com la imatge est\u00e0tica o b\u00e9 din\u00e0mica del logotip <\/strong>de l\u2019empresa, de tal manera que els usuaris que estan en l\u2019esdeveniment vegin relaxat qui \u00e9s el protagonista del mateix.<\/p>\n<p style=\"text-align: justify;\">En definitiva, els monitors s\u00f3n un tipus d\u2019equipament audiovisual molt \u00fatil que poden solucionar-te certs problemes espacials, aix\u00ed com utilitzar-lo amb altre fins com els que hem mencionat amb anterioritat. Aquests productes han de tenir una cavitat professional per gaudir de l\u2019experi\u00e8ncia que ens proporcionaran tana a la persona que el va contractar com les que assisteixen com convidats a l\u2019esdeveniment.<\/p>\n<p style=\"text-align: justify;\">Si coneixes altres usos dels monitors que no estiguin contemplats en aquest pots, l\u2019animem a que col\u00b7laboris i ens els deixis en els comentaris!<\/p>\n<p>&nbsp;<\/p>\n","protected":false},"excerpt":{"rendered":"<p>A l\u2019hora d\u2019organitzar esdeveniment poden sorgir molts dubtes sobre quins s\u00f3n els millors equips de&#8230;<\/p>\n","protected":false},"author":6,"featured_media":2313,"comment_status":"open","ping_status":"open","sticky":false,"template":"","format":"standard","meta":{"_acf_changed":false,"footnotes":""},"categories":[260,262],"tags":[],"class_list":["post-2911","post","type-post","status-publish","format-standard","has-post-thumbnail","hentry","category-esdeveniments-audiovisuals","category-lloguer-dequips"],"acf":[],"yoast_head":"<!-- This site is optimized with the Yoast SEO plugin v26.3 - https:\/\/yoast.com\/wordpress\/plugins\/seo\/ -->\n<title>Pantalles de plasma i TFT: quins s\u00f3n els usos dels monitors?<\/title>\n<meta name=\"description\" content=\"Pantalles de plasma i TFT: quan utilitzar cada una? Parlem d&#039;avantatges i desventatges dels sistemes per a la seva utilitzaci\u00f3 en tot tipus d&#039;esdeveniments de qualsevol tipus.\" \/>\n<meta name=\"robots\" content=\"index, follow, max-snippet:-1, max-image-preview:large, max-video-preview:-1\" \/>\n<link rel=\"canonical\" href=\"https:\/\/eikonos.com\/ca\/blog\/pantalles-de-plas-i-tft-quins-son-els-usos-dels-monitors\/\" \/>\n<meta property=\"og:locale\" content=\"ca_ES\" \/>\n<meta property=\"og:type\" content=\"article\" \/>\n<meta property=\"og:title\" content=\"Pantalles de plasma i TFT: quins s\u00f3n els usos dels monitors?\" \/>\n<meta property=\"og:description\" content=\"Pantalles de plasma i TFT: quan utilitzar cada una? Parlem d&#039;avantatges i desventatges dels sistemes per a la seva utilitzaci\u00f3 en tot tipus d&#039;esdeveniments de qualsevol tipus.\" \/>\n<meta property=\"og:url\" content=\"https:\/\/eikonos.com\/ca\/blog\/pantalles-de-plas-i-tft-quins-son-els-usos-dels-monitors\/\" \/>\n<meta property=\"og:site_name\" content=\"EIKONOS\" \/>\n<meta property=\"article:publisher\" content=\"http:\/\/www.facebook.com\/pages\/Eikonos\/176324785746790\" \/>\n<meta property=\"article:published_time\" content=\"2015-09-29T11:17:51+00:00\" \/>\n<meta property=\"og:image\" content=\"https:\/\/eikonos.com\/wp-content\/uploads\/2015\/10\/pantallas_plasma_tft.jpg\" \/>\n\t<meta property=\"og:image:width\" content=\"1780\" \/>\n\t<meta property=\"og:image:height\" content=\"1068\" \/>\n\t<meta property=\"og:image:type\" content=\"image\/jpeg\" \/>\n<meta name=\"author\" content=\"Xavi Eikonos\" \/>\n<meta name=\"twitter:card\" content=\"summary_large_image\" \/>\n<meta name=\"twitter:creator\" content=\"@eikonos_sa\" \/>\n<meta name=\"twitter:site\" content=\"@eikonos_sa\" \/>\n<meta name=\"twitter:label1\" content=\"Escrit per\" \/>\n\t<meta name=\"twitter:data1\" content=\"Xavi Eikonos\" \/>\n\t<meta name=\"twitter:label2\" content=\"Temps estimat de lectura\" \/>\n\t<meta name=\"twitter:data2\" content=\"4 minuts\" \/>\n<script type=\"application\/ld+json\" class=\"yoast-schema-graph\">{\"@context\":\"https:\/\/schema.org\",\"@graph\":[{\"@type\":\"Article\",\"@id\":\"https:\/\/eikonos.com\/ca\/blog\/pantalles-de-plas-i-tft-quins-son-els-usos-dels-monitors\/#article\",\"isPartOf\":{\"@id\":\"https:\/\/eikonos.com\/ca\/blog\/pantalles-de-plas-i-tft-quins-son-els-usos-dels-monitors\/\"},\"author\":{\"name\":\"Xavi Eikonos\",\"@id\":\"https:\/\/eikonos.com\/ca\/#\/schema\/person\/82032860cc314d826959b90595a5280a\"},\"headline\":\"Pantalles de plasma i TFT: quins s\u00f3n els usos dels monitors?\",\"datePublished\":\"2015-09-29T11:17:51+00:00\",\"mainEntityOfPage\":{\"@id\":\"https:\/\/eikonos.com\/ca\/blog\/pantalles-de-plas-i-tft-quins-son-els-usos-dels-monitors\/\"},\"wordCount\":814,\"commentCount\":0,\"publisher\":{\"@id\":\"https:\/\/eikonos.com\/ca\/#organization\"},\"image\":{\"@id\":\"https:\/\/eikonos.com\/ca\/blog\/pantalles-de-plas-i-tft-quins-son-els-usos-dels-monitors\/#primaryimage\"},\"thumbnailUrl\":\"https:\/\/eikonos.com\/wp-content\/uploads\/2015\/10\/pantallas_plasma_tft.jpg\",\"articleSection\":[\"Esdeveniments audiovisuals\",\"Lloguer d'equips\"],\"inLanguage\":\"ca\",\"potentialAction\":[{\"@type\":\"CommentAction\",\"name\":\"Comment\",\"target\":[\"https:\/\/eikonos.com\/ca\/blog\/pantalles-de-plas-i-tft-quins-son-els-usos-dels-monitors\/#respond\"]}]},{\"@type\":\"WebPage\",\"@id\":\"https:\/\/eikonos.com\/ca\/blog\/pantalles-de-plas-i-tft-quins-son-els-usos-dels-monitors\/\",\"url\":\"https:\/\/eikonos.com\/ca\/blog\/pantalles-de-plas-i-tft-quins-son-els-usos-dels-monitors\/\",\"name\":\"Pantalles de plasma i TFT: quins s\u00f3n els usos dels monitors?\",\"isPartOf\":{\"@id\":\"https:\/\/eikonos.com\/ca\/#website\"},\"primaryImageOfPage\":{\"@id\":\"https:\/\/eikonos.com\/ca\/blog\/pantalles-de-plas-i-tft-quins-son-els-usos-dels-monitors\/#primaryimage\"},\"image\":{\"@id\":\"https:\/\/eikonos.com\/ca\/blog\/pantalles-de-plas-i-tft-quins-son-els-usos-dels-monitors\/#primaryimage\"},\"thumbnailUrl\":\"https:\/\/eikonos.com\/wp-content\/uploads\/2015\/10\/pantallas_plasma_tft.jpg\",\"datePublished\":\"2015-09-29T11:17:51+00:00\",\"description\":\"Pantalles de plasma i TFT: quan utilitzar cada una? Parlem d'avantatges i desventatges dels sistemes per a la seva utilitzaci\u00f3 en tot tipus d'esdeveniments de qualsevol tipus.\",\"breadcrumb\":{\"@id\":\"https:\/\/eikonos.com\/ca\/blog\/pantalles-de-plas-i-tft-quins-son-els-usos-dels-monitors\/#breadcrumb\"},\"inLanguage\":\"ca\",\"potentialAction\":[{\"@type\":\"ReadAction\",\"target\":[\"https:\/\/eikonos.com\/ca\/blog\/pantalles-de-plas-i-tft-quins-son-els-usos-dels-monitors\/\"]}]},{\"@type\":\"ImageObject\",\"inLanguage\":\"ca\",\"@id\":\"https:\/\/eikonos.com\/ca\/blog\/pantalles-de-plas-i-tft-quins-son-els-usos-dels-monitors\/#primaryimage\",\"url\":\"https:\/\/eikonos.com\/wp-content\/uploads\/2015\/10\/pantallas_plasma_tft.jpg\",\"contentUrl\":\"https:\/\/eikonos.com\/wp-content\/uploads\/2015\/10\/pantallas_plasma_tft.jpg\",\"width\":1780,\"height\":1068,\"caption\":\"Comparativa entre pantallas\"},{\"@type\":\"BreadcrumbList\",\"@id\":\"https:\/\/eikonos.com\/ca\/blog\/pantalles-de-plas-i-tft-quins-son-els-usos-dels-monitors\/#breadcrumb\",\"itemListElement\":[{\"@type\":\"ListItem\",\"position\":1,\"name\":\"EIKONOS\",\"item\":\"https:\/\/eikonos.com\/ca\/inici\/\"},{\"@type\":\"ListItem\",\"position\":2,\"name\":\"Pantalles de plasma i TFT: quins s\u00f3n els usos dels monitors?\"}]},{\"@type\":\"WebSite\",\"@id\":\"https:\/\/eikonos.com\/ca\/#website\",\"url\":\"https:\/\/eikonos.com\/ca\/\",\"name\":\"EIKONOS\",\"description\":\"EXPERIENCIA AUDIOVISUAL\",\"publisher\":{\"@id\":\"https:\/\/eikonos.com\/ca\/#organization\"},\"potentialAction\":[{\"@type\":\"SearchAction\",\"target\":{\"@type\":\"EntryPoint\",\"urlTemplate\":\"https:\/\/eikonos.com\/ca\/?s={search_term_string}\"},\"query-input\":{\"@type\":\"PropertyValueSpecification\",\"valueRequired\":true,\"valueName\":\"search_term_string\"}}],\"inLanguage\":\"ca\"},{\"@type\":\"Organization\",\"@id\":\"https:\/\/eikonos.com\/ca\/#organization\",\"name\":\"EIKONOS | Servicios Audiovisuales, eventos y alquiler de equipos\",\"url\":\"https:\/\/eikonos.com\/ca\/\",\"logo\":{\"@type\":\"ImageObject\",\"inLanguage\":\"ca\",\"@id\":\"https:\/\/eikonos.com\/ca\/#\/schema\/logo\/image\/\",\"url\":\"https:\/\/eikonos.com\/wp-content\/uploads\/2020\/08\/logo-color.png\",\"contentUrl\":\"https:\/\/eikonos.com\/wp-content\/uploads\/2020\/08\/logo-color.png\",\"width\":376,\"height\":122,\"caption\":\"EIKONOS | Servicios Audiovisuales, eventos y alquiler de equipos\"},\"image\":{\"@id\":\"https:\/\/eikonos.com\/ca\/#\/schema\/logo\/image\/\"},\"sameAs\":[\"http:\/\/www.facebook.com\/pages\/Eikonos\/176324785746790\",\"https:\/\/x.com\/eikonos_sa\",\"http:\/\/www.linkedin.com\/company\/eikonos\",\"http:\/\/www.youtube.com\/channel\/UC8wcizWaAYbfsuqVf9wIT6w\"]},{\"@type\":\"Person\",\"@id\":\"https:\/\/eikonos.com\/ca\/#\/schema\/person\/82032860cc314d826959b90595a5280a\",\"name\":\"Xavi Eikonos\",\"image\":{\"@type\":\"ImageObject\",\"inLanguage\":\"ca\",\"@id\":\"https:\/\/eikonos.com\/ca\/#\/schema\/person\/image\/\",\"url\":\"https:\/\/secure.gravatar.com\/avatar\/a6c6b51dd0ac6902701aab24a914f6febe1518f94a5ae06db08b3d6107248dfd?s=96&d=mm&r=g\",\"contentUrl\":\"https:\/\/secure.gravatar.com\/avatar\/a6c6b51dd0ac6902701aab24a914f6febe1518f94a5ae06db08b3d6107248dfd?s=96&d=mm&r=g\",\"caption\":\"Xavi Eikonos\"}}]}<\/script>\n<!-- \/ Yoast SEO plugin. -->","yoast_head_json":{"title":"Pantalles de plasma i TFT: quins s\u00f3n els usos dels monitors?","description":"Pantalles de plasma i TFT: quan utilitzar cada una? Parlem d'avantatges i desventatges dels sistemes per a la seva utilitzaci\u00f3 en tot tipus d'esdeveniments de qualsevol tipus.","robots":{"index":"index","follow":"follow","max-snippet":"max-snippet:-1","max-image-preview":"max-image-preview:large","max-video-preview":"max-video-preview:-1"},"canonical":"https:\/\/eikonos.com\/ca\/blog\/pantalles-de-plas-i-tft-quins-son-els-usos-dels-monitors\/","og_locale":"ca_ES","og_type":"article","og_title":"Pantalles de plasma i TFT: quins s\u00f3n els usos dels monitors?","og_description":"Pantalles de plasma i TFT: quan utilitzar cada una? Parlem d'avantatges i desventatges dels sistemes per a la seva utilitzaci\u00f3 en tot tipus d'esdeveniments de qualsevol tipus.","og_url":"https:\/\/eikonos.com\/ca\/blog\/pantalles-de-plas-i-tft-quins-son-els-usos-dels-monitors\/","og_site_name":"EIKONOS","article_publisher":"http:\/\/www.facebook.com\/pages\/Eikonos\/176324785746790","article_published_time":"2015-09-29T11:17:51+00:00","og_image":[{"width":1780,"height":1068,"url":"https:\/\/eikonos.com\/wp-content\/uploads\/2015\/10\/pantallas_plasma_tft.jpg","type":"image\/jpeg"}],"author":"Xavi Eikonos","twitter_card":"summary_large_image","twitter_creator":"@eikonos_sa","twitter_site":"@eikonos_sa","twitter_misc":{"Escrit per":"Xavi Eikonos","Temps estimat de lectura":"4 minuts"},"schema":{"@context":"https:\/\/schema.org","@graph":[{"@type":"Article","@id":"https:\/\/eikonos.com\/ca\/blog\/pantalles-de-plas-i-tft-quins-son-els-usos-dels-monitors\/#article","isPartOf":{"@id":"https:\/\/eikonos.com\/ca\/blog\/pantalles-de-plas-i-tft-quins-son-els-usos-dels-monitors\/"},"author":{"name":"Xavi Eikonos","@id":"https:\/\/eikonos.com\/ca\/#\/schema\/person\/82032860cc314d826959b90595a5280a"},"headline":"Pantalles de plasma i TFT: quins s\u00f3n els usos dels monitors?","datePublished":"2015-09-29T11:17:51+00:00","mainEntityOfPage":{"@id":"https:\/\/eikonos.com\/ca\/blog\/pantalles-de-plas-i-tft-quins-son-els-usos-dels-monitors\/"},"wordCount":814,"commentCount":0,"publisher":{"@id":"https:\/\/eikonos.com\/ca\/#organization"},"image":{"@id":"https:\/\/eikonos.com\/ca\/blog\/pantalles-de-plas-i-tft-quins-son-els-usos-dels-monitors\/#primaryimage"},"thumbnailUrl":"https:\/\/eikonos.com\/wp-content\/uploads\/2015\/10\/pantallas_plasma_tft.jpg","articleSection":["Esdeveniments audiovisuals","Lloguer d'equips"],"inLanguage":"ca","potentialAction":[{"@type":"CommentAction","name":"Comment","target":["https:\/\/eikonos.com\/ca\/blog\/pantalles-de-plas-i-tft-quins-son-els-usos-dels-monitors\/#respond"]}]},{"@type":"WebPage","@id":"https:\/\/eikonos.com\/ca\/blog\/pantalles-de-plas-i-tft-quins-son-els-usos-dels-monitors\/","url":"https:\/\/eikonos.com\/ca\/blog\/pantalles-de-plas-i-tft-quins-son-els-usos-dels-monitors\/","name":"Pantalles de plasma i TFT: quins s\u00f3n els usos dels monitors?","isPartOf":{"@id":"https:\/\/eikonos.com\/ca\/#website"},"primaryImageOfPage":{"@id":"https:\/\/eikonos.com\/ca\/blog\/pantalles-de-plas-i-tft-quins-son-els-usos-dels-monitors\/#primaryimage"},"image":{"@id":"https:\/\/eikonos.com\/ca\/blog\/pantalles-de-plas-i-tft-quins-son-els-usos-dels-monitors\/#primaryimage"},"thumbnailUrl":"https:\/\/eikonos.com\/wp-content\/uploads\/2015\/10\/pantallas_plasma_tft.jpg","datePublished":"2015-09-29T11:17:51+00:00","description":"Pantalles de plasma i TFT: quan utilitzar cada una? Parlem d'avantatges i desventatges dels sistemes per a la seva utilitzaci\u00f3 en tot tipus d'esdeveniments de qualsevol tipus.","breadcrumb":{"@id":"https:\/\/eikonos.com\/ca\/blog\/pantalles-de-plas-i-tft-quins-son-els-usos-dels-monitors\/#breadcrumb"},"inLanguage":"ca","potentialAction":[{"@type":"ReadAction","target":["https:\/\/eikonos.com\/ca\/blog\/pantalles-de-plas-i-tft-quins-son-els-usos-dels-monitors\/"]}]},{"@type":"ImageObject","inLanguage":"ca","@id":"https:\/\/eikonos.com\/ca\/blog\/pantalles-de-plas-i-tft-quins-son-els-usos-dels-monitors\/#primaryimage","url":"https:\/\/eikonos.com\/wp-content\/uploads\/2015\/10\/pantallas_plasma_tft.jpg","contentUrl":"https:\/\/eikonos.com\/wp-content\/uploads\/2015\/10\/pantallas_plasma_tft.jpg","width":1780,"height":1068,"caption":"Comparativa entre pantallas"},{"@type":"BreadcrumbList","@id":"https:\/\/eikonos.com\/ca\/blog\/pantalles-de-plas-i-tft-quins-son-els-usos-dels-monitors\/#breadcrumb","itemListElement":[{"@type":"ListItem","position":1,"name":"EIKONOS","item":"https:\/\/eikonos.com\/ca\/inici\/"},{"@type":"ListItem","position":2,"name":"Pantalles de plasma i TFT: quins s\u00f3n els usos dels monitors?"}]},{"@type":"WebSite","@id":"https:\/\/eikonos.com\/ca\/#website","url":"https:\/\/eikonos.com\/ca\/","name":"EIKONOS","description":"EXPERIENCIA AUDIOVISUAL","publisher":{"@id":"https:\/\/eikonos.com\/ca\/#organization"},"potentialAction":[{"@type":"SearchAction","target":{"@type":"EntryPoint","urlTemplate":"https:\/\/eikonos.com\/ca\/?s={search_term_string}"},"query-input":{"@type":"PropertyValueSpecification","valueRequired":true,"valueName":"search_term_string"}}],"inLanguage":"ca"},{"@type":"Organization","@id":"https:\/\/eikonos.com\/ca\/#organization","name":"EIKONOS | Servicios Audiovisuales, eventos y alquiler de equipos","url":"https:\/\/eikonos.com\/ca\/","logo":{"@type":"ImageObject","inLanguage":"ca","@id":"https:\/\/eikonos.com\/ca\/#\/schema\/logo\/image\/","url":"https:\/\/eikonos.com\/wp-content\/uploads\/2020\/08\/logo-color.png","contentUrl":"https:\/\/eikonos.com\/wp-content\/uploads\/2020\/08\/logo-color.png","width":376,"height":122,"caption":"EIKONOS | Servicios Audiovisuales, eventos y alquiler de equipos"},"image":{"@id":"https:\/\/eikonos.com\/ca\/#\/schema\/logo\/image\/"},"sameAs":["http:\/\/www.facebook.com\/pages\/Eikonos\/176324785746790","https:\/\/x.com\/eikonos_sa","http:\/\/www.linkedin.com\/company\/eikonos","http:\/\/www.youtube.com\/channel\/UC8wcizWaAYbfsuqVf9wIT6w"]},{"@type":"Person","@id":"https:\/\/eikonos.com\/ca\/#\/schema\/person\/82032860cc314d826959b90595a5280a","name":"Xavi Eikonos","image":{"@type":"ImageObject","inLanguage":"ca","@id":"https:\/\/eikonos.com\/ca\/#\/schema\/person\/image\/","url":"https:\/\/secure.gravatar.com\/avatar\/a6c6b51dd0ac6902701aab24a914f6febe1518f94a5ae06db08b3d6107248dfd?s=96&d=mm&r=g","contentUrl":"https:\/\/secure.gravatar.com\/avatar\/a6c6b51dd0ac6902701aab24a914f6febe1518f94a5ae06db08b3d6107248dfd?s=96&d=mm&r=g","caption":"Xavi Eikonos"}}]}},"_links":{"self":[{"href":"https:\/\/eikonos.com\/ca\/wp-json\/wp\/v2\/posts\/2911","targetHints":{"allow":["GET"]}}],"collection":[{"href":"https:\/\/eikonos.com\/ca\/wp-json\/wp\/v2\/posts"}],"about":[{"href":"https:\/\/eikonos.com\/ca\/wp-json\/wp\/v2\/types\/post"}],"author":[{"embeddable":true,"href":"https:\/\/eikonos.com\/ca\/wp-json\/wp\/v2\/users\/6"}],"replies":[{"embeddable":true,"href":"https:\/\/eikonos.com\/ca\/wp-json\/wp\/v2\/comments?post=2911"}],"version-history":[{"count":0,"href":"https:\/\/eikonos.com\/ca\/wp-json\/wp\/v2\/posts\/2911\/revisions"}],"wp:featuredmedia":[{"embeddable":true,"href":"https:\/\/eikonos.com\/ca\/wp-json\/wp\/v2\/media\/2313"}],"wp:attachment":[{"href":"https:\/\/eikonos.com\/ca\/wp-json\/wp\/v2\/media?parent=2911"}],"wp:term":[{"taxonomy":"category","embeddable":true,"href":"https:\/\/eikonos.com\/ca\/wp-json\/wp\/v2\/categories?post=2911"},{"taxonomy":"post_tag","embeddable":true,"href":"https:\/\/eikonos.com\/ca\/wp-json\/wp\/v2\/tags?post=2911"}],"curies":[{"name":"wp","href":"https:\/\/api.w.org\/{rel}","templated":true}]}}