{"id":2908,"date":"2015-10-14T13:13:48","date_gmt":"2015-10-14T11:13:48","guid":{"rendered":"http:\/\/eikonos.com\/blog\/infografia-clave-para-captar-atencion-e-interes-receptor-2\/"},"modified":"2015-10-14T13:13:48","modified_gmt":"2015-10-14T11:13:48","slug":"infografia-clau-per-captar-latencio-interes-del-receptor","status":"publish","type":"post","link":"https:\/\/eikonos.com\/ca\/blog\/infografia-clau-per-captar-latencio-interes-del-receptor\/","title":{"rendered":"Infografia: la clau per captar l\u2019atenci\u00f3 i l\u2019inter\u00e8s del receptor"},"content":{"rendered":"<p style=\"text-align: justify;\">Quan es parlar d\u2019infografies, \u00e9s possible que existeixi certa confusi\u00f3 segons sigui el context en el que aparegui el terme. Ni tan sols les definicions acad\u00e8miques ajuden molt en el sentit de delimitar el seu significat.<\/p>\n<p style=\"text-align: justify;\">Tot i que est\u00e0 extensa la idea de que la paraula prov\u00e9 de la uni\u00f3 de \u201cinform\u00e0tica\u201d i \u201cgr\u00e0fics\u201d fet que s\u2019ha conduit comunament a definit infografia com \u201cgr\u00e0fics per ordinador\u201d, en realitat a aquest tipus d\u2019imatges se les denomina \u201cinfografes\u201d des de molt temps abans de l\u2019aparici\u00f3 dels ordinadors, pel que sembla m\u00e9s convivent que el terme es deriv\u00e9s de l\u2019expressi\u00f3 anglesa \u201cinformational graphics\u201d. \u00c9s a dir, i simplificant, <strong>transmissi\u00f3 d\u2019informaci\u00f3 mitjan\u00e7ant gr\u00e0fics.<\/strong><\/p>\n<p style=\"text-align: justify;\">Combinar elements visuals amb informaci\u00f3 textual, contribueix de forma extraordin\u00e0ria a la <strong>comprensi\u00f3 de conceptes complexes en mat\u00e8ries ja de per s\u00ed complexes <\/strong>com l\u2019enginyeria, medicina, geografia, arquitectura, etc&#8230; Si revisem l\u2019obra d\u2019alguns artistes del renaixement trobarem exemples que ens ajudaran a entendre el valor de combinar text i imatge.<\/p>\n<p style=\"text-align: justify;\">Uns 600 anys m\u00e9s tard, a finals del passat segle, els artistes i dissenyadors dels 70 i 80 van saber veure en els ordinadors el instrument que podia facilitar-li\u2019n enormement una tasca que fins aleshores dificultosa com era maquetar complexes composicions requerides per una creixen ind\u00fastria editorial i audiovisual i en les que havien de <strong>combinar il\u00b7lustracions amb texts, n\u00fameros i m\u00faltiples nivells i categories d\u2019informaci\u00f3. <\/strong><\/p>\n<p style=\"text-align: justify;\">\u00c9s en aquest moment, tamb\u00e9 amb l\u2019arribada d\u2019aplicacions de modelats 3D, quan s\u2019expandeix l\u2019\u00fas del terme \u201cinfografia\u201d i a associar-lo a \u201cgr\u00e0fics creats amb ordinador\u201d, tot i que aquest ja tinguessin la seva pr\u00f2pia denominaci\u00f3, \u201ccomputer graphics\u201d. Al mateix temps els principals diaris del m\u00f3n modernitzen els seus sistemes d0impressi\u00f3, augmenten les tirades i el n\u00famero de p\u00e0gines i es generalitza l\u2019\u00fas del color en p\u00e0gines interiors. El que va acabar per donar una empenta definitiva a les inforgrafies period\u00edstiques. <strong>\u00a0<\/strong><\/p>\n<p style=\"text-align: justify;\">Avui en dia no trobarem ni un sol llibre de text,\u00a0<a href=\"https:\/\/eikonos.com\/blog\/consejos-para-crear-una-presentacion-audiovisual-para-tu-marca\/\">presentaci\u00f3 de negocis<\/a>, conferencia o publicaci\u00f3 impresa en la que no hi hagi infografies. En els tres \u00faltims lustres s\u2019han imposat <strong>en Internet les\u00a0<\/strong><strong><a href=\"https:\/\/eikonos.com\/portfolio_page\/diseno-grafico-y-web\/\">infografies multimedia i interactives<\/a> e<strong>n les que s\u2019accedeix a la informaci\u00f3 a trav\u00e9s de senzilles interfases <\/strong>i en les que obtindrem estrictament la informaci\u00f3 que necessitem, amb<\/strong>\u00a0\u00e0<a href=\"https:\/\/eikonos.com\/servicios\/alquiler-de-equipos\/\">udio i v\u00eddeo<\/a>,\u00a0en qualsevol moment i en qualsevol lloc.<\/p>\n<p style=\"text-align: justify;\">I com en totes les branques de la comunicaci\u00f3 visual, el <strong>dissenyador gr\u00e0fic \u00e9s el professional m\u00e9s preparat per dotar a una inforgrafia <\/strong>de la claredat de l\u2019exposici\u00f3, composici\u00f3, tipografia i est\u00e8tica m\u00e9s acord amb el prop\u00f2sit marcat, ja sigui incloure-la en una presentaci\u00f3 durant un\u00a0<a href=\"https:\/\/eikonos.com\/servicios\/eventos-audiovisuales\/\">esdeveniment<\/a>\u00a0o mostrar a un client d\u2019implantaci\u00f3 d\u2019un projecte sense necessitat de costoses maquetes<\/p>\n<p style=\"text-align: justify;\">Recopilar documentaci\u00f3, no cometre errors de precisi\u00f3, ser honestos en la utilitzaci\u00f3 de les dades i no distorsionar-los en benefici del disseny, a m\u00e9s de saber sacrificar qualsevol element que no sigui realment imprescindible, ens ajudar\u00e0 a <strong>aconseguir el dif\u00edcil objectiu de captar l\u2019atenci\u00f3 i d\u2019inter\u00e8s del receptor. <\/strong><\/p>\n<p style=\"text-align: justify;\">En <a href=\"https:\/\/eikonos.com\/contacto\/\">Eikonos<\/a>,\u00a0creem continguts i aix\u00f2 inclou, per suposat, la realitzaci\u00f3 d\u2019infografies. El nostre equip de professional de disseny gr\u00e0fic generar\u00e0 d\u2019acord a les indicacions del client, atractives i potents <strong>infografies en 2D o 3D <\/strong>que afegiran valor al seus esdeveniments i projectes.<\/p>\n","protected":false},"excerpt":{"rendered":"<p>Quan es parlar d\u2019infografies, \u00e9s possible que existeixi certa confusi\u00f3 segons sigui el context en&#8230;<\/p>\n","protected":false},"author":6,"featured_media":2324,"comment_status":"open","ping_status":"open","sticky":false,"template":"","format":"standard","meta":{"_acf_changed":false,"footnotes":""},"categories":[257],"tags":[360],"class_list":["post-2908","post","type-post","status-publish","format-standard","has-post-thumbnail","hentry","category-creacio-de-continguts","tag-disseny-grafic"],"acf":[],"yoast_head":"<!-- This site is optimized with the Yoast SEO plugin v26.3 - https:\/\/yoast.com\/wordpress\/plugins\/seo\/ -->\n<title>Infografia: la clau per captar l\u2019atenci\u00f3 i l\u2019inter\u00e8s del receptor<\/title>\n<meta name=\"description\" content=\"Infografia: convinar elements visuals amb informaci\u00f3 textual, contribueix de forma extraordin\u00e0ria a la comprensi\u00f3 de conceptes complexes.\" \/>\n<meta name=\"robots\" content=\"index, follow, max-snippet:-1, max-image-preview:large, max-video-preview:-1\" \/>\n<link rel=\"canonical\" href=\"https:\/\/eikonos.com\/ca\/blog\/infografia-clau-per-captar-latencio-interes-del-receptor\/\" \/>\n<meta property=\"og:locale\" content=\"ca_ES\" \/>\n<meta property=\"og:type\" content=\"article\" \/>\n<meta property=\"og:title\" content=\"Infografia: la clau per captar l\u2019atenci\u00f3 i l\u2019inter\u00e8s del receptor\" \/>\n<meta property=\"og:description\" content=\"Combinar elementos visuales con informaci\u00f3n textual, contribuye de forma extraordinaria a la comprensi\u00f3n de conceptos complejos en materias ya de por s\u00ed complejas,\" \/>\n<meta property=\"og:url\" content=\"https:\/\/eikonos.com\/ca\/blog\/infografia-clau-per-captar-latencio-interes-del-receptor\/\" \/>\n<meta property=\"og:site_name\" content=\"EIKONOS\" \/>\n<meta property=\"article:publisher\" content=\"http:\/\/www.facebook.com\/pages\/Eikonos\/176324785746790\" \/>\n<meta property=\"article:published_time\" content=\"2015-10-14T11:13:48+00:00\" \/>\n<meta property=\"og:image\" content=\"https:\/\/eikonos.com\/wp-content\/uploads\/2015\/10\/Infografia-Eikonos.jpg\" \/>\n\t<meta property=\"og:image:width\" content=\"800\" \/>\n\t<meta property=\"og:image:height\" content=\"483\" \/>\n\t<meta property=\"og:image:type\" content=\"image\/jpeg\" \/>\n<meta name=\"author\" content=\"Xavi Eikonos\" \/>\n<meta name=\"twitter:card\" content=\"summary_large_image\" \/>\n<meta name=\"twitter:creator\" content=\"@eikonos_sa\" \/>\n<meta name=\"twitter:site\" content=\"@eikonos_sa\" \/>\n<meta name=\"twitter:label1\" content=\"Escrit per\" \/>\n\t<meta name=\"twitter:data1\" content=\"Xavi Eikonos\" \/>\n\t<meta name=\"twitter:label2\" content=\"Temps estimat de lectura\" \/>\n\t<meta name=\"twitter:data2\" content=\"3 minuts\" \/>\n<script type=\"application\/ld+json\" class=\"yoast-schema-graph\">{\"@context\":\"https:\/\/schema.org\",\"@graph\":[{\"@type\":\"Article\",\"@id\":\"https:\/\/eikonos.com\/ca\/blog\/infografia-clau-per-captar-latencio-interes-del-receptor\/#article\",\"isPartOf\":{\"@id\":\"https:\/\/eikonos.com\/ca\/blog\/infografia-clau-per-captar-latencio-interes-del-receptor\/\"},\"author\":{\"name\":\"Xavi Eikonos\",\"@id\":\"https:\/\/eikonos.com\/ca\/#\/schema\/person\/82032860cc314d826959b90595a5280a\"},\"headline\":\"Infografia: la clau per captar l\u2019atenci\u00f3 i l\u2019inter\u00e8s del receptor\",\"datePublished\":\"2015-10-14T11:13:48+00:00\",\"mainEntityOfPage\":{\"@id\":\"https:\/\/eikonos.com\/ca\/blog\/infografia-clau-per-captar-latencio-interes-del-receptor\/\"},\"wordCount\":598,\"commentCount\":0,\"publisher\":{\"@id\":\"https:\/\/eikonos.com\/ca\/#organization\"},\"image\":{\"@id\":\"https:\/\/eikonos.com\/ca\/blog\/infografia-clau-per-captar-latencio-interes-del-receptor\/#primaryimage\"},\"thumbnailUrl\":\"https:\/\/eikonos.com\/wp-content\/uploads\/2015\/10\/Infografia-Eikonos.jpg\",\"keywords\":[\"Disseny gr\u00e0fic\"],\"articleSection\":[\"Creaci\u00f3 de continguts\"],\"inLanguage\":\"ca\",\"potentialAction\":[{\"@type\":\"CommentAction\",\"name\":\"Comment\",\"target\":[\"https:\/\/eikonos.com\/ca\/blog\/infografia-clau-per-captar-latencio-interes-del-receptor\/#respond\"]}]},{\"@type\":\"WebPage\",\"@id\":\"https:\/\/eikonos.com\/ca\/blog\/infografia-clau-per-captar-latencio-interes-del-receptor\/\",\"url\":\"https:\/\/eikonos.com\/ca\/blog\/infografia-clau-per-captar-latencio-interes-del-receptor\/\",\"name\":\"Infografia: la clau per captar l\u2019atenci\u00f3 i l\u2019inter\u00e8s del receptor\",\"isPartOf\":{\"@id\":\"https:\/\/eikonos.com\/ca\/#website\"},\"primaryImageOfPage\":{\"@id\":\"https:\/\/eikonos.com\/ca\/blog\/infografia-clau-per-captar-latencio-interes-del-receptor\/#primaryimage\"},\"image\":{\"@id\":\"https:\/\/eikonos.com\/ca\/blog\/infografia-clau-per-captar-latencio-interes-del-receptor\/#primaryimage\"},\"thumbnailUrl\":\"https:\/\/eikonos.com\/wp-content\/uploads\/2015\/10\/Infografia-Eikonos.jpg\",\"datePublished\":\"2015-10-14T11:13:48+00:00\",\"description\":\"Infografia: convinar elements visuals amb informaci\u00f3 textual, contribueix de forma extraordin\u00e0ria a la comprensi\u00f3 de conceptes complexes.\",\"breadcrumb\":{\"@id\":\"https:\/\/eikonos.com\/ca\/blog\/infografia-clau-per-captar-latencio-interes-del-receptor\/#breadcrumb\"},\"inLanguage\":\"ca\",\"potentialAction\":[{\"@type\":\"ReadAction\",\"target\":[\"https:\/\/eikonos.com\/ca\/blog\/infografia-clau-per-captar-latencio-interes-del-receptor\/\"]}]},{\"@type\":\"ImageObject\",\"inLanguage\":\"ca\",\"@id\":\"https:\/\/eikonos.com\/ca\/blog\/infografia-clau-per-captar-latencio-interes-del-receptor\/#primaryimage\",\"url\":\"https:\/\/eikonos.com\/wp-content\/uploads\/2015\/10\/Infografia-Eikonos.jpg\",\"contentUrl\":\"https:\/\/eikonos.com\/wp-content\/uploads\/2015\/10\/Infografia-Eikonos.jpg\",\"width\":800,\"height\":483,\"caption\":\"Infograf\u00eda Eikonos Palau de Congressos de Catalunya\"},{\"@type\":\"BreadcrumbList\",\"@id\":\"https:\/\/eikonos.com\/ca\/blog\/infografia-clau-per-captar-latencio-interes-del-receptor\/#breadcrumb\",\"itemListElement\":[{\"@type\":\"ListItem\",\"position\":1,\"name\":\"EIKONOS\",\"item\":\"https:\/\/eikonos.com\/ca\/inici\/\"},{\"@type\":\"ListItem\",\"position\":2,\"name\":\"Infografia: la clau per captar l\u2019atenci\u00f3 i l\u2019inter\u00e8s del receptor\"}]},{\"@type\":\"WebSite\",\"@id\":\"https:\/\/eikonos.com\/ca\/#website\",\"url\":\"https:\/\/eikonos.com\/ca\/\",\"name\":\"EIKONOS\",\"description\":\"EXPERIENCIA AUDIOVISUAL\",\"publisher\":{\"@id\":\"https:\/\/eikonos.com\/ca\/#organization\"},\"potentialAction\":[{\"@type\":\"SearchAction\",\"target\":{\"@type\":\"EntryPoint\",\"urlTemplate\":\"https:\/\/eikonos.com\/ca\/?s={search_term_string}\"},\"query-input\":{\"@type\":\"PropertyValueSpecification\",\"valueRequired\":true,\"valueName\":\"search_term_string\"}}],\"inLanguage\":\"ca\"},{\"@type\":\"Organization\",\"@id\":\"https:\/\/eikonos.com\/ca\/#organization\",\"name\":\"EIKONOS | Servicios Audiovisuales, eventos y alquiler de equipos\",\"url\":\"https:\/\/eikonos.com\/ca\/\",\"logo\":{\"@type\":\"ImageObject\",\"inLanguage\":\"ca\",\"@id\":\"https:\/\/eikonos.com\/ca\/#\/schema\/logo\/image\/\",\"url\":\"https:\/\/eikonos.com\/wp-content\/uploads\/2020\/08\/logo-color.png\",\"contentUrl\":\"https:\/\/eikonos.com\/wp-content\/uploads\/2020\/08\/logo-color.png\",\"width\":376,\"height\":122,\"caption\":\"EIKONOS | Servicios Audiovisuales, eventos y alquiler de equipos\"},\"image\":{\"@id\":\"https:\/\/eikonos.com\/ca\/#\/schema\/logo\/image\/\"},\"sameAs\":[\"http:\/\/www.facebook.com\/pages\/Eikonos\/176324785746790\",\"https:\/\/x.com\/eikonos_sa\",\"http:\/\/www.linkedin.com\/company\/eikonos\",\"http:\/\/www.youtube.com\/channel\/UC8wcizWaAYbfsuqVf9wIT6w\"]},{\"@type\":\"Person\",\"@id\":\"https:\/\/eikonos.com\/ca\/#\/schema\/person\/82032860cc314d826959b90595a5280a\",\"name\":\"Xavi Eikonos\",\"image\":{\"@type\":\"ImageObject\",\"inLanguage\":\"ca\",\"@id\":\"https:\/\/eikonos.com\/ca\/#\/schema\/person\/image\/\",\"url\":\"https:\/\/secure.gravatar.com\/avatar\/a6c6b51dd0ac6902701aab24a914f6febe1518f94a5ae06db08b3d6107248dfd?s=96&d=mm&r=g\",\"contentUrl\":\"https:\/\/secure.gravatar.com\/avatar\/a6c6b51dd0ac6902701aab24a914f6febe1518f94a5ae06db08b3d6107248dfd?s=96&d=mm&r=g\",\"caption\":\"Xavi Eikonos\"}}]}<\/script>\n<!-- \/ Yoast SEO plugin. -->","yoast_head_json":{"title":"Infografia: la clau per captar l\u2019atenci\u00f3 i l\u2019inter\u00e8s del receptor","description":"Infografia: convinar elements visuals amb informaci\u00f3 textual, contribueix de forma extraordin\u00e0ria a la comprensi\u00f3 de conceptes complexes.","robots":{"index":"index","follow":"follow","max-snippet":"max-snippet:-1","max-image-preview":"max-image-preview:large","max-video-preview":"max-video-preview:-1"},"canonical":"https:\/\/eikonos.com\/ca\/blog\/infografia-clau-per-captar-latencio-interes-del-receptor\/","og_locale":"ca_ES","og_type":"article","og_title":"Infografia: la clau per captar l\u2019atenci\u00f3 i l\u2019inter\u00e8s del receptor","og_description":"Combinar elementos visuales con informaci\u00f3n textual, contribuye de forma extraordinaria a la comprensi\u00f3n de conceptos complejos en materias ya de por s\u00ed complejas,","og_url":"https:\/\/eikonos.com\/ca\/blog\/infografia-clau-per-captar-latencio-interes-del-receptor\/","og_site_name":"EIKONOS","article_publisher":"http:\/\/www.facebook.com\/pages\/Eikonos\/176324785746790","article_published_time":"2015-10-14T11:13:48+00:00","og_image":[{"width":800,"height":483,"url":"https:\/\/eikonos.com\/wp-content\/uploads\/2015\/10\/Infografia-Eikonos.jpg","type":"image\/jpeg"}],"author":"Xavi Eikonos","twitter_card":"summary_large_image","twitter_creator":"@eikonos_sa","twitter_site":"@eikonos_sa","twitter_misc":{"Escrit per":"Xavi Eikonos","Temps estimat de lectura":"3 minuts"},"schema":{"@context":"https:\/\/schema.org","@graph":[{"@type":"Article","@id":"https:\/\/eikonos.com\/ca\/blog\/infografia-clau-per-captar-latencio-interes-del-receptor\/#article","isPartOf":{"@id":"https:\/\/eikonos.com\/ca\/blog\/infografia-clau-per-captar-latencio-interes-del-receptor\/"},"author":{"name":"Xavi Eikonos","@id":"https:\/\/eikonos.com\/ca\/#\/schema\/person\/82032860cc314d826959b90595a5280a"},"headline":"Infografia: la clau per captar l\u2019atenci\u00f3 i l\u2019inter\u00e8s del receptor","datePublished":"2015-10-14T11:13:48+00:00","mainEntityOfPage":{"@id":"https:\/\/eikonos.com\/ca\/blog\/infografia-clau-per-captar-latencio-interes-del-receptor\/"},"wordCount":598,"commentCount":0,"publisher":{"@id":"https:\/\/eikonos.com\/ca\/#organization"},"image":{"@id":"https:\/\/eikonos.com\/ca\/blog\/infografia-clau-per-captar-latencio-interes-del-receptor\/#primaryimage"},"thumbnailUrl":"https:\/\/eikonos.com\/wp-content\/uploads\/2015\/10\/Infografia-Eikonos.jpg","keywords":["Disseny gr\u00e0fic"],"articleSection":["Creaci\u00f3 de continguts"],"inLanguage":"ca","potentialAction":[{"@type":"CommentAction","name":"Comment","target":["https:\/\/eikonos.com\/ca\/blog\/infografia-clau-per-captar-latencio-interes-del-receptor\/#respond"]}]},{"@type":"WebPage","@id":"https:\/\/eikonos.com\/ca\/blog\/infografia-clau-per-captar-latencio-interes-del-receptor\/","url":"https:\/\/eikonos.com\/ca\/blog\/infografia-clau-per-captar-latencio-interes-del-receptor\/","name":"Infografia: la clau per captar l\u2019atenci\u00f3 i l\u2019inter\u00e8s del receptor","isPartOf":{"@id":"https:\/\/eikonos.com\/ca\/#website"},"primaryImageOfPage":{"@id":"https:\/\/eikonos.com\/ca\/blog\/infografia-clau-per-captar-latencio-interes-del-receptor\/#primaryimage"},"image":{"@id":"https:\/\/eikonos.com\/ca\/blog\/infografia-clau-per-captar-latencio-interes-del-receptor\/#primaryimage"},"thumbnailUrl":"https:\/\/eikonos.com\/wp-content\/uploads\/2015\/10\/Infografia-Eikonos.jpg","datePublished":"2015-10-14T11:13:48+00:00","description":"Infografia: convinar elements visuals amb informaci\u00f3 textual, contribueix de forma extraordin\u00e0ria a la comprensi\u00f3 de conceptes complexes.","breadcrumb":{"@id":"https:\/\/eikonos.com\/ca\/blog\/infografia-clau-per-captar-latencio-interes-del-receptor\/#breadcrumb"},"inLanguage":"ca","potentialAction":[{"@type":"ReadAction","target":["https:\/\/eikonos.com\/ca\/blog\/infografia-clau-per-captar-latencio-interes-del-receptor\/"]}]},{"@type":"ImageObject","inLanguage":"ca","@id":"https:\/\/eikonos.com\/ca\/blog\/infografia-clau-per-captar-latencio-interes-del-receptor\/#primaryimage","url":"https:\/\/eikonos.com\/wp-content\/uploads\/2015\/10\/Infografia-Eikonos.jpg","contentUrl":"https:\/\/eikonos.com\/wp-content\/uploads\/2015\/10\/Infografia-Eikonos.jpg","width":800,"height":483,"caption":"Infograf\u00eda Eikonos Palau de Congressos de Catalunya"},{"@type":"BreadcrumbList","@id":"https:\/\/eikonos.com\/ca\/blog\/infografia-clau-per-captar-latencio-interes-del-receptor\/#breadcrumb","itemListElement":[{"@type":"ListItem","position":1,"name":"EIKONOS","item":"https:\/\/eikonos.com\/ca\/inici\/"},{"@type":"ListItem","position":2,"name":"Infografia: la clau per captar l\u2019atenci\u00f3 i l\u2019inter\u00e8s del receptor"}]},{"@type":"WebSite","@id":"https:\/\/eikonos.com\/ca\/#website","url":"https:\/\/eikonos.com\/ca\/","name":"EIKONOS","description":"EXPERIENCIA AUDIOVISUAL","publisher":{"@id":"https:\/\/eikonos.com\/ca\/#organization"},"potentialAction":[{"@type":"SearchAction","target":{"@type":"EntryPoint","urlTemplate":"https:\/\/eikonos.com\/ca\/?s={search_term_string}"},"query-input":{"@type":"PropertyValueSpecification","valueRequired":true,"valueName":"search_term_string"}}],"inLanguage":"ca"},{"@type":"Organization","@id":"https:\/\/eikonos.com\/ca\/#organization","name":"EIKONOS | Servicios Audiovisuales, eventos y alquiler de equipos","url":"https:\/\/eikonos.com\/ca\/","logo":{"@type":"ImageObject","inLanguage":"ca","@id":"https:\/\/eikonos.com\/ca\/#\/schema\/logo\/image\/","url":"https:\/\/eikonos.com\/wp-content\/uploads\/2020\/08\/logo-color.png","contentUrl":"https:\/\/eikonos.com\/wp-content\/uploads\/2020\/08\/logo-color.png","width":376,"height":122,"caption":"EIKONOS | Servicios Audiovisuales, eventos y alquiler de equipos"},"image":{"@id":"https:\/\/eikonos.com\/ca\/#\/schema\/logo\/image\/"},"sameAs":["http:\/\/www.facebook.com\/pages\/Eikonos\/176324785746790","https:\/\/x.com\/eikonos_sa","http:\/\/www.linkedin.com\/company\/eikonos","http:\/\/www.youtube.com\/channel\/UC8wcizWaAYbfsuqVf9wIT6w"]},{"@type":"Person","@id":"https:\/\/eikonos.com\/ca\/#\/schema\/person\/82032860cc314d826959b90595a5280a","name":"Xavi Eikonos","image":{"@type":"ImageObject","inLanguage":"ca","@id":"https:\/\/eikonos.com\/ca\/#\/schema\/person\/image\/","url":"https:\/\/secure.gravatar.com\/avatar\/a6c6b51dd0ac6902701aab24a914f6febe1518f94a5ae06db08b3d6107248dfd?s=96&d=mm&r=g","contentUrl":"https:\/\/secure.gravatar.com\/avatar\/a6c6b51dd0ac6902701aab24a914f6febe1518f94a5ae06db08b3d6107248dfd?s=96&d=mm&r=g","caption":"Xavi Eikonos"}}]}},"_links":{"self":[{"href":"https:\/\/eikonos.com\/ca\/wp-json\/wp\/v2\/posts\/2908","targetHints":{"allow":["GET"]}}],"collection":[{"href":"https:\/\/eikonos.com\/ca\/wp-json\/wp\/v2\/posts"}],"about":[{"href":"https:\/\/eikonos.com\/ca\/wp-json\/wp\/v2\/types\/post"}],"author":[{"embeddable":true,"href":"https:\/\/eikonos.com\/ca\/wp-json\/wp\/v2\/users\/6"}],"replies":[{"embeddable":true,"href":"https:\/\/eikonos.com\/ca\/wp-json\/wp\/v2\/comments?post=2908"}],"version-history":[{"count":0,"href":"https:\/\/eikonos.com\/ca\/wp-json\/wp\/v2\/posts\/2908\/revisions"}],"wp:featuredmedia":[{"embeddable":true,"href":"https:\/\/eikonos.com\/ca\/wp-json\/wp\/v2\/media\/2324"}],"wp:attachment":[{"href":"https:\/\/eikonos.com\/ca\/wp-json\/wp\/v2\/media?parent=2908"}],"wp:term":[{"taxonomy":"category","embeddable":true,"href":"https:\/\/eikonos.com\/ca\/wp-json\/wp\/v2\/categories?post=2908"},{"taxonomy":"post_tag","embeddable":true,"href":"https:\/\/eikonos.com\/ca\/wp-json\/wp\/v2\/tags?post=2908"}],"curies":[{"name":"wp","href":"https:\/\/api.w.org\/{rel}","templated":true}]}}