{"id":2905,"date":"2016-05-05T18:50:00","date_gmt":"2016-05-05T16:50:00","guid":{"rendered":"http:\/\/eikonos.com\/blog\/por-que-integrar-sonorizacion-en-exposiciones-2\/"},"modified":"2016-05-05T18:50:00","modified_gmt":"2016-05-05T16:50:00","slug":"per-que-integrar-la-sonoritzacio-en-exposicions","status":"publish","type":"post","link":"https:\/\/eikonos.com\/ca\/blog\/per-que-integrar-la-sonoritzacio-en-exposicions\/","title":{"rendered":"Per qu\u00e8 integrar la sonoritzaci\u00f3 en exposicions"},"content":{"rendered":"<p>Cada un dels sentits juguen un paper important quan es parla de cultura o de divulgaci\u00f3 del coneixement. Entre ells, la vista i <strong>la o\u00efda ocupen dos posicions preferents i \u00e9s per aix\u00f2 que cada cop s\u00f3n m\u00e9s les propostes <\/strong>en les que els continguts cerquen captar l\u2019atenci\u00f3 del p\u00fablic amb els elements adaptats a aquests canals sensorials<\/p>\n<p style=\"text-align: justify;\">Les exposicions han integrat el so com una part fonamental per aconseguir potenciar el seu abast. \u00c9s per aquest motiu que el\u00a0<a title=\"Equipos de sonido de alquiler\" href=\"https:\/\/eikonos.com\/portfolio_page\/equipos-de-sonido\/\">lloguer de so professional<\/a>,\u00a0<span lang=\"CA\">oferint a trav\u00e9s d\u2019empreses especialitzades en aquest camp \u00e9s una condici\u00f3 important que no s\u2019ha de perdre de vista per aconseguir els millors resultats.\u00a0\u00a0<\/span><\/p>\n<p style=\"text-align: justify;\"><!--more--><\/p>\n<h2 style=\"text-align: justify;\"><span style=\"color: #ff0000;\"><strong>El so: un aliat perfecte per submergir al p\u00fablic en les narracions<\/strong><\/span><\/h2>\n<p>El so funciona com ajudant perfecte per dotar d\u2019un major sentit a les exposicions. \u00c9s un bon aliat, per exemple en aquelles mostres en les que s\u2019ofereix contingut en v\u00eddeo <strong>per submergir al p\u00fablic en la narraci\u00f3 i multiplicar la implicaci\u00f3 del mateix en la hist\u00f2ria <\/strong>i en els diferents missatges que es vulguin transmetre.<\/p>\n<p>Diferents estudis i investigacions sobre l\u2019impacta del so en els receptors constaten que es tracta d\u2019un factor clau per mantenir els nivells d\u2019atenci\u00f3. Una part de gran pes en les propostes, especialment en els de contingut m\u00e9s art\u00edstic en les que la paraula \u00e9s capa\u00e7 d\u2019aportar personalitat i for\u00e7a als continguts.<\/p>\n<p><span style=\"color: #ff0000;\"><em>La incorporaci\u00f3 de so actua com el perfecte amplificador dels missatges d\u2019una exposici\u00f3 submergida d\u2019una manera m\u00e9s efectiva al p\u00fablic en les narratives, a m\u00e9s a m\u00e9s de jugar amb el poder de la m\u00fasica, la paraula e incl\u00f2s els silencis. <\/em><\/span><\/p>\n<p>Aquest tipus de creacions, el so \u00e9s un amplificador d\u2019efectes evolvent d\u2019una forma m\u00e9s efectiva als visitants adaptant-se a tot tipus d\u2019audi\u00e8ncies, ja siguin infantils o un p\u00fablic adult.<\/p>\n<h2 style=\"text-align: justify;\"><span style=\"color: #ff0000;\"><strong>Equips moderns per jugar amb les diferents possibilitats sonores<\/strong><\/span><\/h2>\n<p>En aquests casos, si s\u2019opta per no sonoritzar els espais, cal oferir alternatives a aquelles persones que vulguin <strong>profunditzar en l\u2019exposici\u00f3 a trav\u00e9s d\u2019equips inal\u00e0mbrics o audioguies. <\/strong>Actualment molts museus, galeries y exposicions estan desenvolupant tamb\u00e9 aplicacions per smartphones, o oferint uns auriculars que <strong>es connecten directament amb l\u2019exposici\u00f3.<\/strong><\/p>\n<p>Aix\u00f2 vol dir que no requereix la interacci\u00f3 dels visitants si no que <strong>el propi equip detecta qu\u00e8 estem veient en cada moment <\/strong>i ens proporciona la informaci\u00f3 de forma autom\u00e0tica. D\u2019aquesta merna, cada usuari gaudeix de l\u2019exposici\u00f3 al seu ritme i evidentment en el seu propi idioma.<\/p>\n<p><span style=\"color: #ff0000;\"><em>El so \u00e9s clau per augmentar l\u2019impacta en les exposicions, aix\u00ed com la possibilitat de jugar amb moderns dispositius inal\u00e0mbrics i audioguies per personalitzar la visita dels assistens a una mostra ja sigui p\u00fablic infantil o adult. <\/em><\/span><\/p>\n<p>L\u2019assessorament professional \u00e9s important tamb\u00e9 a l\u2019hora del muntatge per rebre <strong>indicacions en lo relacionat amb la col\u00b7locaci\u00f3 dels equips. <\/strong>Es tracta de tenir en compte q\u00fcestions com la separaci\u00f3 de les pantalles per a que el so d\u2019una no interfereixi en les altres i el visitant gaudeixi d\u2019una experi\u00e8ncia perfecte.<\/p>\n<p style=\"text-align: justify;\">Diferents detalls que ben cuidats construeixen a trav\u00e9s del so una exposici\u00f3 plena de matisos i capa\u00e7 de traslladar al p\u00fablic a escenaris passats, m\u00f3ns de fantasia o al futur jugant amb el poder de les veus, la m\u00fasica i els efectes sonors. Un \u00e0rea de treball en la que les empreses com\u00a0<a title=\"EIKONOS, especialistas en organizaci\u00f3n de eventos audiovisuales\" href=\"https:\/\/eikonos.com\/\">Eikonos<\/a>\u00a0ens desenvolupem a la perfecci\u00f3, despr\u00e9s d\u2019anys de transcorregut professional assegurant un treball de primer nivell tan en l\u2019apartat del so com en la creaci\u00f3 de continguts audiovisuals.<\/p>\n<p>&nbsp;<\/p>\n<p>&nbsp;<\/p>\n<p>&nbsp;<\/p>\n","protected":false},"excerpt":{"rendered":"<p>Cada un dels sentits juguen un paper important quan es parla de cultura o de&#8230;<\/p>\n","protected":false},"author":6,"featured_media":2735,"comment_status":"open","ping_status":"open","sticky":false,"template":"","format":"standard","meta":{"_acf_changed":false,"footnotes":""},"categories":[262],"tags":[372],"class_list":["post-2905","post","type-post","status-publish","format-standard","has-post-thumbnail","hentry","category-lloguer-dequips","tag-equips-de-so"],"acf":[],"yoast_head":"<!-- This site is optimized with the Yoast SEO plugin v26.3 - https:\/\/yoast.com\/wordpress\/plugins\/seo\/ -->\n<title>Per qu\u00e8 integrar la sonoritzaci\u00f3 en exposicions<\/title>\n<meta name=\"description\" content=\"La sonoritzaci\u00f3 en exposicions es pot apostar mitjan\u00e7ant el lloguer de so professional, ser\u00e0 una garantia per dotar a les exposicions de major impacte\" \/>\n<meta name=\"robots\" content=\"index, follow, max-snippet:-1, max-image-preview:large, max-video-preview:-1\" \/>\n<link rel=\"canonical\" href=\"https:\/\/eikonos.com\/ca\/blog\/per-que-integrar-la-sonoritzacio-en-exposicions\/\" \/>\n<meta property=\"og:locale\" content=\"ca_ES\" \/>\n<meta property=\"og:type\" content=\"article\" \/>\n<meta property=\"og:title\" content=\"Per qu\u00e8 integrar la sonoritzaci\u00f3 en exposicions\" \/>\n<meta property=\"og:description\" content=\"La sonoritzaci\u00f3 en exposicions es pot apostar mitjan\u00e7ant el lloguer de so professional, ser\u00e0 una garantia per dotar a les exposicions de major impacte\" \/>\n<meta property=\"og:url\" content=\"https:\/\/eikonos.com\/ca\/blog\/per-que-integrar-la-sonoritzacio-en-exposicions\/\" \/>\n<meta property=\"og:site_name\" content=\"EIKONOS\" \/>\n<meta property=\"article:publisher\" content=\"http:\/\/www.facebook.com\/pages\/Eikonos\/176324785746790\" \/>\n<meta property=\"article:published_time\" content=\"2016-05-05T16:50:00+00:00\" \/>\n<meta property=\"og:image\" content=\"https:\/\/eikonos.com\/wp-content\/uploads\/2016\/03\/exposicion-audiovisual-sonido.jpg\" \/>\n\t<meta property=\"og:image:width\" content=\"725\" \/>\n\t<meta property=\"og:image:height\" content=\"294\" \/>\n\t<meta property=\"og:image:type\" content=\"image\/jpeg\" \/>\n<meta name=\"author\" content=\"Xavi Eikonos\" \/>\n<meta name=\"twitter:card\" content=\"summary_large_image\" \/>\n<meta name=\"twitter:creator\" content=\"@eikonos_sa\" \/>\n<meta name=\"twitter:site\" content=\"@eikonos_sa\" \/>\n<meta name=\"twitter:label1\" content=\"Escrit per\" \/>\n\t<meta name=\"twitter:data1\" content=\"Xavi Eikonos\" \/>\n\t<meta name=\"twitter:label2\" content=\"Temps estimat de lectura\" \/>\n\t<meta name=\"twitter:data2\" content=\"3 minuts\" \/>\n<script type=\"application\/ld+json\" class=\"yoast-schema-graph\">{\"@context\":\"https:\/\/schema.org\",\"@graph\":[{\"@type\":\"Article\",\"@id\":\"https:\/\/eikonos.com\/ca\/blog\/per-que-integrar-la-sonoritzacio-en-exposicions\/#article\",\"isPartOf\":{\"@id\":\"https:\/\/eikonos.com\/ca\/blog\/per-que-integrar-la-sonoritzacio-en-exposicions\/\"},\"author\":{\"name\":\"Xavi Eikonos\",\"@id\":\"https:\/\/eikonos.com\/ca\/#\/schema\/person\/82032860cc314d826959b90595a5280a\"},\"headline\":\"Per qu\u00e8 integrar la sonoritzaci\u00f3 en exposicions\",\"datePublished\":\"2016-05-05T16:50:00+00:00\",\"mainEntityOfPage\":{\"@id\":\"https:\/\/eikonos.com\/ca\/blog\/per-que-integrar-la-sonoritzacio-en-exposicions\/\"},\"wordCount\":643,\"commentCount\":0,\"publisher\":{\"@id\":\"https:\/\/eikonos.com\/ca\/#organization\"},\"image\":{\"@id\":\"https:\/\/eikonos.com\/ca\/blog\/per-que-integrar-la-sonoritzacio-en-exposicions\/#primaryimage\"},\"thumbnailUrl\":\"https:\/\/eikonos.com\/wp-content\/uploads\/2016\/03\/exposicion-audiovisual-sonido.jpg\",\"keywords\":[\"Equips de so\"],\"articleSection\":[\"Lloguer d'equips\"],\"inLanguage\":\"ca\",\"potentialAction\":[{\"@type\":\"CommentAction\",\"name\":\"Comment\",\"target\":[\"https:\/\/eikonos.com\/ca\/blog\/per-que-integrar-la-sonoritzacio-en-exposicions\/#respond\"]}]},{\"@type\":\"WebPage\",\"@id\":\"https:\/\/eikonos.com\/ca\/blog\/per-que-integrar-la-sonoritzacio-en-exposicions\/\",\"url\":\"https:\/\/eikonos.com\/ca\/blog\/per-que-integrar-la-sonoritzacio-en-exposicions\/\",\"name\":\"Per qu\u00e8 integrar la sonoritzaci\u00f3 en exposicions\",\"isPartOf\":{\"@id\":\"https:\/\/eikonos.com\/ca\/#website\"},\"primaryImageOfPage\":{\"@id\":\"https:\/\/eikonos.com\/ca\/blog\/per-que-integrar-la-sonoritzacio-en-exposicions\/#primaryimage\"},\"image\":{\"@id\":\"https:\/\/eikonos.com\/ca\/blog\/per-que-integrar-la-sonoritzacio-en-exposicions\/#primaryimage\"},\"thumbnailUrl\":\"https:\/\/eikonos.com\/wp-content\/uploads\/2016\/03\/exposicion-audiovisual-sonido.jpg\",\"datePublished\":\"2016-05-05T16:50:00+00:00\",\"description\":\"La sonoritzaci\u00f3 en exposicions es pot apostar mitjan\u00e7ant el lloguer de so professional, ser\u00e0 una garantia per dotar a les exposicions de major impacte\",\"breadcrumb\":{\"@id\":\"https:\/\/eikonos.com\/ca\/blog\/per-que-integrar-la-sonoritzacio-en-exposicions\/#breadcrumb\"},\"inLanguage\":\"ca\",\"potentialAction\":[{\"@type\":\"ReadAction\",\"target\":[\"https:\/\/eikonos.com\/ca\/blog\/per-que-integrar-la-sonoritzacio-en-exposicions\/\"]}]},{\"@type\":\"ImageObject\",\"inLanguage\":\"ca\",\"@id\":\"https:\/\/eikonos.com\/ca\/blog\/per-que-integrar-la-sonoritzacio-en-exposicions\/#primaryimage\",\"url\":\"https:\/\/eikonos.com\/wp-content\/uploads\/2016\/03\/exposicion-audiovisual-sonido.jpg\",\"contentUrl\":\"https:\/\/eikonos.com\/wp-content\/uploads\/2016\/03\/exposicion-audiovisual-sonido.jpg\",\"width\":725,\"height\":294,\"caption\":\"La garant\u00eda de apostar por el alquiler de sonido profesional en exposiciones y eventos\"},{\"@type\":\"BreadcrumbList\",\"@id\":\"https:\/\/eikonos.com\/ca\/blog\/per-que-integrar-la-sonoritzacio-en-exposicions\/#breadcrumb\",\"itemListElement\":[{\"@type\":\"ListItem\",\"position\":1,\"name\":\"EIKONOS\",\"item\":\"https:\/\/eikonos.com\/ca\/inici\/\"},{\"@type\":\"ListItem\",\"position\":2,\"name\":\"Per qu\u00e8 integrar la sonoritzaci\u00f3 en exposicions\"}]},{\"@type\":\"WebSite\",\"@id\":\"https:\/\/eikonos.com\/ca\/#website\",\"url\":\"https:\/\/eikonos.com\/ca\/\",\"name\":\"EIKONOS\",\"description\":\"EXPERIENCIA AUDIOVISUAL\",\"publisher\":{\"@id\":\"https:\/\/eikonos.com\/ca\/#organization\"},\"potentialAction\":[{\"@type\":\"SearchAction\",\"target\":{\"@type\":\"EntryPoint\",\"urlTemplate\":\"https:\/\/eikonos.com\/ca\/?s={search_term_string}\"},\"query-input\":{\"@type\":\"PropertyValueSpecification\",\"valueRequired\":true,\"valueName\":\"search_term_string\"}}],\"inLanguage\":\"ca\"},{\"@type\":\"Organization\",\"@id\":\"https:\/\/eikonos.com\/ca\/#organization\",\"name\":\"EIKONOS | Servicios Audiovisuales, eventos y alquiler de equipos\",\"url\":\"https:\/\/eikonos.com\/ca\/\",\"logo\":{\"@type\":\"ImageObject\",\"inLanguage\":\"ca\",\"@id\":\"https:\/\/eikonos.com\/ca\/#\/schema\/logo\/image\/\",\"url\":\"https:\/\/eikonos.com\/wp-content\/uploads\/2020\/08\/logo-color.png\",\"contentUrl\":\"https:\/\/eikonos.com\/wp-content\/uploads\/2020\/08\/logo-color.png\",\"width\":376,\"height\":122,\"caption\":\"EIKONOS | Servicios Audiovisuales, eventos y alquiler de equipos\"},\"image\":{\"@id\":\"https:\/\/eikonos.com\/ca\/#\/schema\/logo\/image\/\"},\"sameAs\":[\"http:\/\/www.facebook.com\/pages\/Eikonos\/176324785746790\",\"https:\/\/x.com\/eikonos_sa\",\"http:\/\/www.linkedin.com\/company\/eikonos\",\"http:\/\/www.youtube.com\/channel\/UC8wcizWaAYbfsuqVf9wIT6w\"]},{\"@type\":\"Person\",\"@id\":\"https:\/\/eikonos.com\/ca\/#\/schema\/person\/82032860cc314d826959b90595a5280a\",\"name\":\"Xavi Eikonos\",\"image\":{\"@type\":\"ImageObject\",\"inLanguage\":\"ca\",\"@id\":\"https:\/\/eikonos.com\/ca\/#\/schema\/person\/image\/\",\"url\":\"https:\/\/secure.gravatar.com\/avatar\/a6c6b51dd0ac6902701aab24a914f6febe1518f94a5ae06db08b3d6107248dfd?s=96&d=mm&r=g\",\"contentUrl\":\"https:\/\/secure.gravatar.com\/avatar\/a6c6b51dd0ac6902701aab24a914f6febe1518f94a5ae06db08b3d6107248dfd?s=96&d=mm&r=g\",\"caption\":\"Xavi Eikonos\"}}]}<\/script>\n<!-- \/ Yoast SEO plugin. -->","yoast_head_json":{"title":"Per qu\u00e8 integrar la sonoritzaci\u00f3 en exposicions","description":"La sonoritzaci\u00f3 en exposicions es pot apostar mitjan\u00e7ant el lloguer de so professional, ser\u00e0 una garantia per dotar a les exposicions de major impacte","robots":{"index":"index","follow":"follow","max-snippet":"max-snippet:-1","max-image-preview":"max-image-preview:large","max-video-preview":"max-video-preview:-1"},"canonical":"https:\/\/eikonos.com\/ca\/blog\/per-que-integrar-la-sonoritzacio-en-exposicions\/","og_locale":"ca_ES","og_type":"article","og_title":"Per qu\u00e8 integrar la sonoritzaci\u00f3 en exposicions","og_description":"La sonoritzaci\u00f3 en exposicions es pot apostar mitjan\u00e7ant el lloguer de so professional, ser\u00e0 una garantia per dotar a les exposicions de major impacte","og_url":"https:\/\/eikonos.com\/ca\/blog\/per-que-integrar-la-sonoritzacio-en-exposicions\/","og_site_name":"EIKONOS","article_publisher":"http:\/\/www.facebook.com\/pages\/Eikonos\/176324785746790","article_published_time":"2016-05-05T16:50:00+00:00","og_image":[{"width":725,"height":294,"url":"https:\/\/eikonos.com\/wp-content\/uploads\/2016\/03\/exposicion-audiovisual-sonido.jpg","type":"image\/jpeg"}],"author":"Xavi Eikonos","twitter_card":"summary_large_image","twitter_creator":"@eikonos_sa","twitter_site":"@eikonos_sa","twitter_misc":{"Escrit per":"Xavi Eikonos","Temps estimat de lectura":"3 minuts"},"schema":{"@context":"https:\/\/schema.org","@graph":[{"@type":"Article","@id":"https:\/\/eikonos.com\/ca\/blog\/per-que-integrar-la-sonoritzacio-en-exposicions\/#article","isPartOf":{"@id":"https:\/\/eikonos.com\/ca\/blog\/per-que-integrar-la-sonoritzacio-en-exposicions\/"},"author":{"name":"Xavi Eikonos","@id":"https:\/\/eikonos.com\/ca\/#\/schema\/person\/82032860cc314d826959b90595a5280a"},"headline":"Per qu\u00e8 integrar la sonoritzaci\u00f3 en exposicions","datePublished":"2016-05-05T16:50:00+00:00","mainEntityOfPage":{"@id":"https:\/\/eikonos.com\/ca\/blog\/per-que-integrar-la-sonoritzacio-en-exposicions\/"},"wordCount":643,"commentCount":0,"publisher":{"@id":"https:\/\/eikonos.com\/ca\/#organization"},"image":{"@id":"https:\/\/eikonos.com\/ca\/blog\/per-que-integrar-la-sonoritzacio-en-exposicions\/#primaryimage"},"thumbnailUrl":"https:\/\/eikonos.com\/wp-content\/uploads\/2016\/03\/exposicion-audiovisual-sonido.jpg","keywords":["Equips de so"],"articleSection":["Lloguer d'equips"],"inLanguage":"ca","potentialAction":[{"@type":"CommentAction","name":"Comment","target":["https:\/\/eikonos.com\/ca\/blog\/per-que-integrar-la-sonoritzacio-en-exposicions\/#respond"]}]},{"@type":"WebPage","@id":"https:\/\/eikonos.com\/ca\/blog\/per-que-integrar-la-sonoritzacio-en-exposicions\/","url":"https:\/\/eikonos.com\/ca\/blog\/per-que-integrar-la-sonoritzacio-en-exposicions\/","name":"Per qu\u00e8 integrar la sonoritzaci\u00f3 en exposicions","isPartOf":{"@id":"https:\/\/eikonos.com\/ca\/#website"},"primaryImageOfPage":{"@id":"https:\/\/eikonos.com\/ca\/blog\/per-que-integrar-la-sonoritzacio-en-exposicions\/#primaryimage"},"image":{"@id":"https:\/\/eikonos.com\/ca\/blog\/per-que-integrar-la-sonoritzacio-en-exposicions\/#primaryimage"},"thumbnailUrl":"https:\/\/eikonos.com\/wp-content\/uploads\/2016\/03\/exposicion-audiovisual-sonido.jpg","datePublished":"2016-05-05T16:50:00+00:00","description":"La sonoritzaci\u00f3 en exposicions es pot apostar mitjan\u00e7ant el lloguer de so professional, ser\u00e0 una garantia per dotar a les exposicions de major impacte","breadcrumb":{"@id":"https:\/\/eikonos.com\/ca\/blog\/per-que-integrar-la-sonoritzacio-en-exposicions\/#breadcrumb"},"inLanguage":"ca","potentialAction":[{"@type":"ReadAction","target":["https:\/\/eikonos.com\/ca\/blog\/per-que-integrar-la-sonoritzacio-en-exposicions\/"]}]},{"@type":"ImageObject","inLanguage":"ca","@id":"https:\/\/eikonos.com\/ca\/blog\/per-que-integrar-la-sonoritzacio-en-exposicions\/#primaryimage","url":"https:\/\/eikonos.com\/wp-content\/uploads\/2016\/03\/exposicion-audiovisual-sonido.jpg","contentUrl":"https:\/\/eikonos.com\/wp-content\/uploads\/2016\/03\/exposicion-audiovisual-sonido.jpg","width":725,"height":294,"caption":"La garant\u00eda de apostar por el alquiler de sonido profesional en exposiciones y eventos"},{"@type":"BreadcrumbList","@id":"https:\/\/eikonos.com\/ca\/blog\/per-que-integrar-la-sonoritzacio-en-exposicions\/#breadcrumb","itemListElement":[{"@type":"ListItem","position":1,"name":"EIKONOS","item":"https:\/\/eikonos.com\/ca\/inici\/"},{"@type":"ListItem","position":2,"name":"Per qu\u00e8 integrar la sonoritzaci\u00f3 en exposicions"}]},{"@type":"WebSite","@id":"https:\/\/eikonos.com\/ca\/#website","url":"https:\/\/eikonos.com\/ca\/","name":"EIKONOS","description":"EXPERIENCIA AUDIOVISUAL","publisher":{"@id":"https:\/\/eikonos.com\/ca\/#organization"},"potentialAction":[{"@type":"SearchAction","target":{"@type":"EntryPoint","urlTemplate":"https:\/\/eikonos.com\/ca\/?s={search_term_string}"},"query-input":{"@type":"PropertyValueSpecification","valueRequired":true,"valueName":"search_term_string"}}],"inLanguage":"ca"},{"@type":"Organization","@id":"https:\/\/eikonos.com\/ca\/#organization","name":"EIKONOS | Servicios Audiovisuales, eventos y alquiler de equipos","url":"https:\/\/eikonos.com\/ca\/","logo":{"@type":"ImageObject","inLanguage":"ca","@id":"https:\/\/eikonos.com\/ca\/#\/schema\/logo\/image\/","url":"https:\/\/eikonos.com\/wp-content\/uploads\/2020\/08\/logo-color.png","contentUrl":"https:\/\/eikonos.com\/wp-content\/uploads\/2020\/08\/logo-color.png","width":376,"height":122,"caption":"EIKONOS | Servicios Audiovisuales, eventos y alquiler de equipos"},"image":{"@id":"https:\/\/eikonos.com\/ca\/#\/schema\/logo\/image\/"},"sameAs":["http:\/\/www.facebook.com\/pages\/Eikonos\/176324785746790","https:\/\/x.com\/eikonos_sa","http:\/\/www.linkedin.com\/company\/eikonos","http:\/\/www.youtube.com\/channel\/UC8wcizWaAYbfsuqVf9wIT6w"]},{"@type":"Person","@id":"https:\/\/eikonos.com\/ca\/#\/schema\/person\/82032860cc314d826959b90595a5280a","name":"Xavi Eikonos","image":{"@type":"ImageObject","inLanguage":"ca","@id":"https:\/\/eikonos.com\/ca\/#\/schema\/person\/image\/","url":"https:\/\/secure.gravatar.com\/avatar\/a6c6b51dd0ac6902701aab24a914f6febe1518f94a5ae06db08b3d6107248dfd?s=96&d=mm&r=g","contentUrl":"https:\/\/secure.gravatar.com\/avatar\/a6c6b51dd0ac6902701aab24a914f6febe1518f94a5ae06db08b3d6107248dfd?s=96&d=mm&r=g","caption":"Xavi Eikonos"}}]}},"_links":{"self":[{"href":"https:\/\/eikonos.com\/ca\/wp-json\/wp\/v2\/posts\/2905","targetHints":{"allow":["GET"]}}],"collection":[{"href":"https:\/\/eikonos.com\/ca\/wp-json\/wp\/v2\/posts"}],"about":[{"href":"https:\/\/eikonos.com\/ca\/wp-json\/wp\/v2\/types\/post"}],"author":[{"embeddable":true,"href":"https:\/\/eikonos.com\/ca\/wp-json\/wp\/v2\/users\/6"}],"replies":[{"embeddable":true,"href":"https:\/\/eikonos.com\/ca\/wp-json\/wp\/v2\/comments?post=2905"}],"version-history":[{"count":0,"href":"https:\/\/eikonos.com\/ca\/wp-json\/wp\/v2\/posts\/2905\/revisions"}],"wp:featuredmedia":[{"embeddable":true,"href":"https:\/\/eikonos.com\/ca\/wp-json\/wp\/v2\/media\/2735"}],"wp:attachment":[{"href":"https:\/\/eikonos.com\/ca\/wp-json\/wp\/v2\/media?parent=2905"}],"wp:term":[{"taxonomy":"category","embeddable":true,"href":"https:\/\/eikonos.com\/ca\/wp-json\/wp\/v2\/categories?post=2905"},{"taxonomy":"post_tag","embeddable":true,"href":"https:\/\/eikonos.com\/ca\/wp-json\/wp\/v2\/tags?post=2905"}],"curies":[{"name":"wp","href":"https:\/\/api.w.org\/{rel}","templated":true}]}}