{"id":2896,"date":"2015-10-20T11:44:26","date_gmt":"2015-10-20T09:44:26","guid":{"rendered":"http:\/\/eikonos.com\/blog\/los-sectores-con-mas-exito-la-hora-de-realizar-un-evento-audiovisual-2\/"},"modified":"2015-10-20T11:44:26","modified_gmt":"2015-10-20T09:44:26","slug":"els-sectors-amb-mes-exit-a-lhora-de-realitzar-un-esdeveniment-audiovisual","status":"publish","type":"post","link":"https:\/\/eikonos.com\/ca\/blog\/els-sectors-amb-mes-exit-a-lhora-de-realitzar-un-esdeveniment-audiovisual\/","title":{"rendered":"Els sector amb m\u00e9s \u00e8xit a l\u2019hora de realitzar un esdeveniment audiovisual"},"content":{"rendered":"<p style=\"text-align: justify;\">Els sector que solen tenir m\u00e9s \u00e8xit a la hora de\u00a0<a title=\"realizar un evento audiovisual\" href=\"https:\/\/eikonos.com\/servicios\/eventos-audiovisuales\/\" target=\"_blank\" rel=\"noopener noreferrer\">realitzar un esdeveniment audiovisual <\/a>acosutmen a ser\u00a0els relacionats amb <strong>mitjans de comunicaci\u00f3, ag\u00e8ncies, espectacles, actes institucionals o corporatius i els desenvolupats en l\u2019\u00e0mbit esportiu. <\/strong>I \u00e9s que dur a terme un esdeveniment d\u2019aquestes caracter\u00edstiques \u00e9s una cosa que cal fer amb molt de compte i cuidant el detall, una cosa en el que no en tots els sectors destaquen.\u00a0<!--more--><\/p>\n<h2 style=\"text-align: justify;\"><span style=\"color: #ff0000;\">Mitjans de comunicaci\u00f3 i ag\u00e8ncies<\/span><\/h2>\n<p style=\"text-align: justify;\">Al ser professionals de la imatge en tots els sentits, els mitjans de comunicaci\u00f3 i les ag\u00e8ncies de publicitat tenen m\u00e9s clar que un altre tipus d\u2019empreses el que volen en un esdeveniment audiovisual. Aix\u00f2 vol dir que <strong>la informaci\u00f3 i l\u2019assessorament s\u00f3n claus, ja que els professionals s\u00f3n qui millor poden donar pautes per aconseguir l\u2019\u00e8xit. <\/strong>Les gales d\u2019entrega de premis, els esdeveniments popular i treure l\u2019espectacle del propi treball al carrer s\u00f3n algunes de les iniciatives que es mouen en aquest sector.<\/p>\n<h2 style=\"text-align: justify;\"><span style=\"color: #ff0000;\">Espectacles, els grans protagonistes<\/span><\/h2>\n<p style=\"text-align: justify;\">La seva concepci\u00f3 moltes vegades ve ja marcada amb una s\u00e8rie de pautes que fan que l\u2019esdeveniment audiovisual sigui un gran impacte. Des del principi, el disseny de l\u2019actuaci\u00f3 t\u00e9 present la il\u00b7luminaci\u00f3, la possibilitat de dur a terme projeccions i l\u2019\u00fas de grans pantalles per arribar a tot el p\u00fablic. A m\u00e9s a m\u00e9s, es tracta d\u2019un sector que <strong>est\u00e0 en constant evoluci\u00f3 i que cerca sorprendre a l\u2019espectador <\/strong>amb noves idees, aplicacions diferents de la tecnologia, vestuaris impressionants i tot all\u00f2 que la posada en escena sigui innovadora.<\/p>\n<h2 style=\"text-align: justify;\"><span style=\"color: #ff0000;\">Actes corporatius: les grans empreses porten l&#8217;iniciativa<\/span><\/h2>\n<p style=\"text-align: justify;\">I \u00e9s que no hi ha res millor que tenir una potent marca recolzant un gran esdeveniment. Aix\u00f2 \u00e9s una de les principals claus de l\u2019\u00e8xit, ja que els assistents i qui escolti parlar de l\u2019acte a trav\u00e9s de les xarxes socials o els mitjans de comunicaci\u00f3 que identifiquen la ensenya com una cosa de prestigi. \u00c9s el cal, per exemple, de<strong> <strong>L\u2019\u00d3real, que va organitzar amb Eikonos el\u00a0<\/strong><a href=\"https:\/\/eikonos.com\/portfolio_page\/loreal-business-forum\/\" target=\"_blank\" rel=\"noopener noreferrer\">L\u00b4Or\u00e9al Business Forum<\/a><\/strong>,\u00a0on es van utilitzar una pantalla LED de 6 mm en l\u2019escenografia, al mateix que temps que es van fer servir quatre pantalles de retro projecci\u00f3. El resultat, sens dubte, \u00e9s espectacular i contribueix a seguir construint la imatge d\u2019aquesta gran marca.<\/p>\n<h2 style=\"text-align: justify;\"><span style=\"color: #ff0000;\">Les institucions tamb\u00e9 tenen molt a dir<\/span><\/h2>\n<p style=\"text-align: justify;\">En la immensa majora dels actes institucionals la multitud \u00e9s un factor important. Per una banda, a nivell t\u00e8cnic cal tenir present en la realitzaci\u00f3 de l\u2019esdeveniment que <strong>s\u00f3n moltes persones les que han de seguir-lo amb tot el realisme possible. <\/strong>Per altra banda, no s\u2019ha d\u2019oblidar que els assistents han de tenir una posici\u00f3 privilegiada, ja que els actes institucionals estan pensats per obrir a la societat una part de les nostres administracions i governs.<\/p>\n<p style=\"text-align: justify;\">Aquest tipus d\u2019actes tenen en compte un fort recolzament per part de les diferents institucions i, com hem dit anteriorment, tamb\u00e9 estan recolzats per una important aflu\u00e8ncia de p\u00fablic. Aix\u00f2, <strong>unit a una bona realitzaci\u00f3 t\u00e8cnica, \u00e9s el que es du a terme en aquests tipus d\u2019esdeveniment per a tenir un gran \u00e8xit.\u00a0<\/strong><\/p>\n<h2 style=\"text-align: justify;\"><span style=\"color: #ff0000;\">Els esdeveniments esportius: els aficionats s\u00f3n els que manen<\/span><\/h2>\n<p style=\"text-align: justify;\">Si en els actes institucionals parl\u00e0vem d\u2019un fort recolzament de la societat, aix\u00f2 \u00e9s una cosa que adquireix una altra dimensi\u00f3 en els esdeveniment esportius. Els aficionats s\u00f3n els que fan possible que els esports de competici\u00f3 segueixin existint i per aix\u00f2 s\u2019ha de tenir molt en compte quan s\u2019organitza un esdeveniment en aquest sector. La <strong>import\u00e0ncia de que el p\u00fablic tingui la possibilitat de connectar amb els protagonistes del dia <\/strong>\u00e9s el que porta a la col\u00b7locaci\u00f3 de grans pantalles amb caracter\u00edstiques t\u00e8cniques excepcionals que possibiliten un seguiment a temps real de l\u2019esdeveniment que els fa viure\u2019l i gaudir-lo.<\/p>\n<p>&nbsp;<\/p>\n","protected":false},"excerpt":{"rendered":"<p>Els sector que solen tenir m\u00e9s \u00e8xit a la hora de\u00a0realitzar un esdeveniment audiovisual acosutmen&#8230;<\/p>\n","protected":false},"author":6,"featured_media":2351,"comment_status":"open","ping_status":"open","sticky":false,"template":"","format":"standard","meta":{"_acf_changed":false,"footnotes":""},"categories":[260],"tags":[],"class_list":["post-2896","post","type-post","status-publish","format-standard","has-post-thumbnail","hentry","category-esdeveniments-audiovisuals"],"acf":[],"yoast_head":"<!-- This site is optimized with the Yoast SEO plugin v26.3 - https:\/\/yoast.com\/wordpress\/plugins\/seo\/ -->\n<title>Els sector que solen tenir m\u00e9s \u00e8xit a la hora de realitzar un esdeveniment audiovisual<\/title>\n<meta name=\"description\" content=\"Els sector que solen tenir m\u00e9s \u00e8xit a la hora de realitzar un esdeveniment audiovisual acosutmen a ser els relacionats amb mitjans de comunicaci\u00f3, ag\u00e8ncies, espectacles, actes institucionals o corporatius i els desenvolupats en l\u2019\u00e0mbit esportiu.\" \/>\n<meta name=\"robots\" content=\"index, follow, max-snippet:-1, max-image-preview:large, max-video-preview:-1\" \/>\n<link rel=\"canonical\" href=\"https:\/\/eikonos.com\/ca\/blog\/els-sectors-amb-mes-exit-a-lhora-de-realitzar-un-esdeveniment-audiovisual\/\" \/>\n<meta property=\"og:locale\" content=\"ca_ES\" \/>\n<meta property=\"og:type\" content=\"article\" \/>\n<meta property=\"og:title\" content=\"Els sector que solen tenir m\u00e9s \u00e8xit a la hora de realitzar un esdeveniment audiovisual\" \/>\n<meta property=\"og:description\" content=\"Els sector que solen tenir m\u00e9s \u00e8xit a la hora de realitzar un esdeveniment audiovisual acosutmen a ser els relacionats amb mitjans de comunicaci\u00f3, ag\u00e8ncies, espectacles, actes institucionals o corporatius i els desenvolupats en l\u2019\u00e0mbit esportiu.\" \/>\n<meta property=\"og:url\" content=\"https:\/\/eikonos.com\/ca\/blog\/els-sectors-amb-mes-exit-a-lhora-de-realitzar-un-esdeveniment-audiovisual\/\" \/>\n<meta property=\"og:site_name\" content=\"EIKONOS\" \/>\n<meta property=\"article:publisher\" content=\"http:\/\/www.facebook.com\/pages\/Eikonos\/176324785746790\" \/>\n<meta property=\"article:published_time\" content=\"2015-10-20T09:44:26+00:00\" \/>\n<meta property=\"og:image\" content=\"https:\/\/eikonos.com\/wp-content\/uploads\/2015\/10\/evento-loreal.jpg\" \/>\n\t<meta property=\"og:image:width\" content=\"1024\" \/>\n\t<meta property=\"og:image:height\" content=\"682\" \/>\n\t<meta property=\"og:image:type\" content=\"image\/jpeg\" \/>\n<meta name=\"author\" content=\"Xavi Eikonos\" \/>\n<meta name=\"twitter:card\" content=\"summary_large_image\" \/>\n<meta name=\"twitter:creator\" content=\"@eikonos_sa\" \/>\n<meta name=\"twitter:site\" content=\"@eikonos_sa\" \/>\n<meta name=\"twitter:label1\" content=\"Escrit per\" \/>\n\t<meta name=\"twitter:data1\" content=\"Xavi Eikonos\" \/>\n\t<meta name=\"twitter:label2\" content=\"Temps estimat de lectura\" \/>\n\t<meta name=\"twitter:data2\" content=\"3 minuts\" \/>\n<script type=\"application\/ld+json\" class=\"yoast-schema-graph\">{\"@context\":\"https:\/\/schema.org\",\"@graph\":[{\"@type\":\"Article\",\"@id\":\"https:\/\/eikonos.com\/ca\/blog\/els-sectors-amb-mes-exit-a-lhora-de-realitzar-un-esdeveniment-audiovisual\/#article\",\"isPartOf\":{\"@id\":\"https:\/\/eikonos.com\/ca\/blog\/els-sectors-amb-mes-exit-a-lhora-de-realitzar-un-esdeveniment-audiovisual\/\"},\"author\":{\"name\":\"Xavi Eikonos\",\"@id\":\"https:\/\/eikonos.com\/ca\/#\/schema\/person\/82032860cc314d826959b90595a5280a\"},\"headline\":\"Els sector amb m\u00e9s \u00e8xit a l\u2019hora de realitzar un esdeveniment audiovisual\",\"datePublished\":\"2015-10-20T09:44:26+00:00\",\"mainEntityOfPage\":{\"@id\":\"https:\/\/eikonos.com\/ca\/blog\/els-sectors-amb-mes-exit-a-lhora-de-realitzar-un-esdeveniment-audiovisual\/\"},\"wordCount\":692,\"commentCount\":0,\"publisher\":{\"@id\":\"https:\/\/eikonos.com\/ca\/#organization\"},\"image\":{\"@id\":\"https:\/\/eikonos.com\/ca\/blog\/els-sectors-amb-mes-exit-a-lhora-de-realitzar-un-esdeveniment-audiovisual\/#primaryimage\"},\"thumbnailUrl\":\"https:\/\/eikonos.com\/wp-content\/uploads\/2015\/10\/evento-loreal.jpg\",\"articleSection\":[\"Esdeveniments audiovisuals\"],\"inLanguage\":\"ca\",\"potentialAction\":[{\"@type\":\"CommentAction\",\"name\":\"Comment\",\"target\":[\"https:\/\/eikonos.com\/ca\/blog\/els-sectors-amb-mes-exit-a-lhora-de-realitzar-un-esdeveniment-audiovisual\/#respond\"]}]},{\"@type\":\"WebPage\",\"@id\":\"https:\/\/eikonos.com\/ca\/blog\/els-sectors-amb-mes-exit-a-lhora-de-realitzar-un-esdeveniment-audiovisual\/\",\"url\":\"https:\/\/eikonos.com\/ca\/blog\/els-sectors-amb-mes-exit-a-lhora-de-realitzar-un-esdeveniment-audiovisual\/\",\"name\":\"Els sector que solen tenir m\u00e9s \u00e8xit a la hora de realitzar un esdeveniment audiovisual\",\"isPartOf\":{\"@id\":\"https:\/\/eikonos.com\/ca\/#website\"},\"primaryImageOfPage\":{\"@id\":\"https:\/\/eikonos.com\/ca\/blog\/els-sectors-amb-mes-exit-a-lhora-de-realitzar-un-esdeveniment-audiovisual\/#primaryimage\"},\"image\":{\"@id\":\"https:\/\/eikonos.com\/ca\/blog\/els-sectors-amb-mes-exit-a-lhora-de-realitzar-un-esdeveniment-audiovisual\/#primaryimage\"},\"thumbnailUrl\":\"https:\/\/eikonos.com\/wp-content\/uploads\/2015\/10\/evento-loreal.jpg\",\"datePublished\":\"2015-10-20T09:44:26+00:00\",\"description\":\"Els sector que solen tenir m\u00e9s \u00e8xit a la hora de realitzar un esdeveniment audiovisual acosutmen a ser els relacionats amb mitjans de comunicaci\u00f3, ag\u00e8ncies, espectacles, actes institucionals o corporatius i els desenvolupats en l\u2019\u00e0mbit esportiu.\",\"breadcrumb\":{\"@id\":\"https:\/\/eikonos.com\/ca\/blog\/els-sectors-amb-mes-exit-a-lhora-de-realitzar-un-esdeveniment-audiovisual\/#breadcrumb\"},\"inLanguage\":\"ca\",\"potentialAction\":[{\"@type\":\"ReadAction\",\"target\":[\"https:\/\/eikonos.com\/ca\/blog\/els-sectors-amb-mes-exit-a-lhora-de-realitzar-un-esdeveniment-audiovisual\/\"]}]},{\"@type\":\"ImageObject\",\"inLanguage\":\"ca\",\"@id\":\"https:\/\/eikonos.com\/ca\/blog\/els-sectors-amb-mes-exit-a-lhora-de-realitzar-un-esdeveniment-audiovisual\/#primaryimage\",\"url\":\"https:\/\/eikonos.com\/wp-content\/uploads\/2015\/10\/evento-loreal.jpg\",\"contentUrl\":\"https:\/\/eikonos.com\/wp-content\/uploads\/2015\/10\/evento-loreal.jpg\",\"width\":1024,\"height\":682},{\"@type\":\"BreadcrumbList\",\"@id\":\"https:\/\/eikonos.com\/ca\/blog\/els-sectors-amb-mes-exit-a-lhora-de-realitzar-un-esdeveniment-audiovisual\/#breadcrumb\",\"itemListElement\":[{\"@type\":\"ListItem\",\"position\":1,\"name\":\"EIKONOS\",\"item\":\"https:\/\/eikonos.com\/ca\/inici\/\"},{\"@type\":\"ListItem\",\"position\":2,\"name\":\"Els sector amb m\u00e9s \u00e8xit a l\u2019hora de realitzar un esdeveniment audiovisual\"}]},{\"@type\":\"WebSite\",\"@id\":\"https:\/\/eikonos.com\/ca\/#website\",\"url\":\"https:\/\/eikonos.com\/ca\/\",\"name\":\"EIKONOS\",\"description\":\"EXPERIENCIA AUDIOVISUAL\",\"publisher\":{\"@id\":\"https:\/\/eikonos.com\/ca\/#organization\"},\"potentialAction\":[{\"@type\":\"SearchAction\",\"target\":{\"@type\":\"EntryPoint\",\"urlTemplate\":\"https:\/\/eikonos.com\/ca\/?s={search_term_string}\"},\"query-input\":{\"@type\":\"PropertyValueSpecification\",\"valueRequired\":true,\"valueName\":\"search_term_string\"}}],\"inLanguage\":\"ca\"},{\"@type\":\"Organization\",\"@id\":\"https:\/\/eikonos.com\/ca\/#organization\",\"name\":\"EIKONOS | Servicios Audiovisuales, eventos y alquiler de equipos\",\"url\":\"https:\/\/eikonos.com\/ca\/\",\"logo\":{\"@type\":\"ImageObject\",\"inLanguage\":\"ca\",\"@id\":\"https:\/\/eikonos.com\/ca\/#\/schema\/logo\/image\/\",\"url\":\"https:\/\/eikonos.com\/wp-content\/uploads\/2020\/08\/logo-color.png\",\"contentUrl\":\"https:\/\/eikonos.com\/wp-content\/uploads\/2020\/08\/logo-color.png\",\"width\":376,\"height\":122,\"caption\":\"EIKONOS | Servicios Audiovisuales, eventos y alquiler de equipos\"},\"image\":{\"@id\":\"https:\/\/eikonos.com\/ca\/#\/schema\/logo\/image\/\"},\"sameAs\":[\"http:\/\/www.facebook.com\/pages\/Eikonos\/176324785746790\",\"https:\/\/x.com\/eikonos_sa\",\"http:\/\/www.linkedin.com\/company\/eikonos\",\"http:\/\/www.youtube.com\/channel\/UC8wcizWaAYbfsuqVf9wIT6w\"]},{\"@type\":\"Person\",\"@id\":\"https:\/\/eikonos.com\/ca\/#\/schema\/person\/82032860cc314d826959b90595a5280a\",\"name\":\"Xavi Eikonos\",\"image\":{\"@type\":\"ImageObject\",\"inLanguage\":\"ca\",\"@id\":\"https:\/\/eikonos.com\/ca\/#\/schema\/person\/image\/\",\"url\":\"https:\/\/secure.gravatar.com\/avatar\/a6c6b51dd0ac6902701aab24a914f6febe1518f94a5ae06db08b3d6107248dfd?s=96&d=mm&r=g\",\"contentUrl\":\"https:\/\/secure.gravatar.com\/avatar\/a6c6b51dd0ac6902701aab24a914f6febe1518f94a5ae06db08b3d6107248dfd?s=96&d=mm&r=g\",\"caption\":\"Xavi Eikonos\"}}]}<\/script>\n<!-- \/ Yoast SEO plugin. -->","yoast_head_json":{"title":"Els sector que solen tenir m\u00e9s \u00e8xit a la hora de realitzar un esdeveniment audiovisual","description":"Els sector que solen tenir m\u00e9s \u00e8xit a la hora de realitzar un esdeveniment audiovisual acosutmen a ser els relacionats amb mitjans de comunicaci\u00f3, ag\u00e8ncies, espectacles, actes institucionals o corporatius i els desenvolupats en l\u2019\u00e0mbit esportiu.","robots":{"index":"index","follow":"follow","max-snippet":"max-snippet:-1","max-image-preview":"max-image-preview:large","max-video-preview":"max-video-preview:-1"},"canonical":"https:\/\/eikonos.com\/ca\/blog\/els-sectors-amb-mes-exit-a-lhora-de-realitzar-un-esdeveniment-audiovisual\/","og_locale":"ca_ES","og_type":"article","og_title":"Els sector que solen tenir m\u00e9s \u00e8xit a la hora de realitzar un esdeveniment audiovisual","og_description":"Els sector que solen tenir m\u00e9s \u00e8xit a la hora de realitzar un esdeveniment audiovisual acosutmen a ser els relacionats amb mitjans de comunicaci\u00f3, ag\u00e8ncies, espectacles, actes institucionals o corporatius i els desenvolupats en l\u2019\u00e0mbit esportiu.","og_url":"https:\/\/eikonos.com\/ca\/blog\/els-sectors-amb-mes-exit-a-lhora-de-realitzar-un-esdeveniment-audiovisual\/","og_site_name":"EIKONOS","article_publisher":"http:\/\/www.facebook.com\/pages\/Eikonos\/176324785746790","article_published_time":"2015-10-20T09:44:26+00:00","og_image":[{"width":1024,"height":682,"url":"https:\/\/eikonos.com\/wp-content\/uploads\/2015\/10\/evento-loreal.jpg","type":"image\/jpeg"}],"author":"Xavi Eikonos","twitter_card":"summary_large_image","twitter_creator":"@eikonos_sa","twitter_site":"@eikonos_sa","twitter_misc":{"Escrit per":"Xavi Eikonos","Temps estimat de lectura":"3 minuts"},"schema":{"@context":"https:\/\/schema.org","@graph":[{"@type":"Article","@id":"https:\/\/eikonos.com\/ca\/blog\/els-sectors-amb-mes-exit-a-lhora-de-realitzar-un-esdeveniment-audiovisual\/#article","isPartOf":{"@id":"https:\/\/eikonos.com\/ca\/blog\/els-sectors-amb-mes-exit-a-lhora-de-realitzar-un-esdeveniment-audiovisual\/"},"author":{"name":"Xavi Eikonos","@id":"https:\/\/eikonos.com\/ca\/#\/schema\/person\/82032860cc314d826959b90595a5280a"},"headline":"Els sector amb m\u00e9s \u00e8xit a l\u2019hora de realitzar un esdeveniment audiovisual","datePublished":"2015-10-20T09:44:26+00:00","mainEntityOfPage":{"@id":"https:\/\/eikonos.com\/ca\/blog\/els-sectors-amb-mes-exit-a-lhora-de-realitzar-un-esdeveniment-audiovisual\/"},"wordCount":692,"commentCount":0,"publisher":{"@id":"https:\/\/eikonos.com\/ca\/#organization"},"image":{"@id":"https:\/\/eikonos.com\/ca\/blog\/els-sectors-amb-mes-exit-a-lhora-de-realitzar-un-esdeveniment-audiovisual\/#primaryimage"},"thumbnailUrl":"https:\/\/eikonos.com\/wp-content\/uploads\/2015\/10\/evento-loreal.jpg","articleSection":["Esdeveniments audiovisuals"],"inLanguage":"ca","potentialAction":[{"@type":"CommentAction","name":"Comment","target":["https:\/\/eikonos.com\/ca\/blog\/els-sectors-amb-mes-exit-a-lhora-de-realitzar-un-esdeveniment-audiovisual\/#respond"]}]},{"@type":"WebPage","@id":"https:\/\/eikonos.com\/ca\/blog\/els-sectors-amb-mes-exit-a-lhora-de-realitzar-un-esdeveniment-audiovisual\/","url":"https:\/\/eikonos.com\/ca\/blog\/els-sectors-amb-mes-exit-a-lhora-de-realitzar-un-esdeveniment-audiovisual\/","name":"Els sector que solen tenir m\u00e9s \u00e8xit a la hora de realitzar un esdeveniment audiovisual","isPartOf":{"@id":"https:\/\/eikonos.com\/ca\/#website"},"primaryImageOfPage":{"@id":"https:\/\/eikonos.com\/ca\/blog\/els-sectors-amb-mes-exit-a-lhora-de-realitzar-un-esdeveniment-audiovisual\/#primaryimage"},"image":{"@id":"https:\/\/eikonos.com\/ca\/blog\/els-sectors-amb-mes-exit-a-lhora-de-realitzar-un-esdeveniment-audiovisual\/#primaryimage"},"thumbnailUrl":"https:\/\/eikonos.com\/wp-content\/uploads\/2015\/10\/evento-loreal.jpg","datePublished":"2015-10-20T09:44:26+00:00","description":"Els sector que solen tenir m\u00e9s \u00e8xit a la hora de realitzar un esdeveniment audiovisual acosutmen a ser els relacionats amb mitjans de comunicaci\u00f3, ag\u00e8ncies, espectacles, actes institucionals o corporatius i els desenvolupats en l\u2019\u00e0mbit esportiu.","breadcrumb":{"@id":"https:\/\/eikonos.com\/ca\/blog\/els-sectors-amb-mes-exit-a-lhora-de-realitzar-un-esdeveniment-audiovisual\/#breadcrumb"},"inLanguage":"ca","potentialAction":[{"@type":"ReadAction","target":["https:\/\/eikonos.com\/ca\/blog\/els-sectors-amb-mes-exit-a-lhora-de-realitzar-un-esdeveniment-audiovisual\/"]}]},{"@type":"ImageObject","inLanguage":"ca","@id":"https:\/\/eikonos.com\/ca\/blog\/els-sectors-amb-mes-exit-a-lhora-de-realitzar-un-esdeveniment-audiovisual\/#primaryimage","url":"https:\/\/eikonos.com\/wp-content\/uploads\/2015\/10\/evento-loreal.jpg","contentUrl":"https:\/\/eikonos.com\/wp-content\/uploads\/2015\/10\/evento-loreal.jpg","width":1024,"height":682},{"@type":"BreadcrumbList","@id":"https:\/\/eikonos.com\/ca\/blog\/els-sectors-amb-mes-exit-a-lhora-de-realitzar-un-esdeveniment-audiovisual\/#breadcrumb","itemListElement":[{"@type":"ListItem","position":1,"name":"EIKONOS","item":"https:\/\/eikonos.com\/ca\/inici\/"},{"@type":"ListItem","position":2,"name":"Els sector amb m\u00e9s \u00e8xit a l\u2019hora de realitzar un esdeveniment audiovisual"}]},{"@type":"WebSite","@id":"https:\/\/eikonos.com\/ca\/#website","url":"https:\/\/eikonos.com\/ca\/","name":"EIKONOS","description":"EXPERIENCIA AUDIOVISUAL","publisher":{"@id":"https:\/\/eikonos.com\/ca\/#organization"},"potentialAction":[{"@type":"SearchAction","target":{"@type":"EntryPoint","urlTemplate":"https:\/\/eikonos.com\/ca\/?s={search_term_string}"},"query-input":{"@type":"PropertyValueSpecification","valueRequired":true,"valueName":"search_term_string"}}],"inLanguage":"ca"},{"@type":"Organization","@id":"https:\/\/eikonos.com\/ca\/#organization","name":"EIKONOS | Servicios Audiovisuales, eventos y alquiler de equipos","url":"https:\/\/eikonos.com\/ca\/","logo":{"@type":"ImageObject","inLanguage":"ca","@id":"https:\/\/eikonos.com\/ca\/#\/schema\/logo\/image\/","url":"https:\/\/eikonos.com\/wp-content\/uploads\/2020\/08\/logo-color.png","contentUrl":"https:\/\/eikonos.com\/wp-content\/uploads\/2020\/08\/logo-color.png","width":376,"height":122,"caption":"EIKONOS | Servicios Audiovisuales, eventos y alquiler de equipos"},"image":{"@id":"https:\/\/eikonos.com\/ca\/#\/schema\/logo\/image\/"},"sameAs":["http:\/\/www.facebook.com\/pages\/Eikonos\/176324785746790","https:\/\/x.com\/eikonos_sa","http:\/\/www.linkedin.com\/company\/eikonos","http:\/\/www.youtube.com\/channel\/UC8wcizWaAYbfsuqVf9wIT6w"]},{"@type":"Person","@id":"https:\/\/eikonos.com\/ca\/#\/schema\/person\/82032860cc314d826959b90595a5280a","name":"Xavi Eikonos","image":{"@type":"ImageObject","inLanguage":"ca","@id":"https:\/\/eikonos.com\/ca\/#\/schema\/person\/image\/","url":"https:\/\/secure.gravatar.com\/avatar\/a6c6b51dd0ac6902701aab24a914f6febe1518f94a5ae06db08b3d6107248dfd?s=96&d=mm&r=g","contentUrl":"https:\/\/secure.gravatar.com\/avatar\/a6c6b51dd0ac6902701aab24a914f6febe1518f94a5ae06db08b3d6107248dfd?s=96&d=mm&r=g","caption":"Xavi Eikonos"}}]}},"_links":{"self":[{"href":"https:\/\/eikonos.com\/ca\/wp-json\/wp\/v2\/posts\/2896","targetHints":{"allow":["GET"]}}],"collection":[{"href":"https:\/\/eikonos.com\/ca\/wp-json\/wp\/v2\/posts"}],"about":[{"href":"https:\/\/eikonos.com\/ca\/wp-json\/wp\/v2\/types\/post"}],"author":[{"embeddable":true,"href":"https:\/\/eikonos.com\/ca\/wp-json\/wp\/v2\/users\/6"}],"replies":[{"embeddable":true,"href":"https:\/\/eikonos.com\/ca\/wp-json\/wp\/v2\/comments?post=2896"}],"version-history":[{"count":0,"href":"https:\/\/eikonos.com\/ca\/wp-json\/wp\/v2\/posts\/2896\/revisions"}],"wp:featuredmedia":[{"embeddable":true,"href":"https:\/\/eikonos.com\/ca\/wp-json\/wp\/v2\/media\/2351"}],"wp:attachment":[{"href":"https:\/\/eikonos.com\/ca\/wp-json\/wp\/v2\/media?parent=2896"}],"wp:term":[{"taxonomy":"category","embeddable":true,"href":"https:\/\/eikonos.com\/ca\/wp-json\/wp\/v2\/categories?post=2896"},{"taxonomy":"post_tag","embeddable":true,"href":"https:\/\/eikonos.com\/ca\/wp-json\/wp\/v2\/tags?post=2896"}],"curies":[{"name":"wp","href":"https:\/\/api.w.org\/{rel}","templated":true}]}}