{"id":2893,"date":"2015-10-25T17:18:36","date_gmt":"2015-10-25T16:18:36","guid":{"rendered":"http:\/\/eikonos.com\/blog\/como-integrar-los-contenidos-interactivos-en-el-mundo-de-la-educacion-2\/"},"modified":"2015-10-25T17:18:36","modified_gmt":"2015-10-25T16:18:36","slug":"com-integrar-els-continguts-interactius-en-el-mon-de-leducacio","status":"publish","type":"post","link":"https:\/\/eikonos.com\/ca\/blog\/com-integrar-els-continguts-interactius-en-el-mon-de-leducacio\/","title":{"rendered":"Com integrar els continguts interactius en el m\u00f3n de l\u2019educaci\u00f3"},"content":{"rendered":"<p style=\"text-align: justify;\">Les Tecnologies de la Informaci\u00f3 i de la Comunicaci\u00f3 han irromput en les nostres vides i en q\u00fcesti\u00f3 d\u2019uns quants anys estan canviant la nostra manera d\u2019aprendre i relacionar-nos amb l\u2019entorn. Ja no \u00e9s d\u2019estranyar veure com un infant agafa un m\u00f2bil i amb una destresa sorprenents \u00e9s capa\u00e7 de manejar perfectament (incl\u00f2s millor que molts adults). I per aix\u00f2 la creaci\u00f3 de <a title=\"Contenidos interactivos para la educaci\u00f3n\" href=\"https:\/\/eikonos.com\/portfolio_page\/interactivos\/\" target=\"_blank\" rel=\"noopener noreferrer\">continguts interactius per a l&#8217;educaci\u00f3<\/a>\u00a0han adquirit gran import\u00e0ncia. <strong>Com podem millorar la forma en la que ensenyem als infants amb les noves tecnologies?<\/strong><!--more--><\/p>\n<h2 style=\"text-align: justify;\"><span style=\"color: #ff0000;\">El joc, una de les claus<\/span><\/h2>\n<p style=\"text-align: justify;\"><strong>El fet de que els petits vegin la din\u00e0mica com un joc i no com una cosa obligat\u00f2ria <\/strong>que han d\u2019aprendre\u2019ls pot ser una punt important a favor del professors. Es tracta d\u2019una estrat\u00e8gia que aquest professional ha de dissenyar de forma conscient i col\u00b7laborar amb el disseny de programes que s\u2019utilitzaran com a recursos dintre l\u2019aula. Un exemple clar en aquest sentit el tenim en la Direcci\u00f3 de Tr\u00e0fic del Govern Basc, que ha dissenyat un joc a infants entre 8 i 12 anys de seguretat vial. Per a aix\u00f2, s\u2019utilitza un \u201cs\u00faper heroi de la seguretat\u201d que recluta ajudants per dur a terme una s\u00e8rie de missions.<\/p>\n<p style=\"text-align: justify;\">Aquestes tecnologies, continguts interactius i din\u00e0miques construeixen <strong>un recolzament a l\u2019itinerant de l\u2019educaci\u00f3 seguit en les classes. <\/strong>Llum d\u2019establir-se com la \u00fanica via per ensenyar, s\u00f3n un complement perfecte per ajudar als infants a comprendre millorar la realitat a trav\u00e9s de la imatge. Els experts afirmen que en els pr\u00f2xim quinze anys les noves tecnologies convertiran en entorns interactius a les escoles. Mentre tan, en aquesta transici\u00f3, els centres educatius m\u00e9s conscienciats sobre els beneficis que poden aportar tots aquests programes, van en davantera en la seva inclusi\u00f3 en les aules.<\/p>\n<h2 style=\"text-align: justify;\"><span style=\"color: #ff0000;\">Les tablets, unes de les protagonistes<\/span><\/h2>\n<p style=\"text-align: justify;\">Els alumnes de cada cop m\u00e9s escoles han substitu\u00eft els pesats llibres a la motxilla per un Ipad. Les institucions educatives l\u2019han posat en el centre de tota la seva estrat\u00e8gia d\u2019aprenentatge i s\u2019han transformat en la principal eina d\u2019estudi. En ella tenen no nom\u00e9s unes edicions digitals dels llibres, si no tamb\u00e9 altres recursos de tipus pedag\u00f2gics com poden ser <strong>mapes conceptuals, v\u00eddeos, esquemes i acc\u00e9s a algunes webs seleccionades pel professorat. <\/strong>La idea que tenen el centre \u00e9s anar encara m\u00e9s enll\u00e0 i crear els seus propis continguts interactius personalitzats.<\/p>\n<p style=\"text-align: justify;\">Per altra banda, segons una enquesta publicada recentment, <strong>un 15% dels alumnes estudia ja amb tablets en l\u2019aula <\/strong>i m\u00e9s d\u2019un 77% dels pares esta d\u2019acord amb aquesta mesura. Unes altres dades reflecteixen com aquesta nova tend\u00e8ncia es va obrint poc a poc entre les aules espanyoles.<\/p>\n<p style=\"text-align: justify;\">Es tracta d\u2019una <strong>aposta a la que poden unir-se qualsevol escola, <\/strong>que tenen la possibilitat d\u2019adaptar aquestes eines d\u2019estudi a la seva pr\u00f2pia filosofia, al perfil dels seus alumnes i a les mat\u00e8ria a les que vulguin aplicar-les. Un immers mar de possibilitats que obra la porta a la realitzaci\u00f3 de projectes educatius \u00fanics. Un gran i emocionat repte en el que el professorat s\u2019ha d\u2019implicar per poder proporcionar les directrius adequades.<\/p>\n<p>&nbsp;<\/p>\n","protected":false},"excerpt":{"rendered":"<p>Les Tecnologies de la Informaci\u00f3 i de la Comunicaci\u00f3 han irromput en les nostres vides&#8230;<\/p>\n","protected":false},"author":6,"featured_media":2365,"comment_status":"open","ping_status":"open","sticky":false,"template":"","format":"standard","meta":{"_acf_changed":false,"footnotes":""},"categories":[257],"tags":[],"class_list":["post-2893","post","type-post","status-publish","format-standard","has-post-thumbnail","hentry","category-creacio-de-continguts"],"acf":[],"yoast_head":"<!-- This site is optimized with the Yoast SEO plugin v26.3 - https:\/\/yoast.com\/wordpress\/plugins\/seo\/ -->\n<title>Com integrar els continguts interactius en el m\u00f3n de l\u2019educaci\u00f3<\/title>\n<meta name=\"description\" content=\"Els continguts interactius s\u00f3n una eina indispensable en les aules, el seu fruit passa necess\u00e0riament per les noves tecnologies.\" \/>\n<meta name=\"robots\" content=\"index, follow, max-snippet:-1, max-image-preview:large, max-video-preview:-1\" \/>\n<link rel=\"canonical\" href=\"https:\/\/eikonos.com\/ca\/blog\/com-integrar-els-continguts-interactius-en-el-mon-de-leducacio\/\" \/>\n<meta property=\"og:locale\" content=\"ca_ES\" \/>\n<meta property=\"og:type\" content=\"article\" \/>\n<meta property=\"og:title\" content=\"Com integrar els continguts interactius en el m\u00f3n de l\u2019educaci\u00f3\" \/>\n<meta property=\"og:description\" content=\"Els continguts interactius s\u00f3n una eina indispensable en les aules, el seu fruit passa necess\u00e0riament per les noves tecnologies.\" \/>\n<meta property=\"og:url\" content=\"https:\/\/eikonos.com\/ca\/blog\/com-integrar-els-continguts-interactius-en-el-mon-de-leducacio\/\" \/>\n<meta property=\"og:site_name\" content=\"EIKONOS\" \/>\n<meta property=\"article:publisher\" content=\"http:\/\/www.facebook.com\/pages\/Eikonos\/176324785746790\" \/>\n<meta property=\"article:published_time\" content=\"2015-10-25T16:18:36+00:00\" \/>\n<meta property=\"og:image\" content=\"https:\/\/eikonos.com\/wp-content\/uploads\/2015\/10\/e-learning.jpg\" \/>\n\t<meta property=\"og:image:width\" content=\"600\" \/>\n\t<meta property=\"og:image:height\" content=\"365\" \/>\n\t<meta property=\"og:image:type\" content=\"image\/jpeg\" \/>\n<meta name=\"author\" content=\"Xavi Eikonos\" \/>\n<meta name=\"twitter:card\" content=\"summary_large_image\" \/>\n<meta name=\"twitter:creator\" content=\"@eikonos_sa\" \/>\n<meta name=\"twitter:site\" content=\"@eikonos_sa\" \/>\n<meta name=\"twitter:label1\" content=\"Escrit per\" \/>\n\t<meta name=\"twitter:data1\" content=\"Xavi Eikonos\" \/>\n\t<meta name=\"twitter:label2\" content=\"Temps estimat de lectura\" \/>\n\t<meta name=\"twitter:data2\" content=\"3 minuts\" \/>\n<script type=\"application\/ld+json\" class=\"yoast-schema-graph\">{\"@context\":\"https:\/\/schema.org\",\"@graph\":[{\"@type\":\"Article\",\"@id\":\"https:\/\/eikonos.com\/ca\/blog\/com-integrar-els-continguts-interactius-en-el-mon-de-leducacio\/#article\",\"isPartOf\":{\"@id\":\"https:\/\/eikonos.com\/ca\/blog\/com-integrar-els-continguts-interactius-en-el-mon-de-leducacio\/\"},\"author\":{\"name\":\"Xavi Eikonos\",\"@id\":\"https:\/\/eikonos.com\/ca\/#\/schema\/person\/82032860cc314d826959b90595a5280a\"},\"headline\":\"Com integrar els continguts interactius en el m\u00f3n de l\u2019educaci\u00f3\",\"datePublished\":\"2015-10-25T16:18:36+00:00\",\"mainEntityOfPage\":{\"@id\":\"https:\/\/eikonos.com\/ca\/blog\/com-integrar-els-continguts-interactius-en-el-mon-de-leducacio\/\"},\"wordCount\":573,\"commentCount\":0,\"publisher\":{\"@id\":\"https:\/\/eikonos.com\/ca\/#organization\"},\"image\":{\"@id\":\"https:\/\/eikonos.com\/ca\/blog\/com-integrar-els-continguts-interactius-en-el-mon-de-leducacio\/#primaryimage\"},\"thumbnailUrl\":\"https:\/\/eikonos.com\/wp-content\/uploads\/2015\/10\/e-learning.jpg\",\"articleSection\":[\"Creaci\u00f3 de continguts\"],\"inLanguage\":\"ca\",\"potentialAction\":[{\"@type\":\"CommentAction\",\"name\":\"Comment\",\"target\":[\"https:\/\/eikonos.com\/ca\/blog\/com-integrar-els-continguts-interactius-en-el-mon-de-leducacio\/#respond\"]}]},{\"@type\":\"WebPage\",\"@id\":\"https:\/\/eikonos.com\/ca\/blog\/com-integrar-els-continguts-interactius-en-el-mon-de-leducacio\/\",\"url\":\"https:\/\/eikonos.com\/ca\/blog\/com-integrar-els-continguts-interactius-en-el-mon-de-leducacio\/\",\"name\":\"Com integrar els continguts interactius en el m\u00f3n de l\u2019educaci\u00f3\",\"isPartOf\":{\"@id\":\"https:\/\/eikonos.com\/ca\/#website\"},\"primaryImageOfPage\":{\"@id\":\"https:\/\/eikonos.com\/ca\/blog\/com-integrar-els-continguts-interactius-en-el-mon-de-leducacio\/#primaryimage\"},\"image\":{\"@id\":\"https:\/\/eikonos.com\/ca\/blog\/com-integrar-els-continguts-interactius-en-el-mon-de-leducacio\/#primaryimage\"},\"thumbnailUrl\":\"https:\/\/eikonos.com\/wp-content\/uploads\/2015\/10\/e-learning.jpg\",\"datePublished\":\"2015-10-25T16:18:36+00:00\",\"description\":\"Els continguts interactius s\u00f3n una eina indispensable en les aules, el seu fruit passa necess\u00e0riament per les noves tecnologies.\",\"breadcrumb\":{\"@id\":\"https:\/\/eikonos.com\/ca\/blog\/com-integrar-els-continguts-interactius-en-el-mon-de-leducacio\/#breadcrumb\"},\"inLanguage\":\"ca\",\"potentialAction\":[{\"@type\":\"ReadAction\",\"target\":[\"https:\/\/eikonos.com\/ca\/blog\/com-integrar-els-continguts-interactius-en-el-mon-de-leducacio\/\"]}]},{\"@type\":\"ImageObject\",\"inLanguage\":\"ca\",\"@id\":\"https:\/\/eikonos.com\/ca\/blog\/com-integrar-els-continguts-interactius-en-el-mon-de-leducacio\/#primaryimage\",\"url\":\"https:\/\/eikonos.com\/wp-content\/uploads\/2015\/10\/e-learning.jpg\",\"contentUrl\":\"https:\/\/eikonos.com\/wp-content\/uploads\/2015\/10\/e-learning.jpg\",\"width\":600,\"height\":365,\"caption\":\"Las tablet pueden servir para educar mediante contenido interactivo\"},{\"@type\":\"BreadcrumbList\",\"@id\":\"https:\/\/eikonos.com\/ca\/blog\/com-integrar-els-continguts-interactius-en-el-mon-de-leducacio\/#breadcrumb\",\"itemListElement\":[{\"@type\":\"ListItem\",\"position\":1,\"name\":\"EIKONOS\",\"item\":\"https:\/\/eikonos.com\/ca\/inici\/\"},{\"@type\":\"ListItem\",\"position\":2,\"name\":\"Com integrar els continguts interactius en el m\u00f3n de l\u2019educaci\u00f3\"}]},{\"@type\":\"WebSite\",\"@id\":\"https:\/\/eikonos.com\/ca\/#website\",\"url\":\"https:\/\/eikonos.com\/ca\/\",\"name\":\"EIKONOS\",\"description\":\"EXPERIENCIA AUDIOVISUAL\",\"publisher\":{\"@id\":\"https:\/\/eikonos.com\/ca\/#organization\"},\"potentialAction\":[{\"@type\":\"SearchAction\",\"target\":{\"@type\":\"EntryPoint\",\"urlTemplate\":\"https:\/\/eikonos.com\/ca\/?s={search_term_string}\"},\"query-input\":{\"@type\":\"PropertyValueSpecification\",\"valueRequired\":true,\"valueName\":\"search_term_string\"}}],\"inLanguage\":\"ca\"},{\"@type\":\"Organization\",\"@id\":\"https:\/\/eikonos.com\/ca\/#organization\",\"name\":\"EIKONOS | Servicios Audiovisuales, eventos y alquiler de equipos\",\"url\":\"https:\/\/eikonos.com\/ca\/\",\"logo\":{\"@type\":\"ImageObject\",\"inLanguage\":\"ca\",\"@id\":\"https:\/\/eikonos.com\/ca\/#\/schema\/logo\/image\/\",\"url\":\"https:\/\/eikonos.com\/wp-content\/uploads\/2020\/08\/logo-color.png\",\"contentUrl\":\"https:\/\/eikonos.com\/wp-content\/uploads\/2020\/08\/logo-color.png\",\"width\":376,\"height\":122,\"caption\":\"EIKONOS | Servicios Audiovisuales, eventos y alquiler de equipos\"},\"image\":{\"@id\":\"https:\/\/eikonos.com\/ca\/#\/schema\/logo\/image\/\"},\"sameAs\":[\"http:\/\/www.facebook.com\/pages\/Eikonos\/176324785746790\",\"https:\/\/x.com\/eikonos_sa\",\"http:\/\/www.linkedin.com\/company\/eikonos\",\"http:\/\/www.youtube.com\/channel\/UC8wcizWaAYbfsuqVf9wIT6w\"]},{\"@type\":\"Person\",\"@id\":\"https:\/\/eikonos.com\/ca\/#\/schema\/person\/82032860cc314d826959b90595a5280a\",\"name\":\"Xavi Eikonos\",\"image\":{\"@type\":\"ImageObject\",\"inLanguage\":\"ca\",\"@id\":\"https:\/\/eikonos.com\/ca\/#\/schema\/person\/image\/\",\"url\":\"https:\/\/secure.gravatar.com\/avatar\/a6c6b51dd0ac6902701aab24a914f6febe1518f94a5ae06db08b3d6107248dfd?s=96&d=mm&r=g\",\"contentUrl\":\"https:\/\/secure.gravatar.com\/avatar\/a6c6b51dd0ac6902701aab24a914f6febe1518f94a5ae06db08b3d6107248dfd?s=96&d=mm&r=g\",\"caption\":\"Xavi Eikonos\"}}]}<\/script>\n<!-- \/ Yoast SEO plugin. -->","yoast_head_json":{"title":"Com integrar els continguts interactius en el m\u00f3n de l\u2019educaci\u00f3","description":"Els continguts interactius s\u00f3n una eina indispensable en les aules, el seu fruit passa necess\u00e0riament per les noves tecnologies.","robots":{"index":"index","follow":"follow","max-snippet":"max-snippet:-1","max-image-preview":"max-image-preview:large","max-video-preview":"max-video-preview:-1"},"canonical":"https:\/\/eikonos.com\/ca\/blog\/com-integrar-els-continguts-interactius-en-el-mon-de-leducacio\/","og_locale":"ca_ES","og_type":"article","og_title":"Com integrar els continguts interactius en el m\u00f3n de l\u2019educaci\u00f3","og_description":"Els continguts interactius s\u00f3n una eina indispensable en les aules, el seu fruit passa necess\u00e0riament per les noves tecnologies.","og_url":"https:\/\/eikonos.com\/ca\/blog\/com-integrar-els-continguts-interactius-en-el-mon-de-leducacio\/","og_site_name":"EIKONOS","article_publisher":"http:\/\/www.facebook.com\/pages\/Eikonos\/176324785746790","article_published_time":"2015-10-25T16:18:36+00:00","og_image":[{"width":600,"height":365,"url":"https:\/\/eikonos.com\/wp-content\/uploads\/2015\/10\/e-learning.jpg","type":"image\/jpeg"}],"author":"Xavi Eikonos","twitter_card":"summary_large_image","twitter_creator":"@eikonos_sa","twitter_site":"@eikonos_sa","twitter_misc":{"Escrit per":"Xavi Eikonos","Temps estimat de lectura":"3 minuts"},"schema":{"@context":"https:\/\/schema.org","@graph":[{"@type":"Article","@id":"https:\/\/eikonos.com\/ca\/blog\/com-integrar-els-continguts-interactius-en-el-mon-de-leducacio\/#article","isPartOf":{"@id":"https:\/\/eikonos.com\/ca\/blog\/com-integrar-els-continguts-interactius-en-el-mon-de-leducacio\/"},"author":{"name":"Xavi Eikonos","@id":"https:\/\/eikonos.com\/ca\/#\/schema\/person\/82032860cc314d826959b90595a5280a"},"headline":"Com integrar els continguts interactius en el m\u00f3n de l\u2019educaci\u00f3","datePublished":"2015-10-25T16:18:36+00:00","mainEntityOfPage":{"@id":"https:\/\/eikonos.com\/ca\/blog\/com-integrar-els-continguts-interactius-en-el-mon-de-leducacio\/"},"wordCount":573,"commentCount":0,"publisher":{"@id":"https:\/\/eikonos.com\/ca\/#organization"},"image":{"@id":"https:\/\/eikonos.com\/ca\/blog\/com-integrar-els-continguts-interactius-en-el-mon-de-leducacio\/#primaryimage"},"thumbnailUrl":"https:\/\/eikonos.com\/wp-content\/uploads\/2015\/10\/e-learning.jpg","articleSection":["Creaci\u00f3 de continguts"],"inLanguage":"ca","potentialAction":[{"@type":"CommentAction","name":"Comment","target":["https:\/\/eikonos.com\/ca\/blog\/com-integrar-els-continguts-interactius-en-el-mon-de-leducacio\/#respond"]}]},{"@type":"WebPage","@id":"https:\/\/eikonos.com\/ca\/blog\/com-integrar-els-continguts-interactius-en-el-mon-de-leducacio\/","url":"https:\/\/eikonos.com\/ca\/blog\/com-integrar-els-continguts-interactius-en-el-mon-de-leducacio\/","name":"Com integrar els continguts interactius en el m\u00f3n de l\u2019educaci\u00f3","isPartOf":{"@id":"https:\/\/eikonos.com\/ca\/#website"},"primaryImageOfPage":{"@id":"https:\/\/eikonos.com\/ca\/blog\/com-integrar-els-continguts-interactius-en-el-mon-de-leducacio\/#primaryimage"},"image":{"@id":"https:\/\/eikonos.com\/ca\/blog\/com-integrar-els-continguts-interactius-en-el-mon-de-leducacio\/#primaryimage"},"thumbnailUrl":"https:\/\/eikonos.com\/wp-content\/uploads\/2015\/10\/e-learning.jpg","datePublished":"2015-10-25T16:18:36+00:00","description":"Els continguts interactius s\u00f3n una eina indispensable en les aules, el seu fruit passa necess\u00e0riament per les noves tecnologies.","breadcrumb":{"@id":"https:\/\/eikonos.com\/ca\/blog\/com-integrar-els-continguts-interactius-en-el-mon-de-leducacio\/#breadcrumb"},"inLanguage":"ca","potentialAction":[{"@type":"ReadAction","target":["https:\/\/eikonos.com\/ca\/blog\/com-integrar-els-continguts-interactius-en-el-mon-de-leducacio\/"]}]},{"@type":"ImageObject","inLanguage":"ca","@id":"https:\/\/eikonos.com\/ca\/blog\/com-integrar-els-continguts-interactius-en-el-mon-de-leducacio\/#primaryimage","url":"https:\/\/eikonos.com\/wp-content\/uploads\/2015\/10\/e-learning.jpg","contentUrl":"https:\/\/eikonos.com\/wp-content\/uploads\/2015\/10\/e-learning.jpg","width":600,"height":365,"caption":"Las tablet pueden servir para educar mediante contenido interactivo"},{"@type":"BreadcrumbList","@id":"https:\/\/eikonos.com\/ca\/blog\/com-integrar-els-continguts-interactius-en-el-mon-de-leducacio\/#breadcrumb","itemListElement":[{"@type":"ListItem","position":1,"name":"EIKONOS","item":"https:\/\/eikonos.com\/ca\/inici\/"},{"@type":"ListItem","position":2,"name":"Com integrar els continguts interactius en el m\u00f3n de l\u2019educaci\u00f3"}]},{"@type":"WebSite","@id":"https:\/\/eikonos.com\/ca\/#website","url":"https:\/\/eikonos.com\/ca\/","name":"EIKONOS","description":"EXPERIENCIA AUDIOVISUAL","publisher":{"@id":"https:\/\/eikonos.com\/ca\/#organization"},"potentialAction":[{"@type":"SearchAction","target":{"@type":"EntryPoint","urlTemplate":"https:\/\/eikonos.com\/ca\/?s={search_term_string}"},"query-input":{"@type":"PropertyValueSpecification","valueRequired":true,"valueName":"search_term_string"}}],"inLanguage":"ca"},{"@type":"Organization","@id":"https:\/\/eikonos.com\/ca\/#organization","name":"EIKONOS | Servicios Audiovisuales, eventos y alquiler de equipos","url":"https:\/\/eikonos.com\/ca\/","logo":{"@type":"ImageObject","inLanguage":"ca","@id":"https:\/\/eikonos.com\/ca\/#\/schema\/logo\/image\/","url":"https:\/\/eikonos.com\/wp-content\/uploads\/2020\/08\/logo-color.png","contentUrl":"https:\/\/eikonos.com\/wp-content\/uploads\/2020\/08\/logo-color.png","width":376,"height":122,"caption":"EIKONOS | Servicios Audiovisuales, eventos y alquiler de equipos"},"image":{"@id":"https:\/\/eikonos.com\/ca\/#\/schema\/logo\/image\/"},"sameAs":["http:\/\/www.facebook.com\/pages\/Eikonos\/176324785746790","https:\/\/x.com\/eikonos_sa","http:\/\/www.linkedin.com\/company\/eikonos","http:\/\/www.youtube.com\/channel\/UC8wcizWaAYbfsuqVf9wIT6w"]},{"@type":"Person","@id":"https:\/\/eikonos.com\/ca\/#\/schema\/person\/82032860cc314d826959b90595a5280a","name":"Xavi Eikonos","image":{"@type":"ImageObject","inLanguage":"ca","@id":"https:\/\/eikonos.com\/ca\/#\/schema\/person\/image\/","url":"https:\/\/secure.gravatar.com\/avatar\/a6c6b51dd0ac6902701aab24a914f6febe1518f94a5ae06db08b3d6107248dfd?s=96&d=mm&r=g","contentUrl":"https:\/\/secure.gravatar.com\/avatar\/a6c6b51dd0ac6902701aab24a914f6febe1518f94a5ae06db08b3d6107248dfd?s=96&d=mm&r=g","caption":"Xavi Eikonos"}}]}},"_links":{"self":[{"href":"https:\/\/eikonos.com\/ca\/wp-json\/wp\/v2\/posts\/2893","targetHints":{"allow":["GET"]}}],"collection":[{"href":"https:\/\/eikonos.com\/ca\/wp-json\/wp\/v2\/posts"}],"about":[{"href":"https:\/\/eikonos.com\/ca\/wp-json\/wp\/v2\/types\/post"}],"author":[{"embeddable":true,"href":"https:\/\/eikonos.com\/ca\/wp-json\/wp\/v2\/users\/6"}],"replies":[{"embeddable":true,"href":"https:\/\/eikonos.com\/ca\/wp-json\/wp\/v2\/comments?post=2893"}],"version-history":[{"count":0,"href":"https:\/\/eikonos.com\/ca\/wp-json\/wp\/v2\/posts\/2893\/revisions"}],"wp:featuredmedia":[{"embeddable":true,"href":"https:\/\/eikonos.com\/ca\/wp-json\/wp\/v2\/media\/2365"}],"wp:attachment":[{"href":"https:\/\/eikonos.com\/ca\/wp-json\/wp\/v2\/media?parent=2893"}],"wp:term":[{"taxonomy":"category","embeddable":true,"href":"https:\/\/eikonos.com\/ca\/wp-json\/wp\/v2\/categories?post=2893"},{"taxonomy":"post_tag","embeddable":true,"href":"https:\/\/eikonos.com\/ca\/wp-json\/wp\/v2\/tags?post=2893"}],"curies":[{"name":"wp","href":"https:\/\/api.w.org\/{rel}","templated":true}]}}