{"id":2889,"date":"2015-11-02T13:00:02","date_gmt":"2015-11-02T12:00:02","guid":{"rendered":"http:\/\/eikonos.com\/blog\/consejos-de-iluminacion-para-exposiciones-2\/"},"modified":"2015-11-02T13:00:02","modified_gmt":"2015-11-02T12:00:02","slug":"consejos-de-iluminacion-para-exposiciones-2","status":"publish","type":"post","link":"https:\/\/eikonos.com\/ca\/blog\/consejos-de-iluminacion-para-exposiciones-2\/","title":{"rendered":"Consells d\u2019il\u2022luminaci\u00f3 per a exposicions"},"content":{"rendered":"<p style=\"text-align: justify;\">Una exposici\u00f3 \u00e9s una posta en escena de diferents objectes y obres d\u2019art amb les que es vol explicar un relat. A l\u2019hora de realitzar el disseny i planificaci\u00f3 de la mateixa (una fase vital en el proc\u00e9s) la il\u00b7luminaci\u00f3 juga un paper fonamental, ja que <strong>gr\u00e0cies a la seva correcta aplicaci\u00f3 es podran apreciar tots els elements, <\/strong>amb les seves caracter\u00edstiques i matisos. El seu \u00fas adequat t\u00e9, per tant, una decisiva influ\u00e8ncia en la comprensi\u00f3 del que veiem. A m\u00e9s a m\u00e9s, t\u00e9 la funci\u00f3 de crear ambients i establir el car\u00e0cter particular de la nostra guiant al visitant. Per tot aix\u00f2, per la seva vital import\u00e0ncia en l\u2019\u00e8xit d\u2019una iniciativa d\u2019aquest tipus, a continuaci\u00f3 desvelarem alguna de les dades que poden ajudar-nos quan ens plantegem la\u00a0<a title=\"Iluminaci\u00f3n para exposiciones\" href=\"https:\/\/eikonos.com\/portfolio_page\/exposiciones\/\" target=\"_blank\" rel=\"noopener noreferrer\">il\u00b7luminaci\u00f3 pper a exposicions<\/a>.<!--more--><\/p>\n<h2 style=\"text-align: justify;\"><span style=\"color: #ff0000;\">\u00bfUna mostra temporal o permanent?<\/span><\/h2>\n<p style=\"text-align: justify;\">Jugar amb la llum natural ha sigut b\u00e0sic durant molts anys, tot i que <strong>de la combinaci\u00f3 amb llum artificial \u00e9s on sorgeixen els millors resultats<\/strong>, ja que es corregeixen les car\u00e8ncies. La primera ajuda a la concentraci\u00f3 del visitant, mant\u00e9 viu d\u2019inter\u00e8s i disminueix la fatiga mentre que la segona proporciona major control, el qual es redueix en una major valoraci\u00f3 dels elements que conformen l\u2019exposici\u00f3.<\/p>\n<h2 style=\"text-align: justify;\"><span style=\"color: #ff0000;\">La import\u00e0ncia de la llum natural i de l&#8217;artificial<\/span><\/h2>\n<p style=\"text-align: justify;\">Jugar con la luz natural ha sido b\u00e1sico durante muchos a\u00f1os, aunque <b>de la combinaci\u00f3n con la luz artificial es de d\u00f3nde surgen los mejores resultados<\/b>, ya que se corrigen las carencias. La primera ayuda a la concentraci\u00f3n del visitante, mantiene vivo el inter\u00e9s y disminuye la fatiga; mientras que la segunda proporciona mayor control, lo cual se traduce en una mayor valoraci\u00f3n de los elementos que conforman la exposici\u00f3n.<\/p>\n<h2 style=\"text-align: justify;\"><span style=\"color: #ff0000;\">Els 7 principis b\u00e0sics de la il\u00b7luminaci\u00f3 per a exposicions<\/span><\/h2>\n<p style=\"text-align: justify;\">Quan es dur a terme la planificaci\u00f3 d\u2019una mostra hi ha <strong>7 principis b\u00e0sics que no poden obviar:<\/strong><\/p>\n<ul style=\"text-align: justify;\">\n<li><strong>\u00a0<\/strong>L\u2019angle de reflexi\u00f3 de la llum \u00e9s igual al d\u2019incid\u00e8ncia.<\/li>\n<li>L\u2019angle al que la llum incideix ajuda a la apreciaci\u00f3 de l\u2019objecte o a amagar-lo, si es el que es desitja.<\/li>\n<li>Qualsevol objecte il\u00b7luminat es converteix en una font de llum i la seva imatge \u00e9s reflectada proporcionalment a la il\u00b7luminaci\u00f3 relativa de l\u2019objecte i a la superf\u00edcie reflectant.<\/li>\n<li>Quant m\u00e9s fosc \u00e9s el to de la superf\u00edcie reflectant, m\u00e9s llum es necessita.<\/li>\n<li>La intensitat de la llum disminueix en proporci\u00f3 inversa al quadrat de la dist\u00e0ncia des del seu davant \u2013 els rajos solars, si no es bloquegen, irradien des del front de forma igualit\u00e0ria en totes les direccions.<\/li>\n<li>Els colors foscos absorbeixen la llum, mentre que els colors clars i superf\u00edcies polides la reflecteixen.<\/li>\n<\/ul>\n<h2 style=\"text-align: justify;\"><span style=\"color: #ff0000;\">Els tipus de l\u00e0mpades i la seva import\u00e0ncia en l&#8217;exposici\u00f3<\/span><\/h2>\n<p style=\"text-align: justify;\">Hi ha <strong>diferents fonts de llum que poden ser interessants per il\u00b7luminar una mostra. <\/strong>Per una banda, tenim les l\u00e0mpades incandescents, que s\u00f3n les m\u00e9s utilitzades tan per il\u00b7luminaci\u00f3 general com puntual. Les l\u00e0mpades fluorescents tenen la qualitat d\u2019una gran efic\u00e0cia lluminosa sent de baix consum i hi ha una amplia gama de blancs disponibles en el mercat, aix\u00ed com diferents temperatures de color per aconseguir diferents efectes. Aquest tipus de l\u00e0mpades proporciona una llum de tipus uniforme, pel que \u00e9s especialment adequat per la il\u00b7luminaci\u00f3 general i obres en dos dimensions. En quan als LED, s\u2019estan comen\u00e7ant a utilitzar per d\u2019il\u00b7luminaci\u00f3 d\u2019objectes i espais expositius per la qualitat de la seva llum i l\u2019alta efic\u00e0cia.<\/p>\n<p>&nbsp;<\/p>\n","protected":false},"excerpt":{"rendered":"<p>Una exposici\u00f3 \u00e9s una posta en escena de diferents objectes y obres d\u2019art amb les&#8230;<\/p>\n","protected":false},"author":6,"featured_media":2373,"comment_status":"open","ping_status":"open","sticky":false,"template":"","format":"standard","meta":{"_acf_changed":false,"footnotes":""},"categories":[255,262],"tags":[],"class_list":["post-2889","post","type-post","status-publish","format-standard","has-post-thumbnail","hentry","category-installacions-fixes","category-lloguer-dequips"],"acf":[],"yoast_head":"<!-- This site is optimized with the Yoast SEO plugin v26.3 - https:\/\/yoast.com\/wordpress\/plugins\/seo\/ -->\n<title>Consells de il\u00b7luminaci\u00f3 per a exposicions<\/title>\n<meta name=\"description\" content=\"Convinar la llum natural amb l&#039;artificial, utilitzar sistemes flexibles i els diferents tipus de l\u00e0mpades s\u00f3n alguns dels consells de il\u00b7luminaci\u00f3 per a exposicions\" \/>\n<meta name=\"robots\" content=\"index, follow, max-snippet:-1, max-image-preview:large, max-video-preview:-1\" \/>\n<link rel=\"canonical\" href=\"https:\/\/eikonos.com\/ca\/blog\/consejos-de-iluminacion-para-exposiciones-2\/\" \/>\n<meta property=\"og:locale\" content=\"ca_ES\" \/>\n<meta property=\"og:type\" content=\"article\" \/>\n<meta property=\"og:title\" content=\"Consells de il\u00b7luminaci\u00f3 per a exposicions\" \/>\n<meta property=\"og:description\" content=\"Convinar la llum natural amb l&#039;artificial, utilitzar sistemes flexibles i els diferents tipus de l\u00e0mpades s\u00f3n alguns dels consells de il\u00b7luminaci\u00f3 per a exposicions\" \/>\n<meta property=\"og:url\" content=\"https:\/\/eikonos.com\/ca\/blog\/consejos-de-iluminacion-para-exposiciones-2\/\" \/>\n<meta property=\"og:site_name\" content=\"EIKONOS\" \/>\n<meta property=\"article:publisher\" content=\"http:\/\/www.facebook.com\/pages\/Eikonos\/176324785746790\" \/>\n<meta property=\"article:published_time\" content=\"2015-11-02T12:00:02+00:00\" \/>\n<meta property=\"og:image\" content=\"https:\/\/eikonos.com\/wp-content\/uploads\/2015\/10\/iluminacion-exposicion.jpg\" \/>\n\t<meta property=\"og:image:width\" content=\"1688\" \/>\n\t<meta property=\"og:image:height\" content=\"1125\" \/>\n\t<meta property=\"og:image:type\" content=\"image\/jpeg\" \/>\n<meta name=\"author\" content=\"Xavi Eikonos\" \/>\n<meta name=\"twitter:card\" content=\"summary_large_image\" \/>\n<meta name=\"twitter:creator\" content=\"@eikonos_sa\" \/>\n<meta name=\"twitter:site\" content=\"@eikonos_sa\" \/>\n<meta name=\"twitter:label1\" content=\"Escrit per\" \/>\n\t<meta name=\"twitter:data1\" content=\"Xavi Eikonos\" \/>\n\t<meta name=\"twitter:label2\" content=\"Temps estimat de lectura\" \/>\n\t<meta name=\"twitter:data2\" content=\"3 minuts\" \/>\n<script type=\"application\/ld+json\" class=\"yoast-schema-graph\">{\"@context\":\"https:\/\/schema.org\",\"@graph\":[{\"@type\":\"Article\",\"@id\":\"https:\/\/eikonos.com\/ca\/blog\/consejos-de-iluminacion-para-exposiciones-2\/#article\",\"isPartOf\":{\"@id\":\"https:\/\/eikonos.com\/ca\/blog\/consejos-de-iluminacion-para-exposiciones-2\/\"},\"author\":{\"name\":\"Xavi Eikonos\",\"@id\":\"https:\/\/eikonos.com\/ca\/#\/schema\/person\/82032860cc314d826959b90595a5280a\"},\"headline\":\"Consells d\u2019il\u2022luminaci\u00f3 per a exposicions\",\"datePublished\":\"2015-11-02T12:00:02+00:00\",\"mainEntityOfPage\":{\"@id\":\"https:\/\/eikonos.com\/ca\/blog\/consejos-de-iluminacion-para-exposiciones-2\/\"},\"wordCount\":638,\"commentCount\":0,\"publisher\":{\"@id\":\"https:\/\/eikonos.com\/ca\/#organization\"},\"image\":{\"@id\":\"https:\/\/eikonos.com\/ca\/blog\/consejos-de-iluminacion-para-exposiciones-2\/#primaryimage\"},\"thumbnailUrl\":\"https:\/\/eikonos.com\/wp-content\/uploads\/2015\/10\/iluminacion-exposicion.jpg\",\"articleSection\":[\"Instal\u00b7lacions fixes\",\"Lloguer d'equips\"],\"inLanguage\":\"ca\",\"potentialAction\":[{\"@type\":\"CommentAction\",\"name\":\"Comment\",\"target\":[\"https:\/\/eikonos.com\/ca\/blog\/consejos-de-iluminacion-para-exposiciones-2\/#respond\"]}]},{\"@type\":\"WebPage\",\"@id\":\"https:\/\/eikonos.com\/ca\/blog\/consejos-de-iluminacion-para-exposiciones-2\/\",\"url\":\"https:\/\/eikonos.com\/ca\/blog\/consejos-de-iluminacion-para-exposiciones-2\/\",\"name\":\"Consells de il\u00b7luminaci\u00f3 per a exposicions\",\"isPartOf\":{\"@id\":\"https:\/\/eikonos.com\/ca\/#website\"},\"primaryImageOfPage\":{\"@id\":\"https:\/\/eikonos.com\/ca\/blog\/consejos-de-iluminacion-para-exposiciones-2\/#primaryimage\"},\"image\":{\"@id\":\"https:\/\/eikonos.com\/ca\/blog\/consejos-de-iluminacion-para-exposiciones-2\/#primaryimage\"},\"thumbnailUrl\":\"https:\/\/eikonos.com\/wp-content\/uploads\/2015\/10\/iluminacion-exposicion.jpg\",\"datePublished\":\"2015-11-02T12:00:02+00:00\",\"description\":\"Convinar la llum natural amb l'artificial, utilitzar sistemes flexibles i els diferents tipus de l\u00e0mpades s\u00f3n alguns dels consells de il\u00b7luminaci\u00f3 per a exposicions\",\"breadcrumb\":{\"@id\":\"https:\/\/eikonos.com\/ca\/blog\/consejos-de-iluminacion-para-exposiciones-2\/#breadcrumb\"},\"inLanguage\":\"ca\",\"potentialAction\":[{\"@type\":\"ReadAction\",\"target\":[\"https:\/\/eikonos.com\/ca\/blog\/consejos-de-iluminacion-para-exposiciones-2\/\"]}]},{\"@type\":\"ImageObject\",\"inLanguage\":\"ca\",\"@id\":\"https:\/\/eikonos.com\/ca\/blog\/consejos-de-iluminacion-para-exposiciones-2\/#primaryimage\",\"url\":\"https:\/\/eikonos.com\/wp-content\/uploads\/2015\/10\/iluminacion-exposicion.jpg\",\"contentUrl\":\"https:\/\/eikonos.com\/wp-content\/uploads\/2015\/10\/iluminacion-exposicion.jpg\",\"width\":1688,\"height\":1125,\"caption\":\"La importancia de una buena iluminaci\u00f3n para exposiciones\"},{\"@type\":\"BreadcrumbList\",\"@id\":\"https:\/\/eikonos.com\/ca\/blog\/consejos-de-iluminacion-para-exposiciones-2\/#breadcrumb\",\"itemListElement\":[{\"@type\":\"ListItem\",\"position\":1,\"name\":\"EIKONOS\",\"item\":\"https:\/\/eikonos.com\/ca\/inici\/\"},{\"@type\":\"ListItem\",\"position\":2,\"name\":\"Consells d\u2019il\u2022luminaci\u00f3 per a exposicions\"}]},{\"@type\":\"WebSite\",\"@id\":\"https:\/\/eikonos.com\/ca\/#website\",\"url\":\"https:\/\/eikonos.com\/ca\/\",\"name\":\"EIKONOS\",\"description\":\"EXPERIENCIA AUDIOVISUAL\",\"publisher\":{\"@id\":\"https:\/\/eikonos.com\/ca\/#organization\"},\"potentialAction\":[{\"@type\":\"SearchAction\",\"target\":{\"@type\":\"EntryPoint\",\"urlTemplate\":\"https:\/\/eikonos.com\/ca\/?s={search_term_string}\"},\"query-input\":{\"@type\":\"PropertyValueSpecification\",\"valueRequired\":true,\"valueName\":\"search_term_string\"}}],\"inLanguage\":\"ca\"},{\"@type\":\"Organization\",\"@id\":\"https:\/\/eikonos.com\/ca\/#organization\",\"name\":\"EIKONOS | Servicios Audiovisuales, eventos y alquiler de equipos\",\"url\":\"https:\/\/eikonos.com\/ca\/\",\"logo\":{\"@type\":\"ImageObject\",\"inLanguage\":\"ca\",\"@id\":\"https:\/\/eikonos.com\/ca\/#\/schema\/logo\/image\/\",\"url\":\"https:\/\/eikonos.com\/wp-content\/uploads\/2020\/08\/logo-color.png\",\"contentUrl\":\"https:\/\/eikonos.com\/wp-content\/uploads\/2020\/08\/logo-color.png\",\"width\":376,\"height\":122,\"caption\":\"EIKONOS | Servicios Audiovisuales, eventos y alquiler de equipos\"},\"image\":{\"@id\":\"https:\/\/eikonos.com\/ca\/#\/schema\/logo\/image\/\"},\"sameAs\":[\"http:\/\/www.facebook.com\/pages\/Eikonos\/176324785746790\",\"https:\/\/x.com\/eikonos_sa\",\"http:\/\/www.linkedin.com\/company\/eikonos\",\"http:\/\/www.youtube.com\/channel\/UC8wcizWaAYbfsuqVf9wIT6w\"]},{\"@type\":\"Person\",\"@id\":\"https:\/\/eikonos.com\/ca\/#\/schema\/person\/82032860cc314d826959b90595a5280a\",\"name\":\"Xavi Eikonos\",\"image\":{\"@type\":\"ImageObject\",\"inLanguage\":\"ca\",\"@id\":\"https:\/\/eikonos.com\/ca\/#\/schema\/person\/image\/\",\"url\":\"https:\/\/secure.gravatar.com\/avatar\/a6c6b51dd0ac6902701aab24a914f6febe1518f94a5ae06db08b3d6107248dfd?s=96&d=mm&r=g\",\"contentUrl\":\"https:\/\/secure.gravatar.com\/avatar\/a6c6b51dd0ac6902701aab24a914f6febe1518f94a5ae06db08b3d6107248dfd?s=96&d=mm&r=g\",\"caption\":\"Xavi Eikonos\"}}]}<\/script>\n<!-- \/ Yoast SEO plugin. -->","yoast_head_json":{"title":"Consells de il\u00b7luminaci\u00f3 per a exposicions","description":"Convinar la llum natural amb l'artificial, utilitzar sistemes flexibles i els diferents tipus de l\u00e0mpades s\u00f3n alguns dels consells de il\u00b7luminaci\u00f3 per a exposicions","robots":{"index":"index","follow":"follow","max-snippet":"max-snippet:-1","max-image-preview":"max-image-preview:large","max-video-preview":"max-video-preview:-1"},"canonical":"https:\/\/eikonos.com\/ca\/blog\/consejos-de-iluminacion-para-exposiciones-2\/","og_locale":"ca_ES","og_type":"article","og_title":"Consells de il\u00b7luminaci\u00f3 per a exposicions","og_description":"Convinar la llum natural amb l'artificial, utilitzar sistemes flexibles i els diferents tipus de l\u00e0mpades s\u00f3n alguns dels consells de il\u00b7luminaci\u00f3 per a exposicions","og_url":"https:\/\/eikonos.com\/ca\/blog\/consejos-de-iluminacion-para-exposiciones-2\/","og_site_name":"EIKONOS","article_publisher":"http:\/\/www.facebook.com\/pages\/Eikonos\/176324785746790","article_published_time":"2015-11-02T12:00:02+00:00","og_image":[{"width":1688,"height":1125,"url":"https:\/\/eikonos.com\/wp-content\/uploads\/2015\/10\/iluminacion-exposicion.jpg","type":"image\/jpeg"}],"author":"Xavi Eikonos","twitter_card":"summary_large_image","twitter_creator":"@eikonos_sa","twitter_site":"@eikonos_sa","twitter_misc":{"Escrit per":"Xavi Eikonos","Temps estimat de lectura":"3 minuts"},"schema":{"@context":"https:\/\/schema.org","@graph":[{"@type":"Article","@id":"https:\/\/eikonos.com\/ca\/blog\/consejos-de-iluminacion-para-exposiciones-2\/#article","isPartOf":{"@id":"https:\/\/eikonos.com\/ca\/blog\/consejos-de-iluminacion-para-exposiciones-2\/"},"author":{"name":"Xavi Eikonos","@id":"https:\/\/eikonos.com\/ca\/#\/schema\/person\/82032860cc314d826959b90595a5280a"},"headline":"Consells d\u2019il\u2022luminaci\u00f3 per a exposicions","datePublished":"2015-11-02T12:00:02+00:00","mainEntityOfPage":{"@id":"https:\/\/eikonos.com\/ca\/blog\/consejos-de-iluminacion-para-exposiciones-2\/"},"wordCount":638,"commentCount":0,"publisher":{"@id":"https:\/\/eikonos.com\/ca\/#organization"},"image":{"@id":"https:\/\/eikonos.com\/ca\/blog\/consejos-de-iluminacion-para-exposiciones-2\/#primaryimage"},"thumbnailUrl":"https:\/\/eikonos.com\/wp-content\/uploads\/2015\/10\/iluminacion-exposicion.jpg","articleSection":["Instal\u00b7lacions fixes","Lloguer d'equips"],"inLanguage":"ca","potentialAction":[{"@type":"CommentAction","name":"Comment","target":["https:\/\/eikonos.com\/ca\/blog\/consejos-de-iluminacion-para-exposiciones-2\/#respond"]}]},{"@type":"WebPage","@id":"https:\/\/eikonos.com\/ca\/blog\/consejos-de-iluminacion-para-exposiciones-2\/","url":"https:\/\/eikonos.com\/ca\/blog\/consejos-de-iluminacion-para-exposiciones-2\/","name":"Consells de il\u00b7luminaci\u00f3 per a exposicions","isPartOf":{"@id":"https:\/\/eikonos.com\/ca\/#website"},"primaryImageOfPage":{"@id":"https:\/\/eikonos.com\/ca\/blog\/consejos-de-iluminacion-para-exposiciones-2\/#primaryimage"},"image":{"@id":"https:\/\/eikonos.com\/ca\/blog\/consejos-de-iluminacion-para-exposiciones-2\/#primaryimage"},"thumbnailUrl":"https:\/\/eikonos.com\/wp-content\/uploads\/2015\/10\/iluminacion-exposicion.jpg","datePublished":"2015-11-02T12:00:02+00:00","description":"Convinar la llum natural amb l'artificial, utilitzar sistemes flexibles i els diferents tipus de l\u00e0mpades s\u00f3n alguns dels consells de il\u00b7luminaci\u00f3 per a exposicions","breadcrumb":{"@id":"https:\/\/eikonos.com\/ca\/blog\/consejos-de-iluminacion-para-exposiciones-2\/#breadcrumb"},"inLanguage":"ca","potentialAction":[{"@type":"ReadAction","target":["https:\/\/eikonos.com\/ca\/blog\/consejos-de-iluminacion-para-exposiciones-2\/"]}]},{"@type":"ImageObject","inLanguage":"ca","@id":"https:\/\/eikonos.com\/ca\/blog\/consejos-de-iluminacion-para-exposiciones-2\/#primaryimage","url":"https:\/\/eikonos.com\/wp-content\/uploads\/2015\/10\/iluminacion-exposicion.jpg","contentUrl":"https:\/\/eikonos.com\/wp-content\/uploads\/2015\/10\/iluminacion-exposicion.jpg","width":1688,"height":1125,"caption":"La importancia de una buena iluminaci\u00f3n para exposiciones"},{"@type":"BreadcrumbList","@id":"https:\/\/eikonos.com\/ca\/blog\/consejos-de-iluminacion-para-exposiciones-2\/#breadcrumb","itemListElement":[{"@type":"ListItem","position":1,"name":"EIKONOS","item":"https:\/\/eikonos.com\/ca\/inici\/"},{"@type":"ListItem","position":2,"name":"Consells d\u2019il\u2022luminaci\u00f3 per a exposicions"}]},{"@type":"WebSite","@id":"https:\/\/eikonos.com\/ca\/#website","url":"https:\/\/eikonos.com\/ca\/","name":"EIKONOS","description":"EXPERIENCIA AUDIOVISUAL","publisher":{"@id":"https:\/\/eikonos.com\/ca\/#organization"},"potentialAction":[{"@type":"SearchAction","target":{"@type":"EntryPoint","urlTemplate":"https:\/\/eikonos.com\/ca\/?s={search_term_string}"},"query-input":{"@type":"PropertyValueSpecification","valueRequired":true,"valueName":"search_term_string"}}],"inLanguage":"ca"},{"@type":"Organization","@id":"https:\/\/eikonos.com\/ca\/#organization","name":"EIKONOS | Servicios Audiovisuales, eventos y alquiler de equipos","url":"https:\/\/eikonos.com\/ca\/","logo":{"@type":"ImageObject","inLanguage":"ca","@id":"https:\/\/eikonos.com\/ca\/#\/schema\/logo\/image\/","url":"https:\/\/eikonos.com\/wp-content\/uploads\/2020\/08\/logo-color.png","contentUrl":"https:\/\/eikonos.com\/wp-content\/uploads\/2020\/08\/logo-color.png","width":376,"height":122,"caption":"EIKONOS | Servicios Audiovisuales, eventos y alquiler de equipos"},"image":{"@id":"https:\/\/eikonos.com\/ca\/#\/schema\/logo\/image\/"},"sameAs":["http:\/\/www.facebook.com\/pages\/Eikonos\/176324785746790","https:\/\/x.com\/eikonos_sa","http:\/\/www.linkedin.com\/company\/eikonos","http:\/\/www.youtube.com\/channel\/UC8wcizWaAYbfsuqVf9wIT6w"]},{"@type":"Person","@id":"https:\/\/eikonos.com\/ca\/#\/schema\/person\/82032860cc314d826959b90595a5280a","name":"Xavi Eikonos","image":{"@type":"ImageObject","inLanguage":"ca","@id":"https:\/\/eikonos.com\/ca\/#\/schema\/person\/image\/","url":"https:\/\/secure.gravatar.com\/avatar\/a6c6b51dd0ac6902701aab24a914f6febe1518f94a5ae06db08b3d6107248dfd?s=96&d=mm&r=g","contentUrl":"https:\/\/secure.gravatar.com\/avatar\/a6c6b51dd0ac6902701aab24a914f6febe1518f94a5ae06db08b3d6107248dfd?s=96&d=mm&r=g","caption":"Xavi Eikonos"}}]}},"_links":{"self":[{"href":"https:\/\/eikonos.com\/ca\/wp-json\/wp\/v2\/posts\/2889","targetHints":{"allow":["GET"]}}],"collection":[{"href":"https:\/\/eikonos.com\/ca\/wp-json\/wp\/v2\/posts"}],"about":[{"href":"https:\/\/eikonos.com\/ca\/wp-json\/wp\/v2\/types\/post"}],"author":[{"embeddable":true,"href":"https:\/\/eikonos.com\/ca\/wp-json\/wp\/v2\/users\/6"}],"replies":[{"embeddable":true,"href":"https:\/\/eikonos.com\/ca\/wp-json\/wp\/v2\/comments?post=2889"}],"version-history":[{"count":0,"href":"https:\/\/eikonos.com\/ca\/wp-json\/wp\/v2\/posts\/2889\/revisions"}],"wp:featuredmedia":[{"embeddable":true,"href":"https:\/\/eikonos.com\/ca\/wp-json\/wp\/v2\/media\/2373"}],"wp:attachment":[{"href":"https:\/\/eikonos.com\/ca\/wp-json\/wp\/v2\/media?parent=2889"}],"wp:term":[{"taxonomy":"category","embeddable":true,"href":"https:\/\/eikonos.com\/ca\/wp-json\/wp\/v2\/categories?post=2889"},{"taxonomy":"post_tag","embeddable":true,"href":"https:\/\/eikonos.com\/ca\/wp-json\/wp\/v2\/tags?post=2889"}],"curies":[{"name":"wp","href":"https:\/\/api.w.org\/{rel}","templated":true}]}}