{"id":2883,"date":"2015-11-25T17:16:56","date_gmt":"2015-11-25T16:16:56","guid":{"rendered":"http:\/\/eikonos.com\/blog\/instalaciones-audiovisuales-en-espacios-historicos-y-el-respeto-por-el-patrimonio-2\/"},"modified":"2015-11-25T17:16:56","modified_gmt":"2015-11-25T16:16:56","slug":"intallacions-audiovisuals-en-espais-historics-i-el-respecte-per-el-patrimoni","status":"publish","type":"post","link":"https:\/\/eikonos.com\/ca\/blog\/intallacions-audiovisuals-en-espais-historics-i-el-respecte-per-el-patrimoni\/","title":{"rendered":"Instal\u2022lacions audiovisuals en espais hist\u00f2rics i el respecte per el patrimoni"},"content":{"rendered":"<p style=\"text-align: justify;\">S\u00f3n molts els diferents edificis hist\u00f2rics que han sigut reconvertit en les \u00faltimes d\u00e8cades per ser dedicats a l\u2019\u00e0mbit cultural. Antics hospitals, f\u00e0briques, catedrals&#8230; s\u00f3n nom\u00e9s alguns exemples d\u2019aix\u00f2. En tots aquests casos, s\u2019ha dut a terme una tasca de recuperaci\u00f3 d\u2019estructures, materials; a part d\u2019una adaptaci\u00f3 pel seu nou \u00fas.<\/p>\n<p style=\"text-align: justify;\">Gr\u00e0cies a aix\u00f2, avui tenim a la nostra disposici\u00f3<strong> <strong>llocs emblem\u00e0tics de la nostra hist\u00f2ria en els que podem desenvolupar\u00a0<\/strong><a title=\"Instalaciones audiovisuales\" href=\"https:\/\/eikonos.com\/servicios\/creacion-de-contenidos\/\" target=\"_blank\" rel=\"noopener noreferrer\">instal\u00b7lacions audiovisuals<\/a><\/strong>\u00a0<strong>e<\/strong>n esdeveniments o exposicions dints de la programaci\u00f3. Un treball en el que sempre s\u2019ha de prendre com a base el respecte pel patrimoni hist\u00f2ric i cultural del lloc.\u00a0<!--more--><\/p>\n<h2 style=\"text-align: justify;\"><span style=\"font-size: large;\"><span style=\"color: #ff0000;\">L&#8217;impacte de l&#8217;arquitectura en les instal\u00b7lacions audiovisuals<\/span><\/span><\/h2>\n<p style=\"text-align: justify;\">Una de les fortaleses amb les que comptem si desenvolupem un projecte en un espai hist\u00f2ric \u00e9s que la pr\u00f2pia arquitectura i fisonomia de l\u2019edifici influir\u00e0 poderosament en el resultat de les nostres instal\u00b7lacions audiovisuals. Si decidim fer un<a title=\"Mapping y proyecciones 3D\" href=\"https:\/\/eikonos.com\/portfolio_page\/mapping-y-proyecciones-3d\/\" target=\"_blank\" rel=\"noopener noreferrer\">\u00a0mapping o proyecciones 3D<\/a> sobre la fa\u00e7ana, per exemple, <strong>podem jugar amb les formes i textures per crear efectes diferents, provocant en el p\u00fablic sensacions noves. <\/strong>I \u00e9s que la relaci\u00f3 entre l\u2019obra art\u00edstica (independentment del tipus) i l\u2019espai \u00e9s crucial per la lectura que vulguem donar en el nostre projecte, all\u00f2 que vulguem comunicar a l\u2019espectador. L\u2019entorn ha de tenir una forta capacitat per amplificar o minimitzar el missatge, pel que s\u2019ha d\u2019estudiar en profunditzar quins matisos aportaran en el nostre cas concret.<\/p>\n<p style=\"text-align: justify;\">Un punt que tamb\u00e9 s\u2019ha de tenir en compte en aquest sentit \u00e9s <strong>la vinculaci\u00f3 que el p\u00fablic t\u00e9 amb l\u2019edifici o espai hist\u00f2ric <\/strong>en el que es dur\u00e0 a terme el projecte. La hist\u00f2ria del recinte de la ciutat, la programaci\u00f3 que es dur a terme en les seves muralles i la relaci\u00f3 que t\u00e9 la societat amb el lloc. Tot aix\u00f2 \u00e9s la clau pel resultat.<\/p>\n<p style=\"text-align: justify;\">Per tot aix\u00f2, quan pensem en instal\u00b7lacions audiovisuals en espais hist\u00f2rics hem de considerar com influeixen aquests en la nostra producci\u00f3, no nom\u00e9s a nivell macro, si no tamb\u00e9 micro. <strong>El conjunt de l\u2019edifici, per\u00f2 tamb\u00e9 la sala en la que s\u2019ubica, si \u00e9s el cas.<\/strong><\/p>\n<p style=\"text-align: justify;\">Aix\u00f2 pot estar referit <strong>no nom\u00e9s en una obra art\u00edstica, si no\u00a0<\/strong><strong><a title=\"La tecnolog\u00eda audiovisual como atracci\u00f3n tur\u00edstica\" href=\"https:\/\/eikonos.com\/blog\/la-tecnologia-audiovisual-como-atraccion-turistica-en-los-eventos-culturales\/\" target=\"_blank\" rel=\"noopener noreferrer\">tamb\u00e9 a un esdeveniment corporatiu, una jornada o qualsevol altre tipus d&#8217;esdeveniment.<\/a><\/strong>\u00a0Per exemple, en el cas de les projeccions, pot tractar-se d\u2019un v\u00eddeo en el que es mostri el treball realitzat durant l\u2019\u00faltim any.<\/p>\n<h2 style=\"text-align: justify;\"><span style=\"color: #ff0000;\">La protecci\u00f3 del nostre patrimoni, essencial\u00a0<\/span><\/h2>\n<p style=\"text-align: justify;\">Si ens hem de decidit per utilitzar un edifici singular, amb tot el pes de la seva hist\u00f2ria, per realitzar instal\u00b7lacions audiovisuals, <strong>\u00e9s important que tinguem molt en compte la protecci\u00f3 del patrimoni. <\/strong>En aquest punt, el m\u00e9s convenient \u00e9s acudir a la pr\u00f2pia instituci\u00f3 que gestiona tot el referent a l\u2019edifici per informar-nos com cal. El seu personal ser\u00e0 l\u2019encarregat de comentar el que es pugui i no fer. Si li queden dubtes, sempre es pot concertar una cita per resoldre-les i estar segur de que all\u00f2 que t\u00e9 en ment pot realitzar-se sense problemes.<\/p>\n<p style=\"text-align: justify;\">En qualsevol cas, sempre <strong>s\u00f3n les instal\u00b7lacions audiovisuals les que s\u2019adapten a l\u2019entorn i a les possibilitats t\u00e8cniques en cada cas. <\/strong>La seva versatilitat proporciona la tranquil\u00b7litat necess\u00e0ria per saber que d\u2019una manera o d\u2019una altra, l\u2019ess\u00e8ncia de les nostres idees podr\u00e0 transmetre\u2019s. A m\u00e9s a m\u00e9s, la diversitat d\u2019opcions i la flexibilitat que ofereixen juguen al nostre favor per treure el suc possible a l\u2019espai hist\u00f2ric en el que estiguin emmarcats.<\/p>\n<p>&nbsp;<\/p>\n<p>&nbsp;<\/p>\n","protected":false},"excerpt":{"rendered":"<p>S\u00f3n molts els diferents edificis hist\u00f2rics que han sigut reconvertit en les \u00faltimes d\u00e8cades per&#8230;<\/p>\n","protected":false},"author":6,"featured_media":2397,"comment_status":"open","ping_status":"open","sticky":false,"template":"","format":"standard","meta":{"_acf_changed":false,"footnotes":""},"categories":[260,255],"tags":[364],"class_list":["post-2883","post","type-post","status-publish","format-standard","has-post-thumbnail","hentry","category-esdeveniments-audiovisuals","category-installacions-fixes","tag-installacions-audiovisuals"],"acf":[],"yoast_head":"<!-- This site is optimized with the Yoast SEO plugin v26.3 - https:\/\/yoast.com\/wordpress\/plugins\/seo\/ -->\n<title>instal\u00b7lacions audiovisuals en espais hist\u00f2rics<\/title>\n<meta name=\"description\" content=\"En les instal\u00b7lacions audiovisuals en espais hist\u00f2rics cal aprofitar els matissos que ens proporciona l&#039;entorn per aconseguir efectes.\" \/>\n<meta name=\"robots\" content=\"index, follow, max-snippet:-1, max-image-preview:large, max-video-preview:-1\" \/>\n<link rel=\"canonical\" href=\"https:\/\/eikonos.com\/ca\/blog\/intallacions-audiovisuals-en-espais-historics-i-el-respecte-per-el-patrimoni\/\" \/>\n<meta property=\"og:locale\" content=\"ca_ES\" \/>\n<meta property=\"og:type\" content=\"article\" \/>\n<meta property=\"og:title\" content=\"instal\u00b7lacions audiovisuals en espais hist\u00f2rics\" \/>\n<meta property=\"og:description\" content=\"En les instal\u00b7lacions audiovisuals en espais hist\u00f2rics cal aprofitar els matissos que ens proporciona l&#039;entorn per aconseguir efectes.\" \/>\n<meta property=\"og:url\" content=\"https:\/\/eikonos.com\/ca\/blog\/intallacions-audiovisuals-en-espais-historics-i-el-respecte-per-el-patrimoni\/\" \/>\n<meta property=\"og:site_name\" content=\"EIKONOS\" \/>\n<meta property=\"article:publisher\" content=\"http:\/\/www.facebook.com\/pages\/Eikonos\/176324785746790\" \/>\n<meta property=\"article:published_time\" content=\"2015-11-25T16:16:56+00:00\" \/>\n<meta property=\"og:image\" content=\"https:\/\/eikonos.com\/wp-content\/uploads\/2015\/11\/montaje-audiovisual.jpg\" \/>\n\t<meta property=\"og:image:width\" content=\"720\" \/>\n\t<meta property=\"og:image:height\" content=\"479\" \/>\n\t<meta property=\"og:image:type\" content=\"image\/jpeg\" \/>\n<meta name=\"author\" content=\"Xavi Eikonos\" \/>\n<meta name=\"twitter:card\" content=\"summary_large_image\" \/>\n<meta name=\"twitter:creator\" content=\"@eikonos_sa\" \/>\n<meta name=\"twitter:site\" content=\"@eikonos_sa\" \/>\n<meta name=\"twitter:label1\" content=\"Escrit per\" \/>\n\t<meta name=\"twitter:data1\" content=\"Xavi Eikonos\" \/>\n\t<meta name=\"twitter:label2\" content=\"Temps estimat de lectura\" \/>\n\t<meta name=\"twitter:data2\" content=\"3 minuts\" \/>\n<script type=\"application\/ld+json\" class=\"yoast-schema-graph\">{\"@context\":\"https:\/\/schema.org\",\"@graph\":[{\"@type\":\"Article\",\"@id\":\"https:\/\/eikonos.com\/ca\/blog\/intallacions-audiovisuals-en-espais-historics-i-el-respecte-per-el-patrimoni\/#article\",\"isPartOf\":{\"@id\":\"https:\/\/eikonos.com\/ca\/blog\/intallacions-audiovisuals-en-espais-historics-i-el-respecte-per-el-patrimoni\/\"},\"author\":{\"name\":\"Xavi Eikonos\",\"@id\":\"https:\/\/eikonos.com\/ca\/#\/schema\/person\/82032860cc314d826959b90595a5280a\"},\"headline\":\"Instal\u2022lacions audiovisuals en espais hist\u00f2rics i el respecte per el patrimoni\",\"datePublished\":\"2015-11-25T16:16:56+00:00\",\"mainEntityOfPage\":{\"@id\":\"https:\/\/eikonos.com\/ca\/blog\/intallacions-audiovisuals-en-espais-historics-i-el-respecte-per-el-patrimoni\/\"},\"wordCount\":654,\"commentCount\":0,\"publisher\":{\"@id\":\"https:\/\/eikonos.com\/ca\/#organization\"},\"image\":{\"@id\":\"https:\/\/eikonos.com\/ca\/blog\/intallacions-audiovisuals-en-espais-historics-i-el-respecte-per-el-patrimoni\/#primaryimage\"},\"thumbnailUrl\":\"https:\/\/eikonos.com\/wp-content\/uploads\/2015\/11\/montaje-audiovisual.jpg\",\"keywords\":[\"Instal\u00b7lacions audiovisuals\"],\"articleSection\":[\"Esdeveniments audiovisuals\",\"Instal\u00b7lacions fixes\"],\"inLanguage\":\"ca\",\"potentialAction\":[{\"@type\":\"CommentAction\",\"name\":\"Comment\",\"target\":[\"https:\/\/eikonos.com\/ca\/blog\/intallacions-audiovisuals-en-espais-historics-i-el-respecte-per-el-patrimoni\/#respond\"]}]},{\"@type\":\"WebPage\",\"@id\":\"https:\/\/eikonos.com\/ca\/blog\/intallacions-audiovisuals-en-espais-historics-i-el-respecte-per-el-patrimoni\/\",\"url\":\"https:\/\/eikonos.com\/ca\/blog\/intallacions-audiovisuals-en-espais-historics-i-el-respecte-per-el-patrimoni\/\",\"name\":\"instal\u00b7lacions audiovisuals en espais hist\u00f2rics\",\"isPartOf\":{\"@id\":\"https:\/\/eikonos.com\/ca\/#website\"},\"primaryImageOfPage\":{\"@id\":\"https:\/\/eikonos.com\/ca\/blog\/intallacions-audiovisuals-en-espais-historics-i-el-respecte-per-el-patrimoni\/#primaryimage\"},\"image\":{\"@id\":\"https:\/\/eikonos.com\/ca\/blog\/intallacions-audiovisuals-en-espais-historics-i-el-respecte-per-el-patrimoni\/#primaryimage\"},\"thumbnailUrl\":\"https:\/\/eikonos.com\/wp-content\/uploads\/2015\/11\/montaje-audiovisual.jpg\",\"datePublished\":\"2015-11-25T16:16:56+00:00\",\"description\":\"En les instal\u00b7lacions audiovisuals en espais hist\u00f2rics cal aprofitar els matissos que ens proporciona l'entorn per aconseguir efectes.\",\"breadcrumb\":{\"@id\":\"https:\/\/eikonos.com\/ca\/blog\/intallacions-audiovisuals-en-espais-historics-i-el-respecte-per-el-patrimoni\/#breadcrumb\"},\"inLanguage\":\"ca\",\"potentialAction\":[{\"@type\":\"ReadAction\",\"target\":[\"https:\/\/eikonos.com\/ca\/blog\/intallacions-audiovisuals-en-espais-historics-i-el-respecte-per-el-patrimoni\/\"]}]},{\"@type\":\"ImageObject\",\"inLanguage\":\"ca\",\"@id\":\"https:\/\/eikonos.com\/ca\/blog\/intallacions-audiovisuals-en-espais-historics-i-el-respecte-per-el-patrimoni\/#primaryimage\",\"url\":\"https:\/\/eikonos.com\/wp-content\/uploads\/2015\/11\/montaje-audiovisual.jpg\",\"contentUrl\":\"https:\/\/eikonos.com\/wp-content\/uploads\/2015\/11\/montaje-audiovisual.jpg\",\"width\":720,\"height\":479},{\"@type\":\"BreadcrumbList\",\"@id\":\"https:\/\/eikonos.com\/ca\/blog\/intallacions-audiovisuals-en-espais-historics-i-el-respecte-per-el-patrimoni\/#breadcrumb\",\"itemListElement\":[{\"@type\":\"ListItem\",\"position\":1,\"name\":\"EIKONOS\",\"item\":\"https:\/\/eikonos.com\/ca\/inici\/\"},{\"@type\":\"ListItem\",\"position\":2,\"name\":\"Instal\u2022lacions audiovisuals en espais hist\u00f2rics i el respecte per el patrimoni\"}]},{\"@type\":\"WebSite\",\"@id\":\"https:\/\/eikonos.com\/ca\/#website\",\"url\":\"https:\/\/eikonos.com\/ca\/\",\"name\":\"EIKONOS\",\"description\":\"EXPERIENCIA AUDIOVISUAL\",\"publisher\":{\"@id\":\"https:\/\/eikonos.com\/ca\/#organization\"},\"potentialAction\":[{\"@type\":\"SearchAction\",\"target\":{\"@type\":\"EntryPoint\",\"urlTemplate\":\"https:\/\/eikonos.com\/ca\/?s={search_term_string}\"},\"query-input\":{\"@type\":\"PropertyValueSpecification\",\"valueRequired\":true,\"valueName\":\"search_term_string\"}}],\"inLanguage\":\"ca\"},{\"@type\":\"Organization\",\"@id\":\"https:\/\/eikonos.com\/ca\/#organization\",\"name\":\"EIKONOS | Servicios Audiovisuales, eventos y alquiler de equipos\",\"url\":\"https:\/\/eikonos.com\/ca\/\",\"logo\":{\"@type\":\"ImageObject\",\"inLanguage\":\"ca\",\"@id\":\"https:\/\/eikonos.com\/ca\/#\/schema\/logo\/image\/\",\"url\":\"https:\/\/eikonos.com\/wp-content\/uploads\/2020\/08\/logo-color.png\",\"contentUrl\":\"https:\/\/eikonos.com\/wp-content\/uploads\/2020\/08\/logo-color.png\",\"width\":376,\"height\":122,\"caption\":\"EIKONOS | Servicios Audiovisuales, eventos y alquiler de equipos\"},\"image\":{\"@id\":\"https:\/\/eikonos.com\/ca\/#\/schema\/logo\/image\/\"},\"sameAs\":[\"http:\/\/www.facebook.com\/pages\/Eikonos\/176324785746790\",\"https:\/\/x.com\/eikonos_sa\",\"http:\/\/www.linkedin.com\/company\/eikonos\",\"http:\/\/www.youtube.com\/channel\/UC8wcizWaAYbfsuqVf9wIT6w\"]},{\"@type\":\"Person\",\"@id\":\"https:\/\/eikonos.com\/ca\/#\/schema\/person\/82032860cc314d826959b90595a5280a\",\"name\":\"Xavi Eikonos\",\"image\":{\"@type\":\"ImageObject\",\"inLanguage\":\"ca\",\"@id\":\"https:\/\/eikonos.com\/ca\/#\/schema\/person\/image\/\",\"url\":\"https:\/\/secure.gravatar.com\/avatar\/a6c6b51dd0ac6902701aab24a914f6febe1518f94a5ae06db08b3d6107248dfd?s=96&d=mm&r=g\",\"contentUrl\":\"https:\/\/secure.gravatar.com\/avatar\/a6c6b51dd0ac6902701aab24a914f6febe1518f94a5ae06db08b3d6107248dfd?s=96&d=mm&r=g\",\"caption\":\"Xavi Eikonos\"}}]}<\/script>\n<!-- \/ Yoast SEO plugin. -->","yoast_head_json":{"title":"instal\u00b7lacions audiovisuals en espais hist\u00f2rics","description":"En les instal\u00b7lacions audiovisuals en espais hist\u00f2rics cal aprofitar els matissos que ens proporciona l'entorn per aconseguir efectes.","robots":{"index":"index","follow":"follow","max-snippet":"max-snippet:-1","max-image-preview":"max-image-preview:large","max-video-preview":"max-video-preview:-1"},"canonical":"https:\/\/eikonos.com\/ca\/blog\/intallacions-audiovisuals-en-espais-historics-i-el-respecte-per-el-patrimoni\/","og_locale":"ca_ES","og_type":"article","og_title":"instal\u00b7lacions audiovisuals en espais hist\u00f2rics","og_description":"En les instal\u00b7lacions audiovisuals en espais hist\u00f2rics cal aprofitar els matissos que ens proporciona l'entorn per aconseguir efectes.","og_url":"https:\/\/eikonos.com\/ca\/blog\/intallacions-audiovisuals-en-espais-historics-i-el-respecte-per-el-patrimoni\/","og_site_name":"EIKONOS","article_publisher":"http:\/\/www.facebook.com\/pages\/Eikonos\/176324785746790","article_published_time":"2015-11-25T16:16:56+00:00","og_image":[{"width":720,"height":479,"url":"https:\/\/eikonos.com\/wp-content\/uploads\/2015\/11\/montaje-audiovisual.jpg","type":"image\/jpeg"}],"author":"Xavi Eikonos","twitter_card":"summary_large_image","twitter_creator":"@eikonos_sa","twitter_site":"@eikonos_sa","twitter_misc":{"Escrit per":"Xavi Eikonos","Temps estimat de lectura":"3 minuts"},"schema":{"@context":"https:\/\/schema.org","@graph":[{"@type":"Article","@id":"https:\/\/eikonos.com\/ca\/blog\/intallacions-audiovisuals-en-espais-historics-i-el-respecte-per-el-patrimoni\/#article","isPartOf":{"@id":"https:\/\/eikonos.com\/ca\/blog\/intallacions-audiovisuals-en-espais-historics-i-el-respecte-per-el-patrimoni\/"},"author":{"name":"Xavi Eikonos","@id":"https:\/\/eikonos.com\/ca\/#\/schema\/person\/82032860cc314d826959b90595a5280a"},"headline":"Instal\u2022lacions audiovisuals en espais hist\u00f2rics i el respecte per el patrimoni","datePublished":"2015-11-25T16:16:56+00:00","mainEntityOfPage":{"@id":"https:\/\/eikonos.com\/ca\/blog\/intallacions-audiovisuals-en-espais-historics-i-el-respecte-per-el-patrimoni\/"},"wordCount":654,"commentCount":0,"publisher":{"@id":"https:\/\/eikonos.com\/ca\/#organization"},"image":{"@id":"https:\/\/eikonos.com\/ca\/blog\/intallacions-audiovisuals-en-espais-historics-i-el-respecte-per-el-patrimoni\/#primaryimage"},"thumbnailUrl":"https:\/\/eikonos.com\/wp-content\/uploads\/2015\/11\/montaje-audiovisual.jpg","keywords":["Instal\u00b7lacions audiovisuals"],"articleSection":["Esdeveniments audiovisuals","Instal\u00b7lacions fixes"],"inLanguage":"ca","potentialAction":[{"@type":"CommentAction","name":"Comment","target":["https:\/\/eikonos.com\/ca\/blog\/intallacions-audiovisuals-en-espais-historics-i-el-respecte-per-el-patrimoni\/#respond"]}]},{"@type":"WebPage","@id":"https:\/\/eikonos.com\/ca\/blog\/intallacions-audiovisuals-en-espais-historics-i-el-respecte-per-el-patrimoni\/","url":"https:\/\/eikonos.com\/ca\/blog\/intallacions-audiovisuals-en-espais-historics-i-el-respecte-per-el-patrimoni\/","name":"instal\u00b7lacions audiovisuals en espais hist\u00f2rics","isPartOf":{"@id":"https:\/\/eikonos.com\/ca\/#website"},"primaryImageOfPage":{"@id":"https:\/\/eikonos.com\/ca\/blog\/intallacions-audiovisuals-en-espais-historics-i-el-respecte-per-el-patrimoni\/#primaryimage"},"image":{"@id":"https:\/\/eikonos.com\/ca\/blog\/intallacions-audiovisuals-en-espais-historics-i-el-respecte-per-el-patrimoni\/#primaryimage"},"thumbnailUrl":"https:\/\/eikonos.com\/wp-content\/uploads\/2015\/11\/montaje-audiovisual.jpg","datePublished":"2015-11-25T16:16:56+00:00","description":"En les instal\u00b7lacions audiovisuals en espais hist\u00f2rics cal aprofitar els matissos que ens proporciona l'entorn per aconseguir efectes.","breadcrumb":{"@id":"https:\/\/eikonos.com\/ca\/blog\/intallacions-audiovisuals-en-espais-historics-i-el-respecte-per-el-patrimoni\/#breadcrumb"},"inLanguage":"ca","potentialAction":[{"@type":"ReadAction","target":["https:\/\/eikonos.com\/ca\/blog\/intallacions-audiovisuals-en-espais-historics-i-el-respecte-per-el-patrimoni\/"]}]},{"@type":"ImageObject","inLanguage":"ca","@id":"https:\/\/eikonos.com\/ca\/blog\/intallacions-audiovisuals-en-espais-historics-i-el-respecte-per-el-patrimoni\/#primaryimage","url":"https:\/\/eikonos.com\/wp-content\/uploads\/2015\/11\/montaje-audiovisual.jpg","contentUrl":"https:\/\/eikonos.com\/wp-content\/uploads\/2015\/11\/montaje-audiovisual.jpg","width":720,"height":479},{"@type":"BreadcrumbList","@id":"https:\/\/eikonos.com\/ca\/blog\/intallacions-audiovisuals-en-espais-historics-i-el-respecte-per-el-patrimoni\/#breadcrumb","itemListElement":[{"@type":"ListItem","position":1,"name":"EIKONOS","item":"https:\/\/eikonos.com\/ca\/inici\/"},{"@type":"ListItem","position":2,"name":"Instal\u2022lacions audiovisuals en espais hist\u00f2rics i el respecte per el patrimoni"}]},{"@type":"WebSite","@id":"https:\/\/eikonos.com\/ca\/#website","url":"https:\/\/eikonos.com\/ca\/","name":"EIKONOS","description":"EXPERIENCIA AUDIOVISUAL","publisher":{"@id":"https:\/\/eikonos.com\/ca\/#organization"},"potentialAction":[{"@type":"SearchAction","target":{"@type":"EntryPoint","urlTemplate":"https:\/\/eikonos.com\/ca\/?s={search_term_string}"},"query-input":{"@type":"PropertyValueSpecification","valueRequired":true,"valueName":"search_term_string"}}],"inLanguage":"ca"},{"@type":"Organization","@id":"https:\/\/eikonos.com\/ca\/#organization","name":"EIKONOS | Servicios Audiovisuales, eventos y alquiler de equipos","url":"https:\/\/eikonos.com\/ca\/","logo":{"@type":"ImageObject","inLanguage":"ca","@id":"https:\/\/eikonos.com\/ca\/#\/schema\/logo\/image\/","url":"https:\/\/eikonos.com\/wp-content\/uploads\/2020\/08\/logo-color.png","contentUrl":"https:\/\/eikonos.com\/wp-content\/uploads\/2020\/08\/logo-color.png","width":376,"height":122,"caption":"EIKONOS | Servicios Audiovisuales, eventos y alquiler de equipos"},"image":{"@id":"https:\/\/eikonos.com\/ca\/#\/schema\/logo\/image\/"},"sameAs":["http:\/\/www.facebook.com\/pages\/Eikonos\/176324785746790","https:\/\/x.com\/eikonos_sa","http:\/\/www.linkedin.com\/company\/eikonos","http:\/\/www.youtube.com\/channel\/UC8wcizWaAYbfsuqVf9wIT6w"]},{"@type":"Person","@id":"https:\/\/eikonos.com\/ca\/#\/schema\/person\/82032860cc314d826959b90595a5280a","name":"Xavi Eikonos","image":{"@type":"ImageObject","inLanguage":"ca","@id":"https:\/\/eikonos.com\/ca\/#\/schema\/person\/image\/","url":"https:\/\/secure.gravatar.com\/avatar\/a6c6b51dd0ac6902701aab24a914f6febe1518f94a5ae06db08b3d6107248dfd?s=96&d=mm&r=g","contentUrl":"https:\/\/secure.gravatar.com\/avatar\/a6c6b51dd0ac6902701aab24a914f6febe1518f94a5ae06db08b3d6107248dfd?s=96&d=mm&r=g","caption":"Xavi Eikonos"}}]}},"_links":{"self":[{"href":"https:\/\/eikonos.com\/ca\/wp-json\/wp\/v2\/posts\/2883","targetHints":{"allow":["GET"]}}],"collection":[{"href":"https:\/\/eikonos.com\/ca\/wp-json\/wp\/v2\/posts"}],"about":[{"href":"https:\/\/eikonos.com\/ca\/wp-json\/wp\/v2\/types\/post"}],"author":[{"embeddable":true,"href":"https:\/\/eikonos.com\/ca\/wp-json\/wp\/v2\/users\/6"}],"replies":[{"embeddable":true,"href":"https:\/\/eikonos.com\/ca\/wp-json\/wp\/v2\/comments?post=2883"}],"version-history":[{"count":0,"href":"https:\/\/eikonos.com\/ca\/wp-json\/wp\/v2\/posts\/2883\/revisions"}],"wp:featuredmedia":[{"embeddable":true,"href":"https:\/\/eikonos.com\/ca\/wp-json\/wp\/v2\/media\/2397"}],"wp:attachment":[{"href":"https:\/\/eikonos.com\/ca\/wp-json\/wp\/v2\/media?parent=2883"}],"wp:term":[{"taxonomy":"category","embeddable":true,"href":"https:\/\/eikonos.com\/ca\/wp-json\/wp\/v2\/categories?post=2883"},{"taxonomy":"post_tag","embeddable":true,"href":"https:\/\/eikonos.com\/ca\/wp-json\/wp\/v2\/tags?post=2883"}],"curies":[{"name":"wp","href":"https:\/\/api.w.org\/{rel}","templated":true}]}}