{"id":2880,"date":"2015-11-26T16:42:17","date_gmt":"2015-11-26T15:42:17","guid":{"rendered":"http:\/\/eikonos.com\/blog\/eikonos-partner-audiovisual-de-palau-de-congressos-de-catalunya-en-el-premio-planeta-2015-2\/"},"modified":"2015-11-26T16:42:17","modified_gmt":"2015-11-26T15:42:17","slug":"eikonos-partner-audiovisual-de-palau-de-congressos-de-catalunya-en-el-premio-planeta-2015-2","status":"publish","type":"post","link":"https:\/\/eikonos.com\/ca\/blog\/eikonos-partner-audiovisual-de-palau-de-congressos-de-catalunya-en-el-premio-planeta-2015-2\/","title":{"rendered":"Eikonos, partner audiovisual de Palau de Congressos de Catalunya, en El Premi Planeta 2015"},"content":{"rendered":"<h2 style=\"text-align: justify;\"><span style=\"color: #ff0000;\">Premi Planeta 2015<\/span><\/h2>\n<p style=\"text-align: justify;\"><strong>Un altre any m\u00e9s Eikonos est\u00e0 present amb els seus serveis audiovisuals en<\/strong><a href=\"http:\/\/www.premioplaneta.es\/\"><strong>\u00a0El Premi Planeta<\/strong><\/a>, aquest any s\u2019ha celebrar en el\u00a0<a href=\"http:\/\/www.pcongresos.com\/\">Palau de Congressos de Catalunya<\/a>\u00a0el 15 d\u2019octubre. En aquesta edici\u00f3 la guanyadora va ser <strong>Alicia Gim\u00e9nez <\/strong>amb l\u2019obra \u201c<strong>Hombres desnudos\u201d <\/strong>i el finalista Daniel S\u00e1nchez amb \u201cLa isla de Alice\u201d, d\u2019un total de 486 obres presentades al concurs.<\/p>\n<p style=\"text-align: justify;\">La persona de producci\u00f3 de la casa encarregada de l\u2019esdeveniment va realitzar una assessoria t\u00e8cnica pr\u00e8via al client per con\u00e8ixer les seves necessitats i les caracter\u00edstiques f\u00edsiques de l\u2019espai per decidir el material audiovisual necessari i el servei t\u00e8cnic requerit. Despr\u00e9s de con\u00e8ixer la tipologia d\u2019esdeveniment, es va decidir utilitzar <strong>3 projectors Christie Boxer 30.000 l\u00famens 4K <\/strong>amb les <strong>\u00f2ptiques <\/strong>de <strong>1.34K<\/strong> que projectaven els diferents continguts (directe de c\u00e0meres, v\u00eddeos, logos, llibres, presentacions dels speakers, etc.) a <strong>tres pantalles de 6.33 x 3.4 metres. <\/strong>A m\u00e9s a m\u00e9s, es van emprar <strong>5 c\u00e0meres Panasonic HD <\/strong>i es van coordinar tots aquests elements audiovisuals amb el <strong>processador d\u2019imatge Spyder x20.<\/strong><\/p>\n<p style=\"text-align: justify;\">La perseveran\u00e7a en el nostre treball i l\u2019atenci\u00f3 personalitzada van ser dos dels factor clau per a que Interprofit, el nostre client, confi\u00e9s en tot moment amb nosaltres. El <strong>resultat final de l\u2019esdeveniment cultural de tal magnitud va ser gratificant, en el que la gesti\u00f3 i l\u2019organitzaci\u00f3 de l\u2019equip va ser fonamental per a que l\u2019execuci\u00f3 fos impecable.\u00a0<\/strong><\/p>\n<h2 style=\"text-align: justify;\"><span style=\"color: #ff0000;\">Relaci\u00f3 de Palau de Congressos de Catalunya i Eikonos<\/span><\/h2>\n<p style=\"text-align: justify;\">Palau de Congressos de Catalunya i Eikonos van decidir establir una relaci\u00f3 de confian\u00e7a i convertir-se en partners. Per aquest motiu, els serveis oferts per Eikonos a Palau PCC s\u00f3n l<strong>\u2019<strong>assessorament i la consultoria t\u00e8cnica audiovisual, el subministrament, el lloguer i la venta\u00a0<\/strong><a href=\"https:\/\/eikonos.com\/servicios\/alquiler-de-equipos\/\">equipaments audiovisuals<\/a>\u00a0per a qualsevol tipus d&#8217;esdeveniment, la <a href=\"https:\/\/eikonos.com\/portfolio_page\/realizaciones-en-directo\/\">realitzaci\u00f3 de directes<\/a>\u00a0i el <a href=\"https:\/\/eikonos.com\/portfolio_page\/streaming\/\">streaming<\/a>.\u00a0<strong>Incloent l\u2019assist\u00e8ncia i el control durant el muntatge i desmuntatge.\u00a0<\/strong><\/strong><\/p>\n<p style=\"text-align: justify;\">A part d\u2019aquests serveis relacionats amb el esdeveniment audiovisuals, tamb\u00e9 tenim experi\u00e8ncia en\u00a0\u00a0<a href=\"https:\/\/eikonos.com\/servicios\/instalaciones-fijas\/\">instal\u00b7laacions fixes<\/a>\u00a0(instal\u00b7lacions corporatives, exposicions, stands i museus) i en la\u00a0<a href=\"https:\/\/eikonos.com\/servicios\/creacion-de-contenidos\/\">creaci\u00f3 de continguts<\/a>\u00a0(mapping i projeccions 3D, realitat augmentada, interactius, timelapse, gravacions i postproducci\u00f3 de v\u00eddeos, escenografia i disseny gr\u00e0fic i web).<\/p>\n<p>&nbsp;<\/p>\n<p>&nbsp;<\/p>\n","protected":false},"excerpt":{"rendered":"<p>Premi Planeta 2015 Un altre any m\u00e9s Eikonos est\u00e0 present amb els seus serveis audiovisuals&#8230;<\/p>\n","protected":false},"author":6,"featured_media":2421,"comment_status":"open","ping_status":"open","sticky":false,"template":"","format":"standard","meta":{"_acf_changed":false,"footnotes":""},"categories":[268,260],"tags":[],"class_list":["post-2880","post","type-post","status-publish","format-standard","has-post-thumbnail","hentry","category-eikonos-ca","category-esdeveniments-audiovisuals"],"acf":[],"yoast_head":"<!-- This site is optimized with the Yoast SEO plugin v26.3 - https:\/\/yoast.com\/wordpress\/plugins\/seo\/ -->\n<title>Eikonos, partner audiovisual de Palau CC, en Premi Planeta<\/title>\n<meta name=\"description\" content=\"Eikonos \u00e9s parner audiovisual de Palau de Congressos de Catalunya. Aquest any ha ofert els seus serveis audiovisuals per l&#039;esdeveniment de Premi Planeta 2015.\" \/>\n<meta name=\"robots\" content=\"index, follow, max-snippet:-1, max-image-preview:large, max-video-preview:-1\" \/>\n<link rel=\"canonical\" href=\"https:\/\/eikonos.com\/ca\/blog\/eikonos-partner-audiovisual-de-palau-de-congressos-de-catalunya-en-el-premio-planeta-2015-2\/\" \/>\n<meta property=\"og:locale\" content=\"ca_ES\" \/>\n<meta property=\"og:type\" content=\"article\" \/>\n<meta property=\"og:title\" content=\"Eikonos, partner audiovisual de Palau CC, en Premi Planeta\" \/>\n<meta property=\"og:description\" content=\"Eikonos \u00e9s parner audiovisual de Palau de Congressos de Catalunya. Aquest any ha ofert els seus serveis audiovisuals per l&#039;esdeveniment de Premi Planeta 2015.\" \/>\n<meta property=\"og:url\" content=\"https:\/\/eikonos.com\/ca\/blog\/eikonos-partner-audiovisual-de-palau-de-congressos-de-catalunya-en-el-premio-planeta-2015-2\/\" \/>\n<meta property=\"og:site_name\" content=\"EIKONOS\" \/>\n<meta property=\"article:publisher\" content=\"http:\/\/www.facebook.com\/pages\/Eikonos\/176324785746790\" \/>\n<meta property=\"article:published_time\" content=\"2015-11-26T15:42:17+00:00\" \/>\n<meta property=\"og:image\" content=\"https:\/\/eikonos.com\/wp-content\/uploads\/2015\/11\/Premio-Planeta-Eikonos.jpg\" \/>\n\t<meta property=\"og:image:width\" content=\"1600\" \/>\n\t<meta property=\"og:image:height\" content=\"1200\" \/>\n\t<meta property=\"og:image:type\" content=\"image\/jpeg\" \/>\n<meta name=\"author\" content=\"Xavi Eikonos\" \/>\n<meta name=\"twitter:card\" content=\"summary_large_image\" \/>\n<meta name=\"twitter:creator\" content=\"@eikonos_sa\" \/>\n<meta name=\"twitter:site\" content=\"@eikonos_sa\" \/>\n<meta name=\"twitter:label1\" content=\"Escrit per\" \/>\n\t<meta name=\"twitter:data1\" content=\"Xavi Eikonos\" \/>\n\t<meta name=\"twitter:label2\" content=\"Temps estimat de lectura\" \/>\n\t<meta name=\"twitter:data2\" content=\"2 minuts\" \/>\n<script type=\"application\/ld+json\" class=\"yoast-schema-graph\">{\"@context\":\"https:\/\/schema.org\",\"@graph\":[{\"@type\":\"Article\",\"@id\":\"https:\/\/eikonos.com\/ca\/blog\/eikonos-partner-audiovisual-de-palau-de-congressos-de-catalunya-en-el-premio-planeta-2015-2\/#article\",\"isPartOf\":{\"@id\":\"https:\/\/eikonos.com\/ca\/blog\/eikonos-partner-audiovisual-de-palau-de-congressos-de-catalunya-en-el-premio-planeta-2015-2\/\"},\"author\":{\"name\":\"Xavi Eikonos\",\"@id\":\"https:\/\/eikonos.com\/ca\/#\/schema\/person\/82032860cc314d826959b90595a5280a\"},\"headline\":\"Eikonos, partner audiovisual de Palau de Congressos de Catalunya, en El Premi Planeta 2015\",\"datePublished\":\"2015-11-26T15:42:17+00:00\",\"mainEntityOfPage\":{\"@id\":\"https:\/\/eikonos.com\/ca\/blog\/eikonos-partner-audiovisual-de-palau-de-congressos-de-catalunya-en-el-premio-planeta-2015-2\/\"},\"wordCount\":406,\"commentCount\":0,\"publisher\":{\"@id\":\"https:\/\/eikonos.com\/ca\/#organization\"},\"image\":{\"@id\":\"https:\/\/eikonos.com\/ca\/blog\/eikonos-partner-audiovisual-de-palau-de-congressos-de-catalunya-en-el-premio-planeta-2015-2\/#primaryimage\"},\"thumbnailUrl\":\"https:\/\/eikonos.com\/wp-content\/uploads\/2015\/11\/Premio-Planeta-Eikonos.jpg\",\"articleSection\":[\"Eikonos\",\"Esdeveniments audiovisuals\"],\"inLanguage\":\"ca\",\"potentialAction\":[{\"@type\":\"CommentAction\",\"name\":\"Comment\",\"target\":[\"https:\/\/eikonos.com\/ca\/blog\/eikonos-partner-audiovisual-de-palau-de-congressos-de-catalunya-en-el-premio-planeta-2015-2\/#respond\"]}]},{\"@type\":\"WebPage\",\"@id\":\"https:\/\/eikonos.com\/ca\/blog\/eikonos-partner-audiovisual-de-palau-de-congressos-de-catalunya-en-el-premio-planeta-2015-2\/\",\"url\":\"https:\/\/eikonos.com\/ca\/blog\/eikonos-partner-audiovisual-de-palau-de-congressos-de-catalunya-en-el-premio-planeta-2015-2\/\",\"name\":\"Eikonos, partner audiovisual de Palau CC, en Premi Planeta\",\"isPartOf\":{\"@id\":\"https:\/\/eikonos.com\/ca\/#website\"},\"primaryImageOfPage\":{\"@id\":\"https:\/\/eikonos.com\/ca\/blog\/eikonos-partner-audiovisual-de-palau-de-congressos-de-catalunya-en-el-premio-planeta-2015-2\/#primaryimage\"},\"image\":{\"@id\":\"https:\/\/eikonos.com\/ca\/blog\/eikonos-partner-audiovisual-de-palau-de-congressos-de-catalunya-en-el-premio-planeta-2015-2\/#primaryimage\"},\"thumbnailUrl\":\"https:\/\/eikonos.com\/wp-content\/uploads\/2015\/11\/Premio-Planeta-Eikonos.jpg\",\"datePublished\":\"2015-11-26T15:42:17+00:00\",\"description\":\"Eikonos \u00e9s parner audiovisual de Palau de Congressos de Catalunya. Aquest any ha ofert els seus serveis audiovisuals per l'esdeveniment de Premi Planeta 2015.\",\"breadcrumb\":{\"@id\":\"https:\/\/eikonos.com\/ca\/blog\/eikonos-partner-audiovisual-de-palau-de-congressos-de-catalunya-en-el-premio-planeta-2015-2\/#breadcrumb\"},\"inLanguage\":\"ca\",\"potentialAction\":[{\"@type\":\"ReadAction\",\"target\":[\"https:\/\/eikonos.com\/ca\/blog\/eikonos-partner-audiovisual-de-palau-de-congressos-de-catalunya-en-el-premio-planeta-2015-2\/\"]}]},{\"@type\":\"ImageObject\",\"inLanguage\":\"ca\",\"@id\":\"https:\/\/eikonos.com\/ca\/blog\/eikonos-partner-audiovisual-de-palau-de-congressos-de-catalunya-en-el-premio-planeta-2015-2\/#primaryimage\",\"url\":\"https:\/\/eikonos.com\/wp-content\/uploads\/2015\/11\/Premio-Planeta-Eikonos.jpg\",\"contentUrl\":\"https:\/\/eikonos.com\/wp-content\/uploads\/2015\/11\/Premio-Planeta-Eikonos.jpg\",\"width\":1600,\"height\":1200,\"caption\":\"Servicios audiovisuales realizados por Eikonos como partner audiovisual de Palau de Congressos de Catalunya.\"},{\"@type\":\"BreadcrumbList\",\"@id\":\"https:\/\/eikonos.com\/ca\/blog\/eikonos-partner-audiovisual-de-palau-de-congressos-de-catalunya-en-el-premio-planeta-2015-2\/#breadcrumb\",\"itemListElement\":[{\"@type\":\"ListItem\",\"position\":1,\"name\":\"EIKONOS\",\"item\":\"https:\/\/eikonos.com\/ca\/inici\/\"},{\"@type\":\"ListItem\",\"position\":2,\"name\":\"Eikonos, partner audiovisual de Palau de Congressos de Catalunya, en El Premi Planeta 2015\"}]},{\"@type\":\"WebSite\",\"@id\":\"https:\/\/eikonos.com\/ca\/#website\",\"url\":\"https:\/\/eikonos.com\/ca\/\",\"name\":\"EIKONOS\",\"description\":\"EXPERIENCIA AUDIOVISUAL\",\"publisher\":{\"@id\":\"https:\/\/eikonos.com\/ca\/#organization\"},\"potentialAction\":[{\"@type\":\"SearchAction\",\"target\":{\"@type\":\"EntryPoint\",\"urlTemplate\":\"https:\/\/eikonos.com\/ca\/?s={search_term_string}\"},\"query-input\":{\"@type\":\"PropertyValueSpecification\",\"valueRequired\":true,\"valueName\":\"search_term_string\"}}],\"inLanguage\":\"ca\"},{\"@type\":\"Organization\",\"@id\":\"https:\/\/eikonos.com\/ca\/#organization\",\"name\":\"EIKONOS | Servicios Audiovisuales, eventos y alquiler de equipos\",\"url\":\"https:\/\/eikonos.com\/ca\/\",\"logo\":{\"@type\":\"ImageObject\",\"inLanguage\":\"ca\",\"@id\":\"https:\/\/eikonos.com\/ca\/#\/schema\/logo\/image\/\",\"url\":\"https:\/\/eikonos.com\/wp-content\/uploads\/2020\/08\/logo-color.png\",\"contentUrl\":\"https:\/\/eikonos.com\/wp-content\/uploads\/2020\/08\/logo-color.png\",\"width\":376,\"height\":122,\"caption\":\"EIKONOS | Servicios Audiovisuales, eventos y alquiler de equipos\"},\"image\":{\"@id\":\"https:\/\/eikonos.com\/ca\/#\/schema\/logo\/image\/\"},\"sameAs\":[\"http:\/\/www.facebook.com\/pages\/Eikonos\/176324785746790\",\"https:\/\/x.com\/eikonos_sa\",\"http:\/\/www.linkedin.com\/company\/eikonos\",\"http:\/\/www.youtube.com\/channel\/UC8wcizWaAYbfsuqVf9wIT6w\"]},{\"@type\":\"Person\",\"@id\":\"https:\/\/eikonos.com\/ca\/#\/schema\/person\/82032860cc314d826959b90595a5280a\",\"name\":\"Xavi Eikonos\",\"image\":{\"@type\":\"ImageObject\",\"inLanguage\":\"ca\",\"@id\":\"https:\/\/eikonos.com\/ca\/#\/schema\/person\/image\/\",\"url\":\"https:\/\/secure.gravatar.com\/avatar\/a6c6b51dd0ac6902701aab24a914f6febe1518f94a5ae06db08b3d6107248dfd?s=96&d=mm&r=g\",\"contentUrl\":\"https:\/\/secure.gravatar.com\/avatar\/a6c6b51dd0ac6902701aab24a914f6febe1518f94a5ae06db08b3d6107248dfd?s=96&d=mm&r=g\",\"caption\":\"Xavi Eikonos\"}}]}<\/script>\n<!-- \/ Yoast SEO plugin. -->","yoast_head_json":{"title":"Eikonos, partner audiovisual de Palau CC, en Premi Planeta","description":"Eikonos \u00e9s parner audiovisual de Palau de Congressos de Catalunya. Aquest any ha ofert els seus serveis audiovisuals per l'esdeveniment de Premi Planeta 2015.","robots":{"index":"index","follow":"follow","max-snippet":"max-snippet:-1","max-image-preview":"max-image-preview:large","max-video-preview":"max-video-preview:-1"},"canonical":"https:\/\/eikonos.com\/ca\/blog\/eikonos-partner-audiovisual-de-palau-de-congressos-de-catalunya-en-el-premio-planeta-2015-2\/","og_locale":"ca_ES","og_type":"article","og_title":"Eikonos, partner audiovisual de Palau CC, en Premi Planeta","og_description":"Eikonos \u00e9s parner audiovisual de Palau de Congressos de Catalunya. Aquest any ha ofert els seus serveis audiovisuals per l'esdeveniment de Premi Planeta 2015.","og_url":"https:\/\/eikonos.com\/ca\/blog\/eikonos-partner-audiovisual-de-palau-de-congressos-de-catalunya-en-el-premio-planeta-2015-2\/","og_site_name":"EIKONOS","article_publisher":"http:\/\/www.facebook.com\/pages\/Eikonos\/176324785746790","article_published_time":"2015-11-26T15:42:17+00:00","og_image":[{"width":1600,"height":1200,"url":"https:\/\/eikonos.com\/wp-content\/uploads\/2015\/11\/Premio-Planeta-Eikonos.jpg","type":"image\/jpeg"}],"author":"Xavi Eikonos","twitter_card":"summary_large_image","twitter_creator":"@eikonos_sa","twitter_site":"@eikonos_sa","twitter_misc":{"Escrit per":"Xavi Eikonos","Temps estimat de lectura":"2 minuts"},"schema":{"@context":"https:\/\/schema.org","@graph":[{"@type":"Article","@id":"https:\/\/eikonos.com\/ca\/blog\/eikonos-partner-audiovisual-de-palau-de-congressos-de-catalunya-en-el-premio-planeta-2015-2\/#article","isPartOf":{"@id":"https:\/\/eikonos.com\/ca\/blog\/eikonos-partner-audiovisual-de-palau-de-congressos-de-catalunya-en-el-premio-planeta-2015-2\/"},"author":{"name":"Xavi Eikonos","@id":"https:\/\/eikonos.com\/ca\/#\/schema\/person\/82032860cc314d826959b90595a5280a"},"headline":"Eikonos, partner audiovisual de Palau de Congressos de Catalunya, en El Premi Planeta 2015","datePublished":"2015-11-26T15:42:17+00:00","mainEntityOfPage":{"@id":"https:\/\/eikonos.com\/ca\/blog\/eikonos-partner-audiovisual-de-palau-de-congressos-de-catalunya-en-el-premio-planeta-2015-2\/"},"wordCount":406,"commentCount":0,"publisher":{"@id":"https:\/\/eikonos.com\/ca\/#organization"},"image":{"@id":"https:\/\/eikonos.com\/ca\/blog\/eikonos-partner-audiovisual-de-palau-de-congressos-de-catalunya-en-el-premio-planeta-2015-2\/#primaryimage"},"thumbnailUrl":"https:\/\/eikonos.com\/wp-content\/uploads\/2015\/11\/Premio-Planeta-Eikonos.jpg","articleSection":["Eikonos","Esdeveniments audiovisuals"],"inLanguage":"ca","potentialAction":[{"@type":"CommentAction","name":"Comment","target":["https:\/\/eikonos.com\/ca\/blog\/eikonos-partner-audiovisual-de-palau-de-congressos-de-catalunya-en-el-premio-planeta-2015-2\/#respond"]}]},{"@type":"WebPage","@id":"https:\/\/eikonos.com\/ca\/blog\/eikonos-partner-audiovisual-de-palau-de-congressos-de-catalunya-en-el-premio-planeta-2015-2\/","url":"https:\/\/eikonos.com\/ca\/blog\/eikonos-partner-audiovisual-de-palau-de-congressos-de-catalunya-en-el-premio-planeta-2015-2\/","name":"Eikonos, partner audiovisual de Palau CC, en Premi Planeta","isPartOf":{"@id":"https:\/\/eikonos.com\/ca\/#website"},"primaryImageOfPage":{"@id":"https:\/\/eikonos.com\/ca\/blog\/eikonos-partner-audiovisual-de-palau-de-congressos-de-catalunya-en-el-premio-planeta-2015-2\/#primaryimage"},"image":{"@id":"https:\/\/eikonos.com\/ca\/blog\/eikonos-partner-audiovisual-de-palau-de-congressos-de-catalunya-en-el-premio-planeta-2015-2\/#primaryimage"},"thumbnailUrl":"https:\/\/eikonos.com\/wp-content\/uploads\/2015\/11\/Premio-Planeta-Eikonos.jpg","datePublished":"2015-11-26T15:42:17+00:00","description":"Eikonos \u00e9s parner audiovisual de Palau de Congressos de Catalunya. Aquest any ha ofert els seus serveis audiovisuals per l'esdeveniment de Premi Planeta 2015.","breadcrumb":{"@id":"https:\/\/eikonos.com\/ca\/blog\/eikonos-partner-audiovisual-de-palau-de-congressos-de-catalunya-en-el-premio-planeta-2015-2\/#breadcrumb"},"inLanguage":"ca","potentialAction":[{"@type":"ReadAction","target":["https:\/\/eikonos.com\/ca\/blog\/eikonos-partner-audiovisual-de-palau-de-congressos-de-catalunya-en-el-premio-planeta-2015-2\/"]}]},{"@type":"ImageObject","inLanguage":"ca","@id":"https:\/\/eikonos.com\/ca\/blog\/eikonos-partner-audiovisual-de-palau-de-congressos-de-catalunya-en-el-premio-planeta-2015-2\/#primaryimage","url":"https:\/\/eikonos.com\/wp-content\/uploads\/2015\/11\/Premio-Planeta-Eikonos.jpg","contentUrl":"https:\/\/eikonos.com\/wp-content\/uploads\/2015\/11\/Premio-Planeta-Eikonos.jpg","width":1600,"height":1200,"caption":"Servicios audiovisuales realizados por Eikonos como partner audiovisual de Palau de Congressos de Catalunya."},{"@type":"BreadcrumbList","@id":"https:\/\/eikonos.com\/ca\/blog\/eikonos-partner-audiovisual-de-palau-de-congressos-de-catalunya-en-el-premio-planeta-2015-2\/#breadcrumb","itemListElement":[{"@type":"ListItem","position":1,"name":"EIKONOS","item":"https:\/\/eikonos.com\/ca\/inici\/"},{"@type":"ListItem","position":2,"name":"Eikonos, partner audiovisual de Palau de Congressos de Catalunya, en El Premi Planeta 2015"}]},{"@type":"WebSite","@id":"https:\/\/eikonos.com\/ca\/#website","url":"https:\/\/eikonos.com\/ca\/","name":"EIKONOS","description":"EXPERIENCIA AUDIOVISUAL","publisher":{"@id":"https:\/\/eikonos.com\/ca\/#organization"},"potentialAction":[{"@type":"SearchAction","target":{"@type":"EntryPoint","urlTemplate":"https:\/\/eikonos.com\/ca\/?s={search_term_string}"},"query-input":{"@type":"PropertyValueSpecification","valueRequired":true,"valueName":"search_term_string"}}],"inLanguage":"ca"},{"@type":"Organization","@id":"https:\/\/eikonos.com\/ca\/#organization","name":"EIKONOS | Servicios Audiovisuales, eventos y alquiler de equipos","url":"https:\/\/eikonos.com\/ca\/","logo":{"@type":"ImageObject","inLanguage":"ca","@id":"https:\/\/eikonos.com\/ca\/#\/schema\/logo\/image\/","url":"https:\/\/eikonos.com\/wp-content\/uploads\/2020\/08\/logo-color.png","contentUrl":"https:\/\/eikonos.com\/wp-content\/uploads\/2020\/08\/logo-color.png","width":376,"height":122,"caption":"EIKONOS | Servicios Audiovisuales, eventos y alquiler de equipos"},"image":{"@id":"https:\/\/eikonos.com\/ca\/#\/schema\/logo\/image\/"},"sameAs":["http:\/\/www.facebook.com\/pages\/Eikonos\/176324785746790","https:\/\/x.com\/eikonos_sa","http:\/\/www.linkedin.com\/company\/eikonos","http:\/\/www.youtube.com\/channel\/UC8wcizWaAYbfsuqVf9wIT6w"]},{"@type":"Person","@id":"https:\/\/eikonos.com\/ca\/#\/schema\/person\/82032860cc314d826959b90595a5280a","name":"Xavi Eikonos","image":{"@type":"ImageObject","inLanguage":"ca","@id":"https:\/\/eikonos.com\/ca\/#\/schema\/person\/image\/","url":"https:\/\/secure.gravatar.com\/avatar\/a6c6b51dd0ac6902701aab24a914f6febe1518f94a5ae06db08b3d6107248dfd?s=96&d=mm&r=g","contentUrl":"https:\/\/secure.gravatar.com\/avatar\/a6c6b51dd0ac6902701aab24a914f6febe1518f94a5ae06db08b3d6107248dfd?s=96&d=mm&r=g","caption":"Xavi Eikonos"}}]}},"_links":{"self":[{"href":"https:\/\/eikonos.com\/ca\/wp-json\/wp\/v2\/posts\/2880","targetHints":{"allow":["GET"]}}],"collection":[{"href":"https:\/\/eikonos.com\/ca\/wp-json\/wp\/v2\/posts"}],"about":[{"href":"https:\/\/eikonos.com\/ca\/wp-json\/wp\/v2\/types\/post"}],"author":[{"embeddable":true,"href":"https:\/\/eikonos.com\/ca\/wp-json\/wp\/v2\/users\/6"}],"replies":[{"embeddable":true,"href":"https:\/\/eikonos.com\/ca\/wp-json\/wp\/v2\/comments?post=2880"}],"version-history":[{"count":0,"href":"https:\/\/eikonos.com\/ca\/wp-json\/wp\/v2\/posts\/2880\/revisions"}],"wp:featuredmedia":[{"embeddable":true,"href":"https:\/\/eikonos.com\/ca\/wp-json\/wp\/v2\/media\/2421"}],"wp:attachment":[{"href":"https:\/\/eikonos.com\/ca\/wp-json\/wp\/v2\/media?parent=2880"}],"wp:term":[{"taxonomy":"category","embeddable":true,"href":"https:\/\/eikonos.com\/ca\/wp-json\/wp\/v2\/categories?post=2880"},{"taxonomy":"post_tag","embeddable":true,"href":"https:\/\/eikonos.com\/ca\/wp-json\/wp\/v2\/tags?post=2880"}],"curies":[{"name":"wp","href":"https:\/\/api.w.org\/{rel}","templated":true}]}}