{"id":2877,"date":"2015-12-07T10:38:21","date_gmt":"2015-12-07T09:38:21","guid":{"rendered":"http:\/\/eikonos.com\/blog\/lloguer-dequips-audiovisuals-que-ajudin-a-una-productora-a-presentar-treballs-impecables-2\/"},"modified":"2015-12-07T10:38:21","modified_gmt":"2015-12-07T09:38:21","slug":"lloguer-dequips-audiovisuals-que-ajudin-a-una-productora-a-presentar-treballs-impecables","status":"publish","type":"post","link":"https:\/\/eikonos.com\/ca\/blog\/lloguer-dequips-audiovisuals-que-ajudin-a-una-productora-a-presentar-treballs-impecables\/","title":{"rendered":"Lloguer d\u2019equips audiovisuals que ajuden a una productora a presentar treballs impecables"},"content":{"rendered":"<p style=\"text-align: justify;\" align=\"LEFT\">Hi ha ocasions en els que una productora pot trobar-se en una situaci\u00f3 de necessitar llogar certs equips. Pel seu alt preu de compra, resulta una inversi\u00f3 que cal amortitzar. I si no saps quant \u00fas li pots donar, sempre \u00e9s millor dirigir-te al\u00a0<a title=\"Alquiler de equipos audiovisuales\" href=\"https:\/\/eikonos.com\/servicios\/alquiler-de-equipos\/\" target=\"_blank\" rel=\"noopener noreferrer\">lloguer d&#8217;equips audiovisuals<\/a>\u00a0com a f\u00f3rmula m\u00e0gica per <strong>aconseguir tot el necessari per desenvolupar i presentar els treballs de la millor manera possible. <\/strong>D\u2019aquesta manera, podr\u00e0s accedir a gran quantitat d\u2019equips t\u00e8cnics que et fa molt m\u00e9s senzilla la tasca, <a href=\"https:\/\/eikonos.com\/blog\/como-mala-postproduccion-de-video-echa-perder-pelicula\/\">tan de gravaci\u00f3 com d&#8217;edici\u00f3<\/a>.\u00a0La il\u00b7luminaci\u00f3, el so, un bon cablejat, els processadors, els port\u00e0tils, les mescladores, la projecci\u00f3&#8230; s\u00f3n nom\u00e9s alguns dels elements que pots optar per llogar.\u00a0<!--more--><\/p>\n<h2 style=\"text-align: justify;\" align=\"LEFT\"><span style=\"color: #ff0000;\">La salvaci\u00f3 per a les productores independents\u00a0<\/span><\/h2>\n<p style=\"text-align: justify;\">El m\u00f3n de la producci\u00f3 audiovisual pot ser molt complicat, sobre tot per totes aquelles petites productores independents. Aquestes han de saber com moure\u2019s <strong>entre projectes molt diferents entre s\u00ed que tenen necessitats t\u00e8cniques completament diferents. <\/strong>Abastar-ho tot amb materials propis seria realment dif\u00edcil. A m\u00e9s a m\u00e9s, moltes vegades es tracta d\u2019equips nom\u00e9s per un sol prop\u00f2sit, en principi, el qual fa que sigui un disparat fer una forta inversi\u00f3.<\/p>\n<p style=\"text-align: justify;\">Aquest tipus d\u2019empresa porta per ins\u00edgnia l\u2019alta la qualitat dels seus projectes, una cosa que s\u2019aconsegueix <strong>gr\u00e0cies a divers material t\u00e8cnic que els possibilita treballar per aconseguir els objectius est\u00e8tics i narratius que es persegueixen. <\/strong>Unes finalitats que poden assolir-se amb aquest baix cost si en lloc d\u2019optar per la compra d\u2019equips es contempla la possibilitat de llogar-lo, tan per dur a terme les gravacions amb la tipologia de c\u00e0mera m\u00e9s adequada, aix\u00ed com els sistemes de il\u00b7luminaci\u00f3 i so; com per a la postproducci\u00f3.<\/p>\n<h2 style=\"text-align: justify;\" align=\"LEFT\"><span style=\"color: #ff0000;\">Una ajuda per a les productores especialitzades<\/span><\/h2>\n<p style=\"text-align: justify;\">Unes altres de les beneficiades en el lloguer d\u2019equips audiovisuals s\u00f3n les productores especialitzades. Aquestes normalment es circumscriuen a un sol \u00e0mbit d\u2019actuaci\u00f3, per\u00f2 pot donar-se la circumst\u00e0ncia especial de que hagin de <strong>realitzar un determinat projecte per un dels seus clients <\/strong>o per un nou contacte que discerneixi per un nou cam\u00ed. En aquests casos, en lloc de comprar els equips per dur a terme un sol treball, sempre \u00e9s millor considerar el lloguer d\u2019equips que els ajudar\u00e0 a desenvolupar els seus projectes amb tota la qualitat que els caracteritza.<\/p>\n<h2 style=\"text-align: justify;\" align=\"LEFT\"><span style=\"color: #ff0000;\">Presentacions: moments en els que no s&#8217;ha d&#8217;escatimar<\/span><\/h2>\n<p style=\"text-align: justify;\">Les productores han de <strong>prestar especial import\u00e0ncia al moment en el que presenten els seus treballs. <\/strong>Els medis audiovisuals utilitzats \u00f2bviament poden influir en l\u2019experi\u00e8ncia dels assistents a la presentaci\u00f3. Els monitors, les multi pantalla, els projector&#8230; Tot aix\u00f2 pot jugar un paper important, donant espectacularitat al moment en el que el projecte sigui exposat davant del p\u00fablic pel que ha sigut creat. Potser sigui una presentaci\u00f3 per a una empresa, l\u2019organitzaci\u00f3 d\u2019un petit festival de cine o un acte en un centre cultural. Sigui quin sigui l\u2019entorn en el que tingui lloc, comptar amb els millors equips ens ajudar\u00e0 a mostrar el producte final de la millor manera possible.<\/p>\n<p style=\"text-align: justify;\"><strong>Les pantalles LED, per exemple, ofereixen gran format i alta capacitat lum\u00ednica. <\/strong>A m\u00e9s a m\u00e9s, poden fer-se servir tan per interior com exteriors (permeten una bona visualitzaci\u00f3 tot i les condicions adverses com el sol). Tamb\u00e9 podem tenir en compte els videowalls, les pantalles de plasma y TFT o l\u2019efectista opci\u00f3 del multi pantalla.<\/p>\n<p>&nbsp;<\/p>\n<p align=\"LEFT\">\n","protected":false},"excerpt":{"rendered":"<p>Hi ha ocasions en els que una productora pot trobar-se en una situaci\u00f3 de necessitar&#8230;<\/p>\n","protected":false},"author":6,"featured_media":2470,"comment_status":"open","ping_status":"open","sticky":false,"template":"","format":"standard","meta":{"_acf_changed":false,"footnotes":""},"categories":[262],"tags":[],"class_list":["post-2877","post","type-post","status-publish","format-standard","has-post-thumbnail","hentry","category-lloguer-dequips"],"acf":[],"yoast_head":"<!-- This site is optimized with the Yoast SEO plugin v26.3 - https:\/\/yoast.com\/wordpress\/plugins\/seo\/ -->\n<title>Lloguer d\u2019equips audiovisuals que ajuden a una productora a presentar treballs impecables<\/title>\n<meta name=\"description\" content=\"Lloguer d\u2019equips audiovisuals que ajuden a una productora a presentar treballs impecables. Estalvi en costos i tenir el material m\u00e9s adequat per a cada projecte.\" \/>\n<meta name=\"robots\" content=\"index, follow, max-snippet:-1, max-image-preview:large, max-video-preview:-1\" \/>\n<link rel=\"canonical\" href=\"https:\/\/eikonos.com\/ca\/blog\/lloguer-dequips-audiovisuals-que-ajudin-a-una-productora-a-presentar-treballs-impecables\/\" \/>\n<meta property=\"og:locale\" content=\"ca_ES\" \/>\n<meta property=\"og:type\" content=\"article\" \/>\n<meta property=\"og:title\" content=\"Lloguer d\u2019equips audiovisuals que ajuden a una productora a presentar treballs impecables\" \/>\n<meta property=\"og:description\" content=\"Lloguer d\u2019equips audiovisuals que ajuden a una productora a presentar treballs impecables. Estalvi en costos i tenir el material m\u00e9s adequat per a cada projecte.\" \/>\n<meta property=\"og:url\" content=\"https:\/\/eikonos.com\/ca\/blog\/lloguer-dequips-audiovisuals-que-ajudin-a-una-productora-a-presentar-treballs-impecables\/\" \/>\n<meta property=\"og:site_name\" content=\"EIKONOS\" \/>\n<meta property=\"article:publisher\" content=\"http:\/\/www.facebook.com\/pages\/Eikonos\/176324785746790\" \/>\n<meta property=\"article:published_time\" content=\"2015-12-07T09:38:21+00:00\" \/>\n<meta property=\"og:image\" content=\"https:\/\/eikonos.com\/wp-content\/uploads\/2015\/12\/equipos-audiovisuales.jpg\" \/>\n\t<meta property=\"og:image:width\" content=\"725\" \/>\n\t<meta property=\"og:image:height\" content=\"483\" \/>\n\t<meta property=\"og:image:type\" content=\"image\/jpeg\" \/>\n<meta name=\"author\" content=\"Xavi Eikonos\" \/>\n<meta name=\"twitter:card\" content=\"summary_large_image\" \/>\n<meta name=\"twitter:creator\" content=\"@eikonos_sa\" \/>\n<meta name=\"twitter:site\" content=\"@eikonos_sa\" \/>\n<meta name=\"twitter:label1\" content=\"Escrit per\" \/>\n\t<meta name=\"twitter:data1\" content=\"Xavi Eikonos\" \/>\n\t<meta name=\"twitter:label2\" content=\"Temps estimat de lectura\" \/>\n\t<meta name=\"twitter:data2\" content=\"3 minuts\" \/>\n<script type=\"application\/ld+json\" class=\"yoast-schema-graph\">{\"@context\":\"https:\/\/schema.org\",\"@graph\":[{\"@type\":\"Article\",\"@id\":\"https:\/\/eikonos.com\/ca\/blog\/lloguer-dequips-audiovisuals-que-ajudin-a-una-productora-a-presentar-treballs-impecables\/#article\",\"isPartOf\":{\"@id\":\"https:\/\/eikonos.com\/ca\/blog\/lloguer-dequips-audiovisuals-que-ajudin-a-una-productora-a-presentar-treballs-impecables\/\"},\"author\":{\"name\":\"Xavi Eikonos\",\"@id\":\"https:\/\/eikonos.com\/ca\/#\/schema\/person\/82032860cc314d826959b90595a5280a\"},\"headline\":\"Lloguer d\u2019equips audiovisuals que ajuden a una productora a presentar treballs impecables\",\"datePublished\":\"2015-12-07T09:38:21+00:00\",\"mainEntityOfPage\":{\"@id\":\"https:\/\/eikonos.com\/ca\/blog\/lloguer-dequips-audiovisuals-que-ajudin-a-una-productora-a-presentar-treballs-impecables\/\"},\"wordCount\":614,\"commentCount\":0,\"publisher\":{\"@id\":\"https:\/\/eikonos.com\/ca\/#organization\"},\"image\":{\"@id\":\"https:\/\/eikonos.com\/ca\/blog\/lloguer-dequips-audiovisuals-que-ajudin-a-una-productora-a-presentar-treballs-impecables\/#primaryimage\"},\"thumbnailUrl\":\"https:\/\/eikonos.com\/wp-content\/uploads\/2015\/12\/equipos-audiovisuales.jpg\",\"articleSection\":[\"Lloguer d'equips\"],\"inLanguage\":\"ca\",\"potentialAction\":[{\"@type\":\"CommentAction\",\"name\":\"Comment\",\"target\":[\"https:\/\/eikonos.com\/ca\/blog\/lloguer-dequips-audiovisuals-que-ajudin-a-una-productora-a-presentar-treballs-impecables\/#respond\"]}]},{\"@type\":\"WebPage\",\"@id\":\"https:\/\/eikonos.com\/ca\/blog\/lloguer-dequips-audiovisuals-que-ajudin-a-una-productora-a-presentar-treballs-impecables\/\",\"url\":\"https:\/\/eikonos.com\/ca\/blog\/lloguer-dequips-audiovisuals-que-ajudin-a-una-productora-a-presentar-treballs-impecables\/\",\"name\":\"Lloguer d\u2019equips audiovisuals que ajuden a una productora a presentar treballs impecables\",\"isPartOf\":{\"@id\":\"https:\/\/eikonos.com\/ca\/#website\"},\"primaryImageOfPage\":{\"@id\":\"https:\/\/eikonos.com\/ca\/blog\/lloguer-dequips-audiovisuals-que-ajudin-a-una-productora-a-presentar-treballs-impecables\/#primaryimage\"},\"image\":{\"@id\":\"https:\/\/eikonos.com\/ca\/blog\/lloguer-dequips-audiovisuals-que-ajudin-a-una-productora-a-presentar-treballs-impecables\/#primaryimage\"},\"thumbnailUrl\":\"https:\/\/eikonos.com\/wp-content\/uploads\/2015\/12\/equipos-audiovisuales.jpg\",\"datePublished\":\"2015-12-07T09:38:21+00:00\",\"description\":\"Lloguer d\u2019equips audiovisuals que ajuden a una productora a presentar treballs impecables. Estalvi en costos i tenir el material m\u00e9s adequat per a cada projecte.\",\"breadcrumb\":{\"@id\":\"https:\/\/eikonos.com\/ca\/blog\/lloguer-dequips-audiovisuals-que-ajudin-a-una-productora-a-presentar-treballs-impecables\/#breadcrumb\"},\"inLanguage\":\"ca\",\"potentialAction\":[{\"@type\":\"ReadAction\",\"target\":[\"https:\/\/eikonos.com\/ca\/blog\/lloguer-dequips-audiovisuals-que-ajudin-a-una-productora-a-presentar-treballs-impecables\/\"]}]},{\"@type\":\"ImageObject\",\"inLanguage\":\"ca\",\"@id\":\"https:\/\/eikonos.com\/ca\/blog\/lloguer-dequips-audiovisuals-que-ajudin-a-una-productora-a-presentar-treballs-impecables\/#primaryimage\",\"url\":\"https:\/\/eikonos.com\/wp-content\/uploads\/2015\/12\/equipos-audiovisuales.jpg\",\"contentUrl\":\"https:\/\/eikonos.com\/wp-content\/uploads\/2015\/12\/equipos-audiovisuales.jpg\",\"width\":725,\"height\":483,\"caption\":\"Alquilar equipos audiovisuales es muy pr\u00e1ctico para las productoras\"},{\"@type\":\"BreadcrumbList\",\"@id\":\"https:\/\/eikonos.com\/ca\/blog\/lloguer-dequips-audiovisuals-que-ajudin-a-una-productora-a-presentar-treballs-impecables\/#breadcrumb\",\"itemListElement\":[{\"@type\":\"ListItem\",\"position\":1,\"name\":\"EIKONOS\",\"item\":\"https:\/\/eikonos.com\/ca\/inici\/\"},{\"@type\":\"ListItem\",\"position\":2,\"name\":\"Lloguer d\u2019equips audiovisuals que ajuden a una productora a presentar treballs impecables\"}]},{\"@type\":\"WebSite\",\"@id\":\"https:\/\/eikonos.com\/ca\/#website\",\"url\":\"https:\/\/eikonos.com\/ca\/\",\"name\":\"EIKONOS\",\"description\":\"EXPERIENCIA AUDIOVISUAL\",\"publisher\":{\"@id\":\"https:\/\/eikonos.com\/ca\/#organization\"},\"potentialAction\":[{\"@type\":\"SearchAction\",\"target\":{\"@type\":\"EntryPoint\",\"urlTemplate\":\"https:\/\/eikonos.com\/ca\/?s={search_term_string}\"},\"query-input\":{\"@type\":\"PropertyValueSpecification\",\"valueRequired\":true,\"valueName\":\"search_term_string\"}}],\"inLanguage\":\"ca\"},{\"@type\":\"Organization\",\"@id\":\"https:\/\/eikonos.com\/ca\/#organization\",\"name\":\"EIKONOS | Servicios Audiovisuales, eventos y alquiler de equipos\",\"url\":\"https:\/\/eikonos.com\/ca\/\",\"logo\":{\"@type\":\"ImageObject\",\"inLanguage\":\"ca\",\"@id\":\"https:\/\/eikonos.com\/ca\/#\/schema\/logo\/image\/\",\"url\":\"https:\/\/eikonos.com\/wp-content\/uploads\/2020\/08\/logo-color.png\",\"contentUrl\":\"https:\/\/eikonos.com\/wp-content\/uploads\/2020\/08\/logo-color.png\",\"width\":376,\"height\":122,\"caption\":\"EIKONOS | Servicios Audiovisuales, eventos y alquiler de equipos\"},\"image\":{\"@id\":\"https:\/\/eikonos.com\/ca\/#\/schema\/logo\/image\/\"},\"sameAs\":[\"http:\/\/www.facebook.com\/pages\/Eikonos\/176324785746790\",\"https:\/\/x.com\/eikonos_sa\",\"http:\/\/www.linkedin.com\/company\/eikonos\",\"http:\/\/www.youtube.com\/channel\/UC8wcizWaAYbfsuqVf9wIT6w\"]},{\"@type\":\"Person\",\"@id\":\"https:\/\/eikonos.com\/ca\/#\/schema\/person\/82032860cc314d826959b90595a5280a\",\"name\":\"Xavi Eikonos\",\"image\":{\"@type\":\"ImageObject\",\"inLanguage\":\"ca\",\"@id\":\"https:\/\/eikonos.com\/ca\/#\/schema\/person\/image\/\",\"url\":\"https:\/\/secure.gravatar.com\/avatar\/a6c6b51dd0ac6902701aab24a914f6febe1518f94a5ae06db08b3d6107248dfd?s=96&d=mm&r=g\",\"contentUrl\":\"https:\/\/secure.gravatar.com\/avatar\/a6c6b51dd0ac6902701aab24a914f6febe1518f94a5ae06db08b3d6107248dfd?s=96&d=mm&r=g\",\"caption\":\"Xavi Eikonos\"}}]}<\/script>\n<!-- \/ Yoast SEO plugin. -->","yoast_head_json":{"title":"Lloguer d\u2019equips audiovisuals que ajuden a una productora a presentar treballs impecables","description":"Lloguer d\u2019equips audiovisuals que ajuden a una productora a presentar treballs impecables. Estalvi en costos i tenir el material m\u00e9s adequat per a cada projecte.","robots":{"index":"index","follow":"follow","max-snippet":"max-snippet:-1","max-image-preview":"max-image-preview:large","max-video-preview":"max-video-preview:-1"},"canonical":"https:\/\/eikonos.com\/ca\/blog\/lloguer-dequips-audiovisuals-que-ajudin-a-una-productora-a-presentar-treballs-impecables\/","og_locale":"ca_ES","og_type":"article","og_title":"Lloguer d\u2019equips audiovisuals que ajuden a una productora a presentar treballs impecables","og_description":"Lloguer d\u2019equips audiovisuals que ajuden a una productora a presentar treballs impecables. Estalvi en costos i tenir el material m\u00e9s adequat per a cada projecte.","og_url":"https:\/\/eikonos.com\/ca\/blog\/lloguer-dequips-audiovisuals-que-ajudin-a-una-productora-a-presentar-treballs-impecables\/","og_site_name":"EIKONOS","article_publisher":"http:\/\/www.facebook.com\/pages\/Eikonos\/176324785746790","article_published_time":"2015-12-07T09:38:21+00:00","og_image":[{"width":725,"height":483,"url":"https:\/\/eikonos.com\/wp-content\/uploads\/2015\/12\/equipos-audiovisuales.jpg","type":"image\/jpeg"}],"author":"Xavi Eikonos","twitter_card":"summary_large_image","twitter_creator":"@eikonos_sa","twitter_site":"@eikonos_sa","twitter_misc":{"Escrit per":"Xavi Eikonos","Temps estimat de lectura":"3 minuts"},"schema":{"@context":"https:\/\/schema.org","@graph":[{"@type":"Article","@id":"https:\/\/eikonos.com\/ca\/blog\/lloguer-dequips-audiovisuals-que-ajudin-a-una-productora-a-presentar-treballs-impecables\/#article","isPartOf":{"@id":"https:\/\/eikonos.com\/ca\/blog\/lloguer-dequips-audiovisuals-que-ajudin-a-una-productora-a-presentar-treballs-impecables\/"},"author":{"name":"Xavi Eikonos","@id":"https:\/\/eikonos.com\/ca\/#\/schema\/person\/82032860cc314d826959b90595a5280a"},"headline":"Lloguer d\u2019equips audiovisuals que ajuden a una productora a presentar treballs impecables","datePublished":"2015-12-07T09:38:21+00:00","mainEntityOfPage":{"@id":"https:\/\/eikonos.com\/ca\/blog\/lloguer-dequips-audiovisuals-que-ajudin-a-una-productora-a-presentar-treballs-impecables\/"},"wordCount":614,"commentCount":0,"publisher":{"@id":"https:\/\/eikonos.com\/ca\/#organization"},"image":{"@id":"https:\/\/eikonos.com\/ca\/blog\/lloguer-dequips-audiovisuals-que-ajudin-a-una-productora-a-presentar-treballs-impecables\/#primaryimage"},"thumbnailUrl":"https:\/\/eikonos.com\/wp-content\/uploads\/2015\/12\/equipos-audiovisuales.jpg","articleSection":["Lloguer d'equips"],"inLanguage":"ca","potentialAction":[{"@type":"CommentAction","name":"Comment","target":["https:\/\/eikonos.com\/ca\/blog\/lloguer-dequips-audiovisuals-que-ajudin-a-una-productora-a-presentar-treballs-impecables\/#respond"]}]},{"@type":"WebPage","@id":"https:\/\/eikonos.com\/ca\/blog\/lloguer-dequips-audiovisuals-que-ajudin-a-una-productora-a-presentar-treballs-impecables\/","url":"https:\/\/eikonos.com\/ca\/blog\/lloguer-dequips-audiovisuals-que-ajudin-a-una-productora-a-presentar-treballs-impecables\/","name":"Lloguer d\u2019equips audiovisuals que ajuden a una productora a presentar treballs impecables","isPartOf":{"@id":"https:\/\/eikonos.com\/ca\/#website"},"primaryImageOfPage":{"@id":"https:\/\/eikonos.com\/ca\/blog\/lloguer-dequips-audiovisuals-que-ajudin-a-una-productora-a-presentar-treballs-impecables\/#primaryimage"},"image":{"@id":"https:\/\/eikonos.com\/ca\/blog\/lloguer-dequips-audiovisuals-que-ajudin-a-una-productora-a-presentar-treballs-impecables\/#primaryimage"},"thumbnailUrl":"https:\/\/eikonos.com\/wp-content\/uploads\/2015\/12\/equipos-audiovisuales.jpg","datePublished":"2015-12-07T09:38:21+00:00","description":"Lloguer d\u2019equips audiovisuals que ajuden a una productora a presentar treballs impecables. Estalvi en costos i tenir el material m\u00e9s adequat per a cada projecte.","breadcrumb":{"@id":"https:\/\/eikonos.com\/ca\/blog\/lloguer-dequips-audiovisuals-que-ajudin-a-una-productora-a-presentar-treballs-impecables\/#breadcrumb"},"inLanguage":"ca","potentialAction":[{"@type":"ReadAction","target":["https:\/\/eikonos.com\/ca\/blog\/lloguer-dequips-audiovisuals-que-ajudin-a-una-productora-a-presentar-treballs-impecables\/"]}]},{"@type":"ImageObject","inLanguage":"ca","@id":"https:\/\/eikonos.com\/ca\/blog\/lloguer-dequips-audiovisuals-que-ajudin-a-una-productora-a-presentar-treballs-impecables\/#primaryimage","url":"https:\/\/eikonos.com\/wp-content\/uploads\/2015\/12\/equipos-audiovisuales.jpg","contentUrl":"https:\/\/eikonos.com\/wp-content\/uploads\/2015\/12\/equipos-audiovisuales.jpg","width":725,"height":483,"caption":"Alquilar equipos audiovisuales es muy pr\u00e1ctico para las productoras"},{"@type":"BreadcrumbList","@id":"https:\/\/eikonos.com\/ca\/blog\/lloguer-dequips-audiovisuals-que-ajudin-a-una-productora-a-presentar-treballs-impecables\/#breadcrumb","itemListElement":[{"@type":"ListItem","position":1,"name":"EIKONOS","item":"https:\/\/eikonos.com\/ca\/inici\/"},{"@type":"ListItem","position":2,"name":"Lloguer d\u2019equips audiovisuals que ajuden a una productora a presentar treballs impecables"}]},{"@type":"WebSite","@id":"https:\/\/eikonos.com\/ca\/#website","url":"https:\/\/eikonos.com\/ca\/","name":"EIKONOS","description":"EXPERIENCIA AUDIOVISUAL","publisher":{"@id":"https:\/\/eikonos.com\/ca\/#organization"},"potentialAction":[{"@type":"SearchAction","target":{"@type":"EntryPoint","urlTemplate":"https:\/\/eikonos.com\/ca\/?s={search_term_string}"},"query-input":{"@type":"PropertyValueSpecification","valueRequired":true,"valueName":"search_term_string"}}],"inLanguage":"ca"},{"@type":"Organization","@id":"https:\/\/eikonos.com\/ca\/#organization","name":"EIKONOS | Servicios Audiovisuales, eventos y alquiler de equipos","url":"https:\/\/eikonos.com\/ca\/","logo":{"@type":"ImageObject","inLanguage":"ca","@id":"https:\/\/eikonos.com\/ca\/#\/schema\/logo\/image\/","url":"https:\/\/eikonos.com\/wp-content\/uploads\/2020\/08\/logo-color.png","contentUrl":"https:\/\/eikonos.com\/wp-content\/uploads\/2020\/08\/logo-color.png","width":376,"height":122,"caption":"EIKONOS | Servicios Audiovisuales, eventos y alquiler de equipos"},"image":{"@id":"https:\/\/eikonos.com\/ca\/#\/schema\/logo\/image\/"},"sameAs":["http:\/\/www.facebook.com\/pages\/Eikonos\/176324785746790","https:\/\/x.com\/eikonos_sa","http:\/\/www.linkedin.com\/company\/eikonos","http:\/\/www.youtube.com\/channel\/UC8wcizWaAYbfsuqVf9wIT6w"]},{"@type":"Person","@id":"https:\/\/eikonos.com\/ca\/#\/schema\/person\/82032860cc314d826959b90595a5280a","name":"Xavi Eikonos","image":{"@type":"ImageObject","inLanguage":"ca","@id":"https:\/\/eikonos.com\/ca\/#\/schema\/person\/image\/","url":"https:\/\/secure.gravatar.com\/avatar\/a6c6b51dd0ac6902701aab24a914f6febe1518f94a5ae06db08b3d6107248dfd?s=96&d=mm&r=g","contentUrl":"https:\/\/secure.gravatar.com\/avatar\/a6c6b51dd0ac6902701aab24a914f6febe1518f94a5ae06db08b3d6107248dfd?s=96&d=mm&r=g","caption":"Xavi Eikonos"}}]}},"_links":{"self":[{"href":"https:\/\/eikonos.com\/ca\/wp-json\/wp\/v2\/posts\/2877","targetHints":{"allow":["GET"]}}],"collection":[{"href":"https:\/\/eikonos.com\/ca\/wp-json\/wp\/v2\/posts"}],"about":[{"href":"https:\/\/eikonos.com\/ca\/wp-json\/wp\/v2\/types\/post"}],"author":[{"embeddable":true,"href":"https:\/\/eikonos.com\/ca\/wp-json\/wp\/v2\/users\/6"}],"replies":[{"embeddable":true,"href":"https:\/\/eikonos.com\/ca\/wp-json\/wp\/v2\/comments?post=2877"}],"version-history":[{"count":0,"href":"https:\/\/eikonos.com\/ca\/wp-json\/wp\/v2\/posts\/2877\/revisions"}],"wp:featuredmedia":[{"embeddable":true,"href":"https:\/\/eikonos.com\/ca\/wp-json\/wp\/v2\/media\/2470"}],"wp:attachment":[{"href":"https:\/\/eikonos.com\/ca\/wp-json\/wp\/v2\/media?parent=2877"}],"wp:term":[{"taxonomy":"category","embeddable":true,"href":"https:\/\/eikonos.com\/ca\/wp-json\/wp\/v2\/categories?post=2877"},{"taxonomy":"post_tag","embeddable":true,"href":"https:\/\/eikonos.com\/ca\/wp-json\/wp\/v2\/tags?post=2877"}],"curies":[{"name":"wp","href":"https:\/\/api.w.org\/{rel}","templated":true}]}}