{"id":2854,"date":"2015-12-24T12:59:00","date_gmt":"2015-12-24T11:59:00","guid":{"rendered":"http:\/\/eikonos.com\/blog\/contenidos-interactivos-una-llave-para-rejuvenecer-los-museos-2\/"},"modified":"2015-12-24T12:59:00","modified_gmt":"2015-12-24T11:59:00","slug":"contingut-interactius-clau-per-rejovenir-museus","status":"publish","type":"post","link":"https:\/\/eikonos.com\/ca\/blog\/contingut-interactius-clau-per-rejovenir-museus\/","title":{"rendered":"Continguts interactius: una clau per rejovenir els museus"},"content":{"rendered":"<p style=\"text-align: justify;\">El m\u00f3n dels museus i les exposicions camina a passos agegantats i\u00a0 de les tradicionals visites s\u2019ha passat a un nou escenari en el que la interactivitat i el moviment han guanyat molta pres\u00e8ncia. La<strong><strong> creaci\u00f3 de\u00a0<\/strong><a href=\"https:\/\/eikonos.com\/portfolio_page\/interactivos\/\" target=\"_blank\" rel=\"noopener noreferrer\">contenguts interactius\u00a0<\/a><\/strong><strong>capa\u00e7os de multiplicar l\u2019impacta en les audi\u00e8ncies \u00e9s una pe\u00e7a clau <\/strong>per potenciar aquesta branca de la cultura i guanyar punts entre les noves generacions.<\/p>\n<p style=\"text-align: justify;\">De la m\u00e0 de les noves tecnologies han sorgit multitud d\u2019espais en els que el p\u00fablic m\u00e9s jove s\u2019ha convertit en l\u2019aut\u00e8ntic protagonista d\u2019unes experi\u00e8ncies capaces de deixar petjada. Una aporta per la innovaci\u00f3 i la creativitat que compta amb el recolzament dels professions de l\u2019educaci\u00f3 que han ressaltat l\u2019efectivitat d\u2019aquestes creacions en els programes d\u2019aprenentatge.<\/p>\n<p style=\"text-align: justify;\"><!--more--><\/p>\n<h2 style=\"text-align: justify;\"><span style=\"color: #ff0000;\">Creacions capaces de tenir impacte en els natius digitals<\/span><\/h2>\n<p style=\"text-align: justify;\">Els m\u00e9s petits de la casa s\u00f3n avui en dia natius digitals. <strong>Consumidors d\u2019un tipus d\u2019informaci\u00f3 que els hi arriba en formats molt diferents al que consumien els seus pares, a alta velocitat <\/strong>i a trav\u00e9s de m\u00faltiples formats presents en el seu dia a dia. Es tracta d\u2019una generaci\u00f3 exposada a centenars d\u2019est\u00edmuls que arriben en molts casos via Internet, una cosa que est\u00e0 obligant a la industria cultural a multiplicar el seus esfor\u00e7os creatius i el ingeni per poder arribar a aquesta jove audi\u00e8ncia, i m\u00e9s en la branca educativa.<\/p>\n<p style=\"text-align: justify;\">\u00a0<strong>Amb aquesta taulell de joc, la interactivitat a trav\u00e9s dels continguts \u00e9s una pe\u00e7a interessant ja que ent\u00e9n al p\u00fablic, en aquest cas el dels infants, com <strong>un receptor actiu dins del proc\u00e9s de la\u00a0<\/strong>\u00a0<a href=\"https:\/\/eikonos.com\" target=\"_blank\" rel=\"noopener noreferrer\">comunicaci\u00f3<\/a>\u00a0<strong>dels missatges i el convida a participar en ells.<\/strong><\/strong> Una forma de convertir a l\u2019espectador o al visitant a un museu en protagonista de la mostra, ja sigui a trav\u00e9s de la paraula, el moviment o plantejant din\u00e0miques que estan tenint interessants resultats en sales d\u2019exposicions o diferents tipus d\u2019esdeveniments en els que han estat presents.<\/p>\n<h2 style=\"text-align: justify;\"><span style=\"color: #ff0000;\">La interactivitat: una pe\u00e7a clau en l&#8217;educaci\u00f3 infantil<\/span><\/h2>\n<p style=\"text-align: justify;\">Tocant la pantalla, generant moviment per mitj\u00e0 d\u2019accions o responen i seguint les indicacions o passos oferts des de les pantalles, el m\u00f3n dels continguts audiovisuals ha obert <strong>noves possibilitats per adaptar-se al llenguatge dels m\u00e9s petits i rejovenir alguns espais cl\u00e0ssics com els museus. <\/strong>Una aposta interessant que est\u00e0 donant lloc a espais en els que la interactivitat ha passar de ser una an\u00e8cdota a convertir-se en senyal d\u2019identitat de les sales d\u2019exposici\u00f3 i en premissa obligat\u00f2ria per a que els creadors puguin presentar en elles els seus treball.<\/p>\n<p style=\"text-align: justify;\">En el cas de les produccions adaptades als m\u00e9s petits, la comunitat educativa ressalta alguns punts forts a favor dels continguts audiovisuals i l\u2019important paper que estan jugant en escenaris com els museus, entre els que destaquen algunes afirmacions com les seg\u00fcents:<\/p>\n<ul style=\"text-align: justify;\">\n<li>\u00a0Els museus es perfilem com espais interessants per l\u2019aprenentatge i la comunicaci\u00f3. <strong>La interactivitat en els continguts figura com una palanca divertida i amena<\/strong>per oferir als m\u00e9s petits coneixement en \u00e0rees com la ci\u00e8ncia, les matem\u00e0tiques o l\u2019art amb resultats destacats.<\/li>\n<li>Els continguts audiovisuals en un espai com el museus permeten portar als joves cap a un aprenentatge fora de la rutina, una forma d\u2019aprendre molt m\u00e9s informal. Es tracta d\u2019<strong>unes propostes en els que m\u00e9s enll\u00e0 de la vista, els infants poden tocar, manipular i entrar en un espai dirigit a despertat tots els seus sentits que facilita l\u2019aprenentatge <\/strong>trencant amb la rutina i les din\u00e0miques habituals de l\u2019aula.<\/li>\n<\/ul>\n","protected":false},"excerpt":{"rendered":"<p>El m\u00f3n dels museus i les exposicions camina a passos agegantats i\u00a0 de les tradicionals&#8230;<\/p>\n","protected":false},"author":6,"featured_media":2475,"comment_status":"open","ping_status":"open","sticky":false,"template":"","format":"standard","meta":{"_acf_changed":false,"footnotes":""},"categories":[257,255],"tags":[362],"class_list":["post-2854","post","type-post","status-publish","format-standard","has-post-thumbnail","hentry","category-creacio-de-continguts","category-installacions-fixes","tag-continguts-interactius"],"acf":[],"yoast_head":"<!-- This site is optimized with the Yoast SEO plugin v26.3 - https:\/\/yoast.com\/wordpress\/plugins\/seo\/ -->\n<title>Continguts interactius: una clau per rejovenir els museus<\/title>\n<meta name=\"description\" content=\"La comunitat educativa resalta el paper dels continguts interactius en la formaci\u00f3 i l&#039;aposta per escenaris com els museus per arribar als joves.\" \/>\n<meta name=\"robots\" content=\"index, follow, max-snippet:-1, max-image-preview:large, max-video-preview:-1\" \/>\n<link rel=\"canonical\" href=\"https:\/\/eikonos.com\/ca\/blog\/contingut-interactius-clau-per-rejovenir-museus\/\" \/>\n<meta property=\"og:locale\" content=\"ca_ES\" \/>\n<meta property=\"og:type\" content=\"article\" \/>\n<meta property=\"og:title\" content=\"Continguts interactius: una clau per rejovenir els museus\" \/>\n<meta property=\"og:description\" content=\"La comunitat educativa resalta el paper dels continguts interactius en la formaci\u00f3 i l&#039;aposta per escenaris com els museus per arribar als joves.\" \/>\n<meta property=\"og:url\" content=\"https:\/\/eikonos.com\/ca\/blog\/contingut-interactius-clau-per-rejovenir-museus\/\" \/>\n<meta property=\"og:site_name\" content=\"EIKONOS\" \/>\n<meta property=\"article:publisher\" content=\"http:\/\/www.facebook.com\/pages\/Eikonos\/176324785746790\" \/>\n<meta property=\"article:published_time\" content=\"2015-12-24T11:59:00+00:00\" \/>\n<meta property=\"og:image\" content=\"https:\/\/eikonos.com\/wp-content\/uploads\/2015\/12\/museo-interactivo.jpg\" \/>\n\t<meta property=\"og:image:width\" content=\"725\" \/>\n\t<meta property=\"og:image:height\" content=\"483\" \/>\n\t<meta property=\"og:image:type\" content=\"image\/jpeg\" \/>\n<meta name=\"author\" content=\"Xavi Eikonos\" \/>\n<meta name=\"twitter:card\" content=\"summary_large_image\" \/>\n<meta name=\"twitter:creator\" content=\"@eikonos_sa\" \/>\n<meta name=\"twitter:site\" content=\"@eikonos_sa\" \/>\n<meta name=\"twitter:label1\" content=\"Escrit per\" \/>\n\t<meta name=\"twitter:data1\" content=\"Xavi Eikonos\" \/>\n\t<meta name=\"twitter:label2\" content=\"Temps estimat de lectura\" \/>\n\t<meta name=\"twitter:data2\" content=\"3 minuts\" \/>\n<script type=\"application\/ld+json\" class=\"yoast-schema-graph\">{\"@context\":\"https:\/\/schema.org\",\"@graph\":[{\"@type\":\"Article\",\"@id\":\"https:\/\/eikonos.com\/ca\/blog\/contingut-interactius-clau-per-rejovenir-museus\/#article\",\"isPartOf\":{\"@id\":\"https:\/\/eikonos.com\/ca\/blog\/contingut-interactius-clau-per-rejovenir-museus\/\"},\"author\":{\"name\":\"Xavi Eikonos\",\"@id\":\"https:\/\/eikonos.com\/ca\/#\/schema\/person\/82032860cc314d826959b90595a5280a\"},\"headline\":\"Continguts interactius: una clau per rejovenir els museus\",\"datePublished\":\"2015-12-24T11:59:00+00:00\",\"mainEntityOfPage\":{\"@id\":\"https:\/\/eikonos.com\/ca\/blog\/contingut-interactius-clau-per-rejovenir-museus\/\"},\"wordCount\":637,\"commentCount\":0,\"publisher\":{\"@id\":\"https:\/\/eikonos.com\/ca\/#organization\"},\"image\":{\"@id\":\"https:\/\/eikonos.com\/ca\/blog\/contingut-interactius-clau-per-rejovenir-museus\/#primaryimage\"},\"thumbnailUrl\":\"https:\/\/eikonos.com\/wp-content\/uploads\/2015\/12\/museo-interactivo.jpg\",\"keywords\":[\"Continguts interactius\"],\"articleSection\":[\"Creaci\u00f3 de continguts\",\"Instal\u00b7lacions fixes\"],\"inLanguage\":\"ca\",\"potentialAction\":[{\"@type\":\"CommentAction\",\"name\":\"Comment\",\"target\":[\"https:\/\/eikonos.com\/ca\/blog\/contingut-interactius-clau-per-rejovenir-museus\/#respond\"]}]},{\"@type\":\"WebPage\",\"@id\":\"https:\/\/eikonos.com\/ca\/blog\/contingut-interactius-clau-per-rejovenir-museus\/\",\"url\":\"https:\/\/eikonos.com\/ca\/blog\/contingut-interactius-clau-per-rejovenir-museus\/\",\"name\":\"Continguts interactius: una clau per rejovenir els museus\",\"isPartOf\":{\"@id\":\"https:\/\/eikonos.com\/ca\/#website\"},\"primaryImageOfPage\":{\"@id\":\"https:\/\/eikonos.com\/ca\/blog\/contingut-interactius-clau-per-rejovenir-museus\/#primaryimage\"},\"image\":{\"@id\":\"https:\/\/eikonos.com\/ca\/blog\/contingut-interactius-clau-per-rejovenir-museus\/#primaryimage\"},\"thumbnailUrl\":\"https:\/\/eikonos.com\/wp-content\/uploads\/2015\/12\/museo-interactivo.jpg\",\"datePublished\":\"2015-12-24T11:59:00+00:00\",\"description\":\"La comunitat educativa resalta el paper dels continguts interactius en la formaci\u00f3 i l'aposta per escenaris com els museus per arribar als joves.\",\"breadcrumb\":{\"@id\":\"https:\/\/eikonos.com\/ca\/blog\/contingut-interactius-clau-per-rejovenir-museus\/#breadcrumb\"},\"inLanguage\":\"ca\",\"potentialAction\":[{\"@type\":\"ReadAction\",\"target\":[\"https:\/\/eikonos.com\/ca\/blog\/contingut-interactius-clau-per-rejovenir-museus\/\"]}]},{\"@type\":\"ImageObject\",\"inLanguage\":\"ca\",\"@id\":\"https:\/\/eikonos.com\/ca\/blog\/contingut-interactius-clau-per-rejovenir-museus\/#primaryimage\",\"url\":\"https:\/\/eikonos.com\/wp-content\/uploads\/2015\/12\/museo-interactivo.jpg\",\"contentUrl\":\"https:\/\/eikonos.com\/wp-content\/uploads\/2015\/12\/museo-interactivo.jpg\",\"width\":725,\"height\":483,\"caption\":\"Elementos audiovisuales para revitalizar museos\"},{\"@type\":\"BreadcrumbList\",\"@id\":\"https:\/\/eikonos.com\/ca\/blog\/contingut-interactius-clau-per-rejovenir-museus\/#breadcrumb\",\"itemListElement\":[{\"@type\":\"ListItem\",\"position\":1,\"name\":\"EIKONOS\",\"item\":\"https:\/\/eikonos.com\/ca\/inici\/\"},{\"@type\":\"ListItem\",\"position\":2,\"name\":\"Continguts interactius: una clau per rejovenir els museus\"}]},{\"@type\":\"WebSite\",\"@id\":\"https:\/\/eikonos.com\/ca\/#website\",\"url\":\"https:\/\/eikonos.com\/ca\/\",\"name\":\"EIKONOS\",\"description\":\"EXPERIENCIA AUDIOVISUAL\",\"publisher\":{\"@id\":\"https:\/\/eikonos.com\/ca\/#organization\"},\"potentialAction\":[{\"@type\":\"SearchAction\",\"target\":{\"@type\":\"EntryPoint\",\"urlTemplate\":\"https:\/\/eikonos.com\/ca\/?s={search_term_string}\"},\"query-input\":{\"@type\":\"PropertyValueSpecification\",\"valueRequired\":true,\"valueName\":\"search_term_string\"}}],\"inLanguage\":\"ca\"},{\"@type\":\"Organization\",\"@id\":\"https:\/\/eikonos.com\/ca\/#organization\",\"name\":\"EIKONOS | Servicios Audiovisuales, eventos y alquiler de equipos\",\"url\":\"https:\/\/eikonos.com\/ca\/\",\"logo\":{\"@type\":\"ImageObject\",\"inLanguage\":\"ca\",\"@id\":\"https:\/\/eikonos.com\/ca\/#\/schema\/logo\/image\/\",\"url\":\"https:\/\/eikonos.com\/wp-content\/uploads\/2020\/08\/logo-color.png\",\"contentUrl\":\"https:\/\/eikonos.com\/wp-content\/uploads\/2020\/08\/logo-color.png\",\"width\":376,\"height\":122,\"caption\":\"EIKONOS | Servicios Audiovisuales, eventos y alquiler de equipos\"},\"image\":{\"@id\":\"https:\/\/eikonos.com\/ca\/#\/schema\/logo\/image\/\"},\"sameAs\":[\"http:\/\/www.facebook.com\/pages\/Eikonos\/176324785746790\",\"https:\/\/x.com\/eikonos_sa\",\"http:\/\/www.linkedin.com\/company\/eikonos\",\"http:\/\/www.youtube.com\/channel\/UC8wcizWaAYbfsuqVf9wIT6w\"]},{\"@type\":\"Person\",\"@id\":\"https:\/\/eikonos.com\/ca\/#\/schema\/person\/82032860cc314d826959b90595a5280a\",\"name\":\"Xavi Eikonos\",\"image\":{\"@type\":\"ImageObject\",\"inLanguage\":\"ca\",\"@id\":\"https:\/\/eikonos.com\/ca\/#\/schema\/person\/image\/\",\"url\":\"https:\/\/secure.gravatar.com\/avatar\/a6c6b51dd0ac6902701aab24a914f6febe1518f94a5ae06db08b3d6107248dfd?s=96&d=mm&r=g\",\"contentUrl\":\"https:\/\/secure.gravatar.com\/avatar\/a6c6b51dd0ac6902701aab24a914f6febe1518f94a5ae06db08b3d6107248dfd?s=96&d=mm&r=g\",\"caption\":\"Xavi Eikonos\"}}]}<\/script>\n<!-- \/ Yoast SEO plugin. -->","yoast_head_json":{"title":"Continguts interactius: una clau per rejovenir els museus","description":"La comunitat educativa resalta el paper dels continguts interactius en la formaci\u00f3 i l'aposta per escenaris com els museus per arribar als joves.","robots":{"index":"index","follow":"follow","max-snippet":"max-snippet:-1","max-image-preview":"max-image-preview:large","max-video-preview":"max-video-preview:-1"},"canonical":"https:\/\/eikonos.com\/ca\/blog\/contingut-interactius-clau-per-rejovenir-museus\/","og_locale":"ca_ES","og_type":"article","og_title":"Continguts interactius: una clau per rejovenir els museus","og_description":"La comunitat educativa resalta el paper dels continguts interactius en la formaci\u00f3 i l'aposta per escenaris com els museus per arribar als joves.","og_url":"https:\/\/eikonos.com\/ca\/blog\/contingut-interactius-clau-per-rejovenir-museus\/","og_site_name":"EIKONOS","article_publisher":"http:\/\/www.facebook.com\/pages\/Eikonos\/176324785746790","article_published_time":"2015-12-24T11:59:00+00:00","og_image":[{"width":725,"height":483,"url":"https:\/\/eikonos.com\/wp-content\/uploads\/2015\/12\/museo-interactivo.jpg","type":"image\/jpeg"}],"author":"Xavi Eikonos","twitter_card":"summary_large_image","twitter_creator":"@eikonos_sa","twitter_site":"@eikonos_sa","twitter_misc":{"Escrit per":"Xavi Eikonos","Temps estimat de lectura":"3 minuts"},"schema":{"@context":"https:\/\/schema.org","@graph":[{"@type":"Article","@id":"https:\/\/eikonos.com\/ca\/blog\/contingut-interactius-clau-per-rejovenir-museus\/#article","isPartOf":{"@id":"https:\/\/eikonos.com\/ca\/blog\/contingut-interactius-clau-per-rejovenir-museus\/"},"author":{"name":"Xavi Eikonos","@id":"https:\/\/eikonos.com\/ca\/#\/schema\/person\/82032860cc314d826959b90595a5280a"},"headline":"Continguts interactius: una clau per rejovenir els museus","datePublished":"2015-12-24T11:59:00+00:00","mainEntityOfPage":{"@id":"https:\/\/eikonos.com\/ca\/blog\/contingut-interactius-clau-per-rejovenir-museus\/"},"wordCount":637,"commentCount":0,"publisher":{"@id":"https:\/\/eikonos.com\/ca\/#organization"},"image":{"@id":"https:\/\/eikonos.com\/ca\/blog\/contingut-interactius-clau-per-rejovenir-museus\/#primaryimage"},"thumbnailUrl":"https:\/\/eikonos.com\/wp-content\/uploads\/2015\/12\/museo-interactivo.jpg","keywords":["Continguts interactius"],"articleSection":["Creaci\u00f3 de continguts","Instal\u00b7lacions fixes"],"inLanguage":"ca","potentialAction":[{"@type":"CommentAction","name":"Comment","target":["https:\/\/eikonos.com\/ca\/blog\/contingut-interactius-clau-per-rejovenir-museus\/#respond"]}]},{"@type":"WebPage","@id":"https:\/\/eikonos.com\/ca\/blog\/contingut-interactius-clau-per-rejovenir-museus\/","url":"https:\/\/eikonos.com\/ca\/blog\/contingut-interactius-clau-per-rejovenir-museus\/","name":"Continguts interactius: una clau per rejovenir els museus","isPartOf":{"@id":"https:\/\/eikonos.com\/ca\/#website"},"primaryImageOfPage":{"@id":"https:\/\/eikonos.com\/ca\/blog\/contingut-interactius-clau-per-rejovenir-museus\/#primaryimage"},"image":{"@id":"https:\/\/eikonos.com\/ca\/blog\/contingut-interactius-clau-per-rejovenir-museus\/#primaryimage"},"thumbnailUrl":"https:\/\/eikonos.com\/wp-content\/uploads\/2015\/12\/museo-interactivo.jpg","datePublished":"2015-12-24T11:59:00+00:00","description":"La comunitat educativa resalta el paper dels continguts interactius en la formaci\u00f3 i l'aposta per escenaris com els museus per arribar als joves.","breadcrumb":{"@id":"https:\/\/eikonos.com\/ca\/blog\/contingut-interactius-clau-per-rejovenir-museus\/#breadcrumb"},"inLanguage":"ca","potentialAction":[{"@type":"ReadAction","target":["https:\/\/eikonos.com\/ca\/blog\/contingut-interactius-clau-per-rejovenir-museus\/"]}]},{"@type":"ImageObject","inLanguage":"ca","@id":"https:\/\/eikonos.com\/ca\/blog\/contingut-interactius-clau-per-rejovenir-museus\/#primaryimage","url":"https:\/\/eikonos.com\/wp-content\/uploads\/2015\/12\/museo-interactivo.jpg","contentUrl":"https:\/\/eikonos.com\/wp-content\/uploads\/2015\/12\/museo-interactivo.jpg","width":725,"height":483,"caption":"Elementos audiovisuales para revitalizar museos"},{"@type":"BreadcrumbList","@id":"https:\/\/eikonos.com\/ca\/blog\/contingut-interactius-clau-per-rejovenir-museus\/#breadcrumb","itemListElement":[{"@type":"ListItem","position":1,"name":"EIKONOS","item":"https:\/\/eikonos.com\/ca\/inici\/"},{"@type":"ListItem","position":2,"name":"Continguts interactius: una clau per rejovenir els museus"}]},{"@type":"WebSite","@id":"https:\/\/eikonos.com\/ca\/#website","url":"https:\/\/eikonos.com\/ca\/","name":"EIKONOS","description":"EXPERIENCIA AUDIOVISUAL","publisher":{"@id":"https:\/\/eikonos.com\/ca\/#organization"},"potentialAction":[{"@type":"SearchAction","target":{"@type":"EntryPoint","urlTemplate":"https:\/\/eikonos.com\/ca\/?s={search_term_string}"},"query-input":{"@type":"PropertyValueSpecification","valueRequired":true,"valueName":"search_term_string"}}],"inLanguage":"ca"},{"@type":"Organization","@id":"https:\/\/eikonos.com\/ca\/#organization","name":"EIKONOS | Servicios Audiovisuales, eventos y alquiler de equipos","url":"https:\/\/eikonos.com\/ca\/","logo":{"@type":"ImageObject","inLanguage":"ca","@id":"https:\/\/eikonos.com\/ca\/#\/schema\/logo\/image\/","url":"https:\/\/eikonos.com\/wp-content\/uploads\/2020\/08\/logo-color.png","contentUrl":"https:\/\/eikonos.com\/wp-content\/uploads\/2020\/08\/logo-color.png","width":376,"height":122,"caption":"EIKONOS | Servicios Audiovisuales, eventos y alquiler de equipos"},"image":{"@id":"https:\/\/eikonos.com\/ca\/#\/schema\/logo\/image\/"},"sameAs":["http:\/\/www.facebook.com\/pages\/Eikonos\/176324785746790","https:\/\/x.com\/eikonos_sa","http:\/\/www.linkedin.com\/company\/eikonos","http:\/\/www.youtube.com\/channel\/UC8wcizWaAYbfsuqVf9wIT6w"]},{"@type":"Person","@id":"https:\/\/eikonos.com\/ca\/#\/schema\/person\/82032860cc314d826959b90595a5280a","name":"Xavi Eikonos","image":{"@type":"ImageObject","inLanguage":"ca","@id":"https:\/\/eikonos.com\/ca\/#\/schema\/person\/image\/","url":"https:\/\/secure.gravatar.com\/avatar\/a6c6b51dd0ac6902701aab24a914f6febe1518f94a5ae06db08b3d6107248dfd?s=96&d=mm&r=g","contentUrl":"https:\/\/secure.gravatar.com\/avatar\/a6c6b51dd0ac6902701aab24a914f6febe1518f94a5ae06db08b3d6107248dfd?s=96&d=mm&r=g","caption":"Xavi Eikonos"}}]}},"_links":{"self":[{"href":"https:\/\/eikonos.com\/ca\/wp-json\/wp\/v2\/posts\/2854","targetHints":{"allow":["GET"]}}],"collection":[{"href":"https:\/\/eikonos.com\/ca\/wp-json\/wp\/v2\/posts"}],"about":[{"href":"https:\/\/eikonos.com\/ca\/wp-json\/wp\/v2\/types\/post"}],"author":[{"embeddable":true,"href":"https:\/\/eikonos.com\/ca\/wp-json\/wp\/v2\/users\/6"}],"replies":[{"embeddable":true,"href":"https:\/\/eikonos.com\/ca\/wp-json\/wp\/v2\/comments?post=2854"}],"version-history":[{"count":0,"href":"https:\/\/eikonos.com\/ca\/wp-json\/wp\/v2\/posts\/2854\/revisions"}],"wp:featuredmedia":[{"embeddable":true,"href":"https:\/\/eikonos.com\/ca\/wp-json\/wp\/v2\/media\/2475"}],"wp:attachment":[{"href":"https:\/\/eikonos.com\/ca\/wp-json\/wp\/v2\/media?parent=2854"}],"wp:term":[{"taxonomy":"category","embeddable":true,"href":"https:\/\/eikonos.com\/ca\/wp-json\/wp\/v2\/categories?post=2854"},{"taxonomy":"post_tag","embeddable":true,"href":"https:\/\/eikonos.com\/ca\/wp-json\/wp\/v2\/tags?post=2854"}],"curies":[{"name":"wp","href":"https:\/\/api.w.org\/{rel}","templated":true}]}}