{"id":2851,"date":"2015-12-28T09:35:34","date_gmt":"2015-12-28T08:35:34","guid":{"rendered":"http:\/\/eikonos.com\/blog\/alquiler-de-accesorios-audiovisuales-los-detalles-que-marcan-la-diferencia-2\/"},"modified":"2015-12-28T09:35:34","modified_gmt":"2015-12-28T08:35:34","slug":"alquiler-de-accesorios-audiovisuales-los-detalles-que-marcan-la-diferencia-2","status":"publish","type":"post","link":"https:\/\/eikonos.com\/ca\/blog\/alquiler-de-accesorios-audiovisuales-los-detalles-que-marcan-la-diferencia-2\/","title":{"rendered":"Lloguer d\u2019accessoris audiovisuals: els detalls que marquen la difer\u00e8ncia"},"content":{"rendered":"<p style=\"text-align: justify;\">Organitzar un esdeveniment de qualsevol tipus requereix d\u2019un pormenoritzat pla en el que s\u2019incloguin gran quantitat d\u2019aspectes. Un dels m\u00e9s importants \u00e9s, sens dubte, l\u2019audiovisual. L\u2019\u00e8xit de la jornada dep\u00e8n en gran part de que siguem capa\u00e7os de prendre les millors decisions en tot el que respecte a l\u2019\u00e0udio i el so. \u00c9s molt important el fet de que s\u2019escoltin b\u00e9 les persones que vagin a parlar amb p\u00fablic, que pugui seguir-se d\u2019intervenci\u00f3 mitjan\u00e7ant pantalles o incl\u00f2s des de casa amb la possibilitat del streaming i que hi hagi una adequada il\u00b7luminaci\u00f3. S\u00f3n nom\u00e9s alguns exemples de com el lloguer\u00a0<strong>d&#8217;<a title=\"Alquiler de accesorios audiovisuales\" href=\"https:\/\/eikonos.com\/portfolio_page\/accesorios\/\" target=\"_blank\" rel=\"noopener noreferrer\">accesoris audiovisuals<\/a>\u00a0<strong>condiciona l\u2019\u00e8xit del nostre esdeveniment.\u00a0<\/strong><\/strong><!--more--><\/p>\n<h2 style=\"text-align: justify;\"><span style=\"color: #ff0000;\">\u00c8xit t\u00e8cnic: el que no es veu per\u00f2 el que m\u00e9s importa<\/span><\/h2>\n<p style=\"text-align: justify;\">Seria estrany escoltar a alg\u00fa felicitar-nos perqu\u00e8 el cable que hem utilitzat ha sigut el m\u00e9s encertat. Per\u00f2 tot i passar desapercebut \u00e9s fonamental en l\u2019\u00e8xit de qualsevol jornada que organitzem. <strong>El cablejat, els conversors, els distribu\u00efdors i les matrius s\u00f3n nom\u00e9s alguns dels elements que necessitarem <\/strong>per\u00f2 en el que ning\u00fa posar\u00e0 especial atenci\u00f3. Tot i aix\u00ed, escollir b\u00e9 els equips per aconseguir els nostres objectius \u00e9s vital. En aquest punt, el millor \u00e9s consultar amb professionals especialitzat per saber exactament qu\u00e8 necessitem.<\/p>\n<p style=\"text-align: justify;\">Disposar de totes les eines t\u00e8cniques far\u00e0 que poguem enfocar el nostre esdeveniment de la millor manera possible, sabent que no sofrirem per \u201cles coses del directe\u201d. <strong>Si hem planificat b\u00e9, comptem amb els equips correctes i un equip hum\u00e0 amb experi\u00e8ncia tot sortir\u00e0 a la perfecci\u00f3.\u00a0<\/strong><\/p>\n<h2 style=\"text-align: justify;\"><span style=\"color: #ff0000;\">Detalls: des de el micro adequat fins a elements d&#8217;impacte<\/span><\/h2>\n<p style=\"text-align: justify;\"><strong>Treballar en els detalls \u00e9s fonamental en qualsevol esdeveniment o instal\u00b7laci\u00f3 fixa. <\/strong>Des de disposar dels micr\u00f2fons adequats per a cada activitat (poden ser inal\u00e0mbrics, de corbata o taula) fins a accessoris audiovisuals com un rellotge de compte enrere que mantingui caldejat l\u2019ambient en un concurs o en una festa de Cap d\u2019Any. Aqu\u00ed entren les q\u00fcestions, diguem, m\u00e9s humanes per\u00f2 necess\u00e0ries, per\u00f2 tamb\u00e9 aquells elements d0impacte que marquen la difer\u00e8ncia i fan de l\u2019experi\u00e8ncia de l\u2019assistent alguna cosa completament \u00fanica.<\/p>\n<p style=\"text-align: justify;\"><strong>Entre les q\u00fcestions m\u00e9s b\u00e0siques trobem, per exemple, oferir una bona qualitat del so. <\/strong>Les nostres necessitats espec\u00edfiques dependran del projecte en el que estem treballant. No \u00e9s el mateix un esdeveniment convencional com una presentaci\u00f3 que una experi\u00e8ncia muse\u00edstica. En el primer tindrem que procurar que tota la sala s\u2019escolti de forma intel\u00b7ligible les paraules de l\u2019emissor; en el segon dependrem del projecte art\u00edstic, per\u00f2 segurament necessitarem envoltar al visitant en una experi\u00e8ncia de sons que provoqui en ell sensacions.<\/p>\n<p style=\"text-align: justify;\"><strong>En qualsevol cas, haurem de tenir <strong>sempre present que\u00a0<\/strong>\u00a0<a title=\"Elementos de escenograf\u00eda para eventos audiovisuales\" href=\"https:\/\/eikonos.com\/blog\/4-elementos-extra-de-escenografia-para-eventos-audiovisuales\/\" target=\"_blank\" rel=\"noopener noreferrer\">necessitem accesoris audiovisuals\u00a0<\/a>que\u00a0<strong>ens ajudin a aconseguir els objectius que perseguim.\u00a0<\/strong><\/strong><\/p>\n<h2 style=\"text-align: justify;\"><span style=\"color: #ff0000;\">La il\u00b7luminaci\u00f3 adequada per a cada prop\u00f2sit<\/span><\/h2>\n<p style=\"text-align: justify;\">Una altra ed les q\u00fcestions importants quan parlem del lloguer d\u2019accessoris audiovisuals \u00e9s la il\u00b7luminaci\u00f3. <strong>Jugar amb la llum de forma adequada pot ser una arma molt potent per aconseguir efectes incre\u00efbles. <\/strong>Les possibilitats que ens ofereixen els diferents elements dintre d\u2019aquest \u00e0mbit s\u00f3n diverses i gr\u00e0cies a elles aconseguirem posar valor a all\u00f2 que vulguem. Experi\u00e8ncies art\u00edstiques, sensorials o emocionals s\u00f3n alguns camps en els que podem moure\u2019ns nom\u00e9s canviant els accessoris utilitzats.<\/p>\n<p style=\"text-align: justify;\">Gr\u00e0cies a la llum som capa\u00e7os de <strong>transformar espais a trav\u00e9s dels colors, de les textures i les formes. <\/strong>Una gran gama de possibilitats que far\u00e0 que els detalls del nostre esdeveniment, muntatge o exposici\u00f3 marquin la difer\u00e8ncia i sigui una cosa \u00fanica i irrepetible. Una experi\u00e8ncia memorable que els assistents atresoraran en la seva mem\u00f2ria i que faran que el nostre treball sigui posat en valor.<\/p>\n","protected":false},"excerpt":{"rendered":"<p>Organitzar un esdeveniment de qualsevol tipus requereix d\u2019un pormenoritzat pla en el que s\u2019incloguin gran&#8230;<\/p>\n","protected":false},"author":6,"featured_media":2399,"comment_status":"open","ping_status":"open","sticky":false,"template":"","format":"standard","meta":{"_acf_changed":false,"footnotes":""},"categories":[262],"tags":[],"class_list":["post-2851","post","type-post","status-publish","format-standard","has-post-thumbnail","hentry","category-lloguer-dequips"],"acf":[],"yoast_head":"<!-- This site is optimized with the Yoast SEO plugin v26.3 - https:\/\/yoast.com\/wordpress\/plugins\/seo\/ -->\n<title>Lloguer d\u2019accessoris audiovisuals: els detalls que marquen la difer\u00e8ncia<\/title>\n<meta name=\"description\" content=\"El lloguer d&#039;accessoris audiovisuals es tradueix en detalls que marquen la difer\u00e8ncia en un esdeveniment, exposici\u00f3 o projecte muse\u00edstic que s&#039;organitzi\" \/>\n<meta name=\"robots\" content=\"index, follow, max-snippet:-1, max-image-preview:large, max-video-preview:-1\" \/>\n<link rel=\"canonical\" href=\"https:\/\/eikonos.com\/ca\/blog\/alquiler-de-accesorios-audiovisuales-los-detalles-que-marcan-la-diferencia-2\/\" \/>\n<meta property=\"og:locale\" content=\"ca_ES\" \/>\n<meta property=\"og:type\" content=\"article\" \/>\n<meta property=\"og:title\" content=\"Lloguer d\u2019accessoris audiovisuals: els detalls que marquen la difer\u00e8ncia\" \/>\n<meta property=\"og:description\" content=\"El lloguer d&#039;accessoris audiovisuals es tradueix en detalls que marquen la difer\u00e8ncia en un esdeveniment, exposici\u00f3 o projecte muse\u00edstic que s&#039;organitzi\" \/>\n<meta property=\"og:url\" content=\"https:\/\/eikonos.com\/ca\/blog\/alquiler-de-accesorios-audiovisuales-los-detalles-que-marcan-la-diferencia-2\/\" \/>\n<meta property=\"og:site_name\" content=\"EIKONOS\" \/>\n<meta property=\"article:publisher\" content=\"http:\/\/www.facebook.com\/pages\/Eikonos\/176324785746790\" \/>\n<meta property=\"article:published_time\" content=\"2015-12-28T08:35:34+00:00\" \/>\n<meta property=\"og:image\" content=\"https:\/\/eikonos.com\/wp-content\/uploads\/2015\/11\/accesorios-audiovisuales.jpg\" \/>\n\t<meta property=\"og:image:width\" content=\"720\" \/>\n\t<meta property=\"og:image:height\" content=\"479\" \/>\n\t<meta property=\"og:image:type\" content=\"image\/jpeg\" \/>\n<meta name=\"author\" content=\"Xavi Eikonos\" \/>\n<meta name=\"twitter:card\" content=\"summary_large_image\" \/>\n<meta name=\"twitter:creator\" content=\"@eikonos_sa\" \/>\n<meta name=\"twitter:site\" content=\"@eikonos_sa\" \/>\n<meta name=\"twitter:label1\" content=\"Escrit per\" \/>\n\t<meta name=\"twitter:data1\" content=\"Xavi Eikonos\" \/>\n\t<meta name=\"twitter:label2\" content=\"Temps estimat de lectura\" \/>\n\t<meta name=\"twitter:data2\" content=\"3 minuts\" \/>\n<script type=\"application\/ld+json\" class=\"yoast-schema-graph\">{\"@context\":\"https:\/\/schema.org\",\"@graph\":[{\"@type\":\"Article\",\"@id\":\"https:\/\/eikonos.com\/ca\/blog\/alquiler-de-accesorios-audiovisuales-los-detalles-que-marcan-la-diferencia-2\/#article\",\"isPartOf\":{\"@id\":\"https:\/\/eikonos.com\/ca\/blog\/alquiler-de-accesorios-audiovisuales-los-detalles-que-marcan-la-diferencia-2\/\"},\"author\":{\"name\":\"Xavi Eikonos\",\"@id\":\"https:\/\/eikonos.com\/ca\/#\/schema\/person\/82032860cc314d826959b90595a5280a\"},\"headline\":\"Lloguer d\u2019accessoris audiovisuals: els detalls que marquen la difer\u00e8ncia\",\"datePublished\":\"2015-12-28T08:35:34+00:00\",\"mainEntityOfPage\":{\"@id\":\"https:\/\/eikonos.com\/ca\/blog\/alquiler-de-accesorios-audiovisuales-los-detalles-que-marcan-la-diferencia-2\/\"},\"wordCount\":675,\"commentCount\":0,\"publisher\":{\"@id\":\"https:\/\/eikonos.com\/ca\/#organization\"},\"image\":{\"@id\":\"https:\/\/eikonos.com\/ca\/blog\/alquiler-de-accesorios-audiovisuales-los-detalles-que-marcan-la-diferencia-2\/#primaryimage\"},\"thumbnailUrl\":\"https:\/\/eikonos.com\/wp-content\/uploads\/2015\/11\/accesorios-audiovisuales.jpg\",\"articleSection\":[\"Lloguer d'equips\"],\"inLanguage\":\"ca\",\"potentialAction\":[{\"@type\":\"CommentAction\",\"name\":\"Comment\",\"target\":[\"https:\/\/eikonos.com\/ca\/blog\/alquiler-de-accesorios-audiovisuales-los-detalles-que-marcan-la-diferencia-2\/#respond\"]}]},{\"@type\":\"WebPage\",\"@id\":\"https:\/\/eikonos.com\/ca\/blog\/alquiler-de-accesorios-audiovisuales-los-detalles-que-marcan-la-diferencia-2\/\",\"url\":\"https:\/\/eikonos.com\/ca\/blog\/alquiler-de-accesorios-audiovisuales-los-detalles-que-marcan-la-diferencia-2\/\",\"name\":\"Lloguer d\u2019accessoris audiovisuals: els detalls que marquen la difer\u00e8ncia\",\"isPartOf\":{\"@id\":\"https:\/\/eikonos.com\/ca\/#website\"},\"primaryImageOfPage\":{\"@id\":\"https:\/\/eikonos.com\/ca\/blog\/alquiler-de-accesorios-audiovisuales-los-detalles-que-marcan-la-diferencia-2\/#primaryimage\"},\"image\":{\"@id\":\"https:\/\/eikonos.com\/ca\/blog\/alquiler-de-accesorios-audiovisuales-los-detalles-que-marcan-la-diferencia-2\/#primaryimage\"},\"thumbnailUrl\":\"https:\/\/eikonos.com\/wp-content\/uploads\/2015\/11\/accesorios-audiovisuales.jpg\",\"datePublished\":\"2015-12-28T08:35:34+00:00\",\"description\":\"El lloguer d'accessoris audiovisuals es tradueix en detalls que marquen la difer\u00e8ncia en un esdeveniment, exposici\u00f3 o projecte muse\u00edstic que s'organitzi\",\"breadcrumb\":{\"@id\":\"https:\/\/eikonos.com\/ca\/blog\/alquiler-de-accesorios-audiovisuales-los-detalles-que-marcan-la-diferencia-2\/#breadcrumb\"},\"inLanguage\":\"ca\",\"potentialAction\":[{\"@type\":\"ReadAction\",\"target\":[\"https:\/\/eikonos.com\/ca\/blog\/alquiler-de-accesorios-audiovisuales-los-detalles-que-marcan-la-diferencia-2\/\"]}]},{\"@type\":\"ImageObject\",\"inLanguage\":\"ca\",\"@id\":\"https:\/\/eikonos.com\/ca\/blog\/alquiler-de-accesorios-audiovisuales-los-detalles-que-marcan-la-diferencia-2\/#primaryimage\",\"url\":\"https:\/\/eikonos.com\/wp-content\/uploads\/2015\/11\/accesorios-audiovisuales.jpg\",\"contentUrl\":\"https:\/\/eikonos.com\/wp-content\/uploads\/2015\/11\/accesorios-audiovisuales.jpg\",\"width\":720,\"height\":479,\"caption\":\"alquiler de accesorios audiovisuales\"},{\"@type\":\"BreadcrumbList\",\"@id\":\"https:\/\/eikonos.com\/ca\/blog\/alquiler-de-accesorios-audiovisuales-los-detalles-que-marcan-la-diferencia-2\/#breadcrumb\",\"itemListElement\":[{\"@type\":\"ListItem\",\"position\":1,\"name\":\"EIKONOS\",\"item\":\"https:\/\/eikonos.com\/ca\/inici\/\"},{\"@type\":\"ListItem\",\"position\":2,\"name\":\"Lloguer d\u2019accessoris audiovisuals: els detalls que marquen la difer\u00e8ncia\"}]},{\"@type\":\"WebSite\",\"@id\":\"https:\/\/eikonos.com\/ca\/#website\",\"url\":\"https:\/\/eikonos.com\/ca\/\",\"name\":\"EIKONOS\",\"description\":\"EXPERIENCIA AUDIOVISUAL\",\"publisher\":{\"@id\":\"https:\/\/eikonos.com\/ca\/#organization\"},\"potentialAction\":[{\"@type\":\"SearchAction\",\"target\":{\"@type\":\"EntryPoint\",\"urlTemplate\":\"https:\/\/eikonos.com\/ca\/?s={search_term_string}\"},\"query-input\":{\"@type\":\"PropertyValueSpecification\",\"valueRequired\":true,\"valueName\":\"search_term_string\"}}],\"inLanguage\":\"ca\"},{\"@type\":\"Organization\",\"@id\":\"https:\/\/eikonos.com\/ca\/#organization\",\"name\":\"EIKONOS | Servicios Audiovisuales, eventos y alquiler de equipos\",\"url\":\"https:\/\/eikonos.com\/ca\/\",\"logo\":{\"@type\":\"ImageObject\",\"inLanguage\":\"ca\",\"@id\":\"https:\/\/eikonos.com\/ca\/#\/schema\/logo\/image\/\",\"url\":\"https:\/\/eikonos.com\/wp-content\/uploads\/2020\/08\/logo-color.png\",\"contentUrl\":\"https:\/\/eikonos.com\/wp-content\/uploads\/2020\/08\/logo-color.png\",\"width\":376,\"height\":122,\"caption\":\"EIKONOS | Servicios Audiovisuales, eventos y alquiler de equipos\"},\"image\":{\"@id\":\"https:\/\/eikonos.com\/ca\/#\/schema\/logo\/image\/\"},\"sameAs\":[\"http:\/\/www.facebook.com\/pages\/Eikonos\/176324785746790\",\"https:\/\/x.com\/eikonos_sa\",\"http:\/\/www.linkedin.com\/company\/eikonos\",\"http:\/\/www.youtube.com\/channel\/UC8wcizWaAYbfsuqVf9wIT6w\"]},{\"@type\":\"Person\",\"@id\":\"https:\/\/eikonos.com\/ca\/#\/schema\/person\/82032860cc314d826959b90595a5280a\",\"name\":\"Xavi Eikonos\",\"image\":{\"@type\":\"ImageObject\",\"inLanguage\":\"ca\",\"@id\":\"https:\/\/eikonos.com\/ca\/#\/schema\/person\/image\/\",\"url\":\"https:\/\/secure.gravatar.com\/avatar\/a6c6b51dd0ac6902701aab24a914f6febe1518f94a5ae06db08b3d6107248dfd?s=96&d=mm&r=g\",\"contentUrl\":\"https:\/\/secure.gravatar.com\/avatar\/a6c6b51dd0ac6902701aab24a914f6febe1518f94a5ae06db08b3d6107248dfd?s=96&d=mm&r=g\",\"caption\":\"Xavi Eikonos\"}}]}<\/script>\n<!-- \/ Yoast SEO plugin. -->","yoast_head_json":{"title":"Lloguer d\u2019accessoris audiovisuals: els detalls que marquen la difer\u00e8ncia","description":"El lloguer d'accessoris audiovisuals es tradueix en detalls que marquen la difer\u00e8ncia en un esdeveniment, exposici\u00f3 o projecte muse\u00edstic que s'organitzi","robots":{"index":"index","follow":"follow","max-snippet":"max-snippet:-1","max-image-preview":"max-image-preview:large","max-video-preview":"max-video-preview:-1"},"canonical":"https:\/\/eikonos.com\/ca\/blog\/alquiler-de-accesorios-audiovisuales-los-detalles-que-marcan-la-diferencia-2\/","og_locale":"ca_ES","og_type":"article","og_title":"Lloguer d\u2019accessoris audiovisuals: els detalls que marquen la difer\u00e8ncia","og_description":"El lloguer d'accessoris audiovisuals es tradueix en detalls que marquen la difer\u00e8ncia en un esdeveniment, exposici\u00f3 o projecte muse\u00edstic que s'organitzi","og_url":"https:\/\/eikonos.com\/ca\/blog\/alquiler-de-accesorios-audiovisuales-los-detalles-que-marcan-la-diferencia-2\/","og_site_name":"EIKONOS","article_publisher":"http:\/\/www.facebook.com\/pages\/Eikonos\/176324785746790","article_published_time":"2015-12-28T08:35:34+00:00","og_image":[{"width":720,"height":479,"url":"https:\/\/eikonos.com\/wp-content\/uploads\/2015\/11\/accesorios-audiovisuales.jpg","type":"image\/jpeg"}],"author":"Xavi Eikonos","twitter_card":"summary_large_image","twitter_creator":"@eikonos_sa","twitter_site":"@eikonos_sa","twitter_misc":{"Escrit per":"Xavi Eikonos","Temps estimat de lectura":"3 minuts"},"schema":{"@context":"https:\/\/schema.org","@graph":[{"@type":"Article","@id":"https:\/\/eikonos.com\/ca\/blog\/alquiler-de-accesorios-audiovisuales-los-detalles-que-marcan-la-diferencia-2\/#article","isPartOf":{"@id":"https:\/\/eikonos.com\/ca\/blog\/alquiler-de-accesorios-audiovisuales-los-detalles-que-marcan-la-diferencia-2\/"},"author":{"name":"Xavi Eikonos","@id":"https:\/\/eikonos.com\/ca\/#\/schema\/person\/82032860cc314d826959b90595a5280a"},"headline":"Lloguer d\u2019accessoris audiovisuals: els detalls que marquen la difer\u00e8ncia","datePublished":"2015-12-28T08:35:34+00:00","mainEntityOfPage":{"@id":"https:\/\/eikonos.com\/ca\/blog\/alquiler-de-accesorios-audiovisuales-los-detalles-que-marcan-la-diferencia-2\/"},"wordCount":675,"commentCount":0,"publisher":{"@id":"https:\/\/eikonos.com\/ca\/#organization"},"image":{"@id":"https:\/\/eikonos.com\/ca\/blog\/alquiler-de-accesorios-audiovisuales-los-detalles-que-marcan-la-diferencia-2\/#primaryimage"},"thumbnailUrl":"https:\/\/eikonos.com\/wp-content\/uploads\/2015\/11\/accesorios-audiovisuales.jpg","articleSection":["Lloguer d'equips"],"inLanguage":"ca","potentialAction":[{"@type":"CommentAction","name":"Comment","target":["https:\/\/eikonos.com\/ca\/blog\/alquiler-de-accesorios-audiovisuales-los-detalles-que-marcan-la-diferencia-2\/#respond"]}]},{"@type":"WebPage","@id":"https:\/\/eikonos.com\/ca\/blog\/alquiler-de-accesorios-audiovisuales-los-detalles-que-marcan-la-diferencia-2\/","url":"https:\/\/eikonos.com\/ca\/blog\/alquiler-de-accesorios-audiovisuales-los-detalles-que-marcan-la-diferencia-2\/","name":"Lloguer d\u2019accessoris audiovisuals: els detalls que marquen la difer\u00e8ncia","isPartOf":{"@id":"https:\/\/eikonos.com\/ca\/#website"},"primaryImageOfPage":{"@id":"https:\/\/eikonos.com\/ca\/blog\/alquiler-de-accesorios-audiovisuales-los-detalles-que-marcan-la-diferencia-2\/#primaryimage"},"image":{"@id":"https:\/\/eikonos.com\/ca\/blog\/alquiler-de-accesorios-audiovisuales-los-detalles-que-marcan-la-diferencia-2\/#primaryimage"},"thumbnailUrl":"https:\/\/eikonos.com\/wp-content\/uploads\/2015\/11\/accesorios-audiovisuales.jpg","datePublished":"2015-12-28T08:35:34+00:00","description":"El lloguer d'accessoris audiovisuals es tradueix en detalls que marquen la difer\u00e8ncia en un esdeveniment, exposici\u00f3 o projecte muse\u00edstic que s'organitzi","breadcrumb":{"@id":"https:\/\/eikonos.com\/ca\/blog\/alquiler-de-accesorios-audiovisuales-los-detalles-que-marcan-la-diferencia-2\/#breadcrumb"},"inLanguage":"ca","potentialAction":[{"@type":"ReadAction","target":["https:\/\/eikonos.com\/ca\/blog\/alquiler-de-accesorios-audiovisuales-los-detalles-que-marcan-la-diferencia-2\/"]}]},{"@type":"ImageObject","inLanguage":"ca","@id":"https:\/\/eikonos.com\/ca\/blog\/alquiler-de-accesorios-audiovisuales-los-detalles-que-marcan-la-diferencia-2\/#primaryimage","url":"https:\/\/eikonos.com\/wp-content\/uploads\/2015\/11\/accesorios-audiovisuales.jpg","contentUrl":"https:\/\/eikonos.com\/wp-content\/uploads\/2015\/11\/accesorios-audiovisuales.jpg","width":720,"height":479,"caption":"alquiler de accesorios audiovisuales"},{"@type":"BreadcrumbList","@id":"https:\/\/eikonos.com\/ca\/blog\/alquiler-de-accesorios-audiovisuales-los-detalles-que-marcan-la-diferencia-2\/#breadcrumb","itemListElement":[{"@type":"ListItem","position":1,"name":"EIKONOS","item":"https:\/\/eikonos.com\/ca\/inici\/"},{"@type":"ListItem","position":2,"name":"Lloguer d\u2019accessoris audiovisuals: els detalls que marquen la difer\u00e8ncia"}]},{"@type":"WebSite","@id":"https:\/\/eikonos.com\/ca\/#website","url":"https:\/\/eikonos.com\/ca\/","name":"EIKONOS","description":"EXPERIENCIA AUDIOVISUAL","publisher":{"@id":"https:\/\/eikonos.com\/ca\/#organization"},"potentialAction":[{"@type":"SearchAction","target":{"@type":"EntryPoint","urlTemplate":"https:\/\/eikonos.com\/ca\/?s={search_term_string}"},"query-input":{"@type":"PropertyValueSpecification","valueRequired":true,"valueName":"search_term_string"}}],"inLanguage":"ca"},{"@type":"Organization","@id":"https:\/\/eikonos.com\/ca\/#organization","name":"EIKONOS | Servicios Audiovisuales, eventos y alquiler de equipos","url":"https:\/\/eikonos.com\/ca\/","logo":{"@type":"ImageObject","inLanguage":"ca","@id":"https:\/\/eikonos.com\/ca\/#\/schema\/logo\/image\/","url":"https:\/\/eikonos.com\/wp-content\/uploads\/2020\/08\/logo-color.png","contentUrl":"https:\/\/eikonos.com\/wp-content\/uploads\/2020\/08\/logo-color.png","width":376,"height":122,"caption":"EIKONOS | Servicios Audiovisuales, eventos y alquiler de equipos"},"image":{"@id":"https:\/\/eikonos.com\/ca\/#\/schema\/logo\/image\/"},"sameAs":["http:\/\/www.facebook.com\/pages\/Eikonos\/176324785746790","https:\/\/x.com\/eikonos_sa","http:\/\/www.linkedin.com\/company\/eikonos","http:\/\/www.youtube.com\/channel\/UC8wcizWaAYbfsuqVf9wIT6w"]},{"@type":"Person","@id":"https:\/\/eikonos.com\/ca\/#\/schema\/person\/82032860cc314d826959b90595a5280a","name":"Xavi Eikonos","image":{"@type":"ImageObject","inLanguage":"ca","@id":"https:\/\/eikonos.com\/ca\/#\/schema\/person\/image\/","url":"https:\/\/secure.gravatar.com\/avatar\/a6c6b51dd0ac6902701aab24a914f6febe1518f94a5ae06db08b3d6107248dfd?s=96&d=mm&r=g","contentUrl":"https:\/\/secure.gravatar.com\/avatar\/a6c6b51dd0ac6902701aab24a914f6febe1518f94a5ae06db08b3d6107248dfd?s=96&d=mm&r=g","caption":"Xavi Eikonos"}}]}},"_links":{"self":[{"href":"https:\/\/eikonos.com\/ca\/wp-json\/wp\/v2\/posts\/2851","targetHints":{"allow":["GET"]}}],"collection":[{"href":"https:\/\/eikonos.com\/ca\/wp-json\/wp\/v2\/posts"}],"about":[{"href":"https:\/\/eikonos.com\/ca\/wp-json\/wp\/v2\/types\/post"}],"author":[{"embeddable":true,"href":"https:\/\/eikonos.com\/ca\/wp-json\/wp\/v2\/users\/6"}],"replies":[{"embeddable":true,"href":"https:\/\/eikonos.com\/ca\/wp-json\/wp\/v2\/comments?post=2851"}],"version-history":[{"count":0,"href":"https:\/\/eikonos.com\/ca\/wp-json\/wp\/v2\/posts\/2851\/revisions"}],"wp:featuredmedia":[{"embeddable":true,"href":"https:\/\/eikonos.com\/ca\/wp-json\/wp\/v2\/media\/2399"}],"wp:attachment":[{"href":"https:\/\/eikonos.com\/ca\/wp-json\/wp\/v2\/media?parent=2851"}],"wp:term":[{"taxonomy":"category","embeddable":true,"href":"https:\/\/eikonos.com\/ca\/wp-json\/wp\/v2\/categories?post=2851"},{"taxonomy":"post_tag","embeddable":true,"href":"https:\/\/eikonos.com\/ca\/wp-json\/wp\/v2\/tags?post=2851"}],"curies":[{"name":"wp","href":"https:\/\/api.w.org\/{rel}","templated":true}]}}