{"id":2848,"date":"2015-12-31T13:58:18","date_gmt":"2015-12-31T12:58:18","guid":{"rendered":"http:\/\/eikonos.com\/blog\/felic-any-nou-2016-2\/"},"modified":"2015-12-31T13:58:18","modified_gmt":"2015-12-31T12:58:18","slug":"felic-any-nou-2016-2","status":"publish","type":"post","link":"https:\/\/eikonos.com\/ca\/blog\/felic-any-nou-2016-2\/","title":{"rendered":"Feli\u00e7 any nou 2016!"},"content":{"rendered":"<p style=\"text-align: justify;\">31 anys al peu del can\u00f3 aportant el millor de nosaltres any re re any. El 2015 acaba i amb ell <strong>decenes d\u2019esdeveniments i intal\u00b7lacions fixes <\/strong>en les que hem participat amb la nostra proposta de qualitat i atenci\u00f3 al client, valor diferencial que sempre hem ofert als nostres clients.<\/p>\n<p style=\"text-align: justify;\">Aquest any hem aportat <strong>soport t\u00e8cnic, serveis de so, il\u00b7luminaci\u00f3 i audiovisuals <\/strong>a esdeveniments com la Convenci\u00f3 anual de GAES, la Final Six de Waterpolo en les piscines Picornell, el Congr\u00e8s de Penyes del FCB, les Eleccions del 27S, el Festival Food&amp;Jazz, la Gala d\u2019Estrelles del Futbol Catal\u00e0, el Premi Planeta i la presentaci\u00f3 de les impresores HP.<\/p>\n<p style=\"text-align: justify;\">Tamb\u00e9 hem tingut el plaer de continuar en diferents plat\u00f3s de televisi\u00f3 d\u2019emissi\u00f3 di\u00e0ria i posar en marxa de nous com \u201cA punto con la 2\u201d i \u201cbeIN Sports\u201d en Miami. La participaci\u00f3 en els stands de Gas Natural i Pro Expo de Granada ens han ensenyat que el <strong>disseny \u00e9s important per destacar de la resta de competidors que amb l\u2019\u00fas d\u2019audiovisuals \u00e9s possible. <\/strong>Per \u00faltim, l\u2019estreta relaci\u00f3 amb el motor ens ha perm\u00e9s viure d\u2019aprop el motociclisme des de la VIP Village i a la Gala MotoGP FIM Awards.<\/p>\n<p style=\"text-align: justify;\">Si vols veure algunes de les fotografies dels esdeveniments i intal\u00b7lacions fixes esmentades, clica\u00a0<a title=\"Breve galer\u00eda de im\u00e1genes del 2015\" href=\"https:\/\/www.facebook.com\/media\/set\/?set=a.1017163518329575.1073741860.176324785746790&amp;type=3\">aqu\u00ed.<\/a><\/p>\n<h4 style=\"text-align: justify;\"><\/h4>\n<h4 style=\"text-align: center;\"><span style=\"color: #ff0000;\"><strong>Com veus&#8230; Ens apassiona aquest m\u00f3n<\/strong>!\u00a0<\/span><\/h4>\n<p style=\"text-align: justify;\">\n<h4 style=\"text-align: justify;\"><\/h4>\n<p style=\"text-align: justify;\">L\u2019any passat ens vam proposar seguir <strong>construint un m\u00f3n audiovisual <\/strong>de la m\u00e0 dels nostres valors i aix\u00ed hem fet. <strong>L\u2019ess\u00e8ncia \u00e9s vital.<\/strong><\/p>\n<p style=\"text-align: justify;\">Pel 2016 volem afrontar nous reptes audiovisual amb projectes que ens obliguin a superar-nos dia re re dia. Volem seguir treballant amb tu, el nostre client, i con\u00e8ixer noves persones que ens ajudin a cr\u00e8ixer.<\/p>\n<p style=\"text-align: justify;\">Des de Eikonos volem desitjar-te el millor pel 2016. Un any ple de felicitat, salut i bona sort. <strong>Nosaltres seguirem aqu\u00ed per donar-te solucions al que necessitis \ud83d\ude09<\/strong><\/p>\n<p style=\"text-align: justify;\">Feli\u00e7 any nou!<\/p>\n","protected":false},"excerpt":{"rendered":"<p>31 anys al peu del can\u00f3 aportant el millor de nosaltres any re re any&#8230;.<\/p>\n","protected":false},"author":6,"featured_media":2507,"comment_status":"open","ping_status":"open","sticky":false,"template":"","format":"standard","meta":{"_acf_changed":false,"footnotes":""},"categories":[268],"tags":[],"class_list":["post-2848","post","type-post","status-publish","format-standard","has-post-thumbnail","hentry","category-eikonos-ca"],"acf":[],"yoast_head":"<!-- This site is optimized with the Yoast SEO plugin v26.3 - https:\/\/yoast.com\/wordpress\/plugins\/seo\/ -->\n<title>Feli\u00e7 any nou 2016! | EIKONOS<\/title>\n<meta name=\"description\" content=\"Pel 2016 volem afrontar nous reptes audiovisual amb projectes que ens obliguin a superar-nos dia re re dia. Volem seguir treballant amb tu, el nostre client, i con\u00e8ixer noves persones que ens ajudin a cr\u00e8ixer.\" \/>\n<meta name=\"robots\" content=\"index, follow, max-snippet:-1, max-image-preview:large, max-video-preview:-1\" \/>\n<link rel=\"canonical\" href=\"https:\/\/eikonos.com\/ca\/blog\/felic-any-nou-2016-2\/\" \/>\n<meta property=\"og:locale\" content=\"ca_ES\" \/>\n<meta property=\"og:type\" content=\"article\" \/>\n<meta property=\"og:title\" content=\"Feli\u00e7 any nou 2016! | EIKONOS\" \/>\n<meta property=\"og:description\" content=\"Pel 2016 volem afrontar nous reptes audiovisual amb projectes que ens obliguin a superar-nos dia re re dia. Volem seguir treballant amb tu, el nostre client, i con\u00e8ixer noves persones que ens ajudin a cr\u00e8ixer.\" \/>\n<meta property=\"og:url\" content=\"https:\/\/eikonos.com\/ca\/blog\/felic-any-nou-2016-2\/\" \/>\n<meta property=\"og:site_name\" content=\"EIKONOS\" \/>\n<meta property=\"article:publisher\" content=\"http:\/\/www.facebook.com\/pages\/Eikonos\/176324785746790\" \/>\n<meta property=\"article:published_time\" content=\"2015-12-31T12:58:18+00:00\" \/>\n<meta property=\"og:image\" content=\"https:\/\/eikonos.com\/wp-content\/uploads\/2015\/12\/FELIZ-ANO-NUEVO-EIKONOS-SERVICIOS-AUDIOVISUALES-scaled.jpg\" \/>\n\t<meta property=\"og:image:width\" content=\"2560\" \/>\n\t<meta property=\"og:image:height\" content=\"1379\" \/>\n\t<meta property=\"og:image:type\" content=\"image\/jpeg\" \/>\n<meta name=\"author\" content=\"Xavi Eikonos\" \/>\n<meta name=\"twitter:card\" content=\"summary_large_image\" \/>\n<meta name=\"twitter:creator\" content=\"@eikonos_sa\" \/>\n<meta name=\"twitter:site\" content=\"@eikonos_sa\" \/>\n<meta name=\"twitter:label1\" content=\"Escrit per\" \/>\n\t<meta name=\"twitter:data1\" content=\"Xavi Eikonos\" \/>\n\t<meta name=\"twitter:label2\" content=\"Temps estimat de lectura\" \/>\n\t<meta name=\"twitter:data2\" content=\"2 minuts\" \/>\n<script type=\"application\/ld+json\" class=\"yoast-schema-graph\">{\"@context\":\"https:\/\/schema.org\",\"@graph\":[{\"@type\":\"Article\",\"@id\":\"https:\/\/eikonos.com\/ca\/blog\/felic-any-nou-2016-2\/#article\",\"isPartOf\":{\"@id\":\"https:\/\/eikonos.com\/ca\/blog\/felic-any-nou-2016-2\/\"},\"author\":{\"name\":\"Xavi Eikonos\",\"@id\":\"https:\/\/eikonos.com\/ca\/#\/schema\/person\/82032860cc314d826959b90595a5280a\"},\"headline\":\"Feli\u00e7 any nou 2016!\",\"datePublished\":\"2015-12-31T12:58:18+00:00\",\"mainEntityOfPage\":{\"@id\":\"https:\/\/eikonos.com\/ca\/blog\/felic-any-nou-2016-2\/\"},\"wordCount\":330,\"commentCount\":0,\"publisher\":{\"@id\":\"https:\/\/eikonos.com\/ca\/#organization\"},\"image\":{\"@id\":\"https:\/\/eikonos.com\/ca\/blog\/felic-any-nou-2016-2\/#primaryimage\"},\"thumbnailUrl\":\"https:\/\/eikonos.com\/wp-content\/uploads\/2015\/12\/FELIZ-ANO-NUEVO-EIKONOS-SERVICIOS-AUDIOVISUALES-scaled.jpg\",\"articleSection\":[\"Eikonos\"],\"inLanguage\":\"ca\",\"potentialAction\":[{\"@type\":\"CommentAction\",\"name\":\"Comment\",\"target\":[\"https:\/\/eikonos.com\/ca\/blog\/felic-any-nou-2016-2\/#respond\"]}]},{\"@type\":\"WebPage\",\"@id\":\"https:\/\/eikonos.com\/ca\/blog\/felic-any-nou-2016-2\/\",\"url\":\"https:\/\/eikonos.com\/ca\/blog\/felic-any-nou-2016-2\/\",\"name\":\"Feli\u00e7 any nou 2016! | EIKONOS\",\"isPartOf\":{\"@id\":\"https:\/\/eikonos.com\/ca\/#website\"},\"primaryImageOfPage\":{\"@id\":\"https:\/\/eikonos.com\/ca\/blog\/felic-any-nou-2016-2\/#primaryimage\"},\"image\":{\"@id\":\"https:\/\/eikonos.com\/ca\/blog\/felic-any-nou-2016-2\/#primaryimage\"},\"thumbnailUrl\":\"https:\/\/eikonos.com\/wp-content\/uploads\/2015\/12\/FELIZ-ANO-NUEVO-EIKONOS-SERVICIOS-AUDIOVISUALES-scaled.jpg\",\"datePublished\":\"2015-12-31T12:58:18+00:00\",\"description\":\"Pel 2016 volem afrontar nous reptes audiovisual amb projectes que ens obliguin a superar-nos dia re re dia. Volem seguir treballant amb tu, el nostre client, i con\u00e8ixer noves persones que ens ajudin a cr\u00e8ixer.\",\"breadcrumb\":{\"@id\":\"https:\/\/eikonos.com\/ca\/blog\/felic-any-nou-2016-2\/#breadcrumb\"},\"inLanguage\":\"ca\",\"potentialAction\":[{\"@type\":\"ReadAction\",\"target\":[\"https:\/\/eikonos.com\/ca\/blog\/felic-any-nou-2016-2\/\"]}]},{\"@type\":\"ImageObject\",\"inLanguage\":\"ca\",\"@id\":\"https:\/\/eikonos.com\/ca\/blog\/felic-any-nou-2016-2\/#primaryimage\",\"url\":\"https:\/\/eikonos.com\/wp-content\/uploads\/2015\/12\/FELIZ-ANO-NUEVO-EIKONOS-SERVICIOS-AUDIOVISUALES-scaled.jpg\",\"contentUrl\":\"https:\/\/eikonos.com\/wp-content\/uploads\/2015\/12\/FELIZ-ANO-NUEVO-EIKONOS-SERVICIOS-AUDIOVISUALES-scaled.jpg\",\"width\":2560,\"height\":1379},{\"@type\":\"BreadcrumbList\",\"@id\":\"https:\/\/eikonos.com\/ca\/blog\/felic-any-nou-2016-2\/#breadcrumb\",\"itemListElement\":[{\"@type\":\"ListItem\",\"position\":1,\"name\":\"EIKONOS\",\"item\":\"https:\/\/eikonos.com\/ca\/inici\/\"},{\"@type\":\"ListItem\",\"position\":2,\"name\":\"Feli\u00e7 any nou 2016!\"}]},{\"@type\":\"WebSite\",\"@id\":\"https:\/\/eikonos.com\/ca\/#website\",\"url\":\"https:\/\/eikonos.com\/ca\/\",\"name\":\"EIKONOS\",\"description\":\"EXPERIENCIA AUDIOVISUAL\",\"publisher\":{\"@id\":\"https:\/\/eikonos.com\/ca\/#organization\"},\"potentialAction\":[{\"@type\":\"SearchAction\",\"target\":{\"@type\":\"EntryPoint\",\"urlTemplate\":\"https:\/\/eikonos.com\/ca\/?s={search_term_string}\"},\"query-input\":{\"@type\":\"PropertyValueSpecification\",\"valueRequired\":true,\"valueName\":\"search_term_string\"}}],\"inLanguage\":\"ca\"},{\"@type\":\"Organization\",\"@id\":\"https:\/\/eikonos.com\/ca\/#organization\",\"name\":\"EIKONOS | Servicios Audiovisuales, eventos y alquiler de equipos\",\"url\":\"https:\/\/eikonos.com\/ca\/\",\"logo\":{\"@type\":\"ImageObject\",\"inLanguage\":\"ca\",\"@id\":\"https:\/\/eikonos.com\/ca\/#\/schema\/logo\/image\/\",\"url\":\"https:\/\/eikonos.com\/wp-content\/uploads\/2020\/08\/logo-color.png\",\"contentUrl\":\"https:\/\/eikonos.com\/wp-content\/uploads\/2020\/08\/logo-color.png\",\"width\":376,\"height\":122,\"caption\":\"EIKONOS | Servicios Audiovisuales, eventos y alquiler de equipos\"},\"image\":{\"@id\":\"https:\/\/eikonos.com\/ca\/#\/schema\/logo\/image\/\"},\"sameAs\":[\"http:\/\/www.facebook.com\/pages\/Eikonos\/176324785746790\",\"https:\/\/x.com\/eikonos_sa\",\"http:\/\/www.linkedin.com\/company\/eikonos\",\"http:\/\/www.youtube.com\/channel\/UC8wcizWaAYbfsuqVf9wIT6w\"]},{\"@type\":\"Person\",\"@id\":\"https:\/\/eikonos.com\/ca\/#\/schema\/person\/82032860cc314d826959b90595a5280a\",\"name\":\"Xavi Eikonos\",\"image\":{\"@type\":\"ImageObject\",\"inLanguage\":\"ca\",\"@id\":\"https:\/\/eikonos.com\/ca\/#\/schema\/person\/image\/\",\"url\":\"https:\/\/secure.gravatar.com\/avatar\/a6c6b51dd0ac6902701aab24a914f6febe1518f94a5ae06db08b3d6107248dfd?s=96&d=mm&r=g\",\"contentUrl\":\"https:\/\/secure.gravatar.com\/avatar\/a6c6b51dd0ac6902701aab24a914f6febe1518f94a5ae06db08b3d6107248dfd?s=96&d=mm&r=g\",\"caption\":\"Xavi Eikonos\"}}]}<\/script>\n<!-- \/ Yoast SEO plugin. -->","yoast_head_json":{"title":"Feli\u00e7 any nou 2016! | EIKONOS","description":"Pel 2016 volem afrontar nous reptes audiovisual amb projectes que ens obliguin a superar-nos dia re re dia. Volem seguir treballant amb tu, el nostre client, i con\u00e8ixer noves persones que ens ajudin a cr\u00e8ixer.","robots":{"index":"index","follow":"follow","max-snippet":"max-snippet:-1","max-image-preview":"max-image-preview:large","max-video-preview":"max-video-preview:-1"},"canonical":"https:\/\/eikonos.com\/ca\/blog\/felic-any-nou-2016-2\/","og_locale":"ca_ES","og_type":"article","og_title":"Feli\u00e7 any nou 2016! | EIKONOS","og_description":"Pel 2016 volem afrontar nous reptes audiovisual amb projectes que ens obliguin a superar-nos dia re re dia. Volem seguir treballant amb tu, el nostre client, i con\u00e8ixer noves persones que ens ajudin a cr\u00e8ixer.","og_url":"https:\/\/eikonos.com\/ca\/blog\/felic-any-nou-2016-2\/","og_site_name":"EIKONOS","article_publisher":"http:\/\/www.facebook.com\/pages\/Eikonos\/176324785746790","article_published_time":"2015-12-31T12:58:18+00:00","og_image":[{"width":2560,"height":1379,"url":"https:\/\/eikonos.com\/wp-content\/uploads\/2015\/12\/FELIZ-ANO-NUEVO-EIKONOS-SERVICIOS-AUDIOVISUALES-scaled.jpg","type":"image\/jpeg"}],"author":"Xavi Eikonos","twitter_card":"summary_large_image","twitter_creator":"@eikonos_sa","twitter_site":"@eikonos_sa","twitter_misc":{"Escrit per":"Xavi Eikonos","Temps estimat de lectura":"2 minuts"},"schema":{"@context":"https:\/\/schema.org","@graph":[{"@type":"Article","@id":"https:\/\/eikonos.com\/ca\/blog\/felic-any-nou-2016-2\/#article","isPartOf":{"@id":"https:\/\/eikonos.com\/ca\/blog\/felic-any-nou-2016-2\/"},"author":{"name":"Xavi Eikonos","@id":"https:\/\/eikonos.com\/ca\/#\/schema\/person\/82032860cc314d826959b90595a5280a"},"headline":"Feli\u00e7 any nou 2016!","datePublished":"2015-12-31T12:58:18+00:00","mainEntityOfPage":{"@id":"https:\/\/eikonos.com\/ca\/blog\/felic-any-nou-2016-2\/"},"wordCount":330,"commentCount":0,"publisher":{"@id":"https:\/\/eikonos.com\/ca\/#organization"},"image":{"@id":"https:\/\/eikonos.com\/ca\/blog\/felic-any-nou-2016-2\/#primaryimage"},"thumbnailUrl":"https:\/\/eikonos.com\/wp-content\/uploads\/2015\/12\/FELIZ-ANO-NUEVO-EIKONOS-SERVICIOS-AUDIOVISUALES-scaled.jpg","articleSection":["Eikonos"],"inLanguage":"ca","potentialAction":[{"@type":"CommentAction","name":"Comment","target":["https:\/\/eikonos.com\/ca\/blog\/felic-any-nou-2016-2\/#respond"]}]},{"@type":"WebPage","@id":"https:\/\/eikonos.com\/ca\/blog\/felic-any-nou-2016-2\/","url":"https:\/\/eikonos.com\/ca\/blog\/felic-any-nou-2016-2\/","name":"Feli\u00e7 any nou 2016! | EIKONOS","isPartOf":{"@id":"https:\/\/eikonos.com\/ca\/#website"},"primaryImageOfPage":{"@id":"https:\/\/eikonos.com\/ca\/blog\/felic-any-nou-2016-2\/#primaryimage"},"image":{"@id":"https:\/\/eikonos.com\/ca\/blog\/felic-any-nou-2016-2\/#primaryimage"},"thumbnailUrl":"https:\/\/eikonos.com\/wp-content\/uploads\/2015\/12\/FELIZ-ANO-NUEVO-EIKONOS-SERVICIOS-AUDIOVISUALES-scaled.jpg","datePublished":"2015-12-31T12:58:18+00:00","description":"Pel 2016 volem afrontar nous reptes audiovisual amb projectes que ens obliguin a superar-nos dia re re dia. Volem seguir treballant amb tu, el nostre client, i con\u00e8ixer noves persones que ens ajudin a cr\u00e8ixer.","breadcrumb":{"@id":"https:\/\/eikonos.com\/ca\/blog\/felic-any-nou-2016-2\/#breadcrumb"},"inLanguage":"ca","potentialAction":[{"@type":"ReadAction","target":["https:\/\/eikonos.com\/ca\/blog\/felic-any-nou-2016-2\/"]}]},{"@type":"ImageObject","inLanguage":"ca","@id":"https:\/\/eikonos.com\/ca\/blog\/felic-any-nou-2016-2\/#primaryimage","url":"https:\/\/eikonos.com\/wp-content\/uploads\/2015\/12\/FELIZ-ANO-NUEVO-EIKONOS-SERVICIOS-AUDIOVISUALES-scaled.jpg","contentUrl":"https:\/\/eikonos.com\/wp-content\/uploads\/2015\/12\/FELIZ-ANO-NUEVO-EIKONOS-SERVICIOS-AUDIOVISUALES-scaled.jpg","width":2560,"height":1379},{"@type":"BreadcrumbList","@id":"https:\/\/eikonos.com\/ca\/blog\/felic-any-nou-2016-2\/#breadcrumb","itemListElement":[{"@type":"ListItem","position":1,"name":"EIKONOS","item":"https:\/\/eikonos.com\/ca\/inici\/"},{"@type":"ListItem","position":2,"name":"Feli\u00e7 any nou 2016!"}]},{"@type":"WebSite","@id":"https:\/\/eikonos.com\/ca\/#website","url":"https:\/\/eikonos.com\/ca\/","name":"EIKONOS","description":"EXPERIENCIA AUDIOVISUAL","publisher":{"@id":"https:\/\/eikonos.com\/ca\/#organization"},"potentialAction":[{"@type":"SearchAction","target":{"@type":"EntryPoint","urlTemplate":"https:\/\/eikonos.com\/ca\/?s={search_term_string}"},"query-input":{"@type":"PropertyValueSpecification","valueRequired":true,"valueName":"search_term_string"}}],"inLanguage":"ca"},{"@type":"Organization","@id":"https:\/\/eikonos.com\/ca\/#organization","name":"EIKONOS | Servicios Audiovisuales, eventos y alquiler de equipos","url":"https:\/\/eikonos.com\/ca\/","logo":{"@type":"ImageObject","inLanguage":"ca","@id":"https:\/\/eikonos.com\/ca\/#\/schema\/logo\/image\/","url":"https:\/\/eikonos.com\/wp-content\/uploads\/2020\/08\/logo-color.png","contentUrl":"https:\/\/eikonos.com\/wp-content\/uploads\/2020\/08\/logo-color.png","width":376,"height":122,"caption":"EIKONOS | Servicios Audiovisuales, eventos y alquiler de equipos"},"image":{"@id":"https:\/\/eikonos.com\/ca\/#\/schema\/logo\/image\/"},"sameAs":["http:\/\/www.facebook.com\/pages\/Eikonos\/176324785746790","https:\/\/x.com\/eikonos_sa","http:\/\/www.linkedin.com\/company\/eikonos","http:\/\/www.youtube.com\/channel\/UC8wcizWaAYbfsuqVf9wIT6w"]},{"@type":"Person","@id":"https:\/\/eikonos.com\/ca\/#\/schema\/person\/82032860cc314d826959b90595a5280a","name":"Xavi Eikonos","image":{"@type":"ImageObject","inLanguage":"ca","@id":"https:\/\/eikonos.com\/ca\/#\/schema\/person\/image\/","url":"https:\/\/secure.gravatar.com\/avatar\/a6c6b51dd0ac6902701aab24a914f6febe1518f94a5ae06db08b3d6107248dfd?s=96&d=mm&r=g","contentUrl":"https:\/\/secure.gravatar.com\/avatar\/a6c6b51dd0ac6902701aab24a914f6febe1518f94a5ae06db08b3d6107248dfd?s=96&d=mm&r=g","caption":"Xavi Eikonos"}}]}},"_links":{"self":[{"href":"https:\/\/eikonos.com\/ca\/wp-json\/wp\/v2\/posts\/2848","targetHints":{"allow":["GET"]}}],"collection":[{"href":"https:\/\/eikonos.com\/ca\/wp-json\/wp\/v2\/posts"}],"about":[{"href":"https:\/\/eikonos.com\/ca\/wp-json\/wp\/v2\/types\/post"}],"author":[{"embeddable":true,"href":"https:\/\/eikonos.com\/ca\/wp-json\/wp\/v2\/users\/6"}],"replies":[{"embeddable":true,"href":"https:\/\/eikonos.com\/ca\/wp-json\/wp\/v2\/comments?post=2848"}],"version-history":[{"count":0,"href":"https:\/\/eikonos.com\/ca\/wp-json\/wp\/v2\/posts\/2848\/revisions"}],"wp:featuredmedia":[{"embeddable":true,"href":"https:\/\/eikonos.com\/ca\/wp-json\/wp\/v2\/media\/2507"}],"wp:attachment":[{"href":"https:\/\/eikonos.com\/ca\/wp-json\/wp\/v2\/media?parent=2848"}],"wp:term":[{"taxonomy":"category","embeddable":true,"href":"https:\/\/eikonos.com\/ca\/wp-json\/wp\/v2\/categories?post=2848"},{"taxonomy":"post_tag","embeddable":true,"href":"https:\/\/eikonos.com\/ca\/wp-json\/wp\/v2\/tags?post=2848"}],"curies":[{"name":"wp","href":"https:\/\/api.w.org\/{rel}","templated":true}]}}