{"id":2843,"date":"2016-01-04T12:52:47","date_gmt":"2016-01-04T11:52:47","guid":{"rendered":"http:\/\/eikonos.com\/blog\/las-pantallas-de-led-una-solucion-para-interiores-y-exteriores-2\/"},"modified":"2016-01-04T12:52:47","modified_gmt":"2016-01-04T11:52:47","slug":"les-pantalles-led-solucio-per-interiors-i-exteriors","status":"publish","type":"post","link":"https:\/\/eikonos.com\/ca\/blog\/les-pantalles-led-solucio-per-interiors-i-exteriors\/","title":{"rendered":"Les pantalles LED: una soluci\u00f3 per interiors i exteriors"},"content":{"rendered":"<p style=\"text-align: justify;\" align=\"CENTER\">Quan una empresa o entitat organitza un esdeveniment poden sugerir-li molts dubtes. I segurament una part d\u2019elles estigui relacionada amb la millor forma d\u2019abordar l\u2019aspecte audiovisual de l\u2019acto o activitat: si escollim\u00a0<a title=\"29 septiembre Comparativa entre pantallas Pantallas de plasma y TFT: \u00bfcu\u00e1les son los usos de los monitores?\" href=\"https:\/\/eikonos.com\/blog\/pantallas-de-plasma-y-tft-cuales-usos-monitores\/\" target=\"_blank\" rel=\"noopener noreferrer\">TFT, plasma<\/a>,\u00a0led, quins monitors s\u00f3n els millors, on es localitzaran&#8230; Tan si aquesta es desenvolupar\u00e0 en un espai tancant, interior, com un d\u2019obert, exterior; \u00e9s important comptar amb els equips m\u00e9s adequats per a la correcta visualitzaci\u00f3 de les imatges que es vagim a emetre en aquests moments.<\/p>\n<p style=\"text-align: justify;\" align=\"CENTER\">Afortunament,<strong> <strong>els organitzadors tenen a la seva disposici\u00f3 possibilitats t\u00e8cniques per cada un d\u2019aquests espais\u00a0<\/strong>\u00a0<a title=\"Pantallas de leds\" href=\"https:\/\/eikonos.com\/portfolio_page\/pantallas-de-leds\/\" target=\"_blank\" rel=\"noopener noreferrer\">les pantalles led<\/a><\/strong>. I es tracta d\u2019una q\u00fcesti\u00f3 important perqu\u00e8 el fet de col\u00b7locvar una gran pantalla en una competici\u00f3 esportiva, una trobada o un esdeveniment es configura com una fet diferenciador que multiplicar\u00e0 el seguiment dels usuaris i la bona reputaci\u00f3 de l\u2019empresa. A m\u00e9 s am\u00e9s, es tracta d\u2019un \u00e0mbit en el que la nostra imaginaci\u00f3 \u00e9s l\u00b4\u2019\u00fanic l\u00edmit. Podem innovar tan en el contingut que oferim als assistents, aix\u00ed com en altres q\u00fcestions com eludir les formes quadrades habituals en les composicions de m\u00f2duls per decantar-se per altres alternatives m\u00e9s impactants visualment.<\/p>\n<p style=\"text-align: justify;\" align=\"CENTER\"><!--more--><\/p>\n<h2 style=\"text-align: justify;\"><span style=\"color: #ff0000;\">Les millors pantalles led per exterior<\/span><\/h2>\n<p style=\"text-align: justify;\">Quan un organitzador requereix d\u2019un pantalla LED destinada a utilitzar-se en un espai obert no nom\u00e9s necessita que l\u2019imatge es vegi amb la major nitidesa possible, si no que a m\u00e9s es requereix de facilitats a la hora de dur a terme el montatge. \u00c9s una cosa que es pot aconseguir f\u00e0cilment <strong>gr\u00e0cies al remolc amb pantalla LED, que compta amb un generador propi, la rotaci\u00f3 de 360 graus, <\/strong>\u00e9s f\u00e0cil i r\u00e0pid de muntar i tenen un gran camp de visi\u00f3 gr\u00e0cies a la seva mesura. Aquesta equipaci\u00f3 disposa d\u2019una pantalla LED de 10 mm i el les seves mides s\u00f3n de 3,84 x 2,56 metres.<\/p>\n<p style=\"text-align: justify;\">Si en el que est\u00e0s pensant \u00e9s en una pantalla LED per exterior sense remolc; la de <strong>6 mm <\/strong>\u00e9s ideal. Et permet visualitzar els continguts a llum solar, ja sigui el directe de c\u00e0mara, el marcador per un esdeveniment esportiu o la presentaci\u00f3 d\u2019un producte per exemple.<\/p>\n<p style=\"text-align: justify;\">Gr\u00e0cies a les caracter\u00edstiques t\u00e8cniques d\u2019aquests productes, en un <strong>esdeveniment multitudinari tots els assistes podran visualitzar correctament els continguts que s\u2019emetin des d\u2019aquest equips audiovisuals. <\/strong>L\u2019\u00fas d\u2019aquests, quedar\u00e0 patent m\u00e9s tard en les instant\u00e0nes que es prenguin de l\u2019esdeveniment i que es podran difondre en els medis de comunicaci\u00f3 i les xarxes socials.<\/p>\n<h2 style=\"text-align: justify;\"><span style=\"color: #ff0000;\">Interiors: pantalles led<\/span><\/h2>\n<p style=\"text-align: justify;\">Tot i que no existeixa la contrapartida de la llum solar, en interiors tamb\u00e9 s\u2019ha de saber escollir el m\u00e9s indicat per a que el nostre contingut audiovisual llueixi el millor possible.<\/p>\n<p style=\"text-align: justify;\">Aix\u00f2 pot afectar a diferents activitats: des de exposicions fins a esdeeiments que es realitzin en una sala, en un teatre o en qualsevol lloc tancat. <strong>Per aprofitar tot el potencial que ens brinda les noves tecnologies \u00e9s millor escollir equips indoor, <\/strong>especials per interiors: \u00e9s el cas de la de <strong>4mm <\/strong>utilitzada en esdeveniments com en el plat\u00f3i de televisi\u00f3 \u201cTodos con la 2\u201d i la Gala FIM MotoGP Awards, o b\u00e9 la pantalla de <strong>2.6. mm <\/strong>montada just aquesta setmana en el programa \u201cLate Motiv\u201d d\u2019Andreu Buenafuente.<\/p>\n<p style=\"text-align: justify;\">Existeixen altres pantalles a part de les de 2.6 mm, 4 mm, 6 mm i 10 mm. En funci\u00f3 de les caracter\u00edstiques de l\u2019esdeveniment o la instal\u00b7laci\u00f3 fixe s\u2019utilitzen unes o altres com hem comentat anteriorment. En aquest post nom\u00e9s hem mencionat amb les que normalment treballem.<\/p>\n<p style=\"text-align: justify;\">Tot aix\u00f2 redunda a favor de l\u2019\u00e8xit. <strong>Gr\u00e0cies a l\u2019elecci\u00f3 de bons i adequats equips audiovisuals sumarem punts al conjunt de l\u2019organitzaci\u00f3. <\/strong>Cuidar el detall \u00e9s sempre una m\u00e0xima que hem de seguir en aquest sector.<\/p>\n<p style=\"text-align: justify;\">\n","protected":false},"excerpt":{"rendered":"<p>Quan una empresa o entitat organitza un esdeveniment poden sugerir-li molts dubtes. I segurament una&#8230;<\/p>\n","protected":false},"author":6,"featured_media":2564,"comment_status":"open","ping_status":"open","sticky":false,"template":"","format":"standard","meta":{"_acf_changed":false,"footnotes":""},"categories":[260,255,262],"tags":[368],"class_list":["post-2843","post","type-post","status-publish","format-standard","has-post-thumbnail","hentry","category-esdeveniments-audiovisuals","category-installacions-fixes","category-lloguer-dequips","tag-pantalles-led"],"acf":[],"yoast_head":"<!-- This site is optimized with the Yoast SEO plugin v26.3 - https:\/\/yoast.com\/wordpress\/plugins\/seo\/ -->\n<title>Les pantalles LED: una soluci\u00f3 per interiors i exteriors<\/title>\n<meta name=\"description\" content=\"Pantalles LED: la soluci\u00f3 per interiors i exteriors quan organitzem esdeveniments i volguem equips audiovisuals especialment adaptats a cada espai.\" \/>\n<meta name=\"robots\" content=\"index, follow, max-snippet:-1, max-image-preview:large, max-video-preview:-1\" \/>\n<link rel=\"canonical\" href=\"https:\/\/eikonos.com\/ca\/blog\/les-pantalles-led-solucio-per-interiors-i-exteriors\/\" \/>\n<meta property=\"og:locale\" content=\"ca_ES\" \/>\n<meta property=\"og:type\" content=\"article\" \/>\n<meta property=\"og:title\" content=\"Les pantalles LED: una soluci\u00f3 per interiors i exteriors\" \/>\n<meta property=\"og:description\" content=\"Pantalles LED: la soluci\u00f3 per interiors i exteriors quan organitzem esdeveniments i volguem equips audiovisuals especialment adaptats a cada espai.\" \/>\n<meta property=\"og:url\" content=\"https:\/\/eikonos.com\/ca\/blog\/les-pantalles-led-solucio-per-interiors-i-exteriors\/\" \/>\n<meta property=\"og:site_name\" content=\"EIKONOS\" \/>\n<meta property=\"article:publisher\" content=\"http:\/\/www.facebook.com\/pages\/Eikonos\/176324785746790\" \/>\n<meta property=\"article:published_time\" content=\"2016-01-04T11:52:47+00:00\" \/>\n<meta property=\"og:image\" content=\"https:\/\/eikonos.com\/wp-content\/uploads\/2016\/01\/pantallas-led.png\" \/>\n\t<meta property=\"og:image:width\" content=\"514\" \/>\n\t<meta property=\"og:image:height\" content=\"387\" \/>\n\t<meta property=\"og:image:type\" content=\"image\/png\" \/>\n<meta name=\"author\" content=\"Xavi Eikonos\" \/>\n<meta name=\"twitter:card\" content=\"summary_large_image\" \/>\n<meta name=\"twitter:creator\" content=\"@eikonos_sa\" \/>\n<meta name=\"twitter:site\" content=\"@eikonos_sa\" \/>\n<meta name=\"twitter:label1\" content=\"Escrit per\" \/>\n\t<meta name=\"twitter:data1\" content=\"Xavi Eikonos\" \/>\n\t<meta name=\"twitter:label2\" content=\"Temps estimat de lectura\" \/>\n\t<meta name=\"twitter:data2\" content=\"3 minuts\" \/>\n<script type=\"application\/ld+json\" class=\"yoast-schema-graph\">{\"@context\":\"https:\/\/schema.org\",\"@graph\":[{\"@type\":\"Article\",\"@id\":\"https:\/\/eikonos.com\/ca\/blog\/les-pantalles-led-solucio-per-interiors-i-exteriors\/#article\",\"isPartOf\":{\"@id\":\"https:\/\/eikonos.com\/ca\/blog\/les-pantalles-led-solucio-per-interiors-i-exteriors\/\"},\"author\":{\"name\":\"Xavi Eikonos\",\"@id\":\"https:\/\/eikonos.com\/ca\/#\/schema\/person\/82032860cc314d826959b90595a5280a\"},\"headline\":\"Les pantalles LED: una soluci\u00f3 per interiors i exteriors\",\"datePublished\":\"2016-01-04T11:52:47+00:00\",\"mainEntityOfPage\":{\"@id\":\"https:\/\/eikonos.com\/ca\/blog\/les-pantalles-led-solucio-per-interiors-i-exteriors\/\"},\"wordCount\":669,\"commentCount\":0,\"publisher\":{\"@id\":\"https:\/\/eikonos.com\/ca\/#organization\"},\"image\":{\"@id\":\"https:\/\/eikonos.com\/ca\/blog\/les-pantalles-led-solucio-per-interiors-i-exteriors\/#primaryimage\"},\"thumbnailUrl\":\"https:\/\/eikonos.com\/wp-content\/uploads\/2016\/01\/pantallas-led.png\",\"keywords\":[\"Pantalles LED\"],\"articleSection\":[\"Esdeveniments audiovisuals\",\"Instal\u00b7lacions fixes\",\"Lloguer d'equips\"],\"inLanguage\":\"ca\",\"potentialAction\":[{\"@type\":\"CommentAction\",\"name\":\"Comment\",\"target\":[\"https:\/\/eikonos.com\/ca\/blog\/les-pantalles-led-solucio-per-interiors-i-exteriors\/#respond\"]}]},{\"@type\":\"WebPage\",\"@id\":\"https:\/\/eikonos.com\/ca\/blog\/les-pantalles-led-solucio-per-interiors-i-exteriors\/\",\"url\":\"https:\/\/eikonos.com\/ca\/blog\/les-pantalles-led-solucio-per-interiors-i-exteriors\/\",\"name\":\"Les pantalles LED: una soluci\u00f3 per interiors i exteriors\",\"isPartOf\":{\"@id\":\"https:\/\/eikonos.com\/ca\/#website\"},\"primaryImageOfPage\":{\"@id\":\"https:\/\/eikonos.com\/ca\/blog\/les-pantalles-led-solucio-per-interiors-i-exteriors\/#primaryimage\"},\"image\":{\"@id\":\"https:\/\/eikonos.com\/ca\/blog\/les-pantalles-led-solucio-per-interiors-i-exteriors\/#primaryimage\"},\"thumbnailUrl\":\"https:\/\/eikonos.com\/wp-content\/uploads\/2016\/01\/pantallas-led.png\",\"datePublished\":\"2016-01-04T11:52:47+00:00\",\"description\":\"Pantalles LED: la soluci\u00f3 per interiors i exteriors quan organitzem esdeveniments i volguem equips audiovisuals especialment adaptats a cada espai.\",\"breadcrumb\":{\"@id\":\"https:\/\/eikonos.com\/ca\/blog\/les-pantalles-led-solucio-per-interiors-i-exteriors\/#breadcrumb\"},\"inLanguage\":\"ca\",\"potentialAction\":[{\"@type\":\"ReadAction\",\"target\":[\"https:\/\/eikonos.com\/ca\/blog\/les-pantalles-led-solucio-per-interiors-i-exteriors\/\"]}]},{\"@type\":\"ImageObject\",\"inLanguage\":\"ca\",\"@id\":\"https:\/\/eikonos.com\/ca\/blog\/les-pantalles-led-solucio-per-interiors-i-exteriors\/#primaryimage\",\"url\":\"https:\/\/eikonos.com\/wp-content\/uploads\/2016\/01\/pantallas-led.png\",\"contentUrl\":\"https:\/\/eikonos.com\/wp-content\/uploads\/2016\/01\/pantallas-led.png\",\"width\":514,\"height\":387,\"caption\":\"Pantallas de LED para interiores y exteriores\"},{\"@type\":\"BreadcrumbList\",\"@id\":\"https:\/\/eikonos.com\/ca\/blog\/les-pantalles-led-solucio-per-interiors-i-exteriors\/#breadcrumb\",\"itemListElement\":[{\"@type\":\"ListItem\",\"position\":1,\"name\":\"EIKONOS\",\"item\":\"https:\/\/eikonos.com\/ca\/inici\/\"},{\"@type\":\"ListItem\",\"position\":2,\"name\":\"Les pantalles LED: una soluci\u00f3 per interiors i exteriors\"}]},{\"@type\":\"WebSite\",\"@id\":\"https:\/\/eikonos.com\/ca\/#website\",\"url\":\"https:\/\/eikonos.com\/ca\/\",\"name\":\"EIKONOS\",\"description\":\"EXPERIENCIA AUDIOVISUAL\",\"publisher\":{\"@id\":\"https:\/\/eikonos.com\/ca\/#organization\"},\"potentialAction\":[{\"@type\":\"SearchAction\",\"target\":{\"@type\":\"EntryPoint\",\"urlTemplate\":\"https:\/\/eikonos.com\/ca\/?s={search_term_string}\"},\"query-input\":{\"@type\":\"PropertyValueSpecification\",\"valueRequired\":true,\"valueName\":\"search_term_string\"}}],\"inLanguage\":\"ca\"},{\"@type\":\"Organization\",\"@id\":\"https:\/\/eikonos.com\/ca\/#organization\",\"name\":\"EIKONOS | Servicios Audiovisuales, eventos y alquiler de equipos\",\"url\":\"https:\/\/eikonos.com\/ca\/\",\"logo\":{\"@type\":\"ImageObject\",\"inLanguage\":\"ca\",\"@id\":\"https:\/\/eikonos.com\/ca\/#\/schema\/logo\/image\/\",\"url\":\"https:\/\/eikonos.com\/wp-content\/uploads\/2020\/08\/logo-color.png\",\"contentUrl\":\"https:\/\/eikonos.com\/wp-content\/uploads\/2020\/08\/logo-color.png\",\"width\":376,\"height\":122,\"caption\":\"EIKONOS | Servicios Audiovisuales, eventos y alquiler de equipos\"},\"image\":{\"@id\":\"https:\/\/eikonos.com\/ca\/#\/schema\/logo\/image\/\"},\"sameAs\":[\"http:\/\/www.facebook.com\/pages\/Eikonos\/176324785746790\",\"https:\/\/x.com\/eikonos_sa\",\"http:\/\/www.linkedin.com\/company\/eikonos\",\"http:\/\/www.youtube.com\/channel\/UC8wcizWaAYbfsuqVf9wIT6w\"]},{\"@type\":\"Person\",\"@id\":\"https:\/\/eikonos.com\/ca\/#\/schema\/person\/82032860cc314d826959b90595a5280a\",\"name\":\"Xavi Eikonos\",\"image\":{\"@type\":\"ImageObject\",\"inLanguage\":\"ca\",\"@id\":\"https:\/\/eikonos.com\/ca\/#\/schema\/person\/image\/\",\"url\":\"https:\/\/secure.gravatar.com\/avatar\/a6c6b51dd0ac6902701aab24a914f6febe1518f94a5ae06db08b3d6107248dfd?s=96&d=mm&r=g\",\"contentUrl\":\"https:\/\/secure.gravatar.com\/avatar\/a6c6b51dd0ac6902701aab24a914f6febe1518f94a5ae06db08b3d6107248dfd?s=96&d=mm&r=g\",\"caption\":\"Xavi Eikonos\"}}]}<\/script>\n<!-- \/ Yoast SEO plugin. -->","yoast_head_json":{"title":"Les pantalles LED: una soluci\u00f3 per interiors i exteriors","description":"Pantalles LED: la soluci\u00f3 per interiors i exteriors quan organitzem esdeveniments i volguem equips audiovisuals especialment adaptats a cada espai.","robots":{"index":"index","follow":"follow","max-snippet":"max-snippet:-1","max-image-preview":"max-image-preview:large","max-video-preview":"max-video-preview:-1"},"canonical":"https:\/\/eikonos.com\/ca\/blog\/les-pantalles-led-solucio-per-interiors-i-exteriors\/","og_locale":"ca_ES","og_type":"article","og_title":"Les pantalles LED: una soluci\u00f3 per interiors i exteriors","og_description":"Pantalles LED: la soluci\u00f3 per interiors i exteriors quan organitzem esdeveniments i volguem equips audiovisuals especialment adaptats a cada espai.","og_url":"https:\/\/eikonos.com\/ca\/blog\/les-pantalles-led-solucio-per-interiors-i-exteriors\/","og_site_name":"EIKONOS","article_publisher":"http:\/\/www.facebook.com\/pages\/Eikonos\/176324785746790","article_published_time":"2016-01-04T11:52:47+00:00","og_image":[{"width":514,"height":387,"url":"https:\/\/eikonos.com\/wp-content\/uploads\/2016\/01\/pantallas-led.png","type":"image\/png"}],"author":"Xavi Eikonos","twitter_card":"summary_large_image","twitter_creator":"@eikonos_sa","twitter_site":"@eikonos_sa","twitter_misc":{"Escrit per":"Xavi Eikonos","Temps estimat de lectura":"3 minuts"},"schema":{"@context":"https:\/\/schema.org","@graph":[{"@type":"Article","@id":"https:\/\/eikonos.com\/ca\/blog\/les-pantalles-led-solucio-per-interiors-i-exteriors\/#article","isPartOf":{"@id":"https:\/\/eikonos.com\/ca\/blog\/les-pantalles-led-solucio-per-interiors-i-exteriors\/"},"author":{"name":"Xavi Eikonos","@id":"https:\/\/eikonos.com\/ca\/#\/schema\/person\/82032860cc314d826959b90595a5280a"},"headline":"Les pantalles LED: una soluci\u00f3 per interiors i exteriors","datePublished":"2016-01-04T11:52:47+00:00","mainEntityOfPage":{"@id":"https:\/\/eikonos.com\/ca\/blog\/les-pantalles-led-solucio-per-interiors-i-exteriors\/"},"wordCount":669,"commentCount":0,"publisher":{"@id":"https:\/\/eikonos.com\/ca\/#organization"},"image":{"@id":"https:\/\/eikonos.com\/ca\/blog\/les-pantalles-led-solucio-per-interiors-i-exteriors\/#primaryimage"},"thumbnailUrl":"https:\/\/eikonos.com\/wp-content\/uploads\/2016\/01\/pantallas-led.png","keywords":["Pantalles LED"],"articleSection":["Esdeveniments audiovisuals","Instal\u00b7lacions fixes","Lloguer d'equips"],"inLanguage":"ca","potentialAction":[{"@type":"CommentAction","name":"Comment","target":["https:\/\/eikonos.com\/ca\/blog\/les-pantalles-led-solucio-per-interiors-i-exteriors\/#respond"]}]},{"@type":"WebPage","@id":"https:\/\/eikonos.com\/ca\/blog\/les-pantalles-led-solucio-per-interiors-i-exteriors\/","url":"https:\/\/eikonos.com\/ca\/blog\/les-pantalles-led-solucio-per-interiors-i-exteriors\/","name":"Les pantalles LED: una soluci\u00f3 per interiors i exteriors","isPartOf":{"@id":"https:\/\/eikonos.com\/ca\/#website"},"primaryImageOfPage":{"@id":"https:\/\/eikonos.com\/ca\/blog\/les-pantalles-led-solucio-per-interiors-i-exteriors\/#primaryimage"},"image":{"@id":"https:\/\/eikonos.com\/ca\/blog\/les-pantalles-led-solucio-per-interiors-i-exteriors\/#primaryimage"},"thumbnailUrl":"https:\/\/eikonos.com\/wp-content\/uploads\/2016\/01\/pantallas-led.png","datePublished":"2016-01-04T11:52:47+00:00","description":"Pantalles LED: la soluci\u00f3 per interiors i exteriors quan organitzem esdeveniments i volguem equips audiovisuals especialment adaptats a cada espai.","breadcrumb":{"@id":"https:\/\/eikonos.com\/ca\/blog\/les-pantalles-led-solucio-per-interiors-i-exteriors\/#breadcrumb"},"inLanguage":"ca","potentialAction":[{"@type":"ReadAction","target":["https:\/\/eikonos.com\/ca\/blog\/les-pantalles-led-solucio-per-interiors-i-exteriors\/"]}]},{"@type":"ImageObject","inLanguage":"ca","@id":"https:\/\/eikonos.com\/ca\/blog\/les-pantalles-led-solucio-per-interiors-i-exteriors\/#primaryimage","url":"https:\/\/eikonos.com\/wp-content\/uploads\/2016\/01\/pantallas-led.png","contentUrl":"https:\/\/eikonos.com\/wp-content\/uploads\/2016\/01\/pantallas-led.png","width":514,"height":387,"caption":"Pantallas de LED para interiores y exteriores"},{"@type":"BreadcrumbList","@id":"https:\/\/eikonos.com\/ca\/blog\/les-pantalles-led-solucio-per-interiors-i-exteriors\/#breadcrumb","itemListElement":[{"@type":"ListItem","position":1,"name":"EIKONOS","item":"https:\/\/eikonos.com\/ca\/inici\/"},{"@type":"ListItem","position":2,"name":"Les pantalles LED: una soluci\u00f3 per interiors i exteriors"}]},{"@type":"WebSite","@id":"https:\/\/eikonos.com\/ca\/#website","url":"https:\/\/eikonos.com\/ca\/","name":"EIKONOS","description":"EXPERIENCIA AUDIOVISUAL","publisher":{"@id":"https:\/\/eikonos.com\/ca\/#organization"},"potentialAction":[{"@type":"SearchAction","target":{"@type":"EntryPoint","urlTemplate":"https:\/\/eikonos.com\/ca\/?s={search_term_string}"},"query-input":{"@type":"PropertyValueSpecification","valueRequired":true,"valueName":"search_term_string"}}],"inLanguage":"ca"},{"@type":"Organization","@id":"https:\/\/eikonos.com\/ca\/#organization","name":"EIKONOS | Servicios Audiovisuales, eventos y alquiler de equipos","url":"https:\/\/eikonos.com\/ca\/","logo":{"@type":"ImageObject","inLanguage":"ca","@id":"https:\/\/eikonos.com\/ca\/#\/schema\/logo\/image\/","url":"https:\/\/eikonos.com\/wp-content\/uploads\/2020\/08\/logo-color.png","contentUrl":"https:\/\/eikonos.com\/wp-content\/uploads\/2020\/08\/logo-color.png","width":376,"height":122,"caption":"EIKONOS | Servicios Audiovisuales, eventos y alquiler de equipos"},"image":{"@id":"https:\/\/eikonos.com\/ca\/#\/schema\/logo\/image\/"},"sameAs":["http:\/\/www.facebook.com\/pages\/Eikonos\/176324785746790","https:\/\/x.com\/eikonos_sa","http:\/\/www.linkedin.com\/company\/eikonos","http:\/\/www.youtube.com\/channel\/UC8wcizWaAYbfsuqVf9wIT6w"]},{"@type":"Person","@id":"https:\/\/eikonos.com\/ca\/#\/schema\/person\/82032860cc314d826959b90595a5280a","name":"Xavi Eikonos","image":{"@type":"ImageObject","inLanguage":"ca","@id":"https:\/\/eikonos.com\/ca\/#\/schema\/person\/image\/","url":"https:\/\/secure.gravatar.com\/avatar\/a6c6b51dd0ac6902701aab24a914f6febe1518f94a5ae06db08b3d6107248dfd?s=96&d=mm&r=g","contentUrl":"https:\/\/secure.gravatar.com\/avatar\/a6c6b51dd0ac6902701aab24a914f6febe1518f94a5ae06db08b3d6107248dfd?s=96&d=mm&r=g","caption":"Xavi Eikonos"}}]}},"_links":{"self":[{"href":"https:\/\/eikonos.com\/ca\/wp-json\/wp\/v2\/posts\/2843","targetHints":{"allow":["GET"]}}],"collection":[{"href":"https:\/\/eikonos.com\/ca\/wp-json\/wp\/v2\/posts"}],"about":[{"href":"https:\/\/eikonos.com\/ca\/wp-json\/wp\/v2\/types\/post"}],"author":[{"embeddable":true,"href":"https:\/\/eikonos.com\/ca\/wp-json\/wp\/v2\/users\/6"}],"replies":[{"embeddable":true,"href":"https:\/\/eikonos.com\/ca\/wp-json\/wp\/v2\/comments?post=2843"}],"version-history":[{"count":0,"href":"https:\/\/eikonos.com\/ca\/wp-json\/wp\/v2\/posts\/2843\/revisions"}],"wp:featuredmedia":[{"embeddable":true,"href":"https:\/\/eikonos.com\/ca\/wp-json\/wp\/v2\/media\/2564"}],"wp:attachment":[{"href":"https:\/\/eikonos.com\/ca\/wp-json\/wp\/v2\/media?parent=2843"}],"wp:term":[{"taxonomy":"category","embeddable":true,"href":"https:\/\/eikonos.com\/ca\/wp-json\/wp\/v2\/categories?post=2843"},{"taxonomy":"post_tag","embeddable":true,"href":"https:\/\/eikonos.com\/ca\/wp-json\/wp\/v2\/tags?post=2843"}],"curies":[{"name":"wp","href":"https:\/\/api.w.org\/{rel}","templated":true}]}}