{"id":2838,"date":"2016-01-11T17:21:42","date_gmt":"2016-01-11T16:21:42","guid":{"rendered":"http:\/\/eikonos.com\/blog\/elementos-audiovisuales-dentro-del-decorado-esferas-de-proyeccion-2\/"},"modified":"2023-01-30T19:26:06","modified_gmt":"2023-01-30T19:26:06","slug":"elements-audiovisuals-en-el-decorat-esferes-projeccio","status":"publish","type":"post","link":"https:\/\/eikonos.com\/ca\/blog\/elements-audiovisuals-en-el-decorat-esferes-projeccio\/","title":{"rendered":"Elements audiovisuals en el decorat: esferes de projecci\u00f3"},"content":{"rendered":"<p style=\"text-align: justify;\">El decorat t\u00e9 molt a dir. Aconseguir captar al p\u00fablic, al esperar amb propostes diferents i creatives \u00e9s un repte que de la m\u00e0 de les noves tecnologies i creacions audiovisual es transforma i es supera de manera constant.<\/p>\n<p style=\"text-align: justify;\">Vestir els escenaris d\u2019una forma creativa, \u00fatil i amb sentit \u00e9s una m\u00e0xima que es compleix al peu de la lletra amb la incorporaci\u00f3 d<strong>\u2019elements interessants com les esferes de projecci\u00f3, les taules interactives o els Dreamoc, <\/strong>entre altres possibilitats. Diferents propostes professionals, cada una amb els seus atractius capaces d\u2019avivar la comunicaci\u00f3 amb l\u2019espectador i multiplicar les seves sensacions.<\/p>\n<p style=\"text-align: justify;\"><!--more--><\/p>\n<h2 style=\"text-align: justify;\"><span style=\"color: #ff0000;\">Les impactants possibilitats de les esferes de projecci\u00f3<\/span><\/h2>\n<p style=\"text-align: justify;\">Els treballs en decorats en el que s\u2019han incorporat esferes de projecci\u00f3 han guanyat importants posicions. Aquest tipus d\u2019elements van molt m\u00e9s enll\u00e0 de convertir-se en suports de visualitzaci\u00f3 de continguts audiovisuals per crear entorns propis i integrats, en els que les creacions i el llenguatge que s\u2019empra forma part d\u2019un tot.<\/p>\n<p style=\"text-align: justify;\">Pel seu impacte visual i les seves amplies possibilitats com a suport capa\u00e7 d\u2019arrancar sensacions a l\u2019espectador,\u00a0les esferes de projecci\u00f3 s\u00f3n un reclam\u00a0cada cop m\u00e9s present en el decorats adaptats a les presentacions d\u2019<strong>espectacles, cites televisives o esdeveniments directes a deixar al p\u00fablic amb un bon sabor de boca a base de creativitat.<\/strong><\/p>\n<p style=\"text-align: justify;\">De la mateixa manera, aquest tipus de suports s\u00f3n una plataforma perfecte per mostrar publicitat o el que un desitja, ja que es pot adaptar i reproduir qualsevol contingut. Una pe\u00e7a capa\u00e7 de mudar i adaptar-se als espais m\u00e9s diversos, ja sigui un stand firal o un establiment comercial aportant aquesta nota diferent a una presentaci\u00f3 de producte, esdeveniment corporatiu, etc.<\/p>\n<h2 style=\"text-align: justify;\"><span style=\"color: #ff0000;\">Suports que activen la creativitat i la participaci\u00f3 de l&#8217;espectador<\/span><\/h2>\n<p style=\"text-align: justify;\">La incorporaci\u00f3 dels elements audiovisuals en els decorats ha trobat tamb\u00e9 un gran aliat en altres suports com <strong>les taules interactives. Es tracta de propostes amb un alt contingut tecnol\u00f2gic i visual que multipliquen les possibilitats de connectar amb el p\u00fablic. <\/strong>Una f\u00f3rmula en la que comptar amb professionals en la creaci\u00f3 de continguts i la gesti\u00f3 de materials \u00e9s clau per aconseguir uns resultats mesurats al mil\u00b7l\u00edmetre, on empreses amb un llarg recorregut com Eikonos tenen molt a dir.<\/p>\n<blockquote>\n<p style=\"text-align: center;\"><span style=\"color: #ff0000;\"><em>Suports com les \u00a0taules interactives funcionen com un dard directe al espectador, dissenyat per incitar-lo a participar, col\u00b7laborar i formar part de l&#8217;esdeveniment o espectacle<\/em><\/span><\/p>\n<\/blockquote>\n<p style=\"text-align: justify;\">La integraci\u00f3 en els decorats d\u2019aquests elements \u00e9s un encert a l\u2019espectador, dissenyant per incitar-li a participar, col\u00b7laborar i formar part de l\u2019esdeveniment o espectable. Es tracte de <strong>suports que giren al voltant de creacions i mecanismes d\u2019\u00fas molt intu\u00eftiu i de tipus f\u00e0cil <\/strong>amb possibilitats d\u2019\u00fas per una o v\u00e0ries persones. Una proposta que ha tingut molt eco en el camp de l\u2019educaci\u00f3, en les sales d\u2019exposicions o a les fires per exemple, com plataforma perfecta per facilitar l\u2019aprenentatge i la presentaci\u00f3 de continguts.<\/p>\n<p><img loading=\"lazy\" decoding=\"async\" class=\"alignnone wp-image-2582 size-full\" title=\"Las mesas de proyecci\u00f3n y las esferas de proyecci\u00f3n mejoran la interactividad con los usuarios\" src=\"https:\/\/eikonos.com\/wp-content\/uploads\/2016\/01\/mesa_proyeccion.png\" alt=\"Las mesas de protecciones, al igual que las esferas de proyecci\u00f3n ofrecen un atractivo a la decoraci\u00f3n audiovisual\" width=\"700\" height=\"373\" srcset=\"https:\/\/eikonos.com\/wp-content\/uploads\/2016\/01\/mesa_proyeccion.png 700w, https:\/\/eikonos.com\/wp-content\/uploads\/2016\/01\/mesa_proyeccion-300x160.png 300w\" sizes=\"auto, (max-width: 700px) 100vw, 700px\" \/><\/p>\n<h2 style=\"text-align: justify;\"><span style=\"color: #ff0000;\">La magia creativa llega a los decorados a golpe de\u00a0hologramas<\/span><\/h2>\n<p style=\"text-align: justify;\">Y dentro de esta lista de vanguardia y creatividad para multiplicar las posibilidades de los decorados tienen tambi\u00e9n un hueco principal propuestas como el Dreamoc. En este caso se trata de una vitrina hologr\u00e1fica robusta y transportable que combina el producto f\u00edsico inanimado con la creatividad.<\/p>\n<p style=\"text-align: justify;\">La pir\u00e1mide es capaz de proporcionar <strong>contenidos de gran realismo, en 3D llenando el espacio que los alberga con presentaciones de im\u00e1genes<\/strong> que casi recuerdan a pel\u00edculas como la m\u00e1s que popular <em>Guerra de las Galaxias<\/em>. Un soporte perfecto con el que sumar activos a los decorados con piezas integradas en la escena que hablan con voz propia.<\/p>\n<p>&nbsp;<\/p>\n<p>&nbsp;<\/p>\n<p>&nbsp;<\/p>\n","protected":false},"excerpt":{"rendered":"<p>El decorat t\u00e9 molt a dir. Aconseguir captar al p\u00fablic, al esperar amb propostes diferents&#8230;<\/p>\n","protected":false},"author":6,"featured_media":0,"comment_status":"open","ping_status":"open","sticky":false,"template":"","format":"standard","meta":{"_acf_changed":false,"footnotes":""},"categories":[1],"tags":[],"class_list":["post-2838","post","type-post","status-publish","format-standard","hentry","category-sin-categorizar"],"acf":[],"yoast_head":"<!-- This site is optimized with the Yoast SEO plugin v26.3 - https:\/\/yoast.com\/wordpress\/plugins\/seo\/ -->\n<title>Elements audiovisuals en el decorat: esferes de projecci\u00f3<\/title>\n<meta name=\"description\" content=\"Els decorats guanyen impacte i creativitat amb la integraci\u00f3 de suports com les esferes de projecci\u00f3.\" \/>\n<meta name=\"robots\" content=\"index, follow, max-snippet:-1, max-image-preview:large, max-video-preview:-1\" \/>\n<link rel=\"canonical\" href=\"https:\/\/eikonos.com\/ca\/blog\/elements-audiovisuals-en-el-decorat-esferes-projeccio\/\" \/>\n<meta property=\"og:locale\" content=\"ca_ES\" \/>\n<meta property=\"og:type\" content=\"article\" \/>\n<meta property=\"og:title\" content=\"Elements audiovisuals en el decorat: esferes de projecci\u00f3\" \/>\n<meta property=\"og:description\" content=\"Els decorats guanyen impacte i creativitat amb la integraci\u00f3 de suports com les esferes de projecci\u00f3.\" \/>\n<meta property=\"og:url\" content=\"https:\/\/eikonos.com\/ca\/blog\/elements-audiovisuals-en-el-decorat-esferes-projeccio\/\" \/>\n<meta property=\"og:site_name\" content=\"EIKONOS\" \/>\n<meta property=\"article:publisher\" content=\"http:\/\/www.facebook.com\/pages\/Eikonos\/176324785746790\" \/>\n<meta property=\"article:published_time\" content=\"2016-01-11T16:21:42+00:00\" \/>\n<meta property=\"article:modified_time\" content=\"2023-01-30T19:26:06+00:00\" \/>\n<meta property=\"og:image\" content=\"https:\/\/eikonos.com\/wp-content\/uploads\/2016\/01\/mesa_proyeccion.png\" \/>\n<meta name=\"author\" content=\"Xavi Eikonos\" \/>\n<meta name=\"twitter:card\" content=\"summary_large_image\" \/>\n<meta name=\"twitter:creator\" content=\"@eikonos_sa\" \/>\n<meta name=\"twitter:site\" content=\"@eikonos_sa\" \/>\n<meta name=\"twitter:label1\" content=\"Escrit per\" \/>\n\t<meta name=\"twitter:data1\" content=\"Xavi Eikonos\" \/>\n\t<meta name=\"twitter:label2\" content=\"Temps estimat de lectura\" \/>\n\t<meta name=\"twitter:data2\" content=\"3 minuts\" \/>\n<script type=\"application\/ld+json\" class=\"yoast-schema-graph\">{\"@context\":\"https:\/\/schema.org\",\"@graph\":[{\"@type\":\"Article\",\"@id\":\"https:\/\/eikonos.com\/ca\/blog\/elements-audiovisuals-en-el-decorat-esferes-projeccio\/#article\",\"isPartOf\":{\"@id\":\"https:\/\/eikonos.com\/ca\/blog\/elements-audiovisuals-en-el-decorat-esferes-projeccio\/\"},\"author\":{\"name\":\"Xavi Eikonos\",\"@id\":\"https:\/\/eikonos.com\/ca\/#\/schema\/person\/82032860cc314d826959b90595a5280a\"},\"headline\":\"Elements audiovisuals en el decorat: esferes de projecci\u00f3\",\"datePublished\":\"2016-01-11T16:21:42+00:00\",\"dateModified\":\"2023-01-30T19:26:06+00:00\",\"mainEntityOfPage\":{\"@id\":\"https:\/\/eikonos.com\/ca\/blog\/elements-audiovisuals-en-el-decorat-esferes-projeccio\/\"},\"wordCount\":648,\"commentCount\":0,\"publisher\":{\"@id\":\"https:\/\/eikonos.com\/ca\/#organization\"},\"image\":{\"@id\":\"https:\/\/eikonos.com\/ca\/blog\/elements-audiovisuals-en-el-decorat-esferes-projeccio\/#primaryimage\"},\"thumbnailUrl\":\"https:\/\/eikonos.com\/wp-content\/uploads\/2016\/01\/mesa_proyeccion.png\",\"articleSection\":[\"Sin categorizar\"],\"inLanguage\":\"ca\",\"potentialAction\":[{\"@type\":\"CommentAction\",\"name\":\"Comment\",\"target\":[\"https:\/\/eikonos.com\/ca\/blog\/elements-audiovisuals-en-el-decorat-esferes-projeccio\/#respond\"]}]},{\"@type\":\"WebPage\",\"@id\":\"https:\/\/eikonos.com\/ca\/blog\/elements-audiovisuals-en-el-decorat-esferes-projeccio\/\",\"url\":\"https:\/\/eikonos.com\/ca\/blog\/elements-audiovisuals-en-el-decorat-esferes-projeccio\/\",\"name\":\"Elements audiovisuals en el decorat: esferes de projecci\u00f3\",\"isPartOf\":{\"@id\":\"https:\/\/eikonos.com\/ca\/#website\"},\"primaryImageOfPage\":{\"@id\":\"https:\/\/eikonos.com\/ca\/blog\/elements-audiovisuals-en-el-decorat-esferes-projeccio\/#primaryimage\"},\"image\":{\"@id\":\"https:\/\/eikonos.com\/ca\/blog\/elements-audiovisuals-en-el-decorat-esferes-projeccio\/#primaryimage\"},\"thumbnailUrl\":\"https:\/\/eikonos.com\/wp-content\/uploads\/2016\/01\/mesa_proyeccion.png\",\"datePublished\":\"2016-01-11T16:21:42+00:00\",\"dateModified\":\"2023-01-30T19:26:06+00:00\",\"description\":\"Els decorats guanyen impacte i creativitat amb la integraci\u00f3 de suports com les esferes de projecci\u00f3.\",\"breadcrumb\":{\"@id\":\"https:\/\/eikonos.com\/ca\/blog\/elements-audiovisuals-en-el-decorat-esferes-projeccio\/#breadcrumb\"},\"inLanguage\":\"ca\",\"potentialAction\":[{\"@type\":\"ReadAction\",\"target\":[\"https:\/\/eikonos.com\/ca\/blog\/elements-audiovisuals-en-el-decorat-esferes-projeccio\/\"]}]},{\"@type\":\"ImageObject\",\"inLanguage\":\"ca\",\"@id\":\"https:\/\/eikonos.com\/ca\/blog\/elements-audiovisuals-en-el-decorat-esferes-projeccio\/#primaryimage\",\"url\":\"https:\/\/eikonos.com\/wp-content\/uploads\/2016\/01\/mesa_proyeccion.png\",\"contentUrl\":\"https:\/\/eikonos.com\/wp-content\/uploads\/2016\/01\/mesa_proyeccion.png\"},{\"@type\":\"BreadcrumbList\",\"@id\":\"https:\/\/eikonos.com\/ca\/blog\/elements-audiovisuals-en-el-decorat-esferes-projeccio\/#breadcrumb\",\"itemListElement\":[{\"@type\":\"ListItem\",\"position\":1,\"name\":\"EIKONOS\",\"item\":\"https:\/\/eikonos.com\/ca\/inici\/\"},{\"@type\":\"ListItem\",\"position\":2,\"name\":\"Elements audiovisuals en el decorat: esferes de projecci\u00f3\"}]},{\"@type\":\"WebSite\",\"@id\":\"https:\/\/eikonos.com\/ca\/#website\",\"url\":\"https:\/\/eikonos.com\/ca\/\",\"name\":\"EIKONOS\",\"description\":\"EXPERIENCIA AUDIOVISUAL\",\"publisher\":{\"@id\":\"https:\/\/eikonos.com\/ca\/#organization\"},\"potentialAction\":[{\"@type\":\"SearchAction\",\"target\":{\"@type\":\"EntryPoint\",\"urlTemplate\":\"https:\/\/eikonos.com\/ca\/?s={search_term_string}\"},\"query-input\":{\"@type\":\"PropertyValueSpecification\",\"valueRequired\":true,\"valueName\":\"search_term_string\"}}],\"inLanguage\":\"ca\"},{\"@type\":\"Organization\",\"@id\":\"https:\/\/eikonos.com\/ca\/#organization\",\"name\":\"EIKONOS | Servicios Audiovisuales, eventos y alquiler de equipos\",\"url\":\"https:\/\/eikonos.com\/ca\/\",\"logo\":{\"@type\":\"ImageObject\",\"inLanguage\":\"ca\",\"@id\":\"https:\/\/eikonos.com\/ca\/#\/schema\/logo\/image\/\",\"url\":\"https:\/\/eikonos.com\/wp-content\/uploads\/2020\/08\/logo-color.png\",\"contentUrl\":\"https:\/\/eikonos.com\/wp-content\/uploads\/2020\/08\/logo-color.png\",\"width\":376,\"height\":122,\"caption\":\"EIKONOS | Servicios Audiovisuales, eventos y alquiler de equipos\"},\"image\":{\"@id\":\"https:\/\/eikonos.com\/ca\/#\/schema\/logo\/image\/\"},\"sameAs\":[\"http:\/\/www.facebook.com\/pages\/Eikonos\/176324785746790\",\"https:\/\/x.com\/eikonos_sa\",\"http:\/\/www.linkedin.com\/company\/eikonos\",\"http:\/\/www.youtube.com\/channel\/UC8wcizWaAYbfsuqVf9wIT6w\"]},{\"@type\":\"Person\",\"@id\":\"https:\/\/eikonos.com\/ca\/#\/schema\/person\/82032860cc314d826959b90595a5280a\",\"name\":\"Xavi Eikonos\",\"image\":{\"@type\":\"ImageObject\",\"inLanguage\":\"ca\",\"@id\":\"https:\/\/eikonos.com\/ca\/#\/schema\/person\/image\/\",\"url\":\"https:\/\/secure.gravatar.com\/avatar\/a6c6b51dd0ac6902701aab24a914f6febe1518f94a5ae06db08b3d6107248dfd?s=96&d=mm&r=g\",\"contentUrl\":\"https:\/\/secure.gravatar.com\/avatar\/a6c6b51dd0ac6902701aab24a914f6febe1518f94a5ae06db08b3d6107248dfd?s=96&d=mm&r=g\",\"caption\":\"Xavi Eikonos\"}}]}<\/script>\n<!-- \/ Yoast SEO plugin. -->","yoast_head_json":{"title":"Elements audiovisuals en el decorat: esferes de projecci\u00f3","description":"Els decorats guanyen impacte i creativitat amb la integraci\u00f3 de suports com les esferes de projecci\u00f3.","robots":{"index":"index","follow":"follow","max-snippet":"max-snippet:-1","max-image-preview":"max-image-preview:large","max-video-preview":"max-video-preview:-1"},"canonical":"https:\/\/eikonos.com\/ca\/blog\/elements-audiovisuals-en-el-decorat-esferes-projeccio\/","og_locale":"ca_ES","og_type":"article","og_title":"Elements audiovisuals en el decorat: esferes de projecci\u00f3","og_description":"Els decorats guanyen impacte i creativitat amb la integraci\u00f3 de suports com les esferes de projecci\u00f3.","og_url":"https:\/\/eikonos.com\/ca\/blog\/elements-audiovisuals-en-el-decorat-esferes-projeccio\/","og_site_name":"EIKONOS","article_publisher":"http:\/\/www.facebook.com\/pages\/Eikonos\/176324785746790","article_published_time":"2016-01-11T16:21:42+00:00","article_modified_time":"2023-01-30T19:26:06+00:00","og_image":[{"url":"https:\/\/eikonos.com\/wp-content\/uploads\/2016\/01\/mesa_proyeccion.png","type":"","width":"","height":""}],"author":"Xavi Eikonos","twitter_card":"summary_large_image","twitter_creator":"@eikonos_sa","twitter_site":"@eikonos_sa","twitter_misc":{"Escrit per":"Xavi Eikonos","Temps estimat de lectura":"3 minuts"},"schema":{"@context":"https:\/\/schema.org","@graph":[{"@type":"Article","@id":"https:\/\/eikonos.com\/ca\/blog\/elements-audiovisuals-en-el-decorat-esferes-projeccio\/#article","isPartOf":{"@id":"https:\/\/eikonos.com\/ca\/blog\/elements-audiovisuals-en-el-decorat-esferes-projeccio\/"},"author":{"name":"Xavi Eikonos","@id":"https:\/\/eikonos.com\/ca\/#\/schema\/person\/82032860cc314d826959b90595a5280a"},"headline":"Elements audiovisuals en el decorat: esferes de projecci\u00f3","datePublished":"2016-01-11T16:21:42+00:00","dateModified":"2023-01-30T19:26:06+00:00","mainEntityOfPage":{"@id":"https:\/\/eikonos.com\/ca\/blog\/elements-audiovisuals-en-el-decorat-esferes-projeccio\/"},"wordCount":648,"commentCount":0,"publisher":{"@id":"https:\/\/eikonos.com\/ca\/#organization"},"image":{"@id":"https:\/\/eikonos.com\/ca\/blog\/elements-audiovisuals-en-el-decorat-esferes-projeccio\/#primaryimage"},"thumbnailUrl":"https:\/\/eikonos.com\/wp-content\/uploads\/2016\/01\/mesa_proyeccion.png","articleSection":["Sin categorizar"],"inLanguage":"ca","potentialAction":[{"@type":"CommentAction","name":"Comment","target":["https:\/\/eikonos.com\/ca\/blog\/elements-audiovisuals-en-el-decorat-esferes-projeccio\/#respond"]}]},{"@type":"WebPage","@id":"https:\/\/eikonos.com\/ca\/blog\/elements-audiovisuals-en-el-decorat-esferes-projeccio\/","url":"https:\/\/eikonos.com\/ca\/blog\/elements-audiovisuals-en-el-decorat-esferes-projeccio\/","name":"Elements audiovisuals en el decorat: esferes de projecci\u00f3","isPartOf":{"@id":"https:\/\/eikonos.com\/ca\/#website"},"primaryImageOfPage":{"@id":"https:\/\/eikonos.com\/ca\/blog\/elements-audiovisuals-en-el-decorat-esferes-projeccio\/#primaryimage"},"image":{"@id":"https:\/\/eikonos.com\/ca\/blog\/elements-audiovisuals-en-el-decorat-esferes-projeccio\/#primaryimage"},"thumbnailUrl":"https:\/\/eikonos.com\/wp-content\/uploads\/2016\/01\/mesa_proyeccion.png","datePublished":"2016-01-11T16:21:42+00:00","dateModified":"2023-01-30T19:26:06+00:00","description":"Els decorats guanyen impacte i creativitat amb la integraci\u00f3 de suports com les esferes de projecci\u00f3.","breadcrumb":{"@id":"https:\/\/eikonos.com\/ca\/blog\/elements-audiovisuals-en-el-decorat-esferes-projeccio\/#breadcrumb"},"inLanguage":"ca","potentialAction":[{"@type":"ReadAction","target":["https:\/\/eikonos.com\/ca\/blog\/elements-audiovisuals-en-el-decorat-esferes-projeccio\/"]}]},{"@type":"ImageObject","inLanguage":"ca","@id":"https:\/\/eikonos.com\/ca\/blog\/elements-audiovisuals-en-el-decorat-esferes-projeccio\/#primaryimage","url":"https:\/\/eikonos.com\/wp-content\/uploads\/2016\/01\/mesa_proyeccion.png","contentUrl":"https:\/\/eikonos.com\/wp-content\/uploads\/2016\/01\/mesa_proyeccion.png"},{"@type":"BreadcrumbList","@id":"https:\/\/eikonos.com\/ca\/blog\/elements-audiovisuals-en-el-decorat-esferes-projeccio\/#breadcrumb","itemListElement":[{"@type":"ListItem","position":1,"name":"EIKONOS","item":"https:\/\/eikonos.com\/ca\/inici\/"},{"@type":"ListItem","position":2,"name":"Elements audiovisuals en el decorat: esferes de projecci\u00f3"}]},{"@type":"WebSite","@id":"https:\/\/eikonos.com\/ca\/#website","url":"https:\/\/eikonos.com\/ca\/","name":"EIKONOS","description":"EXPERIENCIA AUDIOVISUAL","publisher":{"@id":"https:\/\/eikonos.com\/ca\/#organization"},"potentialAction":[{"@type":"SearchAction","target":{"@type":"EntryPoint","urlTemplate":"https:\/\/eikonos.com\/ca\/?s={search_term_string}"},"query-input":{"@type":"PropertyValueSpecification","valueRequired":true,"valueName":"search_term_string"}}],"inLanguage":"ca"},{"@type":"Organization","@id":"https:\/\/eikonos.com\/ca\/#organization","name":"EIKONOS | Servicios Audiovisuales, eventos y alquiler de equipos","url":"https:\/\/eikonos.com\/ca\/","logo":{"@type":"ImageObject","inLanguage":"ca","@id":"https:\/\/eikonos.com\/ca\/#\/schema\/logo\/image\/","url":"https:\/\/eikonos.com\/wp-content\/uploads\/2020\/08\/logo-color.png","contentUrl":"https:\/\/eikonos.com\/wp-content\/uploads\/2020\/08\/logo-color.png","width":376,"height":122,"caption":"EIKONOS | Servicios Audiovisuales, eventos y alquiler de equipos"},"image":{"@id":"https:\/\/eikonos.com\/ca\/#\/schema\/logo\/image\/"},"sameAs":["http:\/\/www.facebook.com\/pages\/Eikonos\/176324785746790","https:\/\/x.com\/eikonos_sa","http:\/\/www.linkedin.com\/company\/eikonos","http:\/\/www.youtube.com\/channel\/UC8wcizWaAYbfsuqVf9wIT6w"]},{"@type":"Person","@id":"https:\/\/eikonos.com\/ca\/#\/schema\/person\/82032860cc314d826959b90595a5280a","name":"Xavi Eikonos","image":{"@type":"ImageObject","inLanguage":"ca","@id":"https:\/\/eikonos.com\/ca\/#\/schema\/person\/image\/","url":"https:\/\/secure.gravatar.com\/avatar\/a6c6b51dd0ac6902701aab24a914f6febe1518f94a5ae06db08b3d6107248dfd?s=96&d=mm&r=g","contentUrl":"https:\/\/secure.gravatar.com\/avatar\/a6c6b51dd0ac6902701aab24a914f6febe1518f94a5ae06db08b3d6107248dfd?s=96&d=mm&r=g","caption":"Xavi Eikonos"}}]}},"_links":{"self":[{"href":"https:\/\/eikonos.com\/ca\/wp-json\/wp\/v2\/posts\/2838","targetHints":{"allow":["GET"]}}],"collection":[{"href":"https:\/\/eikonos.com\/ca\/wp-json\/wp\/v2\/posts"}],"about":[{"href":"https:\/\/eikonos.com\/ca\/wp-json\/wp\/v2\/types\/post"}],"author":[{"embeddable":true,"href":"https:\/\/eikonos.com\/ca\/wp-json\/wp\/v2\/users\/6"}],"replies":[{"embeddable":true,"href":"https:\/\/eikonos.com\/ca\/wp-json\/wp\/v2\/comments?post=2838"}],"version-history":[{"count":1,"href":"https:\/\/eikonos.com\/ca\/wp-json\/wp\/v2\/posts\/2838\/revisions"}],"predecessor-version":[{"id":9802,"href":"https:\/\/eikonos.com\/ca\/wp-json\/wp\/v2\/posts\/2838\/revisions\/9802"}],"wp:attachment":[{"href":"https:\/\/eikonos.com\/ca\/wp-json\/wp\/v2\/media?parent=2838"}],"wp:term":[{"taxonomy":"category","embeddable":true,"href":"https:\/\/eikonos.com\/ca\/wp-json\/wp\/v2\/categories?post=2838"},{"taxonomy":"post_tag","embeddable":true,"href":"https:\/\/eikonos.com\/ca\/wp-json\/wp\/v2\/tags?post=2838"}],"curies":[{"name":"wp","href":"https:\/\/api.w.org\/{rel}","templated":true}]}}