{"id":2812,"date":"2016-01-25T12:56:00","date_gmt":"2016-01-25T11:56:00","guid":{"rendered":"http:\/\/eikonos.com\/blog\/diseno-web-responsive-todo-vale-en-los-proyectos-web-2\/"},"modified":"2016-01-25T12:56:00","modified_gmt":"2016-01-25T11:56:00","slug":"disseny-web-responsive-projectes-web","status":"publish","type":"post","link":"https:\/\/eikonos.com\/ca\/blog\/disseny-web-responsive-projectes-web\/","title":{"rendered":"Disseny web responsive: no tot val en els projectes web"},"content":{"rendered":"<p style=\"text-align: justify;\">La pres\u00e8ncia de les empreses en internes \u00e9s una q\u00fcesti\u00f3 que s\u2019ha tornat vital. Ja no nom\u00e9s es tracta de que sigui obligatori tenir aquesta visibilitat al m\u00f3n, si no que a m\u00e9s s\u2019ha d\u2019oferir al client facilitat a trav\u00e9s de la p\u00e0gina web.<strong> <strong>Un lloc que ha de complir amb els est\u00e0ndards de\u00a0<\/strong>\u00a0<a title=\"Dise\u00f1o web responsive\" href=\"https:\/\/eikonos.com\/portfolio_page\/diseno-grafico-y-web\/\" target=\"_blank\" rel=\"noopener noreferrer\">disseny web responsive<\/a>\u00a0<strong>per a que es pugui consultar des de qualsevol dispositiu, <\/strong><\/strong>independentment de al mida i resoluci\u00f3 de la pantalla del mateix. Aquesta q\u00fcesti\u00f3 s\u2019ha tornat fonamental en un escenari en el que l\u2019acc\u00e9s als smartphones est\u00e0 plenament est\u00e8s en la nostra societat i les compres a trav\u00e9s del mateix es troben en ple auge<strong>.\u00a0<\/strong><!--more--><\/p>\n<h2 style=\"text-align: justify;\"><span style=\"color: #ff0000;\">Aconseguir una bona experi\u00e8ncia d&#8217;usuari<\/span><\/h2>\n<p style=\"text-align: justify;\">Hi ha un gran percentatge d\u2019usuaris que accediran a\u00a0 nosaltres a trav\u00e9s de la web. Pot ser que ens coneixien mitjan\u00e7ant la nostra p\u00e0gina de facebook o altres xarxes socials, anuncis que hem posat o que directament posin el nom de la nostra p\u00e0gina a la barra de direcci\u00f3 web del navegador. En qualsevol cas, hem d\u2019estar preparats per oferir aquests potencials clients <a title=\"Una experiencia de navegaci\u00f3n c\u00f3moda y sencilla\" href=\"https:\/\/eikonos.com\/blog\/la-importancia-de-una-buena-experiencia-de-usuario-en-el-diseno-web\/\" target=\"_blank\" rel=\"noopener noreferrer\">una experi\u00e8ncia de navegaci\u00f3 c\u00f2moda i senzilla<\/a>, que s\u2019adapti plenament al dispositiu des del qual s\u2019est\u00e0 navegant: Iphone, Samsung, BQ&#8230; <strong>Sigui com sigui la pantalla del smarphone \u00e9s vital que el nostre contingut pugui adaptar-se plenament per a que sigui visualment \u00fatil.<\/strong><\/p>\n<p><strong>El contingut ha de mostrar-se de forma clara, aix\u00ed com les possibilitats en quan a les accions a realitzar. <\/strong>Des de consultar el portfoli dels projectes realitzats fins a contactar amb l\u2019empresa. Tot aix\u00f2 redundar\u00e0 en oferir als nostres clientes la millor imatge possible de marca.<\/p>\n<h2 style=\"text-align: justify;\"><span style=\"color: #ff0000;\">La import\u00e0ncia dels usuaris m\u00f2bils<\/span><\/h2>\n<p>Per a que ens fem una idea de la import\u00e0ncia de l\u2019experi\u00e8ncia m\u00f2bil, no nom\u00e9s ens remeti a la in dubtable necessitat d\u2019una navegaci\u00f3 c\u00f2moda i senzilla, sin\u00f3 que va una mica m\u00e9s all\u00e0: A qu\u00e8 acudim en el mateix moment en el que se\u2019ns presenta un dubte en una reuni\u00f3?, quina eia ens servies per comprovar dades, contrastar decisions o simplement recuperar un correu electr\u00f2nic al mateix moment en el que s\u2019est\u00e0 discutint un tema?<\/p>\n<p><strong>Els nostres smartphones i tablets s\u2019han convertit en les nostres agendes port\u00e0tils, <\/strong>guies en el nostre dia a dia i sense dubtar-ho poden definir-ho com una eina m\u00e9s que necessites per tenir sota control cada una de les tasques en el desenvolupament de les nostres funcions. Com resulta m\u00e9s impressionant realitzar una presentaci\u00f3 de portfoli: mitjan\u00e7ant cat\u00e0leg, navegant per varies p\u00e0gines d\u2019una web projectada o lliscant les imatges a la nostra tablet?<\/p>\n<p>Aix\u00ed doncs, tot i sabent que la <strong>nostra vida es troba cada com m\u00e9s lligada als dispositius m\u00f2bils, <\/strong>no \u00e9s estrany que totes les empreses estiguin posant la mirada en el disseny responsive com a arma principal a la hora de plantejar i dur a terme la seva estrat\u00e8gia a internet.<\/p>\n<h2 style=\"text-align: justify;\"><span style=\"color: #ff0000;\">La for\u00e7a de les tablets en presentacions i a casa<\/span><\/h2>\n<p>Tal i com ja hem pogut introduir, altres dispositius que tamb\u00e9 han de tenir-se en compte s\u00f3n les tablets. I \u00e9s que s\u2019utilitzen de manera abundant en les presentacions o reunions professionals. <strong>T\u2019imagines que teclegen la teva web en una reuni\u00f3 de directius i no es veu correctament en una tablet? <\/strong>Quina imatge estaria donant la teva empresa? Tamb\u00e9 \u00e9s una cosa que pot influir en les reunions amb clientes, prove\u00efdors i, en fi, qualsevol relaci\u00f3 que pugui ser important pel seu negoci.<\/p>\n<p>Un altre \u00e0mbit en el que destacada l\u2019\u00fas de tablets \u00e9s a la pr\u00f2pia casa. <strong>Moltes persones es troben en ella la facilitat de navegar per internet des del sof\u00e0, <\/strong>d\u2019una forma molt m\u00e9s lleugera que si obressin el seu port\u00e0til. Totes aquestes persones han de poder accedir a la nostra p\u00e0gina web de manera c\u00f2mode i visualment agradable. Una cosa que aconseguirem implementant un disseny web resposible.<\/p>\n","protected":false},"excerpt":{"rendered":"<p>La pres\u00e8ncia de les empreses en internes \u00e9s una q\u00fcesti\u00f3 que s\u2019ha tornat vital. Ja&#8230;<\/p>\n","protected":false},"author":6,"featured_media":2576,"comment_status":"open","ping_status":"open","sticky":false,"template":"","format":"standard","meta":{"_acf_changed":false,"footnotes":""},"categories":[257],"tags":[],"class_list":["post-2812","post","type-post","status-publish","format-standard","has-post-thumbnail","hentry","category-creacio-de-continguts"],"acf":[],"yoast_head":"<!-- This site is optimized with the Yoast SEO plugin v26.3 - https:\/\/yoast.com\/wordpress\/plugins\/seo\/ -->\n<title>Disseny web responsive: no tot val en els projectes web<\/title>\n<meta name=\"description\" content=\"El disseny web responsive \u00e9s vital per a que el nostre lloc web s&#039;adapti per a la seva visualitzaci\u00f3 en qualsevol tipus de dispositiu.\" \/>\n<meta name=\"robots\" content=\"index, follow, max-snippet:-1, max-image-preview:large, max-video-preview:-1\" \/>\n<link rel=\"canonical\" href=\"https:\/\/eikonos.com\/ca\/blog\/disseny-web-responsive-projectes-web\/\" \/>\n<meta property=\"og:locale\" content=\"ca_ES\" \/>\n<meta property=\"og:type\" content=\"article\" \/>\n<meta property=\"og:title\" content=\"Disseny web responsive: no tot val en els projectes web\" \/>\n<meta property=\"og:description\" content=\"El disseny web responsive \u00e9s vital per a que el nostre lloc web s&#039;adapti per a la seva visualitzaci\u00f3 en qualsevol tipus de dispositiu.\" \/>\n<meta property=\"og:url\" content=\"https:\/\/eikonos.com\/ca\/blog\/disseny-web-responsive-projectes-web\/\" \/>\n<meta property=\"og:site_name\" content=\"EIKONOS\" \/>\n<meta property=\"article:publisher\" content=\"http:\/\/www.facebook.com\/pages\/Eikonos\/176324785746790\" \/>\n<meta property=\"article:published_time\" content=\"2016-01-25T11:56:00+00:00\" \/>\n<meta property=\"og:image\" content=\"https:\/\/eikonos.com\/wp-content\/uploads\/2016\/01\/diseno-web-responsive.jpg\" \/>\n\t<meta property=\"og:image:width\" content=\"1806\" \/>\n\t<meta property=\"og:image:height\" content=\"1052\" \/>\n\t<meta property=\"og:image:type\" content=\"image\/jpeg\" \/>\n<meta name=\"author\" content=\"Xavi Eikonos\" \/>\n<meta name=\"twitter:card\" content=\"summary_large_image\" \/>\n<meta name=\"twitter:creator\" content=\"@eikonos_sa\" \/>\n<meta name=\"twitter:site\" content=\"@eikonos_sa\" \/>\n<meta name=\"twitter:label1\" content=\"Escrit per\" \/>\n\t<meta name=\"twitter:data1\" content=\"Xavi Eikonos\" \/>\n\t<meta name=\"twitter:label2\" content=\"Temps estimat de lectura\" \/>\n\t<meta name=\"twitter:data2\" content=\"3 minuts\" \/>\n<script type=\"application\/ld+json\" class=\"yoast-schema-graph\">{\"@context\":\"https:\/\/schema.org\",\"@graph\":[{\"@type\":\"Article\",\"@id\":\"https:\/\/eikonos.com\/ca\/blog\/disseny-web-responsive-projectes-web\/#article\",\"isPartOf\":{\"@id\":\"https:\/\/eikonos.com\/ca\/blog\/disseny-web-responsive-projectes-web\/\"},\"author\":{\"name\":\"Xavi Eikonos\",\"@id\":\"https:\/\/eikonos.com\/ca\/#\/schema\/person\/82032860cc314d826959b90595a5280a\"},\"headline\":\"Disseny web responsive: no tot val en els projectes web\",\"datePublished\":\"2016-01-25T11:56:00+00:00\",\"mainEntityOfPage\":{\"@id\":\"https:\/\/eikonos.com\/ca\/blog\/disseny-web-responsive-projectes-web\/\"},\"wordCount\":708,\"commentCount\":0,\"publisher\":{\"@id\":\"https:\/\/eikonos.com\/ca\/#organization\"},\"image\":{\"@id\":\"https:\/\/eikonos.com\/ca\/blog\/disseny-web-responsive-projectes-web\/#primaryimage\"},\"thumbnailUrl\":\"https:\/\/eikonos.com\/wp-content\/uploads\/2016\/01\/diseno-web-responsive.jpg\",\"articleSection\":[\"Creaci\u00f3 de continguts\"],\"inLanguage\":\"ca\",\"potentialAction\":[{\"@type\":\"CommentAction\",\"name\":\"Comment\",\"target\":[\"https:\/\/eikonos.com\/ca\/blog\/disseny-web-responsive-projectes-web\/#respond\"]}]},{\"@type\":\"WebPage\",\"@id\":\"https:\/\/eikonos.com\/ca\/blog\/disseny-web-responsive-projectes-web\/\",\"url\":\"https:\/\/eikonos.com\/ca\/blog\/disseny-web-responsive-projectes-web\/\",\"name\":\"Disseny web responsive: no tot val en els projectes web\",\"isPartOf\":{\"@id\":\"https:\/\/eikonos.com\/ca\/#website\"},\"primaryImageOfPage\":{\"@id\":\"https:\/\/eikonos.com\/ca\/blog\/disseny-web-responsive-projectes-web\/#primaryimage\"},\"image\":{\"@id\":\"https:\/\/eikonos.com\/ca\/blog\/disseny-web-responsive-projectes-web\/#primaryimage\"},\"thumbnailUrl\":\"https:\/\/eikonos.com\/wp-content\/uploads\/2016\/01\/diseno-web-responsive.jpg\",\"datePublished\":\"2016-01-25T11:56:00+00:00\",\"description\":\"El disseny web responsive \u00e9s vital per a que el nostre lloc web s'adapti per a la seva visualitzaci\u00f3 en qualsevol tipus de dispositiu.\",\"breadcrumb\":{\"@id\":\"https:\/\/eikonos.com\/ca\/blog\/disseny-web-responsive-projectes-web\/#breadcrumb\"},\"inLanguage\":\"ca\",\"potentialAction\":[{\"@type\":\"ReadAction\",\"target\":[\"https:\/\/eikonos.com\/ca\/blog\/disseny-web-responsive-projectes-web\/\"]}]},{\"@type\":\"ImageObject\",\"inLanguage\":\"ca\",\"@id\":\"https:\/\/eikonos.com\/ca\/blog\/disseny-web-responsive-projectes-web\/#primaryimage\",\"url\":\"https:\/\/eikonos.com\/wp-content\/uploads\/2016\/01\/diseno-web-responsive.jpg\",\"contentUrl\":\"https:\/\/eikonos.com\/wp-content\/uploads\/2016\/01\/diseno-web-responsive.jpg\",\"width\":1806,\"height\":1052,\"caption\":\"El dise\u00f1o web responsive es de gran importancia para la imagen de nuestra empresa\"},{\"@type\":\"BreadcrumbList\",\"@id\":\"https:\/\/eikonos.com\/ca\/blog\/disseny-web-responsive-projectes-web\/#breadcrumb\",\"itemListElement\":[{\"@type\":\"ListItem\",\"position\":1,\"name\":\"EIKONOS\",\"item\":\"https:\/\/eikonos.com\/ca\/inici\/\"},{\"@type\":\"ListItem\",\"position\":2,\"name\":\"Disseny web responsive: no tot val en els projectes web\"}]},{\"@type\":\"WebSite\",\"@id\":\"https:\/\/eikonos.com\/ca\/#website\",\"url\":\"https:\/\/eikonos.com\/ca\/\",\"name\":\"EIKONOS\",\"description\":\"EXPERIENCIA AUDIOVISUAL\",\"publisher\":{\"@id\":\"https:\/\/eikonos.com\/ca\/#organization\"},\"potentialAction\":[{\"@type\":\"SearchAction\",\"target\":{\"@type\":\"EntryPoint\",\"urlTemplate\":\"https:\/\/eikonos.com\/ca\/?s={search_term_string}\"},\"query-input\":{\"@type\":\"PropertyValueSpecification\",\"valueRequired\":true,\"valueName\":\"search_term_string\"}}],\"inLanguage\":\"ca\"},{\"@type\":\"Organization\",\"@id\":\"https:\/\/eikonos.com\/ca\/#organization\",\"name\":\"EIKONOS | Servicios Audiovisuales, eventos y alquiler de equipos\",\"url\":\"https:\/\/eikonos.com\/ca\/\",\"logo\":{\"@type\":\"ImageObject\",\"inLanguage\":\"ca\",\"@id\":\"https:\/\/eikonos.com\/ca\/#\/schema\/logo\/image\/\",\"url\":\"https:\/\/eikonos.com\/wp-content\/uploads\/2020\/08\/logo-color.png\",\"contentUrl\":\"https:\/\/eikonos.com\/wp-content\/uploads\/2020\/08\/logo-color.png\",\"width\":376,\"height\":122,\"caption\":\"EIKONOS | Servicios Audiovisuales, eventos y alquiler de equipos\"},\"image\":{\"@id\":\"https:\/\/eikonos.com\/ca\/#\/schema\/logo\/image\/\"},\"sameAs\":[\"http:\/\/www.facebook.com\/pages\/Eikonos\/176324785746790\",\"https:\/\/x.com\/eikonos_sa\",\"http:\/\/www.linkedin.com\/company\/eikonos\",\"http:\/\/www.youtube.com\/channel\/UC8wcizWaAYbfsuqVf9wIT6w\"]},{\"@type\":\"Person\",\"@id\":\"https:\/\/eikonos.com\/ca\/#\/schema\/person\/82032860cc314d826959b90595a5280a\",\"name\":\"Xavi Eikonos\",\"image\":{\"@type\":\"ImageObject\",\"inLanguage\":\"ca\",\"@id\":\"https:\/\/eikonos.com\/ca\/#\/schema\/person\/image\/\",\"url\":\"https:\/\/secure.gravatar.com\/avatar\/a6c6b51dd0ac6902701aab24a914f6febe1518f94a5ae06db08b3d6107248dfd?s=96&d=mm&r=g\",\"contentUrl\":\"https:\/\/secure.gravatar.com\/avatar\/a6c6b51dd0ac6902701aab24a914f6febe1518f94a5ae06db08b3d6107248dfd?s=96&d=mm&r=g\",\"caption\":\"Xavi Eikonos\"}}]}<\/script>\n<!-- \/ Yoast SEO plugin. -->","yoast_head_json":{"title":"Disseny web responsive: no tot val en els projectes web","description":"El disseny web responsive \u00e9s vital per a que el nostre lloc web s'adapti per a la seva visualitzaci\u00f3 en qualsevol tipus de dispositiu.","robots":{"index":"index","follow":"follow","max-snippet":"max-snippet:-1","max-image-preview":"max-image-preview:large","max-video-preview":"max-video-preview:-1"},"canonical":"https:\/\/eikonos.com\/ca\/blog\/disseny-web-responsive-projectes-web\/","og_locale":"ca_ES","og_type":"article","og_title":"Disseny web responsive: no tot val en els projectes web","og_description":"El disseny web responsive \u00e9s vital per a que el nostre lloc web s'adapti per a la seva visualitzaci\u00f3 en qualsevol tipus de dispositiu.","og_url":"https:\/\/eikonos.com\/ca\/blog\/disseny-web-responsive-projectes-web\/","og_site_name":"EIKONOS","article_publisher":"http:\/\/www.facebook.com\/pages\/Eikonos\/176324785746790","article_published_time":"2016-01-25T11:56:00+00:00","og_image":[{"width":1806,"height":1052,"url":"https:\/\/eikonos.com\/wp-content\/uploads\/2016\/01\/diseno-web-responsive.jpg","type":"image\/jpeg"}],"author":"Xavi Eikonos","twitter_card":"summary_large_image","twitter_creator":"@eikonos_sa","twitter_site":"@eikonos_sa","twitter_misc":{"Escrit per":"Xavi Eikonos","Temps estimat de lectura":"3 minuts"},"schema":{"@context":"https:\/\/schema.org","@graph":[{"@type":"Article","@id":"https:\/\/eikonos.com\/ca\/blog\/disseny-web-responsive-projectes-web\/#article","isPartOf":{"@id":"https:\/\/eikonos.com\/ca\/blog\/disseny-web-responsive-projectes-web\/"},"author":{"name":"Xavi Eikonos","@id":"https:\/\/eikonos.com\/ca\/#\/schema\/person\/82032860cc314d826959b90595a5280a"},"headline":"Disseny web responsive: no tot val en els projectes web","datePublished":"2016-01-25T11:56:00+00:00","mainEntityOfPage":{"@id":"https:\/\/eikonos.com\/ca\/blog\/disseny-web-responsive-projectes-web\/"},"wordCount":708,"commentCount":0,"publisher":{"@id":"https:\/\/eikonos.com\/ca\/#organization"},"image":{"@id":"https:\/\/eikonos.com\/ca\/blog\/disseny-web-responsive-projectes-web\/#primaryimage"},"thumbnailUrl":"https:\/\/eikonos.com\/wp-content\/uploads\/2016\/01\/diseno-web-responsive.jpg","articleSection":["Creaci\u00f3 de continguts"],"inLanguage":"ca","potentialAction":[{"@type":"CommentAction","name":"Comment","target":["https:\/\/eikonos.com\/ca\/blog\/disseny-web-responsive-projectes-web\/#respond"]}]},{"@type":"WebPage","@id":"https:\/\/eikonos.com\/ca\/blog\/disseny-web-responsive-projectes-web\/","url":"https:\/\/eikonos.com\/ca\/blog\/disseny-web-responsive-projectes-web\/","name":"Disseny web responsive: no tot val en els projectes web","isPartOf":{"@id":"https:\/\/eikonos.com\/ca\/#website"},"primaryImageOfPage":{"@id":"https:\/\/eikonos.com\/ca\/blog\/disseny-web-responsive-projectes-web\/#primaryimage"},"image":{"@id":"https:\/\/eikonos.com\/ca\/blog\/disseny-web-responsive-projectes-web\/#primaryimage"},"thumbnailUrl":"https:\/\/eikonos.com\/wp-content\/uploads\/2016\/01\/diseno-web-responsive.jpg","datePublished":"2016-01-25T11:56:00+00:00","description":"El disseny web responsive \u00e9s vital per a que el nostre lloc web s'adapti per a la seva visualitzaci\u00f3 en qualsevol tipus de dispositiu.","breadcrumb":{"@id":"https:\/\/eikonos.com\/ca\/blog\/disseny-web-responsive-projectes-web\/#breadcrumb"},"inLanguage":"ca","potentialAction":[{"@type":"ReadAction","target":["https:\/\/eikonos.com\/ca\/blog\/disseny-web-responsive-projectes-web\/"]}]},{"@type":"ImageObject","inLanguage":"ca","@id":"https:\/\/eikonos.com\/ca\/blog\/disseny-web-responsive-projectes-web\/#primaryimage","url":"https:\/\/eikonos.com\/wp-content\/uploads\/2016\/01\/diseno-web-responsive.jpg","contentUrl":"https:\/\/eikonos.com\/wp-content\/uploads\/2016\/01\/diseno-web-responsive.jpg","width":1806,"height":1052,"caption":"El dise\u00f1o web responsive es de gran importancia para la imagen de nuestra empresa"},{"@type":"BreadcrumbList","@id":"https:\/\/eikonos.com\/ca\/blog\/disseny-web-responsive-projectes-web\/#breadcrumb","itemListElement":[{"@type":"ListItem","position":1,"name":"EIKONOS","item":"https:\/\/eikonos.com\/ca\/inici\/"},{"@type":"ListItem","position":2,"name":"Disseny web responsive: no tot val en els projectes web"}]},{"@type":"WebSite","@id":"https:\/\/eikonos.com\/ca\/#website","url":"https:\/\/eikonos.com\/ca\/","name":"EIKONOS","description":"EXPERIENCIA AUDIOVISUAL","publisher":{"@id":"https:\/\/eikonos.com\/ca\/#organization"},"potentialAction":[{"@type":"SearchAction","target":{"@type":"EntryPoint","urlTemplate":"https:\/\/eikonos.com\/ca\/?s={search_term_string}"},"query-input":{"@type":"PropertyValueSpecification","valueRequired":true,"valueName":"search_term_string"}}],"inLanguage":"ca"},{"@type":"Organization","@id":"https:\/\/eikonos.com\/ca\/#organization","name":"EIKONOS | Servicios Audiovisuales, eventos y alquiler de equipos","url":"https:\/\/eikonos.com\/ca\/","logo":{"@type":"ImageObject","inLanguage":"ca","@id":"https:\/\/eikonos.com\/ca\/#\/schema\/logo\/image\/","url":"https:\/\/eikonos.com\/wp-content\/uploads\/2020\/08\/logo-color.png","contentUrl":"https:\/\/eikonos.com\/wp-content\/uploads\/2020\/08\/logo-color.png","width":376,"height":122,"caption":"EIKONOS | Servicios Audiovisuales, eventos y alquiler de equipos"},"image":{"@id":"https:\/\/eikonos.com\/ca\/#\/schema\/logo\/image\/"},"sameAs":["http:\/\/www.facebook.com\/pages\/Eikonos\/176324785746790","https:\/\/x.com\/eikonos_sa","http:\/\/www.linkedin.com\/company\/eikonos","http:\/\/www.youtube.com\/channel\/UC8wcizWaAYbfsuqVf9wIT6w"]},{"@type":"Person","@id":"https:\/\/eikonos.com\/ca\/#\/schema\/person\/82032860cc314d826959b90595a5280a","name":"Xavi Eikonos","image":{"@type":"ImageObject","inLanguage":"ca","@id":"https:\/\/eikonos.com\/ca\/#\/schema\/person\/image\/","url":"https:\/\/secure.gravatar.com\/avatar\/a6c6b51dd0ac6902701aab24a914f6febe1518f94a5ae06db08b3d6107248dfd?s=96&d=mm&r=g","contentUrl":"https:\/\/secure.gravatar.com\/avatar\/a6c6b51dd0ac6902701aab24a914f6febe1518f94a5ae06db08b3d6107248dfd?s=96&d=mm&r=g","caption":"Xavi Eikonos"}}]}},"_links":{"self":[{"href":"https:\/\/eikonos.com\/ca\/wp-json\/wp\/v2\/posts\/2812","targetHints":{"allow":["GET"]}}],"collection":[{"href":"https:\/\/eikonos.com\/ca\/wp-json\/wp\/v2\/posts"}],"about":[{"href":"https:\/\/eikonos.com\/ca\/wp-json\/wp\/v2\/types\/post"}],"author":[{"embeddable":true,"href":"https:\/\/eikonos.com\/ca\/wp-json\/wp\/v2\/users\/6"}],"replies":[{"embeddable":true,"href":"https:\/\/eikonos.com\/ca\/wp-json\/wp\/v2\/comments?post=2812"}],"version-history":[{"count":0,"href":"https:\/\/eikonos.com\/ca\/wp-json\/wp\/v2\/posts\/2812\/revisions"}],"wp:featuredmedia":[{"embeddable":true,"href":"https:\/\/eikonos.com\/ca\/wp-json\/wp\/v2\/media\/2576"}],"wp:attachment":[{"href":"https:\/\/eikonos.com\/ca\/wp-json\/wp\/v2\/media?parent=2812"}],"wp:term":[{"taxonomy":"category","embeddable":true,"href":"https:\/\/eikonos.com\/ca\/wp-json\/wp\/v2\/categories?post=2812"},{"taxonomy":"post_tag","embeddable":true,"href":"https:\/\/eikonos.com\/ca\/wp-json\/wp\/v2\/tags?post=2812"}],"curies":[{"name":"wp","href":"https:\/\/api.w.org\/{rel}","templated":true}]}}