{"id":2799,"date":"2016-02-26T12:08:26","date_gmt":"2016-02-26T11:08:26","guid":{"rendered":"http:\/\/eikonos.com\/blog\/eikonos-aumenta-su-presencia-en-el-mobile-world-congress-2\/"},"modified":"2016-02-26T12:08:26","modified_gmt":"2016-02-26T11:08:26","slug":"eikonos-aumenta-su-presencia-en-el-mobile-world-congress-2","status":"publish","type":"post","link":"https:\/\/eikonos.com\/ca\/blog\/eikonos-aumenta-su-presencia-en-el-mobile-world-congress-2\/","title":{"rendered":"Eikonos augmenta la seva pres\u00e8ncia en el Mobile World Congress"},"content":{"rendered":"<p style=\"text-align: justify;\">Despr\u00e9s de quatre dies intensos de networking en el sector del m\u00f2bil a Barcelona, el Mobile World Congress (MWC) va tancar les seves portes a les 16h fins l\u2019any que ve. En aquest s\u2019han ajuntat <strong>milers de persones amb un fi com\u00fa; con\u00e8ixer les \u00faltimes novetat en m\u00f2bils.<\/strong><\/p>\n<p style=\"text-align: justify;\">Durant la setmana hem vist el proc\u00e9s pel qual tota fira est\u00e0 sotmesa; el muntatge dels stands, la obertura, els esdeveniments, gadgets tecnol\u00f2gics, un quanti\u00f3s tr\u00e0fic en els diferents pavellons, etc. Per tant, podr\u00edem dir que la fira ha sigut la oportunitat d\u2019expositors i visitants de crear relacions face-to-face amb empreses tan nacionals com internacionals amb el fi de con\u00e8ixer les \u00faltimes novetat en el m\u00f3n del m\u00f2bil i crear sinergies en el present i\/o futur entre els diferents pa\u00efsos.<\/p>\n<p style=\"text-align: justify;\">Aquesta any <strong>Eikonos hem participat de tres formes diferents en la fira de refer\u00e8ncia. <\/strong>Per una banda hem coordinat i muntat el stand de NEC Corporation, tamb\u00e9 hem sigut prove\u00efdors d\u2019equips audiovisuals de varis stands i hem col\u00b7laborat en esdeveniments fora del recinte firal.<\/p>\n<h2 style=\"text-align: justify;\"><span style=\"color: #ff0000;\">Stand de NEC Corporation<\/span><\/h2>\n<p style=\"text-align: justify;\">Per segon any consecutiu, NEC Corporation ha confiat en Eikonos per la organitzaci\u00f3 i subministrament del seu stand en el MWC.<\/p>\n<p style=\"text-align: justify;\">Despr\u00e9s de tres mesos d\u2019organitzaci\u00f3 amb els membres de l\u2019ag\u00e8ncia es va construir en dos setmanes un stand amb un estil tradicional i personal de marca. En aquest s\u2019han incorporat <strong>100 monitors, 300 punts de connexi\u00f3 de xarxa (per contingut, Internet i control d\u2019acc\u00e9s al stand), 60 port\u00e0til, 4 projectors per un mapping interactiu de doble projecci\u00f3 panor\u00e0mica i un circuit tancat de c\u00e0meres. <\/strong>El stand tamb\u00e9 ha comptat amb <strong>tres t\u00e8cnics d\u2019assist\u00e8ncia di\u00e0ria.\u00a0<\/strong><\/p>\n<h2 style=\"text-align: justify;\"><span style=\"color: #ff0000;\">Prove\u00efdors d&#8217;equips audiovisuals<\/span><\/h2>\n<p style=\"text-align: justify;\">Els stands de Fira de Barcelona volien destacar de la resta i un recurs per fer-ho ha sigut mitjan\u00e7ant l\u2019\u00fas d\u2019equips audiovisuals. Per aquest motiu, hem rebut moltes peticions de lloguer de material audiovisual com <strong>pantalles LED, videowalls, pantalles t\u00e0ctils, m\u00faltiples sistemes de reproducci\u00f3 com Watchout i equips de so.\u00a0<\/strong><\/p>\n<h2 style=\"text-align: justify;\"><span style=\"color: #ff0000;\">Esdeveniments fora del recinte firal\u00a0<\/span><\/h2>\n<p style=\"text-align: justify;\">Paral\u00b7lelament al stand de NEC C. I al subministrament d\u2019equips audiovisuals a la fira, <strong>hem cobert les necessitats audiovisuals de m\u00e9s esdeveniment a Barcelona <\/strong>que tenien relaci\u00f3 amb el MWC. Vam estar en dos festes diferents <strong>oferint als clientes una experi\u00e8ncia per recordar. <\/strong><\/p>\n<p style=\"text-align: justify;\">Per a que els projectes fossin possibles <strong>hem col\u00b7laborat unes 20 persones, un equip hum\u00e0 que sense ell no hagu\u00e9s sigut possible el resultat final. <\/strong>El material audiovisual tamb\u00e9 ha jugat un paper important, aportant la diferenciaci\u00f3 ii personalitzaci\u00f3 als esdeveniments i al stand.<\/p>\n<p style=\"text-align: justify;\">Aqu\u00ed et deixem algunes fotografies del stand de NEC Corporation:<\/p>\n<p><img loading=\"lazy\" decoding=\"async\" class=\"aligncenter wp-image-2701 size-large\" src=\"https:\/\/eikonos.com\/wp-content\/uploads\/2016\/02\/Stand-NEC-Equipo-audiovisual-proporcionado-por-Eikonos-6-1024x760.jpg\" alt=\"Stand NEC - Equipo audiovisual proporcionado por Eikonos (6)\" width=\"1024\" height=\"760\" srcset=\"https:\/\/eikonos.com\/wp-content\/uploads\/2016\/02\/Stand-NEC-Equipo-audiovisual-proporcionado-por-Eikonos-6-1024x760.jpg 1024w, https:\/\/eikonos.com\/wp-content\/uploads\/2016\/02\/Stand-NEC-Equipo-audiovisual-proporcionado-por-Eikonos-6-300x223.jpg 300w, https:\/\/eikonos.com\/wp-content\/uploads\/2016\/02\/Stand-NEC-Equipo-audiovisual-proporcionado-por-Eikonos-6-768x570.jpg 768w, https:\/\/eikonos.com\/wp-content\/uploads\/2016\/02\/Stand-NEC-Equipo-audiovisual-proporcionado-por-Eikonos-6-1536x1140.jpg 1536w, https:\/\/eikonos.com\/wp-content\/uploads\/2016\/02\/Stand-NEC-Equipo-audiovisual-proporcionado-por-Eikonos-6.jpg 1986w\" sizes=\"auto, (max-width: 1024px) 100vw, 1024px\" \/> <img loading=\"lazy\" decoding=\"async\" class=\"aligncenter wp-image-2700 size-large\" src=\"https:\/\/eikonos.com\/wp-content\/uploads\/2016\/02\/Stand-NEC-Equipo-audiovisual-proporcionado-por-Eikonos-5-1024x768.jpg\" alt=\"Stand NEC - Equipo audiovisual proporcionado por Eikonos (5)\" width=\"1024\" height=\"768\" srcset=\"https:\/\/eikonos.com\/wp-content\/uploads\/2016\/02\/Stand-NEC-Equipo-audiovisual-proporcionado-por-Eikonos-5-1024x768.jpg 1024w, https:\/\/eikonos.com\/wp-content\/uploads\/2016\/02\/Stand-NEC-Equipo-audiovisual-proporcionado-por-Eikonos-5-300x225.jpg 300w, https:\/\/eikonos.com\/wp-content\/uploads\/2016\/02\/Stand-NEC-Equipo-audiovisual-proporcionado-por-Eikonos-5-768x576.jpg 768w, https:\/\/eikonos.com\/wp-content\/uploads\/2016\/02\/Stand-NEC-Equipo-audiovisual-proporcionado-por-Eikonos-5-1536x1152.jpg 1536w, https:\/\/eikonos.com\/wp-content\/uploads\/2016\/02\/Stand-NEC-Equipo-audiovisual-proporcionado-por-Eikonos-5.jpg 2048w\" sizes=\"auto, (max-width: 1024px) 100vw, 1024px\" \/><img loading=\"lazy\" decoding=\"async\" class=\"aligncenter wp-image-2698 size-large\" src=\"https:\/\/eikonos.com\/wp-content\/uploads\/2016\/02\/Stand-NEC-Equipo-audiovisual-proporcionado-por-Eikonos-3-1024x768.jpg\" alt=\"Stand NEC - Equipo audiovisual proporcionado por Eikonos (3)\" width=\"1024\" height=\"768\" srcset=\"https:\/\/eikonos.com\/wp-content\/uploads\/2016\/02\/Stand-NEC-Equipo-audiovisual-proporcionado-por-Eikonos-3-1024x768.jpg 1024w, https:\/\/eikonos.com\/wp-content\/uploads\/2016\/02\/Stand-NEC-Equipo-audiovisual-proporcionado-por-Eikonos-3-300x225.jpg 300w, https:\/\/eikonos.com\/wp-content\/uploads\/2016\/02\/Stand-NEC-Equipo-audiovisual-proporcionado-por-Eikonos-3-768x576.jpg 768w, https:\/\/eikonos.com\/wp-content\/uploads\/2016\/02\/Stand-NEC-Equipo-audiovisual-proporcionado-por-Eikonos-3-1536x1152.jpg 1536w, https:\/\/eikonos.com\/wp-content\/uploads\/2016\/02\/Stand-NEC-Equipo-audiovisual-proporcionado-por-Eikonos-3.jpg 2048w\" sizes=\"auto, (max-width: 1024px) 100vw, 1024px\" \/><img loading=\"lazy\" decoding=\"async\" class=\"aligncenter wp-image-2696 size-large\" src=\"https:\/\/eikonos.com\/wp-content\/uploads\/2016\/02\/Stand-NEC-Equipo-audiovisual-proporcionado-por-Eikonos-1-1024x768.jpg\" alt=\"Stand NEC - Equipo audiovisual proporcionado por Eikonos (1)\" width=\"1024\" height=\"768\" srcset=\"https:\/\/eikonos.com\/wp-content\/uploads\/2016\/02\/Stand-NEC-Equipo-audiovisual-proporcionado-por-Eikonos-1-1024x768.jpg 1024w, https:\/\/eikonos.com\/wp-content\/uploads\/2016\/02\/Stand-NEC-Equipo-audiovisual-proporcionado-por-Eikonos-1-300x225.jpg 300w, https:\/\/eikonos.com\/wp-content\/uploads\/2016\/02\/Stand-NEC-Equipo-audiovisual-proporcionado-por-Eikonos-1-768x576.jpg 768w, https:\/\/eikonos.com\/wp-content\/uploads\/2016\/02\/Stand-NEC-Equipo-audiovisual-proporcionado-por-Eikonos-1-1536x1152.jpg 1536w, https:\/\/eikonos.com\/wp-content\/uploads\/2016\/02\/Stand-NEC-Equipo-audiovisual-proporcionado-por-Eikonos-1.jpg 2048w\" sizes=\"auto, (max-width: 1024px) 100vw, 1024px\" \/><\/p>\n<p>&nbsp;<\/p>\n","protected":false},"excerpt":{"rendered":"<p>Despr\u00e9s de quatre dies intensos de networking en el sector del m\u00f2bil a Barcelona, el&#8230;<\/p>\n","protected":false},"author":6,"featured_media":2710,"comment_status":"open","ping_status":"open","sticky":false,"template":"","format":"standard","meta":{"_acf_changed":false,"footnotes":""},"categories":[260,255],"tags":[366,368,370,264],"class_list":["post-2799","post","type-post","status-publish","format-standard","has-post-thumbnail","hentry","category-esdeveniments-audiovisuals","category-installacions-fixes","tag-equips-adiovisuals","tag-pantalles-led","tag-projectors","tag-videowall-ca"],"acf":[],"yoast_head":"<!-- This site is optimized with the Yoast SEO plugin v26.3 - https:\/\/yoast.com\/wordpress\/plugins\/seo\/ -->\n<title>Eikonos augmenta la seva pres\u00e8ncia en el Mobile World Congress<\/title>\n<meta name=\"description\" content=\"En el Mobile World Congress s\u2019han ajuntat milers de persones amb un fi com\u00fa; con\u00e8ixer les \u00faltimes novetat en m\u00f2bils.\" \/>\n<meta name=\"robots\" content=\"index, follow, max-snippet:-1, max-image-preview:large, max-video-preview:-1\" \/>\n<link rel=\"canonical\" href=\"https:\/\/eikonos.com\/ca\/blog\/eikonos-aumenta-su-presencia-en-el-mobile-world-congress-2\/\" \/>\n<meta property=\"og:locale\" content=\"ca_ES\" \/>\n<meta property=\"og:type\" content=\"article\" \/>\n<meta property=\"og:title\" content=\"Eikonos augmenta la seva pres\u00e8ncia en el Mobile World Congress\" \/>\n<meta property=\"og:description\" content=\"En el Mobile World Congress s\u2019han ajuntat milers de persones amb un fi com\u00fa; con\u00e8ixer les \u00faltimes novetat en m\u00f2bils.\" \/>\n<meta property=\"og:url\" content=\"https:\/\/eikonos.com\/ca\/blog\/eikonos-aumenta-su-presencia-en-el-mobile-world-congress-2\/\" \/>\n<meta property=\"og:site_name\" content=\"EIKONOS\" \/>\n<meta property=\"article:publisher\" content=\"http:\/\/www.facebook.com\/pages\/Eikonos\/176324785746790\" \/>\n<meta property=\"article:published_time\" content=\"2016-02-26T11:08:26+00:00\" \/>\n<meta property=\"og:image\" content=\"https:\/\/eikonos.com\/wp-content\/uploads\/2016\/02\/Stand-NEC-Equipo-audiovisual-proporcionado-por-Eikonos-4-retallada.jpg\" \/>\n\t<meta property=\"og:image:width\" content=\"2030\" \/>\n\t<meta property=\"og:image:height\" content=\"998\" \/>\n\t<meta property=\"og:image:type\" content=\"image\/jpeg\" \/>\n<meta name=\"author\" content=\"Xavi Eikonos\" \/>\n<meta name=\"twitter:card\" content=\"summary_large_image\" \/>\n<meta name=\"twitter:creator\" content=\"@eikonos_sa\" \/>\n<meta name=\"twitter:site\" content=\"@eikonos_sa\" \/>\n<meta name=\"twitter:label1\" content=\"Escrit per\" \/>\n\t<meta name=\"twitter:data1\" content=\"Xavi Eikonos\" \/>\n\t<meta name=\"twitter:label2\" content=\"Temps estimat de lectura\" \/>\n\t<meta name=\"twitter:data2\" content=\"2 minuts\" \/>\n<script type=\"application\/ld+json\" class=\"yoast-schema-graph\">{\"@context\":\"https:\/\/schema.org\",\"@graph\":[{\"@type\":\"Article\",\"@id\":\"https:\/\/eikonos.com\/ca\/blog\/eikonos-aumenta-su-presencia-en-el-mobile-world-congress-2\/#article\",\"isPartOf\":{\"@id\":\"https:\/\/eikonos.com\/ca\/blog\/eikonos-aumenta-su-presencia-en-el-mobile-world-congress-2\/\"},\"author\":{\"name\":\"Xavi Eikonos\",\"@id\":\"https:\/\/eikonos.com\/ca\/#\/schema\/person\/82032860cc314d826959b90595a5280a\"},\"headline\":\"Eikonos augmenta la seva pres\u00e8ncia en el Mobile World Congress\",\"datePublished\":\"2016-02-26T11:08:26+00:00\",\"mainEntityOfPage\":{\"@id\":\"https:\/\/eikonos.com\/ca\/blog\/eikonos-aumenta-su-presencia-en-el-mobile-world-congress-2\/\"},\"wordCount\":481,\"commentCount\":0,\"publisher\":{\"@id\":\"https:\/\/eikonos.com\/ca\/#organization\"},\"image\":{\"@id\":\"https:\/\/eikonos.com\/ca\/blog\/eikonos-aumenta-su-presencia-en-el-mobile-world-congress-2\/#primaryimage\"},\"thumbnailUrl\":\"https:\/\/eikonos.com\/wp-content\/uploads\/2016\/02\/Stand-NEC-Equipo-audiovisual-proporcionado-por-Eikonos-4-retallada.jpg\",\"keywords\":[\"Equips adiovisuals\",\"Pantalles LED\",\"Projectors\",\"videowall\"],\"articleSection\":[\"Esdeveniments audiovisuals\",\"Instal\u00b7lacions fixes\"],\"inLanguage\":\"ca\",\"potentialAction\":[{\"@type\":\"CommentAction\",\"name\":\"Comment\",\"target\":[\"https:\/\/eikonos.com\/ca\/blog\/eikonos-aumenta-su-presencia-en-el-mobile-world-congress-2\/#respond\"]}]},{\"@type\":\"WebPage\",\"@id\":\"https:\/\/eikonos.com\/ca\/blog\/eikonos-aumenta-su-presencia-en-el-mobile-world-congress-2\/\",\"url\":\"https:\/\/eikonos.com\/ca\/blog\/eikonos-aumenta-su-presencia-en-el-mobile-world-congress-2\/\",\"name\":\"Eikonos augmenta la seva pres\u00e8ncia en el Mobile World Congress\",\"isPartOf\":{\"@id\":\"https:\/\/eikonos.com\/ca\/#website\"},\"primaryImageOfPage\":{\"@id\":\"https:\/\/eikonos.com\/ca\/blog\/eikonos-aumenta-su-presencia-en-el-mobile-world-congress-2\/#primaryimage\"},\"image\":{\"@id\":\"https:\/\/eikonos.com\/ca\/blog\/eikonos-aumenta-su-presencia-en-el-mobile-world-congress-2\/#primaryimage\"},\"thumbnailUrl\":\"https:\/\/eikonos.com\/wp-content\/uploads\/2016\/02\/Stand-NEC-Equipo-audiovisual-proporcionado-por-Eikonos-4-retallada.jpg\",\"datePublished\":\"2016-02-26T11:08:26+00:00\",\"description\":\"En el Mobile World Congress s\u2019han ajuntat milers de persones amb un fi com\u00fa; con\u00e8ixer les \u00faltimes novetat en m\u00f2bils.\",\"breadcrumb\":{\"@id\":\"https:\/\/eikonos.com\/ca\/blog\/eikonos-aumenta-su-presencia-en-el-mobile-world-congress-2\/#breadcrumb\"},\"inLanguage\":\"ca\",\"potentialAction\":[{\"@type\":\"ReadAction\",\"target\":[\"https:\/\/eikonos.com\/ca\/blog\/eikonos-aumenta-su-presencia-en-el-mobile-world-congress-2\/\"]}]},{\"@type\":\"ImageObject\",\"inLanguage\":\"ca\",\"@id\":\"https:\/\/eikonos.com\/ca\/blog\/eikonos-aumenta-su-presencia-en-el-mobile-world-congress-2\/#primaryimage\",\"url\":\"https:\/\/eikonos.com\/wp-content\/uploads\/2016\/02\/Stand-NEC-Equipo-audiovisual-proporcionado-por-Eikonos-4-retallada.jpg\",\"contentUrl\":\"https:\/\/eikonos.com\/wp-content\/uploads\/2016\/02\/Stand-NEC-Equipo-audiovisual-proporcionado-por-Eikonos-4-retallada.jpg\",\"width\":2030,\"height\":998},{\"@type\":\"BreadcrumbList\",\"@id\":\"https:\/\/eikonos.com\/ca\/blog\/eikonos-aumenta-su-presencia-en-el-mobile-world-congress-2\/#breadcrumb\",\"itemListElement\":[{\"@type\":\"ListItem\",\"position\":1,\"name\":\"EIKONOS\",\"item\":\"https:\/\/eikonos.com\/ca\/inici\/\"},{\"@type\":\"ListItem\",\"position\":2,\"name\":\"Eikonos augmenta la seva pres\u00e8ncia en el Mobile World Congress\"}]},{\"@type\":\"WebSite\",\"@id\":\"https:\/\/eikonos.com\/ca\/#website\",\"url\":\"https:\/\/eikonos.com\/ca\/\",\"name\":\"EIKONOS\",\"description\":\"EXPERIENCIA AUDIOVISUAL\",\"publisher\":{\"@id\":\"https:\/\/eikonos.com\/ca\/#organization\"},\"potentialAction\":[{\"@type\":\"SearchAction\",\"target\":{\"@type\":\"EntryPoint\",\"urlTemplate\":\"https:\/\/eikonos.com\/ca\/?s={search_term_string}\"},\"query-input\":{\"@type\":\"PropertyValueSpecification\",\"valueRequired\":true,\"valueName\":\"search_term_string\"}}],\"inLanguage\":\"ca\"},{\"@type\":\"Organization\",\"@id\":\"https:\/\/eikonos.com\/ca\/#organization\",\"name\":\"EIKONOS | Servicios Audiovisuales, eventos y alquiler de equipos\",\"url\":\"https:\/\/eikonos.com\/ca\/\",\"logo\":{\"@type\":\"ImageObject\",\"inLanguage\":\"ca\",\"@id\":\"https:\/\/eikonos.com\/ca\/#\/schema\/logo\/image\/\",\"url\":\"https:\/\/eikonos.com\/wp-content\/uploads\/2020\/08\/logo-color.png\",\"contentUrl\":\"https:\/\/eikonos.com\/wp-content\/uploads\/2020\/08\/logo-color.png\",\"width\":376,\"height\":122,\"caption\":\"EIKONOS | Servicios Audiovisuales, eventos y alquiler de equipos\"},\"image\":{\"@id\":\"https:\/\/eikonos.com\/ca\/#\/schema\/logo\/image\/\"},\"sameAs\":[\"http:\/\/www.facebook.com\/pages\/Eikonos\/176324785746790\",\"https:\/\/x.com\/eikonos_sa\",\"http:\/\/www.linkedin.com\/company\/eikonos\",\"http:\/\/www.youtube.com\/channel\/UC8wcizWaAYbfsuqVf9wIT6w\"]},{\"@type\":\"Person\",\"@id\":\"https:\/\/eikonos.com\/ca\/#\/schema\/person\/82032860cc314d826959b90595a5280a\",\"name\":\"Xavi Eikonos\",\"image\":{\"@type\":\"ImageObject\",\"inLanguage\":\"ca\",\"@id\":\"https:\/\/eikonos.com\/ca\/#\/schema\/person\/image\/\",\"url\":\"https:\/\/secure.gravatar.com\/avatar\/a6c6b51dd0ac6902701aab24a914f6febe1518f94a5ae06db08b3d6107248dfd?s=96&d=mm&r=g\",\"contentUrl\":\"https:\/\/secure.gravatar.com\/avatar\/a6c6b51dd0ac6902701aab24a914f6febe1518f94a5ae06db08b3d6107248dfd?s=96&d=mm&r=g\",\"caption\":\"Xavi Eikonos\"}}]}<\/script>\n<!-- \/ Yoast SEO plugin. -->","yoast_head_json":{"title":"Eikonos augmenta la seva pres\u00e8ncia en el Mobile World Congress","description":"En el Mobile World Congress s\u2019han ajuntat milers de persones amb un fi com\u00fa; con\u00e8ixer les \u00faltimes novetat en m\u00f2bils.","robots":{"index":"index","follow":"follow","max-snippet":"max-snippet:-1","max-image-preview":"max-image-preview:large","max-video-preview":"max-video-preview:-1"},"canonical":"https:\/\/eikonos.com\/ca\/blog\/eikonos-aumenta-su-presencia-en-el-mobile-world-congress-2\/","og_locale":"ca_ES","og_type":"article","og_title":"Eikonos augmenta la seva pres\u00e8ncia en el Mobile World Congress","og_description":"En el Mobile World Congress s\u2019han ajuntat milers de persones amb un fi com\u00fa; con\u00e8ixer les \u00faltimes novetat en m\u00f2bils.","og_url":"https:\/\/eikonos.com\/ca\/blog\/eikonos-aumenta-su-presencia-en-el-mobile-world-congress-2\/","og_site_name":"EIKONOS","article_publisher":"http:\/\/www.facebook.com\/pages\/Eikonos\/176324785746790","article_published_time":"2016-02-26T11:08:26+00:00","og_image":[{"width":2030,"height":998,"url":"https:\/\/eikonos.com\/wp-content\/uploads\/2016\/02\/Stand-NEC-Equipo-audiovisual-proporcionado-por-Eikonos-4-retallada.jpg","type":"image\/jpeg"}],"author":"Xavi Eikonos","twitter_card":"summary_large_image","twitter_creator":"@eikonos_sa","twitter_site":"@eikonos_sa","twitter_misc":{"Escrit per":"Xavi Eikonos","Temps estimat de lectura":"2 minuts"},"schema":{"@context":"https:\/\/schema.org","@graph":[{"@type":"Article","@id":"https:\/\/eikonos.com\/ca\/blog\/eikonos-aumenta-su-presencia-en-el-mobile-world-congress-2\/#article","isPartOf":{"@id":"https:\/\/eikonos.com\/ca\/blog\/eikonos-aumenta-su-presencia-en-el-mobile-world-congress-2\/"},"author":{"name":"Xavi Eikonos","@id":"https:\/\/eikonos.com\/ca\/#\/schema\/person\/82032860cc314d826959b90595a5280a"},"headline":"Eikonos augmenta la seva pres\u00e8ncia en el Mobile World Congress","datePublished":"2016-02-26T11:08:26+00:00","mainEntityOfPage":{"@id":"https:\/\/eikonos.com\/ca\/blog\/eikonos-aumenta-su-presencia-en-el-mobile-world-congress-2\/"},"wordCount":481,"commentCount":0,"publisher":{"@id":"https:\/\/eikonos.com\/ca\/#organization"},"image":{"@id":"https:\/\/eikonos.com\/ca\/blog\/eikonos-aumenta-su-presencia-en-el-mobile-world-congress-2\/#primaryimage"},"thumbnailUrl":"https:\/\/eikonos.com\/wp-content\/uploads\/2016\/02\/Stand-NEC-Equipo-audiovisual-proporcionado-por-Eikonos-4-retallada.jpg","keywords":["Equips adiovisuals","Pantalles LED","Projectors","videowall"],"articleSection":["Esdeveniments audiovisuals","Instal\u00b7lacions fixes"],"inLanguage":"ca","potentialAction":[{"@type":"CommentAction","name":"Comment","target":["https:\/\/eikonos.com\/ca\/blog\/eikonos-aumenta-su-presencia-en-el-mobile-world-congress-2\/#respond"]}]},{"@type":"WebPage","@id":"https:\/\/eikonos.com\/ca\/blog\/eikonos-aumenta-su-presencia-en-el-mobile-world-congress-2\/","url":"https:\/\/eikonos.com\/ca\/blog\/eikonos-aumenta-su-presencia-en-el-mobile-world-congress-2\/","name":"Eikonos augmenta la seva pres\u00e8ncia en el Mobile World Congress","isPartOf":{"@id":"https:\/\/eikonos.com\/ca\/#website"},"primaryImageOfPage":{"@id":"https:\/\/eikonos.com\/ca\/blog\/eikonos-aumenta-su-presencia-en-el-mobile-world-congress-2\/#primaryimage"},"image":{"@id":"https:\/\/eikonos.com\/ca\/blog\/eikonos-aumenta-su-presencia-en-el-mobile-world-congress-2\/#primaryimage"},"thumbnailUrl":"https:\/\/eikonos.com\/wp-content\/uploads\/2016\/02\/Stand-NEC-Equipo-audiovisual-proporcionado-por-Eikonos-4-retallada.jpg","datePublished":"2016-02-26T11:08:26+00:00","description":"En el Mobile World Congress s\u2019han ajuntat milers de persones amb un fi com\u00fa; con\u00e8ixer les \u00faltimes novetat en m\u00f2bils.","breadcrumb":{"@id":"https:\/\/eikonos.com\/ca\/blog\/eikonos-aumenta-su-presencia-en-el-mobile-world-congress-2\/#breadcrumb"},"inLanguage":"ca","potentialAction":[{"@type":"ReadAction","target":["https:\/\/eikonos.com\/ca\/blog\/eikonos-aumenta-su-presencia-en-el-mobile-world-congress-2\/"]}]},{"@type":"ImageObject","inLanguage":"ca","@id":"https:\/\/eikonos.com\/ca\/blog\/eikonos-aumenta-su-presencia-en-el-mobile-world-congress-2\/#primaryimage","url":"https:\/\/eikonos.com\/wp-content\/uploads\/2016\/02\/Stand-NEC-Equipo-audiovisual-proporcionado-por-Eikonos-4-retallada.jpg","contentUrl":"https:\/\/eikonos.com\/wp-content\/uploads\/2016\/02\/Stand-NEC-Equipo-audiovisual-proporcionado-por-Eikonos-4-retallada.jpg","width":2030,"height":998},{"@type":"BreadcrumbList","@id":"https:\/\/eikonos.com\/ca\/blog\/eikonos-aumenta-su-presencia-en-el-mobile-world-congress-2\/#breadcrumb","itemListElement":[{"@type":"ListItem","position":1,"name":"EIKONOS","item":"https:\/\/eikonos.com\/ca\/inici\/"},{"@type":"ListItem","position":2,"name":"Eikonos augmenta la seva pres\u00e8ncia en el Mobile World Congress"}]},{"@type":"WebSite","@id":"https:\/\/eikonos.com\/ca\/#website","url":"https:\/\/eikonos.com\/ca\/","name":"EIKONOS","description":"EXPERIENCIA AUDIOVISUAL","publisher":{"@id":"https:\/\/eikonos.com\/ca\/#organization"},"potentialAction":[{"@type":"SearchAction","target":{"@type":"EntryPoint","urlTemplate":"https:\/\/eikonos.com\/ca\/?s={search_term_string}"},"query-input":{"@type":"PropertyValueSpecification","valueRequired":true,"valueName":"search_term_string"}}],"inLanguage":"ca"},{"@type":"Organization","@id":"https:\/\/eikonos.com\/ca\/#organization","name":"EIKONOS | Servicios Audiovisuales, eventos y alquiler de equipos","url":"https:\/\/eikonos.com\/ca\/","logo":{"@type":"ImageObject","inLanguage":"ca","@id":"https:\/\/eikonos.com\/ca\/#\/schema\/logo\/image\/","url":"https:\/\/eikonos.com\/wp-content\/uploads\/2020\/08\/logo-color.png","contentUrl":"https:\/\/eikonos.com\/wp-content\/uploads\/2020\/08\/logo-color.png","width":376,"height":122,"caption":"EIKONOS | Servicios Audiovisuales, eventos y alquiler de equipos"},"image":{"@id":"https:\/\/eikonos.com\/ca\/#\/schema\/logo\/image\/"},"sameAs":["http:\/\/www.facebook.com\/pages\/Eikonos\/176324785746790","https:\/\/x.com\/eikonos_sa","http:\/\/www.linkedin.com\/company\/eikonos","http:\/\/www.youtube.com\/channel\/UC8wcizWaAYbfsuqVf9wIT6w"]},{"@type":"Person","@id":"https:\/\/eikonos.com\/ca\/#\/schema\/person\/82032860cc314d826959b90595a5280a","name":"Xavi Eikonos","image":{"@type":"ImageObject","inLanguage":"ca","@id":"https:\/\/eikonos.com\/ca\/#\/schema\/person\/image\/","url":"https:\/\/secure.gravatar.com\/avatar\/a6c6b51dd0ac6902701aab24a914f6febe1518f94a5ae06db08b3d6107248dfd?s=96&d=mm&r=g","contentUrl":"https:\/\/secure.gravatar.com\/avatar\/a6c6b51dd0ac6902701aab24a914f6febe1518f94a5ae06db08b3d6107248dfd?s=96&d=mm&r=g","caption":"Xavi Eikonos"}}]}},"_links":{"self":[{"href":"https:\/\/eikonos.com\/ca\/wp-json\/wp\/v2\/posts\/2799","targetHints":{"allow":["GET"]}}],"collection":[{"href":"https:\/\/eikonos.com\/ca\/wp-json\/wp\/v2\/posts"}],"about":[{"href":"https:\/\/eikonos.com\/ca\/wp-json\/wp\/v2\/types\/post"}],"author":[{"embeddable":true,"href":"https:\/\/eikonos.com\/ca\/wp-json\/wp\/v2\/users\/6"}],"replies":[{"embeddable":true,"href":"https:\/\/eikonos.com\/ca\/wp-json\/wp\/v2\/comments?post=2799"}],"version-history":[{"count":0,"href":"https:\/\/eikonos.com\/ca\/wp-json\/wp\/v2\/posts\/2799\/revisions"}],"wp:featuredmedia":[{"embeddable":true,"href":"https:\/\/eikonos.com\/ca\/wp-json\/wp\/v2\/media\/2710"}],"wp:attachment":[{"href":"https:\/\/eikonos.com\/ca\/wp-json\/wp\/v2\/media?parent=2799"}],"wp:term":[{"taxonomy":"category","embeddable":true,"href":"https:\/\/eikonos.com\/ca\/wp-json\/wp\/v2\/categories?post=2799"},{"taxonomy":"post_tag","embeddable":true,"href":"https:\/\/eikonos.com\/ca\/wp-json\/wp\/v2\/tags?post=2799"}],"curies":[{"name":"wp","href":"https:\/\/api.w.org\/{rel}","templated":true}]}}