{"id":2780,"date":"2016-04-21T11:07:49","date_gmt":"2016-04-21T09:07:49","guid":{"rendered":"http:\/\/eikonos.com\/blog\/que-necesita-sala-postproduccion-de-video-2\/"},"modified":"2016-04-21T11:07:49","modified_gmt":"2016-04-21T09:07:49","slug":"que-necessita-sala-postproduccio-de-video","status":"publish","type":"post","link":"https:\/\/eikonos.com\/ca\/blog\/que-necessita-sala-postproduccio-de-video\/","title":{"rendered":"Qu\u00e8 necessita una bona sala de postproducci\u00f3 de v\u00eddeo?"},"content":{"rendered":"<p style=\"text-align: justify;\"><span lang=\"CA\">La postproducci\u00f3 de v\u00eddeo, un pas clau i determinant en el resultat dels treballs. <b>Cada pe\u00e7a del proc\u00e9s ha d\u2019estar cuidat al detall per oferir un resultat de nivell <\/b>i capa\u00e7 de sorprendre al p\u00fablic.\u00a0<\/span><\/p>\n<p style=\"text-align: justify;\"><!--more--><\/p>\n<p style=\"text-align: justify;\"><span lang=\"CA\">Amb l\u2019objectiu d\u2019aconseguir aquests m\u00e0xims est\u00e0ndards de qualitat \u00e9s important tenir en compte diferents q\u00fcestions que deuen tenir el seu lloc en la fase de postproducci\u00f3 de v\u00eddeo. Diversos aspectes com la professionalitat dels equips, comptant amb personal que tingui un excel\u00b7lent maneig de les t\u00e8cniques, aix\u00ed com una actualitzaci\u00f3 constant per estar al corrent de les \u00faltimes tend\u00e8ncies dels equips del sector.<\/span><\/p>\n<h2 style=\"text-align: justify;\"><span style=\"color: #ff0000;\"><b>Professionals amb experi\u00e8ncia, creativitat i gran domini de la t\u00e8cnica<\/b><\/span><\/h2>\n<p style=\"text-align: justify;\">A aquesta llista d\u2019habilitats s\u2019ha d\u2019afegir el talent creatiu de cada un dels professionals que presten els seus coneixements en les fases de <a href=\"https:\/\/eikonos.com\/portfolio_page\/grabacion-y-post-produccion-de-video\/\">grabaci\u00f3 i postproducci\u00f3 de v\u00eddeo.<\/a><\/p>\n<p style=\"text-align: justify;\"><span lang=\"CA\">Davant d\u2019aquestes tasques es troben editors i personal creatiu, dos funcions en les que els anys d\u2019experi\u00e8ncia, el rigor pel detall, la imaginaci\u00f3 i d\u2019ingeni s\u00f3n factors importants que deixaran la seva impremta en el resultat final. D\u2019aqu\u00ed la seva rellev\u00e0ncia en apostar per empreses especialitzades en aquest sector en les que la classe de talent est\u00e0 assegurat. <\/span><\/p>\n<p style=\"text-align: justify;\"><span lang=\"CA\">El domini de la t\u00e8cnica, els anys de rodatge i la capacitat creativa dels professionals que s\u2019involucren en les tasques de postproducci\u00f3 s\u00f3n la clau per assegurar els m\u00e0xims nivells de qualitat i diferenciaci\u00f3 en els treballs. <\/span><\/p>\n<blockquote><p><span style=\"color: #ff0000;\"><i>El domini de la t\u00e8cnica, els anys de rodatge i la capacitat creativa dels professons que s&#8217;involuqcren en les tasques de postproducci\u00f3 s\u00f3n la clau per assegurar els m\u00e0xims nivells de qualitat i diferenciaci\u00f3 en els treballs.\u00a0<\/i><\/span><\/p><\/blockquote>\n<p style=\"text-align: justify;\">A la hora d\u2019afrontar processos de gravaci\u00f3 i postproducci\u00f3 de v\u00eddeo, una altra pe\u00e7a rellevant radica en els equips i els programes amb els que es treballa. <b>Les noves tecnologies han trepitjat fort en aquest sector aportant m\u00e0quines capaces de multiplicar les possibilitats de creaci\u00f3 <\/b>dels projectes.<\/p>\n<h2 style=\"text-align: justify;\"><span style=\"color: #ff0000;\"><b>La postproducci\u00f3 de v\u00eddeo: una fase clau\u00a0per determinar l&#8217;\u00e8xit o frac\u00e0s<\/b><\/span><\/h2>\n<p style=\"text-align: justify;\"><span lang=\"CA\">I \u00e9s que la forma amb la que s\u2019enfronti aquesta fase pot determinar el resultat. Uns treballs ben realitzats poder ser un passaport per l\u2019\u00e8xit o per contra tirar per terra l\u2019esfor\u00e7 i el potencial del material audiovisual que composa un determinat projecte. <\/span><\/p>\n<p style=\"text-align: justify;\"><span lang=\"CA\">En les sales d\u2019edici\u00f3 i postproducci\u00f3 es necessiten <b>equips inform\u00e0tics d\u2019alta capacitats, aptes per entregar un producte que compleixi amb les exig\u00e8ncies actuals. <\/b><i>Software <\/i>professionals de gran precisi\u00f3 que permetin dotar de gran realisme a les imatges creant simulacions en les que la il\u00b7luminaci\u00f3, materials i textures guanyin en impacte, sent una tasca complexa diferenciar una filmaci\u00f3 real d\u2019una animaci\u00f3 virtual; per a finalment renderitzar tot el projecte i obtenir l\u2019arxiu final desitjat.\u00a0<\/span><\/p>\n<h2 style=\"text-align: justify;\"><span style=\"color: #ff0000;\"><b>Las \u00faltimes tend\u00e8ncies en postproducci\u00f3<\/b><\/span><\/h2>\n<p style=\"text-align: justify;\">A aquesta llista d\u2019eines que no han de faltar en una bona sala d\u2019edici\u00f3 de contingut audiovisual es sumen <b>tecnologia d\u2019\u00faltima generaci\u00f3 i plena d\u2019avantguarda com \u00e9s el programa <i>Davinci Resolve 12.<\/i><\/b><\/p>\n<p style=\"text-align: justify;\"><span lang=\"CA\">Mitjan\u00e7ant aquest tipus de programes \u00e9s possible gestionar els processos d\u2019edici\u00f3 de materials de principi a fi amb una qualitat imponent. Un avant d\u2019\u00e8xit que deixa la seva impremta en el color, els contrastes, la lluminositat, etc. de cada una de les diferents seq\u00fc\u00e8ncies que conformaran finalment el projecte audiovisual.<\/span><\/p>\n<p style=\"text-align: justify;\"><span lang=\"CA\">Amb la finalitat d\u2019assegurar els millors resultats, <b>des de <\/b><\/span><a href=\"https:\/\/eikonos.com\/nosotros\/\"><b>Eikonos<\/b><\/a><b> posem a disposici\u00f3 dels nostres clients completes sales de postproducci\u00f3<\/b>\u00a0equipades amb els \u00faltims equips tecnol\u00f2gics i amb les versions de <em>softwares<\/em> m\u00e9s recent.<\/p>\n","protected":false},"excerpt":{"rendered":"<p>La postproducci\u00f3 de v\u00eddeo, un pas clau i determinant en el resultat dels treballs. Cada&#8230;<\/p>\n","protected":false},"author":6,"featured_media":4349,"comment_status":"open","ping_status":"open","sticky":false,"template":"","format":"standard","meta":{"_acf_changed":false,"footnotes":""},"categories":[257],"tags":[352],"class_list":["post-2780","post","type-post","status-publish","format-standard","has-post-thumbnail","hentry","category-creacio-de-continguts","tag-edicio-de-video"],"acf":[],"yoast_head":"<!-- This site is optimized with the Yoast SEO plugin v26.3 - https:\/\/yoast.com\/wordpress\/plugins\/seo\/ -->\n<title>Qu\u00e8 necessita una bona sala de postproducci\u00f3 de v\u00eddeo?<\/title>\n<meta name=\"description\" content=\"Tecnologia d&#039;\u00faltima generaci\u00f3 i professionals de primer nivell per afrontar les tasques de postproducci\u00f3 de v\u00eddeo.\" \/>\n<meta name=\"robots\" content=\"index, follow, max-snippet:-1, max-image-preview:large, max-video-preview:-1\" \/>\n<link rel=\"canonical\" href=\"https:\/\/eikonos.com\/ca\/blog\/que-necessita-sala-postproduccio-de-video\/\" \/>\n<meta property=\"og:locale\" content=\"ca_ES\" \/>\n<meta property=\"og:type\" content=\"article\" \/>\n<meta property=\"og:title\" content=\"Qu\u00e8 necessita una bona sala de postproducci\u00f3 de v\u00eddeo?\" \/>\n<meta property=\"og:description\" content=\"Tecnologia d&#039;\u00faltima generaci\u00f3 i professionals de primer nivell per afrontar les tasques de postproducci\u00f3 de v\u00eddeo.\" \/>\n<meta property=\"og:url\" content=\"https:\/\/eikonos.com\/ca\/blog\/que-necessita-sala-postproduccio-de-video\/\" \/>\n<meta property=\"og:site_name\" content=\"EIKONOS\" \/>\n<meta property=\"article:publisher\" content=\"http:\/\/www.facebook.com\/pages\/Eikonos\/176324785746790\" \/>\n<meta property=\"article:published_time\" content=\"2016-04-21T09:07:49+00:00\" \/>\n<meta property=\"og:image\" content=\"https:\/\/eikonos.com\/wp-content\/uploads\/2016\/03\/postproduccion-video.jpg\" \/>\n\t<meta property=\"og:image:width\" content=\"800\" \/>\n\t<meta property=\"og:image:height\" content=\"550\" \/>\n\t<meta property=\"og:image:type\" content=\"image\/jpeg\" \/>\n<meta name=\"author\" content=\"Xavi Eikonos\" \/>\n<meta name=\"twitter:card\" content=\"summary_large_image\" \/>\n<meta name=\"twitter:creator\" content=\"@eikonos_sa\" \/>\n<meta name=\"twitter:site\" content=\"@eikonos_sa\" \/>\n<meta name=\"twitter:label1\" content=\"Escrit per\" \/>\n\t<meta name=\"twitter:data1\" content=\"Xavi Eikonos\" \/>\n\t<meta name=\"twitter:label2\" content=\"Temps estimat de lectura\" \/>\n\t<meta name=\"twitter:data2\" content=\"3 minuts\" \/>\n<script type=\"application\/ld+json\" class=\"yoast-schema-graph\">{\"@context\":\"https:\/\/schema.org\",\"@graph\":[{\"@type\":\"Article\",\"@id\":\"https:\/\/eikonos.com\/ca\/blog\/que-necessita-sala-postproduccio-de-video\/#article\",\"isPartOf\":{\"@id\":\"https:\/\/eikonos.com\/ca\/blog\/que-necessita-sala-postproduccio-de-video\/\"},\"author\":{\"name\":\"Xavi Eikonos\",\"@id\":\"https:\/\/eikonos.com\/ca\/#\/schema\/person\/82032860cc314d826959b90595a5280a\"},\"headline\":\"Qu\u00e8 necessita una bona sala de postproducci\u00f3 de v\u00eddeo?\",\"datePublished\":\"2016-04-21T09:07:49+00:00\",\"mainEntityOfPage\":{\"@id\":\"https:\/\/eikonos.com\/ca\/blog\/que-necessita-sala-postproduccio-de-video\/\"},\"wordCount\":637,\"commentCount\":0,\"publisher\":{\"@id\":\"https:\/\/eikonos.com\/ca\/#organization\"},\"image\":{\"@id\":\"https:\/\/eikonos.com\/ca\/blog\/que-necessita-sala-postproduccio-de-video\/#primaryimage\"},\"thumbnailUrl\":\"https:\/\/eikonos.com\/wp-content\/uploads\/2016\/03\/postproduccion-video.jpg\",\"keywords\":[\"Edici\u00f3 de v\u00eddeo\"],\"articleSection\":[\"Creaci\u00f3 de continguts\"],\"inLanguage\":\"ca\",\"potentialAction\":[{\"@type\":\"CommentAction\",\"name\":\"Comment\",\"target\":[\"https:\/\/eikonos.com\/ca\/blog\/que-necessita-sala-postproduccio-de-video\/#respond\"]}]},{\"@type\":\"WebPage\",\"@id\":\"https:\/\/eikonos.com\/ca\/blog\/que-necessita-sala-postproduccio-de-video\/\",\"url\":\"https:\/\/eikonos.com\/ca\/blog\/que-necessita-sala-postproduccio-de-video\/\",\"name\":\"Qu\u00e8 necessita una bona sala de postproducci\u00f3 de v\u00eddeo?\",\"isPartOf\":{\"@id\":\"https:\/\/eikonos.com\/ca\/#website\"},\"primaryImageOfPage\":{\"@id\":\"https:\/\/eikonos.com\/ca\/blog\/que-necessita-sala-postproduccio-de-video\/#primaryimage\"},\"image\":{\"@id\":\"https:\/\/eikonos.com\/ca\/blog\/que-necessita-sala-postproduccio-de-video\/#primaryimage\"},\"thumbnailUrl\":\"https:\/\/eikonos.com\/wp-content\/uploads\/2016\/03\/postproduccion-video.jpg\",\"datePublished\":\"2016-04-21T09:07:49+00:00\",\"description\":\"Tecnologia d'\u00faltima generaci\u00f3 i professionals de primer nivell per afrontar les tasques de postproducci\u00f3 de v\u00eddeo.\",\"breadcrumb\":{\"@id\":\"https:\/\/eikonos.com\/ca\/blog\/que-necessita-sala-postproduccio-de-video\/#breadcrumb\"},\"inLanguage\":\"ca\",\"potentialAction\":[{\"@type\":\"ReadAction\",\"target\":[\"https:\/\/eikonos.com\/ca\/blog\/que-necessita-sala-postproduccio-de-video\/\"]}]},{\"@type\":\"ImageObject\",\"inLanguage\":\"ca\",\"@id\":\"https:\/\/eikonos.com\/ca\/blog\/que-necessita-sala-postproduccio-de-video\/#primaryimage\",\"url\":\"https:\/\/eikonos.com\/wp-content\/uploads\/2016\/03\/postproduccion-video.jpg\",\"contentUrl\":\"https:\/\/eikonos.com\/wp-content\/uploads\/2016\/03\/postproduccion-video.jpg\",\"width\":800,\"height\":550,\"caption\":\"Equipos de una sala de postproducci\u00f3n de video\"},{\"@type\":\"BreadcrumbList\",\"@id\":\"https:\/\/eikonos.com\/ca\/blog\/que-necessita-sala-postproduccio-de-video\/#breadcrumb\",\"itemListElement\":[{\"@type\":\"ListItem\",\"position\":1,\"name\":\"EIKONOS\",\"item\":\"https:\/\/eikonos.com\/ca\/inici\/\"},{\"@type\":\"ListItem\",\"position\":2,\"name\":\"Qu\u00e8 necessita una bona sala de postproducci\u00f3 de v\u00eddeo?\"}]},{\"@type\":\"WebSite\",\"@id\":\"https:\/\/eikonos.com\/ca\/#website\",\"url\":\"https:\/\/eikonos.com\/ca\/\",\"name\":\"EIKONOS\",\"description\":\"EXPERIENCIA AUDIOVISUAL\",\"publisher\":{\"@id\":\"https:\/\/eikonos.com\/ca\/#organization\"},\"potentialAction\":[{\"@type\":\"SearchAction\",\"target\":{\"@type\":\"EntryPoint\",\"urlTemplate\":\"https:\/\/eikonos.com\/ca\/?s={search_term_string}\"},\"query-input\":{\"@type\":\"PropertyValueSpecification\",\"valueRequired\":true,\"valueName\":\"search_term_string\"}}],\"inLanguage\":\"ca\"},{\"@type\":\"Organization\",\"@id\":\"https:\/\/eikonos.com\/ca\/#organization\",\"name\":\"EIKONOS | Servicios Audiovisuales, eventos y alquiler de equipos\",\"url\":\"https:\/\/eikonos.com\/ca\/\",\"logo\":{\"@type\":\"ImageObject\",\"inLanguage\":\"ca\",\"@id\":\"https:\/\/eikonos.com\/ca\/#\/schema\/logo\/image\/\",\"url\":\"https:\/\/eikonos.com\/wp-content\/uploads\/2020\/08\/logo-color.png\",\"contentUrl\":\"https:\/\/eikonos.com\/wp-content\/uploads\/2020\/08\/logo-color.png\",\"width\":376,\"height\":122,\"caption\":\"EIKONOS | Servicios Audiovisuales, eventos y alquiler de equipos\"},\"image\":{\"@id\":\"https:\/\/eikonos.com\/ca\/#\/schema\/logo\/image\/\"},\"sameAs\":[\"http:\/\/www.facebook.com\/pages\/Eikonos\/176324785746790\",\"https:\/\/x.com\/eikonos_sa\",\"http:\/\/www.linkedin.com\/company\/eikonos\",\"http:\/\/www.youtube.com\/channel\/UC8wcizWaAYbfsuqVf9wIT6w\"]},{\"@type\":\"Person\",\"@id\":\"https:\/\/eikonos.com\/ca\/#\/schema\/person\/82032860cc314d826959b90595a5280a\",\"name\":\"Xavi Eikonos\",\"image\":{\"@type\":\"ImageObject\",\"inLanguage\":\"ca\",\"@id\":\"https:\/\/eikonos.com\/ca\/#\/schema\/person\/image\/\",\"url\":\"https:\/\/secure.gravatar.com\/avatar\/a6c6b51dd0ac6902701aab24a914f6febe1518f94a5ae06db08b3d6107248dfd?s=96&d=mm&r=g\",\"contentUrl\":\"https:\/\/secure.gravatar.com\/avatar\/a6c6b51dd0ac6902701aab24a914f6febe1518f94a5ae06db08b3d6107248dfd?s=96&d=mm&r=g\",\"caption\":\"Xavi Eikonos\"}}]}<\/script>\n<!-- \/ Yoast SEO plugin. -->","yoast_head_json":{"title":"Qu\u00e8 necessita una bona sala de postproducci\u00f3 de v\u00eddeo?","description":"Tecnologia d'\u00faltima generaci\u00f3 i professionals de primer nivell per afrontar les tasques de postproducci\u00f3 de v\u00eddeo.","robots":{"index":"index","follow":"follow","max-snippet":"max-snippet:-1","max-image-preview":"max-image-preview:large","max-video-preview":"max-video-preview:-1"},"canonical":"https:\/\/eikonos.com\/ca\/blog\/que-necessita-sala-postproduccio-de-video\/","og_locale":"ca_ES","og_type":"article","og_title":"Qu\u00e8 necessita una bona sala de postproducci\u00f3 de v\u00eddeo?","og_description":"Tecnologia d'\u00faltima generaci\u00f3 i professionals de primer nivell per afrontar les tasques de postproducci\u00f3 de v\u00eddeo.","og_url":"https:\/\/eikonos.com\/ca\/blog\/que-necessita-sala-postproduccio-de-video\/","og_site_name":"EIKONOS","article_publisher":"http:\/\/www.facebook.com\/pages\/Eikonos\/176324785746790","article_published_time":"2016-04-21T09:07:49+00:00","og_image":[{"width":800,"height":550,"url":"https:\/\/eikonos.com\/wp-content\/uploads\/2016\/03\/postproduccion-video.jpg","type":"image\/jpeg"}],"author":"Xavi Eikonos","twitter_card":"summary_large_image","twitter_creator":"@eikonos_sa","twitter_site":"@eikonos_sa","twitter_misc":{"Escrit per":"Xavi Eikonos","Temps estimat de lectura":"3 minuts"},"schema":{"@context":"https:\/\/schema.org","@graph":[{"@type":"Article","@id":"https:\/\/eikonos.com\/ca\/blog\/que-necessita-sala-postproduccio-de-video\/#article","isPartOf":{"@id":"https:\/\/eikonos.com\/ca\/blog\/que-necessita-sala-postproduccio-de-video\/"},"author":{"name":"Xavi Eikonos","@id":"https:\/\/eikonos.com\/ca\/#\/schema\/person\/82032860cc314d826959b90595a5280a"},"headline":"Qu\u00e8 necessita una bona sala de postproducci\u00f3 de v\u00eddeo?","datePublished":"2016-04-21T09:07:49+00:00","mainEntityOfPage":{"@id":"https:\/\/eikonos.com\/ca\/blog\/que-necessita-sala-postproduccio-de-video\/"},"wordCount":637,"commentCount":0,"publisher":{"@id":"https:\/\/eikonos.com\/ca\/#organization"},"image":{"@id":"https:\/\/eikonos.com\/ca\/blog\/que-necessita-sala-postproduccio-de-video\/#primaryimage"},"thumbnailUrl":"https:\/\/eikonos.com\/wp-content\/uploads\/2016\/03\/postproduccion-video.jpg","keywords":["Edici\u00f3 de v\u00eddeo"],"articleSection":["Creaci\u00f3 de continguts"],"inLanguage":"ca","potentialAction":[{"@type":"CommentAction","name":"Comment","target":["https:\/\/eikonos.com\/ca\/blog\/que-necessita-sala-postproduccio-de-video\/#respond"]}]},{"@type":"WebPage","@id":"https:\/\/eikonos.com\/ca\/blog\/que-necessita-sala-postproduccio-de-video\/","url":"https:\/\/eikonos.com\/ca\/blog\/que-necessita-sala-postproduccio-de-video\/","name":"Qu\u00e8 necessita una bona sala de postproducci\u00f3 de v\u00eddeo?","isPartOf":{"@id":"https:\/\/eikonos.com\/ca\/#website"},"primaryImageOfPage":{"@id":"https:\/\/eikonos.com\/ca\/blog\/que-necessita-sala-postproduccio-de-video\/#primaryimage"},"image":{"@id":"https:\/\/eikonos.com\/ca\/blog\/que-necessita-sala-postproduccio-de-video\/#primaryimage"},"thumbnailUrl":"https:\/\/eikonos.com\/wp-content\/uploads\/2016\/03\/postproduccion-video.jpg","datePublished":"2016-04-21T09:07:49+00:00","description":"Tecnologia d'\u00faltima generaci\u00f3 i professionals de primer nivell per afrontar les tasques de postproducci\u00f3 de v\u00eddeo.","breadcrumb":{"@id":"https:\/\/eikonos.com\/ca\/blog\/que-necessita-sala-postproduccio-de-video\/#breadcrumb"},"inLanguage":"ca","potentialAction":[{"@type":"ReadAction","target":["https:\/\/eikonos.com\/ca\/blog\/que-necessita-sala-postproduccio-de-video\/"]}]},{"@type":"ImageObject","inLanguage":"ca","@id":"https:\/\/eikonos.com\/ca\/blog\/que-necessita-sala-postproduccio-de-video\/#primaryimage","url":"https:\/\/eikonos.com\/wp-content\/uploads\/2016\/03\/postproduccion-video.jpg","contentUrl":"https:\/\/eikonos.com\/wp-content\/uploads\/2016\/03\/postproduccion-video.jpg","width":800,"height":550,"caption":"Equipos de una sala de postproducci\u00f3n de video"},{"@type":"BreadcrumbList","@id":"https:\/\/eikonos.com\/ca\/blog\/que-necessita-sala-postproduccio-de-video\/#breadcrumb","itemListElement":[{"@type":"ListItem","position":1,"name":"EIKONOS","item":"https:\/\/eikonos.com\/ca\/inici\/"},{"@type":"ListItem","position":2,"name":"Qu\u00e8 necessita una bona sala de postproducci\u00f3 de v\u00eddeo?"}]},{"@type":"WebSite","@id":"https:\/\/eikonos.com\/ca\/#website","url":"https:\/\/eikonos.com\/ca\/","name":"EIKONOS","description":"EXPERIENCIA AUDIOVISUAL","publisher":{"@id":"https:\/\/eikonos.com\/ca\/#organization"},"potentialAction":[{"@type":"SearchAction","target":{"@type":"EntryPoint","urlTemplate":"https:\/\/eikonos.com\/ca\/?s={search_term_string}"},"query-input":{"@type":"PropertyValueSpecification","valueRequired":true,"valueName":"search_term_string"}}],"inLanguage":"ca"},{"@type":"Organization","@id":"https:\/\/eikonos.com\/ca\/#organization","name":"EIKONOS | Servicios Audiovisuales, eventos y alquiler de equipos","url":"https:\/\/eikonos.com\/ca\/","logo":{"@type":"ImageObject","inLanguage":"ca","@id":"https:\/\/eikonos.com\/ca\/#\/schema\/logo\/image\/","url":"https:\/\/eikonos.com\/wp-content\/uploads\/2020\/08\/logo-color.png","contentUrl":"https:\/\/eikonos.com\/wp-content\/uploads\/2020\/08\/logo-color.png","width":376,"height":122,"caption":"EIKONOS | Servicios Audiovisuales, eventos y alquiler de equipos"},"image":{"@id":"https:\/\/eikonos.com\/ca\/#\/schema\/logo\/image\/"},"sameAs":["http:\/\/www.facebook.com\/pages\/Eikonos\/176324785746790","https:\/\/x.com\/eikonos_sa","http:\/\/www.linkedin.com\/company\/eikonos","http:\/\/www.youtube.com\/channel\/UC8wcizWaAYbfsuqVf9wIT6w"]},{"@type":"Person","@id":"https:\/\/eikonos.com\/ca\/#\/schema\/person\/82032860cc314d826959b90595a5280a","name":"Xavi Eikonos","image":{"@type":"ImageObject","inLanguage":"ca","@id":"https:\/\/eikonos.com\/ca\/#\/schema\/person\/image\/","url":"https:\/\/secure.gravatar.com\/avatar\/a6c6b51dd0ac6902701aab24a914f6febe1518f94a5ae06db08b3d6107248dfd?s=96&d=mm&r=g","contentUrl":"https:\/\/secure.gravatar.com\/avatar\/a6c6b51dd0ac6902701aab24a914f6febe1518f94a5ae06db08b3d6107248dfd?s=96&d=mm&r=g","caption":"Xavi Eikonos"}}]}},"_links":{"self":[{"href":"https:\/\/eikonos.com\/ca\/wp-json\/wp\/v2\/posts\/2780","targetHints":{"allow":["GET"]}}],"collection":[{"href":"https:\/\/eikonos.com\/ca\/wp-json\/wp\/v2\/posts"}],"about":[{"href":"https:\/\/eikonos.com\/ca\/wp-json\/wp\/v2\/types\/post"}],"author":[{"embeddable":true,"href":"https:\/\/eikonos.com\/ca\/wp-json\/wp\/v2\/users\/6"}],"replies":[{"embeddable":true,"href":"https:\/\/eikonos.com\/ca\/wp-json\/wp\/v2\/comments?post=2780"}],"version-history":[{"count":0,"href":"https:\/\/eikonos.com\/ca\/wp-json\/wp\/v2\/posts\/2780\/revisions"}],"wp:featuredmedia":[{"embeddable":true,"href":"https:\/\/eikonos.com\/ca\/wp-json\/wp\/v2\/media\/4349"}],"wp:attachment":[{"href":"https:\/\/eikonos.com\/ca\/wp-json\/wp\/v2\/media?parent=2780"}],"wp:term":[{"taxonomy":"category","embeddable":true,"href":"https:\/\/eikonos.com\/ca\/wp-json\/wp\/v2\/categories?post=2780"},{"taxonomy":"post_tag","embeddable":true,"href":"https:\/\/eikonos.com\/ca\/wp-json\/wp\/v2\/tags?post=2780"}],"curies":[{"name":"wp","href":"https:\/\/api.w.org\/{rel}","templated":true}]}}