{"id":13002,"date":"2025-12-09T09:22:13","date_gmt":"2025-12-09T09:22:13","guid":{"rendered":"https:\/\/eikonos.com\/blog\/produccio-tecnica-audiovisual-per-a-la-merce-2025\/"},"modified":"2026-03-06T13:21:27","modified_gmt":"2026-03-06T13:21:27","slug":"produccio-tecnica-audiovisual-per-a-la-merce-2025","status":"publish","type":"post","link":"https:\/\/eikonos.com\/ca\/blog\/produccio-tecnica-audiovisual-per-a-la-merce-2025\/","title":{"rendered":"Producci\u00f3 t\u00e8cnica audiovisual per a La Merc\u00e8 2025"},"content":{"rendered":"<h2><span style=\"font-family: 'Open Sans Light',sans-serif;\">Aix\u00ed, potenciem el v\u00eddeo de l&#8217;escenari de Maria Cristina<\/span><\/h2>\n<p>La Merc\u00e8 \u00e9s any rere any un dels grans aparadors de la cultura i el talent a Barcelona. M\u00fasica, ciutat, tradici\u00f3 i tecnologia conviuen en una festa m\u00e9s gran que ja \u00e9s refer\u00e8ncia internacional. En aquest context, l&#8217; <strong>escenari de Maria Cristina<\/strong> s&#8217;ha consolidat com un dels punts neur\u00e0lgics del programa, i el <strong>2025<\/strong> <strong>EIKONOS va tornar a ser el partner t\u00e8cnic audiovisual<\/strong> encarregat de portar l&#8217;experi\u00e8ncia a un altre nivell, en col\u00b7laboraci\u00f3 amb l&#8217; <strong>ICUB<\/strong> .  <\/p>\n<p>El nostre objectiu va ser clar des del comen\u00e7ament: dissenyar una producci\u00f3 audiovisual robusta, fluida i plenament integrada amb el ritme de l&#8217;espectacle. Que el p\u00fablic visqu\u00e9s el concert\u2026 i al mateix temps el vei\u00e9s millor que mai, des de qualsevol punt de l&#8217;avinguda. <\/p>\n<p><img loading=\"lazy\" decoding=\"async\" class=\"alignnone size-full wp-image-12988\" src=\"https:\/\/eikonos.com\/wp-content\/uploads\/2025\/12\/2.jpg\" alt=\"escenari merc\u00e8 2025\" width=\"2048\" height=\"1366\" srcset=\"https:\/\/eikonos.com\/wp-content\/uploads\/2025\/12\/2.jpg 2048w, https:\/\/eikonos.com\/wp-content\/uploads\/2025\/12\/2-768x512.jpg 768w, https:\/\/eikonos.com\/wp-content\/uploads\/2025\/12\/2-1536x1025.jpg 1536w\" sizes=\"auto, (max-width: 2048px) 100vw, 2048px\" \/><\/p>\n<p>&nbsp;<\/p>\n<h2>Un escenari emblem\u00e0tic amb un repte t\u00e8cnic a l&#8217;al\u00e7ada<\/h2>\n<p>L\u00b4escenari de Maria Cristina combina diversos elements que el converteixen en un repte t\u00e8cnic interessant: gran aflu\u00e8ncia de p\u00fablic, necessitats de visibilitat a llarga dist\u00e0ncia, programaci\u00f3 musical variada i una forta pres\u00e8ncia de c\u00e0meres i mitjans. La soluci\u00f3 havia d&#8217;equilibrar tres factors clau: <\/p>\n<ul>\n<li><strong>Visibilitat i llegibilitat del contingut<\/strong> , tant per al p\u00fablic proper com per als que es trobaven m\u00e9s allunyats.<\/li>\n<li><strong>Fiabilitat t\u00e8cnica en directe<\/strong> , sense marge per a errors durant les actuacions.<\/li>\n<li><strong>Integraci\u00f3 est\u00e8tica amb la proposta art\u00edstica<\/strong> , respectant el llenguatge visual de la festa i de cada artista.<\/li>\n<\/ul>\n<p>Des de la fase de disseny vam treballar en coordinaci\u00f3 amb l&#8217;organitzaci\u00f3 per definir una proposta audiovisual que fos m\u00e9s enll\u00e0 de posar pantalles: es tractava de construir una narrativa visual coherent amb el xou.<\/p>\n<h2>Una soluci\u00f3 audiovisual completa per a un gran format<\/h2>\n<p>Per a <strong>La Merc\u00e8 2025<\/strong> despleguem un <strong>sistema audiovisual<\/strong> pensat espec\u00edficament <strong>per a un esdeveniment d&#8217;aquestes dimensions<\/strong> . La base del projecte es va articular a partir de tres peces clau d&#8217;equipament: <\/p>\n<h3>Pantalla LED principal: el cor visual de lescenari<\/h3>\n<p>Instal\u00b7lem una <a href=\"https:\/\/eikonos.com\/servicios-audiovisuales\/alquiler-equipos\/pantallas-led\/\"><strong>pantalla LED principal<\/strong> de gran format<\/a> , amb alta resoluci\u00f3 i brillantor suficient per garantir una perfecta visualitzaci\u00f3 tant a les primeres files com als punts m\u00e9s distants.<\/p>\n<p>Aquesta pantalla va ser el suport principal per a:<\/p>\n<ul>\n<li><strong>Realitzaci\u00f3 multic\u00e0mera<\/strong> en directe.<\/li>\n<li><strong>Grafismes i continguts de l&#8217;organitzaci\u00f3<\/strong> .<\/li>\n<li><strong>Visuals i continguts espec\u00edfics dels artistes<\/strong> , quan l&#8217;espectacle ho requeria.<\/li>\n<\/ul>\n<p>L&#8217;ajust de color, contrast i nivells de brillantor es va treballar minuciosament perqu\u00e8 la imatge mantingu\u00e9s sempre una pres\u00e8ncia potent, per\u00f2 sense enlluernar ni competir amb la il\u00b7luminaci\u00f3 esc\u00e8nica.<\/p>\n<p><img loading=\"lazy\" decoding=\"async\" class=\"alignnone size-full wp-image-12992\" src=\"https:\/\/eikonos.com\/wp-content\/uploads\/2025\/12\/6.jpg\" alt=\"merc\u00e8 2025\" width=\"2048\" height=\"1366\" srcset=\"https:\/\/eikonos.com\/wp-content\/uploads\/2025\/12\/6.jpg 2048w, https:\/\/eikonos.com\/wp-content\/uploads\/2025\/12\/6-768x512.jpg 768w, https:\/\/eikonos.com\/wp-content\/uploads\/2025\/12\/6-1536x1025.jpg 1536w\" sizes=\"auto, (max-width: 2048px) 100vw, 2048px\" \/><\/p>\n<p>&nbsp;<\/p>\n<h3>Rack de directes: una realitzaci\u00f3 \u00e0gil i vers\u00e0til<\/h3>\n<p>La coordinaci\u00f3 de tot el contingut de v\u00eddeo es va gestionar des dun <strong>rack de directes<\/strong> especialment configurat per a lesdeveniment.<\/p>\n<p>Aquest sistema va permetre:<\/p>\n<ul>\n<li>Canviar entre c\u00e0meres i continguts gr\u00e0fics en temps real.<\/li>\n<li>Adaptar el ritme visual a cada actuaci\u00f3 (pl\u00e0nols generals, detalls, pl\u00e0nols de p\u00fablic, etc.).<\/li>\n<li>Integrar de manera fluida els inserts i continguts espec\u00edfics de la festa.<\/li>\n<\/ul>\n<p>En un entorn de m\u00fasica en directe, la realitzaci\u00f3 ha de ser gaireb\u00e9 coreogr\u00e0fica: cada tall de c\u00e0mera i cada pla han d&#8217;acompanyar all\u00f2 que passa sobre l&#8217;escenari. El rack de directes va ser el centre neur\u00e0lgic per aconseguir-ho. <\/p>\n<h3>Remolc LED com a pantalla de delai: l&#8217;experi\u00e8ncia s&#8217;amplia<\/h3>\n<p>Per estendre la visibilitat m\u00e9s enll\u00e0 de la zona frontal de l&#8217;escenari, incorporem un <strong>remolc LED<\/strong> configurat com a pantalla de delai.<\/p>\n<p>La seva funci\u00f3 era clara:<\/p>\n<ul>\n<li>Garantir que el p\u00fablic situat a m\u00e9s dist\u00e0ncia pogu\u00e9s seguir l&#8217;espectacle amb la mateixa qualitat.<\/li>\n<li>Refor\u00e7ar la sensaci\u00f3 d&#8217;esdeveniment global a tota l&#8217;avinguda, no nom\u00e9s a les primeres files.<\/li>\n<\/ul>\n<p>La sincronitzaci\u00f3 de senyal entre escenari, rack de directes i remolc LED es va treballar amb especial atenci\u00f3 per evitar percepcions de desfasament entre all\u00f2 que es veia i all\u00f2 que s&#8217;escoltava.<\/p>\n<p>El resultat va ser una <strong>experi\u00e8ncia immersiva a gran escala<\/strong> on milers de persones van poder gaudir d&#8217;imatge i so amb coher\u00e8ncia des de qualsevol punt de l&#8217;espai.<\/p>\n<p>&nbsp;<\/p>\n<h2>Un equip hum\u00e0 especialitzat per a un esdeveniment d&#8217;alt nivell<\/h2>\n<p>En un desplegament d&#8217;aquestes caracter\u00edstiques, la tecnologia \u00e9s nom\u00e9s la meitat de l&#8217;\u00e8xit. L&#8217;altra meitat \u00e9s l&#8217;equip hum\u00e0 que opera. Per a l&#8217;escenari de Maria Cristina a La Merc\u00e8 2025 comptem amb un equip expert, perfectament coordinat i amb \u00e0mplia experi\u00e8ncia en directe:  <\/p>\n<ul>\n<li><strong>Realitzador\/a<\/strong><br \/>\n Encarregat de definir i dirigir la narrativa visual de l&#8217;esdeveniment, marcant el ritme de la realitzaci\u00f3 i el tipus de pla a cada moment.<\/li>\n<li><strong>T\u00e8cnic\/a de CCV (control de c\u00e0meres)<\/strong><br \/>\n Responsable de la correcta gesti\u00f3 de senyals, par\u00e0metres d&#8217;imatge i coordinaci\u00f3 amb els operadors de c\u00e0mera per mantenir un look homogeni a totes les fonts.<\/li>\n<li><strong>Tres operadors\/es de c\u00e0mera<\/strong><br \/>\n Distribu\u00efts estrat\u00e8gicament per captar:<\/p>\n<ul>\n<li>Pl\u00e0nols generals de lescenari.<\/li>\n<li>Detalls d&#8217;artistes i d&#8217;instruments.<\/li>\n<li>Respostes del p\u00fablic, generant aquesta connexi\u00f3 emocional tan caracter\u00edstica dels grans concerts.<\/li>\n<\/ul>\n<\/li>\n<li><strong>T\u00e8cnic\/a gestor de continguts<\/strong><br \/>\n Encarregat de <strong>preparar, llan\u00e7ar i coordinar tots els materials audiovisuals<\/strong> que apareixien a la pantalla: cap\u00e7aleres, r\u00e8tols, inserts, continguts de l&#8217;organitzaci\u00f3 i visuals espec\u00edfics de cada actuaci\u00f3.<\/li>\n<li><strong>Responsable del remolc LED<\/strong><br \/>\n Supervisar la correcta instal\u00b7laci\u00f3, orientaci\u00f3, funcionament i emissi\u00f3 durant tota la jornada, per assegurar-ne la integraci\u00f3 perfecta amb el senyal principal.<\/li>\n<\/ul>\n<p>La combinaci\u00f3 d&#8217;aquests perfils va permetre que la producci\u00f3 flu\u00eds amb total naturalitat, fins i tot en els moments de m\u00e9s intensitat de l&#8217;espectacle.<\/p>\n<h2>Flu\u00efdesa, coordinaci\u00f3 i directe sense marge d&#8217;error<\/h2>\n<p>En un esdeveniment multitudinari com La Merc\u00e8 no hi ha l&#8217;opci\u00f3 de \u201crepetir presa\u201d. Tot passa una vegada i ha de sortir b\u00e9 a la primera. Per aix\u00f2, a m\u00e9s del desplegament t\u00e8cnic, es va treballar a:  <\/p>\n<ul>\n<li><strong>Proves pr\u00e8vies i assaigs de realitzaci\u00f3<\/strong> , ajustant posicions de c\u00e0mera, temps de transici\u00f3 i comportament dels continguts a la pantalla.<\/li>\n<li><strong>Protocols clars de comunicaci\u00f3 interna<\/strong> , amb intercom entre realitzaci\u00f3, operadors, gestor de continguts i responsable de remolc LED.<\/li>\n<li><strong>Revisions de seguretat i redund\u00e0ncia<\/strong> , incloent revisions d&#8217;alimentaci\u00f3 el\u00e8ctrica, senyal de v\u00eddeo i estabilitat del sistema.<\/li>\n<\/ul>\n<p>L&#8217;experi\u00e8ncia d&#8217;EIKONOS a grans esdeveniments, retransmissions en directe, plat\u00f3s electorals, instal\u00b7lacions museogr\u00e0fiques i produccions h\u00edbrides ens permet aplicar metodologies de treball contrastades i fiables.<\/p>\n<h2>Un resultat a l&#8217;al\u00e7ada de la Merc\u00e8 2025<\/h2>\n<p>El balan\u00e7 del projecte es resumeix en tres idees:<\/p>\n<ul>\n<li><strong>Qualitat visual constant<\/strong><br \/>\n La pantalla LED principal va lliurar una imatge n\u00edtida, contrastada i amb una colorimetria molt cuidada, tant en pl\u00e0nols de realitzaci\u00f3 com en continguts gr\u00e0fics.<\/li>\n<li><strong>Experi\u00e8ncia ampliada per al p\u00fablic<\/strong><br \/>\n El remolc LED com a pantalla de delay va convertir l&#8217;entorn de l&#8217;escenari en un espai audiovisual est\u00e8s aut\u00e8ntic, on fins i tot el p\u00fablic m\u00e9s allunyat es va sentir part de l&#8217;espectacle.<\/li>\n<li><strong>Producci\u00f3 t\u00e8cnica alineada amb l&#8217;ess\u00e8ncia de la festa<\/strong><br \/>\n La tecnologia no es va imposar mai al contingut: va estar al servei de la m\u00fasica, dels artistes i del p\u00fablic. La millor producci\u00f3 audiovisual \u00e9s la que multiplica l&#8217;emoci\u00f3 sense robar protagonisme a l&#8217;escenari. <\/li>\n<\/ul>\n<p><img loading=\"lazy\" decoding=\"async\" class=\"alignnone size-full wp-image-12996\" src=\"https:\/\/eikonos.com\/wp-content\/uploads\/2025\/12\/1.jpg\" alt=\"merc\u00e8 2025\" width=\"2048\" height=\"1366\" srcset=\"https:\/\/eikonos.com\/wp-content\/uploads\/2025\/12\/1.jpg 2048w, https:\/\/eikonos.com\/wp-content\/uploads\/2025\/12\/1-768x512.jpg 768w, https:\/\/eikonos.com\/wp-content\/uploads\/2025\/12\/1-1536x1025.jpg 1536w\" sizes=\"auto, (max-width: 2048px) 100vw, 2048px\" \/><\/p>\n<p>&nbsp;<\/p>\n<p>Per a l&#8217;equip d&#8217; <strong>EIKONOS<\/strong> , La Merc\u00e8 2025 ha estat una nova ocasi\u00f3 de demostrar com una <strong>producci\u00f3 t\u00e8cnica ben planificada i executada<\/strong> pot marcar la difer\u00e8ncia en un esdeveniment de refer\u00e8ncia per a tota la ciutat.<\/p>\n<h2>EIKONOS com a partner audiovisual per a grans esdeveniments urbans<\/h2>\n<p>L&#8217;experi\u00e8ncia acumulada en <strong>m\u00e9s de 40 anys dissenyant i produint solucions audiovisuals per a festivals, concerts, gales, museus, programes de televisi\u00f3 i esdeveniments corporatius<\/strong> ens permet abordar projectes com ara la Merc\u00e8 amb una visi\u00f3 global: des del disseny t\u00e8cnic fins a la realitzaci\u00f3 en directe i la gesti\u00f3 de continguts.<\/p>\n<p>Hem transformat:<\/p>\n<ul>\n<li>Auditoris i parlaments en <strong>plat\u00f3s audiovisuals connectats al m\u00f3n<\/strong> , amb dades i continguts en temps real.<\/li>\n<li>Museus i centres dinterpretaci\u00f3 en experi\u00e8ncies immersives on la tecnologia sintegra sense fer-se visible.<\/li>\n<li>Esdeveniments h\u00edbrids i retransmissions multic\u00e0mera en solucions de <a href=\"https:\/\/eikonos.com\/blog\/streaming-broadcast\/\"><strong>streaming, realitzaci\u00f3 en directe i broadcast<\/strong><\/a> d&#8217;alt nivell.<\/li>\n<li>Desfilades i xous de moda en espectacles 360\u00ba on la projecci\u00f3, el LED i la realitzaci\u00f3 conviuen amb l&#8217;escenografia i la il\u00b7luminaci\u00f3.<\/li>\n<\/ul>\n<p>Tota aquesta traject\u00f2ria es bolca a cada projecte de ciutat, com La Merc\u00e8, on l&#8217;objectiu \u00e9s sempre el mateix: <strong>convertir la tecnologia audiovisual en un aliat per crear experi\u00e8ncies memorables<\/strong> .<\/p>\n<h2>Mirant futures edicions de La Merc\u00e8<\/h2>\n<p>Les festes majors evolucionen, el p\u00fablic tamb\u00e9 i les possibilitats tecnol\u00f2giques creixen any rere any. A <strong>EIKONOS<\/strong> seguim treballant per: <\/p>\n<ul>\n<li>Incorporar noves solucions de <strong>pantalles LED de darrera generaci\u00f3<\/strong> , formats creatius i superf\u00edcies no convencionals.<\/li>\n<li>Potenciar la <strong>realitzaci\u00f3 en directe i el streaming professional<\/strong> per arribar a audi\u00e8ncies que no poden estar f\u00edsicament a l&#8217;esdeveniment.<\/li>\n<li>Millorar l&#8217; <strong>efici\u00e8ncia i la sostenibilitat<\/strong> en els muntatges, amb equips m\u00e9s eficients i processos optimitzats.<\/li>\n<\/ul>\n<p>Perqu\u00e8 per a nosaltres, cada edici\u00f3 de La Merc\u00e8 \u00e9s m\u00e9s que un esdeveniment en calendari: \u00e9s una oportunitat per continuar demostrant com la producci\u00f3 t\u00e8cnica audiovisual pot amplificar la cultura, la ciutat i la m\u00fasica en un mateix llenguatge visual.<\/p>\n<h2>Vols fer aquest salt de qualitat al teu esdeveniment?<\/h2>\n<p>Si esteu planificant un concert, un escenari de festes majors o un esdeveniment urb\u00e0 de gran format i necessiteu un <strong>partner audiovisual que s&#8217;ocupi de tot el desplegament t\u00e8cnic<\/strong> (des del disseny de pantalles LED fins a la realitzaci\u00f3 en directe i la gesti\u00f3 de continguts), parlem.<\/p>\n<p>A <strong>EIKONOS<\/strong> us acompanyem des de la idea fins a l&#8217;\u00faltim fotograma en pantalla.<\/p>\n<p>&nbsp;<\/p>\n","protected":false},"excerpt":{"rendered":"<p>Aix\u00ed, potenciem el v\u00eddeo de l&#8217;escenari de Maria Cristina La Merc\u00e8 \u00e9s any rere any&#8230;<\/p>\n","protected":false},"author":8,"featured_media":13004,"comment_status":"open","ping_status":"open","sticky":false,"template":"","format":"standard","meta":{"_acf_changed":false,"footnotes":""},"categories":[502],"tags":[],"class_list":["post-13002","post","type-post","status-publish","format-standard","has-post-thumbnail","hentry","category-esdeveniments-culturals"],"acf":[],"yoast_head":"<!-- This site is optimized with the Yoast SEO plugin v26.3 - https:\/\/yoast.com\/wordpress\/plugins\/seo\/ -->\n<title>Producci\u00f3 t\u00e8cnica audiovisual per a La Merc\u00e8 2025 | EIKONOS<\/title>\n<meta name=\"robots\" content=\"index, follow, max-snippet:-1, max-image-preview:large, max-video-preview:-1\" \/>\n<link rel=\"canonical\" href=\"https:\/\/eikonos.com\/ca\/blog\/produccio-tecnica-audiovisual-per-a-la-merce-2025\/\" \/>\n<meta property=\"og:locale\" content=\"ca_ES\" \/>\n<meta property=\"og:type\" content=\"article\" \/>\n<meta property=\"og:title\" content=\"Producci\u00f3 t\u00e8cnica audiovisual per a La Merc\u00e8 2025 | EIKONOS\" \/>\n<meta property=\"og:description\" content=\"Aix\u00ed, potenciem el v\u00eddeo de l&#8217;escenari de Maria Cristina La Merc\u00e8 \u00e9s any rere any...\" \/>\n<meta property=\"og:url\" content=\"https:\/\/eikonos.com\/ca\/blog\/produccio-tecnica-audiovisual-per-a-la-merce-2025\/\" \/>\n<meta property=\"og:site_name\" content=\"EIKONOS\" \/>\n<meta property=\"article:publisher\" content=\"http:\/\/www.facebook.com\/pages\/Eikonos\/176324785746790\" \/>\n<meta property=\"article:published_time\" content=\"2025-12-09T09:22:13+00:00\" \/>\n<meta property=\"article:modified_time\" content=\"2026-03-06T13:21:27+00:00\" \/>\n<meta property=\"og:image\" content=\"https:\/\/eikonos.com\/wp-content\/uploads\/2025\/12\/5.jpg\" \/>\n\t<meta property=\"og:image:width\" content=\"2048\" \/>\n\t<meta property=\"og:image:height\" content=\"1366\" \/>\n\t<meta property=\"og:image:type\" content=\"image\/jpeg\" \/>\n<meta name=\"author\" content=\"go2jump-admin\" \/>\n<meta name=\"twitter:card\" content=\"summary_large_image\" \/>\n<meta name=\"twitter:creator\" content=\"@eikonos_sa\" \/>\n<meta name=\"twitter:site\" content=\"@eikonos_sa\" \/>\n<meta name=\"twitter:label1\" content=\"Escrit per\" \/>\n\t<meta name=\"twitter:data1\" content=\"go2jump-admin\" \/>\n\t<meta name=\"twitter:label2\" content=\"Temps estimat de lectura\" \/>\n\t<meta name=\"twitter:data2\" content=\"8 minuts\" \/>\n<script type=\"application\/ld+json\" class=\"yoast-schema-graph\">{\"@context\":\"https:\/\/schema.org\",\"@graph\":[{\"@type\":\"Article\",\"@id\":\"https:\/\/eikonos.com\/ca\/blog\/produccio-tecnica-audiovisual-per-a-la-merce-2025\/#article\",\"isPartOf\":{\"@id\":\"https:\/\/eikonos.com\/ca\/blog\/produccio-tecnica-audiovisual-per-a-la-merce-2025\/\"},\"author\":{\"name\":\"go2jump-admin\",\"@id\":\"https:\/\/eikonos.com\/ca\/#\/schema\/person\/8684d3070bbf3245cdfbef2572d41fa8\"},\"headline\":\"Producci\u00f3 t\u00e8cnica audiovisual per a La Merc\u00e8 2025\",\"datePublished\":\"2025-12-09T09:22:13+00:00\",\"dateModified\":\"2026-03-06T13:21:27+00:00\",\"mainEntityOfPage\":{\"@id\":\"https:\/\/eikonos.com\/ca\/blog\/produccio-tecnica-audiovisual-per-a-la-merce-2025\/\"},\"wordCount\":1679,\"commentCount\":0,\"publisher\":{\"@id\":\"https:\/\/eikonos.com\/ca\/#organization\"},\"image\":{\"@id\":\"https:\/\/eikonos.com\/ca\/blog\/produccio-tecnica-audiovisual-per-a-la-merce-2025\/#primaryimage\"},\"thumbnailUrl\":\"https:\/\/eikonos.com\/wp-content\/uploads\/2025\/12\/5.jpg\",\"articleSection\":[\"Esdeveniments culturals\"],\"inLanguage\":\"ca\",\"potentialAction\":[{\"@type\":\"CommentAction\",\"name\":\"Comment\",\"target\":[\"https:\/\/eikonos.com\/ca\/blog\/produccio-tecnica-audiovisual-per-a-la-merce-2025\/#respond\"]}]},{\"@type\":\"WebPage\",\"@id\":\"https:\/\/eikonos.com\/ca\/blog\/produccio-tecnica-audiovisual-per-a-la-merce-2025\/\",\"url\":\"https:\/\/eikonos.com\/ca\/blog\/produccio-tecnica-audiovisual-per-a-la-merce-2025\/\",\"name\":\"Producci\u00f3 t\u00e8cnica audiovisual per a La Merc\u00e8 2025 | EIKONOS\",\"isPartOf\":{\"@id\":\"https:\/\/eikonos.com\/ca\/#website\"},\"primaryImageOfPage\":{\"@id\":\"https:\/\/eikonos.com\/ca\/blog\/produccio-tecnica-audiovisual-per-a-la-merce-2025\/#primaryimage\"},\"image\":{\"@id\":\"https:\/\/eikonos.com\/ca\/blog\/produccio-tecnica-audiovisual-per-a-la-merce-2025\/#primaryimage\"},\"thumbnailUrl\":\"https:\/\/eikonos.com\/wp-content\/uploads\/2025\/12\/5.jpg\",\"datePublished\":\"2025-12-09T09:22:13+00:00\",\"dateModified\":\"2026-03-06T13:21:27+00:00\",\"breadcrumb\":{\"@id\":\"https:\/\/eikonos.com\/ca\/blog\/produccio-tecnica-audiovisual-per-a-la-merce-2025\/#breadcrumb\"},\"inLanguage\":\"ca\",\"potentialAction\":[{\"@type\":\"ReadAction\",\"target\":[\"https:\/\/eikonos.com\/ca\/blog\/produccio-tecnica-audiovisual-per-a-la-merce-2025\/\"]}]},{\"@type\":\"ImageObject\",\"inLanguage\":\"ca\",\"@id\":\"https:\/\/eikonos.com\/ca\/blog\/produccio-tecnica-audiovisual-per-a-la-merce-2025\/#primaryimage\",\"url\":\"https:\/\/eikonos.com\/wp-content\/uploads\/2025\/12\/5.jpg\",\"contentUrl\":\"https:\/\/eikonos.com\/wp-content\/uploads\/2025\/12\/5.jpg\",\"width\":2048,\"height\":1366,\"caption\":\"merc\u00e8 2025\"},{\"@type\":\"BreadcrumbList\",\"@id\":\"https:\/\/eikonos.com\/ca\/blog\/produccio-tecnica-audiovisual-per-a-la-merce-2025\/#breadcrumb\",\"itemListElement\":[{\"@type\":\"ListItem\",\"position\":1,\"name\":\"EIKONOS\",\"item\":\"https:\/\/eikonos.com\/ca\/inici\/\"},{\"@type\":\"ListItem\",\"position\":2,\"name\":\"Producci\u00f3 t\u00e8cnica audiovisual per a La Merc\u00e8 2025\"}]},{\"@type\":\"WebSite\",\"@id\":\"https:\/\/eikonos.com\/ca\/#website\",\"url\":\"https:\/\/eikonos.com\/ca\/\",\"name\":\"EIKONOS\",\"description\":\"EXPERIENCIA AUDIOVISUAL\",\"publisher\":{\"@id\":\"https:\/\/eikonos.com\/ca\/#organization\"},\"potentialAction\":[{\"@type\":\"SearchAction\",\"target\":{\"@type\":\"EntryPoint\",\"urlTemplate\":\"https:\/\/eikonos.com\/ca\/?s={search_term_string}\"},\"query-input\":{\"@type\":\"PropertyValueSpecification\",\"valueRequired\":true,\"valueName\":\"search_term_string\"}}],\"inLanguage\":\"ca\"},{\"@type\":\"Organization\",\"@id\":\"https:\/\/eikonos.com\/ca\/#organization\",\"name\":\"EIKONOS | Servicios Audiovisuales, eventos y alquiler de equipos\",\"url\":\"https:\/\/eikonos.com\/ca\/\",\"logo\":{\"@type\":\"ImageObject\",\"inLanguage\":\"ca\",\"@id\":\"https:\/\/eikonos.com\/ca\/#\/schema\/logo\/image\/\",\"url\":\"https:\/\/eikonos.com\/wp-content\/uploads\/2020\/08\/logo-color.png\",\"contentUrl\":\"https:\/\/eikonos.com\/wp-content\/uploads\/2020\/08\/logo-color.png\",\"width\":376,\"height\":122,\"caption\":\"EIKONOS | Servicios Audiovisuales, eventos y alquiler de equipos\"},\"image\":{\"@id\":\"https:\/\/eikonos.com\/ca\/#\/schema\/logo\/image\/\"},\"sameAs\":[\"http:\/\/www.facebook.com\/pages\/Eikonos\/176324785746790\",\"https:\/\/x.com\/eikonos_sa\",\"http:\/\/www.linkedin.com\/company\/eikonos\",\"http:\/\/www.youtube.com\/channel\/UC8wcizWaAYbfsuqVf9wIT6w\"]},{\"@type\":\"Person\",\"@id\":\"https:\/\/eikonos.com\/ca\/#\/schema\/person\/8684d3070bbf3245cdfbef2572d41fa8\",\"name\":\"go2jump-admin\",\"image\":{\"@type\":\"ImageObject\",\"inLanguage\":\"ca\",\"@id\":\"https:\/\/eikonos.com\/ca\/#\/schema\/person\/image\/\",\"url\":\"https:\/\/secure.gravatar.com\/avatar\/31d3d42d560f9952b607a41659b69bc36248676da87a1f2a4a521b0e40b62fe8?s=96&d=mm&r=g\",\"contentUrl\":\"https:\/\/secure.gravatar.com\/avatar\/31d3d42d560f9952b607a41659b69bc36248676da87a1f2a4a521b0e40b62fe8?s=96&d=mm&r=g\",\"caption\":\"go2jump-admin\"}}]}<\/script>\n<!-- \/ Yoast SEO plugin. -->","yoast_head_json":{"title":"Producci\u00f3 t\u00e8cnica audiovisual per a La Merc\u00e8 2025 | EIKONOS","robots":{"index":"index","follow":"follow","max-snippet":"max-snippet:-1","max-image-preview":"max-image-preview:large","max-video-preview":"max-video-preview:-1"},"canonical":"https:\/\/eikonos.com\/ca\/blog\/produccio-tecnica-audiovisual-per-a-la-merce-2025\/","og_locale":"ca_ES","og_type":"article","og_title":"Producci\u00f3 t\u00e8cnica audiovisual per a La Merc\u00e8 2025 | EIKONOS","og_description":"Aix\u00ed, potenciem el v\u00eddeo de l&#8217;escenari de Maria Cristina La Merc\u00e8 \u00e9s any rere any...","og_url":"https:\/\/eikonos.com\/ca\/blog\/produccio-tecnica-audiovisual-per-a-la-merce-2025\/","og_site_name":"EIKONOS","article_publisher":"http:\/\/www.facebook.com\/pages\/Eikonos\/176324785746790","article_published_time":"2025-12-09T09:22:13+00:00","article_modified_time":"2026-03-06T13:21:27+00:00","og_image":[{"width":2048,"height":1366,"url":"https:\/\/eikonos.com\/wp-content\/uploads\/2025\/12\/5.jpg","type":"image\/jpeg"}],"author":"go2jump-admin","twitter_card":"summary_large_image","twitter_creator":"@eikonos_sa","twitter_site":"@eikonos_sa","twitter_misc":{"Escrit per":"go2jump-admin","Temps estimat de lectura":"8 minuts"},"schema":{"@context":"https:\/\/schema.org","@graph":[{"@type":"Article","@id":"https:\/\/eikonos.com\/ca\/blog\/produccio-tecnica-audiovisual-per-a-la-merce-2025\/#article","isPartOf":{"@id":"https:\/\/eikonos.com\/ca\/blog\/produccio-tecnica-audiovisual-per-a-la-merce-2025\/"},"author":{"name":"go2jump-admin","@id":"https:\/\/eikonos.com\/ca\/#\/schema\/person\/8684d3070bbf3245cdfbef2572d41fa8"},"headline":"Producci\u00f3 t\u00e8cnica audiovisual per a La Merc\u00e8 2025","datePublished":"2025-12-09T09:22:13+00:00","dateModified":"2026-03-06T13:21:27+00:00","mainEntityOfPage":{"@id":"https:\/\/eikonos.com\/ca\/blog\/produccio-tecnica-audiovisual-per-a-la-merce-2025\/"},"wordCount":1679,"commentCount":0,"publisher":{"@id":"https:\/\/eikonos.com\/ca\/#organization"},"image":{"@id":"https:\/\/eikonos.com\/ca\/blog\/produccio-tecnica-audiovisual-per-a-la-merce-2025\/#primaryimage"},"thumbnailUrl":"https:\/\/eikonos.com\/wp-content\/uploads\/2025\/12\/5.jpg","articleSection":["Esdeveniments culturals"],"inLanguage":"ca","potentialAction":[{"@type":"CommentAction","name":"Comment","target":["https:\/\/eikonos.com\/ca\/blog\/produccio-tecnica-audiovisual-per-a-la-merce-2025\/#respond"]}]},{"@type":"WebPage","@id":"https:\/\/eikonos.com\/ca\/blog\/produccio-tecnica-audiovisual-per-a-la-merce-2025\/","url":"https:\/\/eikonos.com\/ca\/blog\/produccio-tecnica-audiovisual-per-a-la-merce-2025\/","name":"Producci\u00f3 t\u00e8cnica audiovisual per a La Merc\u00e8 2025 | EIKONOS","isPartOf":{"@id":"https:\/\/eikonos.com\/ca\/#website"},"primaryImageOfPage":{"@id":"https:\/\/eikonos.com\/ca\/blog\/produccio-tecnica-audiovisual-per-a-la-merce-2025\/#primaryimage"},"image":{"@id":"https:\/\/eikonos.com\/ca\/blog\/produccio-tecnica-audiovisual-per-a-la-merce-2025\/#primaryimage"},"thumbnailUrl":"https:\/\/eikonos.com\/wp-content\/uploads\/2025\/12\/5.jpg","datePublished":"2025-12-09T09:22:13+00:00","dateModified":"2026-03-06T13:21:27+00:00","breadcrumb":{"@id":"https:\/\/eikonos.com\/ca\/blog\/produccio-tecnica-audiovisual-per-a-la-merce-2025\/#breadcrumb"},"inLanguage":"ca","potentialAction":[{"@type":"ReadAction","target":["https:\/\/eikonos.com\/ca\/blog\/produccio-tecnica-audiovisual-per-a-la-merce-2025\/"]}]},{"@type":"ImageObject","inLanguage":"ca","@id":"https:\/\/eikonos.com\/ca\/blog\/produccio-tecnica-audiovisual-per-a-la-merce-2025\/#primaryimage","url":"https:\/\/eikonos.com\/wp-content\/uploads\/2025\/12\/5.jpg","contentUrl":"https:\/\/eikonos.com\/wp-content\/uploads\/2025\/12\/5.jpg","width":2048,"height":1366,"caption":"merc\u00e8 2025"},{"@type":"BreadcrumbList","@id":"https:\/\/eikonos.com\/ca\/blog\/produccio-tecnica-audiovisual-per-a-la-merce-2025\/#breadcrumb","itemListElement":[{"@type":"ListItem","position":1,"name":"EIKONOS","item":"https:\/\/eikonos.com\/ca\/inici\/"},{"@type":"ListItem","position":2,"name":"Producci\u00f3 t\u00e8cnica audiovisual per a La Merc\u00e8 2025"}]},{"@type":"WebSite","@id":"https:\/\/eikonos.com\/ca\/#website","url":"https:\/\/eikonos.com\/ca\/","name":"EIKONOS","description":"EXPERIENCIA AUDIOVISUAL","publisher":{"@id":"https:\/\/eikonos.com\/ca\/#organization"},"potentialAction":[{"@type":"SearchAction","target":{"@type":"EntryPoint","urlTemplate":"https:\/\/eikonos.com\/ca\/?s={search_term_string}"},"query-input":{"@type":"PropertyValueSpecification","valueRequired":true,"valueName":"search_term_string"}}],"inLanguage":"ca"},{"@type":"Organization","@id":"https:\/\/eikonos.com\/ca\/#organization","name":"EIKONOS | Servicios Audiovisuales, eventos y alquiler de equipos","url":"https:\/\/eikonos.com\/ca\/","logo":{"@type":"ImageObject","inLanguage":"ca","@id":"https:\/\/eikonos.com\/ca\/#\/schema\/logo\/image\/","url":"https:\/\/eikonos.com\/wp-content\/uploads\/2020\/08\/logo-color.png","contentUrl":"https:\/\/eikonos.com\/wp-content\/uploads\/2020\/08\/logo-color.png","width":376,"height":122,"caption":"EIKONOS | Servicios Audiovisuales, eventos y alquiler de equipos"},"image":{"@id":"https:\/\/eikonos.com\/ca\/#\/schema\/logo\/image\/"},"sameAs":["http:\/\/www.facebook.com\/pages\/Eikonos\/176324785746790","https:\/\/x.com\/eikonos_sa","http:\/\/www.linkedin.com\/company\/eikonos","http:\/\/www.youtube.com\/channel\/UC8wcizWaAYbfsuqVf9wIT6w"]},{"@type":"Person","@id":"https:\/\/eikonos.com\/ca\/#\/schema\/person\/8684d3070bbf3245cdfbef2572d41fa8","name":"go2jump-admin","image":{"@type":"ImageObject","inLanguage":"ca","@id":"https:\/\/eikonos.com\/ca\/#\/schema\/person\/image\/","url":"https:\/\/secure.gravatar.com\/avatar\/31d3d42d560f9952b607a41659b69bc36248676da87a1f2a4a521b0e40b62fe8?s=96&d=mm&r=g","contentUrl":"https:\/\/secure.gravatar.com\/avatar\/31d3d42d560f9952b607a41659b69bc36248676da87a1f2a4a521b0e40b62fe8?s=96&d=mm&r=g","caption":"go2jump-admin"}}]}},"_links":{"self":[{"href":"https:\/\/eikonos.com\/ca\/wp-json\/wp\/v2\/posts\/13002","targetHints":{"allow":["GET"]}}],"collection":[{"href":"https:\/\/eikonos.com\/ca\/wp-json\/wp\/v2\/posts"}],"about":[{"href":"https:\/\/eikonos.com\/ca\/wp-json\/wp\/v2\/types\/post"}],"author":[{"embeddable":true,"href":"https:\/\/eikonos.com\/ca\/wp-json\/wp\/v2\/users\/8"}],"replies":[{"embeddable":true,"href":"https:\/\/eikonos.com\/ca\/wp-json\/wp\/v2\/comments?post=13002"}],"version-history":[{"count":1,"href":"https:\/\/eikonos.com\/ca\/wp-json\/wp\/v2\/posts\/13002\/revisions"}],"predecessor-version":[{"id":13853,"href":"https:\/\/eikonos.com\/ca\/wp-json\/wp\/v2\/posts\/13002\/revisions\/13853"}],"wp:featuredmedia":[{"embeddable":true,"href":"https:\/\/eikonos.com\/ca\/wp-json\/wp\/v2\/media\/13004"}],"wp:attachment":[{"href":"https:\/\/eikonos.com\/ca\/wp-json\/wp\/v2\/media?parent=13002"}],"wp:term":[{"taxonomy":"category","embeddable":true,"href":"https:\/\/eikonos.com\/ca\/wp-json\/wp\/v2\/categories?post=13002"},{"taxonomy":"post_tag","embeddable":true,"href":"https:\/\/eikonos.com\/ca\/wp-json\/wp\/v2\/tags?post=13002"}],"curies":[{"name":"wp","href":"https:\/\/api.w.org\/{rel}","templated":true}]}}