{"id":12975,"date":"2025-11-10T13:24:31","date_gmt":"2025-11-10T13:24:31","guid":{"rendered":"https:\/\/eikonos.com\/blog\/eikonos-40-anys-transformant-espais-en-experiencies-audiovisuals\/"},"modified":"2025-11-10T13:24:31","modified_gmt":"2025-11-10T13:24:31","slug":"eikonos-40-anys-transformant-espais-en-experiencies-audiovisuals","status":"publish","type":"post","link":"https:\/\/eikonos.com\/ca\/blog\/eikonos-40-anys-transformant-espais-en-experiencies-audiovisuals\/","title":{"rendered":"EIKONOS: 40 anys transformant espais en experi\u00e8ncies audiovisuals"},"content":{"rendered":"<p>Fa anys, quan la tecnologia audiovisual comen\u00e7ava a transformar la comunicaci\u00f3, va n\u00e9ixer a Barcelona una empresa amb una visi\u00f3 pionera: <strong>unir la t\u00e8cnica i la creativitat per emocionar a trav\u00e9s de la imatge i el so<\/strong>.<\/p>\n<p>Avui, quatre d\u00e8cades despr\u00e9s, <strong>EIKONOS <\/strong>celebra el seu 40\u00e8 aniversari com a referent en el sector, combinant innovaci\u00f3, solv\u00e8ncia t\u00e8cnica i un profund comprom\u00eds amb l\u2019excel\u00b7l\u00e8ncia.<\/p>\n<h2><img loading=\"lazy\" decoding=\"async\" class=\"alignnone size-full wp-image-12939\" src=\"https:\/\/eikonos.com\/wp-content\/uploads\/2025\/11\/RemolcLedDesigual.jpeg\" alt=\"Pantalla Led Desigual\" width=\"1600\" height=\"899\" srcset=\"https:\/\/eikonos.com\/wp-content\/uploads\/2025\/11\/RemolcLedDesigual.jpeg 1600w, https:\/\/eikonos.com\/wp-content\/uploads\/2025\/11\/RemolcLedDesigual-768x432.jpeg 768w, https:\/\/eikonos.com\/wp-content\/uploads\/2025\/11\/RemolcLedDesigual-1536x863.jpeg 1536w\" sizes=\"auto, (max-width: 1600px) 100vw, 1600px\" \/><\/h2>\n<h2>Una traject\u00f2ria que ha marcat un sector<\/h2>\n<p>Des dels seus primers muntatges fins a les produccions m\u00e9s complexes, EIKONOS ha mantingut un creixement constant basat en la qualitat, la versatilitat i la confian\u00e7a.<\/p>\n<p>La seva seu de m\u00e9s de 3.000 m\u00b2 a Cornell\u00e0 de Llobregat simbolitza aquesta evoluci\u00f3: un espai on la log\u00edstica, la t\u00e8cnica i la creativitat conviuen per donar forma a projectes d\u2019alt nivell, tant ef\u00edmers com permanents.<\/p>\n<p><img loading=\"lazy\" decoding=\"async\" class=\"alignnone size-full wp-image-12941\" src=\"https:\/\/eikonos.com\/wp-content\/uploads\/2025\/11\/foto-bona-etnia.jpg\" alt=\"bona etnia - EIKONOS\" width=\"1179\" height=\"921\" srcset=\"https:\/\/eikonos.com\/wp-content\/uploads\/2025\/11\/foto-bona-etnia.jpg 1179w, https:\/\/eikonos.com\/wp-content\/uploads\/2025\/11\/foto-bona-etnia-768x600.jpg 768w\" sizes=\"auto, (max-width: 1179px) 100vw, 1179px\" \/><\/p>\n<h3>De Barcelona al m\u00f3n<\/h3>\n<p>La compa\u00f1\u00eda ha trabajado en <strong>congresos, ferias, espect\u00e1culos, rodajes y eventos corporativos<\/strong> en todo tipo de entornos, adaptando cada propuesta a las necesidades del cliente.<\/p>\n<p>EIKONOS no nom\u00e9s ofereix equipament i muntatge: crea experi\u00e8ncies audiovisuals que transformen l\u2019espai i amplifiquen el missatge.<\/p>\n<p><img loading=\"lazy\" decoding=\"async\" class=\"alignnone size-full wp-image-12945\" src=\"https:\/\/eikonos.com\/wp-content\/uploads\/2025\/11\/STAND-BARCELONA-ACTIVA-ISE.jpg\" alt=\"STAND BARCELONA ACTIVA ISE\" width=\"1080\" height=\"801\" srcset=\"https:\/\/eikonos.com\/wp-content\/uploads\/2025\/11\/STAND-BARCELONA-ACTIVA-ISE.jpg 1080w, https:\/\/eikonos.com\/wp-content\/uploads\/2025\/11\/STAND-BARCELONA-ACTIVA-ISE-768x570.jpg 768w\" sizes=\"auto, (max-width: 1080px) 100vw, 1080px\" \/><\/p>\n<p>&nbsp;<\/p>\n<h3>Innovaci\u00f3 que impulsa cada projecte<\/h3>\n<p>Un dels pilars de l\u2019\u00e8xit d\u2019EIKONOS durant aquestes quatre d\u00e8cades ha estat la seva <strong>aposta per la innovaci\u00f3 constant<\/strong>.<\/p>\n<p>L\u2019empresa ha sabut incorporar tecnologies que avui s\u00f3n essencials en el sector audiovisual: <strong>streaming professional, mapping 3D, realitat augmentada, control dom\u00f2tic i instal\u00b7lacions h\u00edbrides<\/strong> que connecten all\u00f2 f\u00edsic amb all\u00f2 digital.<\/p>\n<p><img loading=\"lazy\" decoding=\"async\" class=\"alignnone size-full wp-image-12947\" src=\"https:\/\/eikonos.com\/wp-content\/uploads\/2025\/11\/PALEX-A-MNAC.jpeg\" alt=\"PALEX A MNAC\" width=\"1600\" height=\"1200\" srcset=\"https:\/\/eikonos.com\/wp-content\/uploads\/2025\/11\/PALEX-A-MNAC.jpeg 1600w, https:\/\/eikonos.com\/wp-content\/uploads\/2025\/11\/PALEX-A-MNAC-768x576.jpeg 768w, https:\/\/eikonos.com\/wp-content\/uploads\/2025\/11\/PALEX-A-MNAC-1536x1152.jpeg 1536w\" sizes=\"auto, (max-width: 1600px) 100vw, 1600px\" \/><\/p>\n<p>&nbsp;<\/p>\n<h3>Projectes que reflecteixen el seu lideratge<\/h3>\n<p>La seva experi\u00e8ncia es plasma en col\u00b7laboracions emblem\u00e0tiques que han elevat la qualitat del panorama audiovisual nacional i internacional:<\/p>\n<ul>\n<li><strong>Gala de premis MotoGP<\/strong>, on t\u00e8cnica i espectacle s\u2019uneixen en un esdeveniment global.<\/li>\n<li><strong>Produccions televisives<\/strong> com <em>Euf\u00f2ria <\/em>de TV3, exemple d\u2019integraci\u00f3 d\u2019escenografia, llum i v\u00eddeo.<\/li>\n<li>Concerts d\u2019artistes internacionals com Mal\u00fa o Chris Brown, amb desplegaments visuals de gran format.<\/li>\n<li><strong>Festival de la Porta Ferrada<\/strong>, un cl\u00e0ssic que demostra com la tecnologia pot amplificar l\u2019emoci\u00f3 art\u00edstica.<\/li>\n<\/ul>\n<p>Cada projecte \u00e9s una mostra de l\u2019equilibri entre creativitat, precisi\u00f3 t\u00e8cnica i excel\u00b7l\u00e8ncia operativa que defineix EIKONOS.<\/p>\n<p>&nbsp;<\/p>\n<h2>L\u2019equip hum\u00e0, ess\u00e8ncia del seu \u00e8xit<\/h2>\n<p>Darrere de la tecnologia hi ha persones.<\/p>\n<p>L\u2019equip d\u2019EIKONOS est\u00e0 format per <strong>t\u00e8cnics, creatius i enginyers<\/strong> en formaci\u00f3 constant, capa\u00e7os de combinar el coneixement t\u00e8cnic amb una sensibilitat art\u00edstica \u00fanica.<\/p>\n<p>Aquesta uni\u00f3 entre talent i comprom\u00eds ha estat clau per mantenir el lideratge i la confian\u00e7a dels clients durant 40 anys.<\/p>\n<h2><img loading=\"lazy\" decoding=\"async\" class=\"alignnone size-full wp-image-12951\" src=\"https:\/\/eikonos.com\/wp-content\/uploads\/2025\/11\/INSTALACION-CREATIVA.jpg\" alt=\"INSTALACI\u00d3N CREATIVA EIKONOS\" width=\"960\" height=\"442\" srcset=\"https:\/\/eikonos.com\/wp-content\/uploads\/2025\/11\/INSTALACION-CREATIVA.jpg 960w, https:\/\/eikonos.com\/wp-content\/uploads\/2025\/11\/INSTALACION-CREATIVA-768x354.jpg 768w\" sizes=\"auto, (max-width: 960px) 100vw, 960px\" \/><\/h2>\n<h2>Sostenibilitat i responsabilitat compartida<\/h2>\n<p>Celebrar el <strong>40\u00e8 aniversari d\u2019EIKONOS<\/strong> tamb\u00e9 significa reafirmar el seu comprom\u00eds amb el futur.<\/p>\n<p>L\u2019empresa ha impulsat un model m\u00e9s <strong>eficient, sostenible i conscient<\/strong> del seu impacte ambiental, integrant mesures que reflecteixen la seva visi\u00f3 responsable.<\/p>\n<h3>Accions que marquen la difer\u00e8ncia<\/h3>\n<ul>\n<li>Incorporaci\u00f3 d\u2019<strong>equips de baix consum energ\u00e8tic.<\/strong><\/li>\n<li><strong>Reutilitzaci\u00f3 d\u2019estructures i materials<\/strong> en muntatges i escenografies.<\/li>\n<li>\u00das de <strong>vehicles el\u00e8ctrics<\/strong> i optimitzaci\u00f3 de rutes log\u00edstiques.<\/li>\n<li><strong>Formaci\u00f3 ambiental <\/strong>interna per fomentar bones pr\u00e0ctiques.<\/li>\n<\/ul>\n<p>La sostenibilitat no \u00e9s nom\u00e9s una meta, sin\u00f3 una manera d\u2019entendre la innovaci\u00f3: avan\u00e7ar sense deixar empremta.<\/p>\n<p><img loading=\"lazy\" decoding=\"async\" class=\"alignnone size-full wp-image-12953\" src=\"https:\/\/eikonos.com\/wp-content\/uploads\/2025\/11\/PREMIS-PIMEC-AL-PALAU-SANT-JORDI.jpeg\" alt=\"PREMIS PIMEC AL PALAU SANT JORDI\" width=\"2048\" height=\"1536\" srcset=\"https:\/\/eikonos.com\/wp-content\/uploads\/2025\/11\/PREMIS-PIMEC-AL-PALAU-SANT-JORDI.jpeg 2048w, https:\/\/eikonos.com\/wp-content\/uploads\/2025\/11\/PREMIS-PIMEC-AL-PALAU-SANT-JORDI-768x576.jpeg 768w, https:\/\/eikonos.com\/wp-content\/uploads\/2025\/11\/PREMIS-PIMEC-AL-PALAU-SANT-JORDI-1536x1152.jpeg 1536w\" sizes=\"auto, (max-width: 2048px) 100vw, 2048px\" \/><\/p>\n<p>&nbsp;<\/p>\n<h2>Mirant cap al futur<\/h2>\n<p>El present d\u2019EIKONOS \u00e9s ple de reptes, per\u00f2 tamb\u00e9 d\u2019oportunitats.<\/p>\n<p>L\u2019empresa es prepara per seguir explorant <strong>nous llenguatges audiovisuals<\/strong>, des dels <strong>entorns immersius i plat\u00f3s virtuals<\/strong> fins a la <strong>realitat augmentada i les produccions on-demand<\/strong>.<\/p>\n<p>Amb cada aven\u00e7, reafirma la seva vocaci\u00f3 de continuar sent <strong>partner estrat\u00e8gic<\/strong> d\u2019aquells que volen comunicar amb emoci\u00f3, impacte i tecnologia.<\/p>\n<h3>Quaranta anys d\u2019hist\u00f2ria, projecci\u00f3 i confian\u00e7a<\/h3>\n<p>El <strong>40\u00e8 aniversari d\u2019EIKONOS<\/strong> no \u00e9s nom\u00e9s una celebraci\u00f3; \u00e9s la confirmaci\u00f3 d\u2019una traject\u00f2ria que ha unit creativitat, t\u00e8cnica i comprom\u00eds hum\u00e0.<\/p>\n<p>Quatre d\u00e8cades despr\u00e9s, l\u2019empresa continua evolucionant amb la mateixa il\u00b7lusi\u00f3 amb qu\u00e8 va comen\u00e7ar: donar vida a la comunicaci\u00f3 audiovisual i continuar emocionant el m\u00f3n, imatge a imatge.<\/p>\n<p>&nbsp;<\/p>\n<p><a href=\"https:\/\/eikonos.com\/ca\/contacte\/\"><img loading=\"lazy\" decoding=\"async\" class=\"alignnone wp-image-12966 size-full\" src=\"https:\/\/eikonos.com\/wp-content\/uploads\/2025\/11\/CTA-eikonos-1.png\" alt=\"Te ayudamos con tu evento audiovisual\" width=\"741\" height=\"250\"><\/a><\/p>\n","protected":false},"excerpt":{"rendered":"<p>Fa anys, quan la tecnologia audiovisual comen\u00e7ava a transformar la comunicaci\u00f3, va n\u00e9ixer a Barcelona&#8230;<\/p>\n","protected":false},"author":8,"featured_media":12940,"comment_status":"open","ping_status":"open","sticky":false,"template":"","format":"standard","meta":{"_acf_changed":false,"footnotes":""},"categories":[268],"tags":[],"class_list":["post-12975","post","type-post","status-publish","format-standard","has-post-thumbnail","hentry","category-eikonos-ca"],"acf":[],"yoast_head":"<!-- This site is optimized with the Yoast SEO plugin v26.3 - https:\/\/yoast.com\/wordpress\/plugins\/seo\/ -->\n<title>EIKONOS: 40 anys transformant espais en experi\u00e8ncies audiovisuals | EIKONOS<\/title>\n<meta name=\"robots\" content=\"index, follow, max-snippet:-1, max-image-preview:large, max-video-preview:-1\" \/>\n<link rel=\"canonical\" href=\"https:\/\/eikonos.com\/ca\/blog\/eikonos-40-anys-transformant-espais-en-experiencies-audiovisuals\/\" \/>\n<meta property=\"og:locale\" content=\"ca_ES\" \/>\n<meta property=\"og:type\" content=\"article\" \/>\n<meta property=\"og:title\" content=\"EIKONOS: 40 anys transformant espais en experi\u00e8ncies audiovisuals | EIKONOS\" \/>\n<meta property=\"og:description\" content=\"Fa anys, quan la tecnologia audiovisual comen\u00e7ava a transformar la comunicaci\u00f3, va n\u00e9ixer a Barcelona...\" \/>\n<meta property=\"og:url\" content=\"https:\/\/eikonos.com\/ca\/blog\/eikonos-40-anys-transformant-espais-en-experiencies-audiovisuals\/\" \/>\n<meta property=\"og:site_name\" content=\"EIKONOS\" \/>\n<meta property=\"article:publisher\" content=\"http:\/\/www.facebook.com\/pages\/Eikonos\/176324785746790\" \/>\n<meta property=\"article:published_time\" content=\"2025-11-10T13:24:31+00:00\" \/>\n<meta property=\"og:image\" content=\"https:\/\/eikonos.com\/wp-content\/uploads\/2025\/11\/RemolcLedDesigual.jpeg\" \/>\n\t<meta property=\"og:image:width\" content=\"1600\" \/>\n\t<meta property=\"og:image:height\" content=\"899\" \/>\n\t<meta property=\"og:image:type\" content=\"image\/jpeg\" \/>\n<meta name=\"author\" content=\"go2jump-admin\" \/>\n<meta name=\"twitter:card\" content=\"summary_large_image\" \/>\n<meta name=\"twitter:creator\" content=\"@eikonos_sa\" \/>\n<meta name=\"twitter:site\" content=\"@eikonos_sa\" \/>\n<meta name=\"twitter:label1\" content=\"Escrit per\" \/>\n\t<meta name=\"twitter:data1\" content=\"go2jump-admin\" \/>\n\t<meta name=\"twitter:label2\" content=\"Temps estimat de lectura\" \/>\n\t<meta name=\"twitter:data2\" content=\"3 minuts\" \/>\n<script type=\"application\/ld+json\" class=\"yoast-schema-graph\">{\"@context\":\"https:\/\/schema.org\",\"@graph\":[{\"@type\":\"Article\",\"@id\":\"https:\/\/eikonos.com\/ca\/blog\/eikonos-40-anys-transformant-espais-en-experiencies-audiovisuals\/#article\",\"isPartOf\":{\"@id\":\"https:\/\/eikonos.com\/ca\/blog\/eikonos-40-anys-transformant-espais-en-experiencies-audiovisuals\/\"},\"author\":{\"name\":\"go2jump-admin\",\"@id\":\"https:\/\/eikonos.com\/ca\/#\/schema\/person\/8684d3070bbf3245cdfbef2572d41fa8\"},\"headline\":\"EIKONOS: 40 anys transformant espais en experi\u00e8ncies audiovisuals\",\"datePublished\":\"2025-11-10T13:24:31+00:00\",\"mainEntityOfPage\":{\"@id\":\"https:\/\/eikonos.com\/ca\/blog\/eikonos-40-anys-transformant-espais-en-experiencies-audiovisuals\/\"},\"wordCount\":701,\"commentCount\":0,\"publisher\":{\"@id\":\"https:\/\/eikonos.com\/ca\/#organization\"},\"image\":{\"@id\":\"https:\/\/eikonos.com\/ca\/blog\/eikonos-40-anys-transformant-espais-en-experiencies-audiovisuals\/#primaryimage\"},\"thumbnailUrl\":\"https:\/\/eikonos.com\/wp-content\/uploads\/2025\/11\/RemolcLedDesigual.jpeg\",\"articleSection\":[\"Eikonos\"],\"inLanguage\":\"ca\",\"potentialAction\":[{\"@type\":\"CommentAction\",\"name\":\"Comment\",\"target\":[\"https:\/\/eikonos.com\/ca\/blog\/eikonos-40-anys-transformant-espais-en-experiencies-audiovisuals\/#respond\"]}]},{\"@type\":\"WebPage\",\"@id\":\"https:\/\/eikonos.com\/ca\/blog\/eikonos-40-anys-transformant-espais-en-experiencies-audiovisuals\/\",\"url\":\"https:\/\/eikonos.com\/ca\/blog\/eikonos-40-anys-transformant-espais-en-experiencies-audiovisuals\/\",\"name\":\"EIKONOS: 40 anys transformant espais en experi\u00e8ncies audiovisuals | EIKONOS\",\"isPartOf\":{\"@id\":\"https:\/\/eikonos.com\/ca\/#website\"},\"primaryImageOfPage\":{\"@id\":\"https:\/\/eikonos.com\/ca\/blog\/eikonos-40-anys-transformant-espais-en-experiencies-audiovisuals\/#primaryimage\"},\"image\":{\"@id\":\"https:\/\/eikonos.com\/ca\/blog\/eikonos-40-anys-transformant-espais-en-experiencies-audiovisuals\/#primaryimage\"},\"thumbnailUrl\":\"https:\/\/eikonos.com\/wp-content\/uploads\/2025\/11\/RemolcLedDesigual.jpeg\",\"datePublished\":\"2025-11-10T13:24:31+00:00\",\"breadcrumb\":{\"@id\":\"https:\/\/eikonos.com\/ca\/blog\/eikonos-40-anys-transformant-espais-en-experiencies-audiovisuals\/#breadcrumb\"},\"inLanguage\":\"ca\",\"potentialAction\":[{\"@type\":\"ReadAction\",\"target\":[\"https:\/\/eikonos.com\/ca\/blog\/eikonos-40-anys-transformant-espais-en-experiencies-audiovisuals\/\"]}]},{\"@type\":\"ImageObject\",\"inLanguage\":\"ca\",\"@id\":\"https:\/\/eikonos.com\/ca\/blog\/eikonos-40-anys-transformant-espais-en-experiencies-audiovisuals\/#primaryimage\",\"url\":\"https:\/\/eikonos.com\/wp-content\/uploads\/2025\/11\/RemolcLedDesigual.jpeg\",\"contentUrl\":\"https:\/\/eikonos.com\/wp-content\/uploads\/2025\/11\/RemolcLedDesigual.jpeg\",\"width\":1600,\"height\":899,\"caption\":\"Pantalla Led Desigual\"},{\"@type\":\"BreadcrumbList\",\"@id\":\"https:\/\/eikonos.com\/ca\/blog\/eikonos-40-anys-transformant-espais-en-experiencies-audiovisuals\/#breadcrumb\",\"itemListElement\":[{\"@type\":\"ListItem\",\"position\":1,\"name\":\"EIKONOS\",\"item\":\"https:\/\/eikonos.com\/ca\/inici\/\"},{\"@type\":\"ListItem\",\"position\":2,\"name\":\"EIKONOS: 40 anys transformant espais en experi\u00e8ncies audiovisuals\"}]},{\"@type\":\"WebSite\",\"@id\":\"https:\/\/eikonos.com\/ca\/#website\",\"url\":\"https:\/\/eikonos.com\/ca\/\",\"name\":\"EIKONOS\",\"description\":\"EXPERIENCIA AUDIOVISUAL\",\"publisher\":{\"@id\":\"https:\/\/eikonos.com\/ca\/#organization\"},\"potentialAction\":[{\"@type\":\"SearchAction\",\"target\":{\"@type\":\"EntryPoint\",\"urlTemplate\":\"https:\/\/eikonos.com\/ca\/?s={search_term_string}\"},\"query-input\":{\"@type\":\"PropertyValueSpecification\",\"valueRequired\":true,\"valueName\":\"search_term_string\"}}],\"inLanguage\":\"ca\"},{\"@type\":\"Organization\",\"@id\":\"https:\/\/eikonos.com\/ca\/#organization\",\"name\":\"EIKONOS | Servicios Audiovisuales, eventos y alquiler de equipos\",\"url\":\"https:\/\/eikonos.com\/ca\/\",\"logo\":{\"@type\":\"ImageObject\",\"inLanguage\":\"ca\",\"@id\":\"https:\/\/eikonos.com\/ca\/#\/schema\/logo\/image\/\",\"url\":\"https:\/\/eikonos.com\/wp-content\/uploads\/2020\/08\/logo-color.png\",\"contentUrl\":\"https:\/\/eikonos.com\/wp-content\/uploads\/2020\/08\/logo-color.png\",\"width\":376,\"height\":122,\"caption\":\"EIKONOS | Servicios Audiovisuales, eventos y alquiler de equipos\"},\"image\":{\"@id\":\"https:\/\/eikonos.com\/ca\/#\/schema\/logo\/image\/\"},\"sameAs\":[\"http:\/\/www.facebook.com\/pages\/Eikonos\/176324785746790\",\"https:\/\/x.com\/eikonos_sa\",\"http:\/\/www.linkedin.com\/company\/eikonos\",\"http:\/\/www.youtube.com\/channel\/UC8wcizWaAYbfsuqVf9wIT6w\"]},{\"@type\":\"Person\",\"@id\":\"https:\/\/eikonos.com\/ca\/#\/schema\/person\/8684d3070bbf3245cdfbef2572d41fa8\",\"name\":\"go2jump-admin\",\"image\":{\"@type\":\"ImageObject\",\"inLanguage\":\"ca\",\"@id\":\"https:\/\/eikonos.com\/ca\/#\/schema\/person\/image\/\",\"url\":\"https:\/\/secure.gravatar.com\/avatar\/31d3d42d560f9952b607a41659b69bc36248676da87a1f2a4a521b0e40b62fe8?s=96&d=mm&r=g\",\"contentUrl\":\"https:\/\/secure.gravatar.com\/avatar\/31d3d42d560f9952b607a41659b69bc36248676da87a1f2a4a521b0e40b62fe8?s=96&d=mm&r=g\",\"caption\":\"go2jump-admin\"}}]}<\/script>\n<!-- \/ Yoast SEO plugin. -->","yoast_head_json":{"title":"EIKONOS: 40 anys transformant espais en experi\u00e8ncies audiovisuals | EIKONOS","robots":{"index":"index","follow":"follow","max-snippet":"max-snippet:-1","max-image-preview":"max-image-preview:large","max-video-preview":"max-video-preview:-1"},"canonical":"https:\/\/eikonos.com\/ca\/blog\/eikonos-40-anys-transformant-espais-en-experiencies-audiovisuals\/","og_locale":"ca_ES","og_type":"article","og_title":"EIKONOS: 40 anys transformant espais en experi\u00e8ncies audiovisuals | EIKONOS","og_description":"Fa anys, quan la tecnologia audiovisual comen\u00e7ava a transformar la comunicaci\u00f3, va n\u00e9ixer a Barcelona...","og_url":"https:\/\/eikonos.com\/ca\/blog\/eikonos-40-anys-transformant-espais-en-experiencies-audiovisuals\/","og_site_name":"EIKONOS","article_publisher":"http:\/\/www.facebook.com\/pages\/Eikonos\/176324785746790","article_published_time":"2025-11-10T13:24:31+00:00","og_image":[{"width":1600,"height":899,"url":"https:\/\/eikonos.com\/wp-content\/uploads\/2025\/11\/RemolcLedDesigual.jpeg","type":"image\/jpeg"}],"author":"go2jump-admin","twitter_card":"summary_large_image","twitter_creator":"@eikonos_sa","twitter_site":"@eikonos_sa","twitter_misc":{"Escrit per":"go2jump-admin","Temps estimat de lectura":"3 minuts"},"schema":{"@context":"https:\/\/schema.org","@graph":[{"@type":"Article","@id":"https:\/\/eikonos.com\/ca\/blog\/eikonos-40-anys-transformant-espais-en-experiencies-audiovisuals\/#article","isPartOf":{"@id":"https:\/\/eikonos.com\/ca\/blog\/eikonos-40-anys-transformant-espais-en-experiencies-audiovisuals\/"},"author":{"name":"go2jump-admin","@id":"https:\/\/eikonos.com\/ca\/#\/schema\/person\/8684d3070bbf3245cdfbef2572d41fa8"},"headline":"EIKONOS: 40 anys transformant espais en experi\u00e8ncies audiovisuals","datePublished":"2025-11-10T13:24:31+00:00","mainEntityOfPage":{"@id":"https:\/\/eikonos.com\/ca\/blog\/eikonos-40-anys-transformant-espais-en-experiencies-audiovisuals\/"},"wordCount":701,"commentCount":0,"publisher":{"@id":"https:\/\/eikonos.com\/ca\/#organization"},"image":{"@id":"https:\/\/eikonos.com\/ca\/blog\/eikonos-40-anys-transformant-espais-en-experiencies-audiovisuals\/#primaryimage"},"thumbnailUrl":"https:\/\/eikonos.com\/wp-content\/uploads\/2025\/11\/RemolcLedDesigual.jpeg","articleSection":["Eikonos"],"inLanguage":"ca","potentialAction":[{"@type":"CommentAction","name":"Comment","target":["https:\/\/eikonos.com\/ca\/blog\/eikonos-40-anys-transformant-espais-en-experiencies-audiovisuals\/#respond"]}]},{"@type":"WebPage","@id":"https:\/\/eikonos.com\/ca\/blog\/eikonos-40-anys-transformant-espais-en-experiencies-audiovisuals\/","url":"https:\/\/eikonos.com\/ca\/blog\/eikonos-40-anys-transformant-espais-en-experiencies-audiovisuals\/","name":"EIKONOS: 40 anys transformant espais en experi\u00e8ncies audiovisuals | EIKONOS","isPartOf":{"@id":"https:\/\/eikonos.com\/ca\/#website"},"primaryImageOfPage":{"@id":"https:\/\/eikonos.com\/ca\/blog\/eikonos-40-anys-transformant-espais-en-experiencies-audiovisuals\/#primaryimage"},"image":{"@id":"https:\/\/eikonos.com\/ca\/blog\/eikonos-40-anys-transformant-espais-en-experiencies-audiovisuals\/#primaryimage"},"thumbnailUrl":"https:\/\/eikonos.com\/wp-content\/uploads\/2025\/11\/RemolcLedDesigual.jpeg","datePublished":"2025-11-10T13:24:31+00:00","breadcrumb":{"@id":"https:\/\/eikonos.com\/ca\/blog\/eikonos-40-anys-transformant-espais-en-experiencies-audiovisuals\/#breadcrumb"},"inLanguage":"ca","potentialAction":[{"@type":"ReadAction","target":["https:\/\/eikonos.com\/ca\/blog\/eikonos-40-anys-transformant-espais-en-experiencies-audiovisuals\/"]}]},{"@type":"ImageObject","inLanguage":"ca","@id":"https:\/\/eikonos.com\/ca\/blog\/eikonos-40-anys-transformant-espais-en-experiencies-audiovisuals\/#primaryimage","url":"https:\/\/eikonos.com\/wp-content\/uploads\/2025\/11\/RemolcLedDesigual.jpeg","contentUrl":"https:\/\/eikonos.com\/wp-content\/uploads\/2025\/11\/RemolcLedDesigual.jpeg","width":1600,"height":899,"caption":"Pantalla Led Desigual"},{"@type":"BreadcrumbList","@id":"https:\/\/eikonos.com\/ca\/blog\/eikonos-40-anys-transformant-espais-en-experiencies-audiovisuals\/#breadcrumb","itemListElement":[{"@type":"ListItem","position":1,"name":"EIKONOS","item":"https:\/\/eikonos.com\/ca\/inici\/"},{"@type":"ListItem","position":2,"name":"EIKONOS: 40 anys transformant espais en experi\u00e8ncies audiovisuals"}]},{"@type":"WebSite","@id":"https:\/\/eikonos.com\/ca\/#website","url":"https:\/\/eikonos.com\/ca\/","name":"EIKONOS","description":"EXPERIENCIA AUDIOVISUAL","publisher":{"@id":"https:\/\/eikonos.com\/ca\/#organization"},"potentialAction":[{"@type":"SearchAction","target":{"@type":"EntryPoint","urlTemplate":"https:\/\/eikonos.com\/ca\/?s={search_term_string}"},"query-input":{"@type":"PropertyValueSpecification","valueRequired":true,"valueName":"search_term_string"}}],"inLanguage":"ca"},{"@type":"Organization","@id":"https:\/\/eikonos.com\/ca\/#organization","name":"EIKONOS | Servicios Audiovisuales, eventos y alquiler de equipos","url":"https:\/\/eikonos.com\/ca\/","logo":{"@type":"ImageObject","inLanguage":"ca","@id":"https:\/\/eikonos.com\/ca\/#\/schema\/logo\/image\/","url":"https:\/\/eikonos.com\/wp-content\/uploads\/2020\/08\/logo-color.png","contentUrl":"https:\/\/eikonos.com\/wp-content\/uploads\/2020\/08\/logo-color.png","width":376,"height":122,"caption":"EIKONOS | Servicios Audiovisuales, eventos y alquiler de equipos"},"image":{"@id":"https:\/\/eikonos.com\/ca\/#\/schema\/logo\/image\/"},"sameAs":["http:\/\/www.facebook.com\/pages\/Eikonos\/176324785746790","https:\/\/x.com\/eikonos_sa","http:\/\/www.linkedin.com\/company\/eikonos","http:\/\/www.youtube.com\/channel\/UC8wcizWaAYbfsuqVf9wIT6w"]},{"@type":"Person","@id":"https:\/\/eikonos.com\/ca\/#\/schema\/person\/8684d3070bbf3245cdfbef2572d41fa8","name":"go2jump-admin","image":{"@type":"ImageObject","inLanguage":"ca","@id":"https:\/\/eikonos.com\/ca\/#\/schema\/person\/image\/","url":"https:\/\/secure.gravatar.com\/avatar\/31d3d42d560f9952b607a41659b69bc36248676da87a1f2a4a521b0e40b62fe8?s=96&d=mm&r=g","contentUrl":"https:\/\/secure.gravatar.com\/avatar\/31d3d42d560f9952b607a41659b69bc36248676da87a1f2a4a521b0e40b62fe8?s=96&d=mm&r=g","caption":"go2jump-admin"}}]}},"_links":{"self":[{"href":"https:\/\/eikonos.com\/ca\/wp-json\/wp\/v2\/posts\/12975","targetHints":{"allow":["GET"]}}],"collection":[{"href":"https:\/\/eikonos.com\/ca\/wp-json\/wp\/v2\/posts"}],"about":[{"href":"https:\/\/eikonos.com\/ca\/wp-json\/wp\/v2\/types\/post"}],"author":[{"embeddable":true,"href":"https:\/\/eikonos.com\/ca\/wp-json\/wp\/v2\/users\/8"}],"replies":[{"embeddable":true,"href":"https:\/\/eikonos.com\/ca\/wp-json\/wp\/v2\/comments?post=12975"}],"version-history":[{"count":0,"href":"https:\/\/eikonos.com\/ca\/wp-json\/wp\/v2\/posts\/12975\/revisions"}],"wp:featuredmedia":[{"embeddable":true,"href":"https:\/\/eikonos.com\/ca\/wp-json\/wp\/v2\/media\/12940"}],"wp:attachment":[{"href":"https:\/\/eikonos.com\/ca\/wp-json\/wp\/v2\/media?parent=12975"}],"wp:term":[{"taxonomy":"category","embeddable":true,"href":"https:\/\/eikonos.com\/ca\/wp-json\/wp\/v2\/categories?post=12975"},{"taxonomy":"post_tag","embeddable":true,"href":"https:\/\/eikonos.com\/ca\/wp-json\/wp\/v2\/tags?post=12975"}],"curies":[{"name":"wp","href":"https:\/\/api.w.org\/{rel}","templated":true}]}}